{"id":10555,"date":"2020-01-09T19:10:13","date_gmt":"2020-01-09T23:10:13","guid":{"rendered":"https:\/\/acumenbw.wpenginepowered.com\/?p=10555"},"modified":"2024-05-03T14:09:24","modified_gmt":"2024-05-03T14:09:24","slug":"quienes-haran-parte-de-la-cohorte-2020-en-colombia","status":"publish","type":"post","link":"https:\/\/acumen.org\/es\/blog\/quienes-haran-parte-de-la-cohorte-2020-en-colombia\/","title":{"rendered":"\u00bfQui\u00e9nes har\u00e1n parte de la cohorte 2020 en Colombia?"},"content":{"rendered":"<p>Hace m\u00e1s de un a\u00f1o nos encontr\u00e1bamos seleccionando a la cohorte pionera de Fellows de Acumen en Colombia y la anunciamos con bombos y platillos aqu\u00ed. Hoy nos sentimos muy orgullosos de haber creado un espacio donde un grupo tan diverso de agentes de cambio tuviera la oportunidad de reunirse para continuar construyendo pa\u00eds.<\/p>\n<p>Desde el lanzamiento del Programa de Fellows de Acumen en Colombia en 2018 cont\u00e1bamos con muchas hip\u00f3tesis sobre c\u00f3mo ser\u00eda el proceso de la primera cohorte de Fellows. Nuestra principal pregunta era c\u00f3mo lograr que este grupo de individuos, en el que cada uno luchaba por su propia causa, lograr\u00eda unirse por una causa en com\u00fan. Despu\u00e9s de este primer a\u00f1o de operaci\u00f3n tenemos evidencia que nuestro Programa le permite a sus integrantes reconocerse, mirar hacia adentro y a la vez, crear una identidad colectiva que los impulse a tener ambiciones mayores y articuladas.El calibre de los candidatos a la segunda cohorte es un testimonio de que lo que estamos construyendo juntos sigue creciendo, y de que en Colombia, a pesar de lo que o\u00edmos con m\u00e1s frecuencia, est\u00e1n pasando cosas incre\u00edbles que dejan a cualquiera boquiabierto.<\/p>\n<p>Son muchos los agentes de cambio extraordinarios que est\u00e1n construyendo paz en el pa\u00eds y eso deber\u00eda llenarnos de esperanza. La <strong>Fundaci\u00f3n Santo Domingo<\/strong> y <strong>Acumen<\/strong> tienen el honor de presentar a la\u00a0segunda cohorte de Fellows de Acumen en Colombia. Ellos hasta ahora comienzan el a\u00f1o de formaci\u00f3n que les dar\u00e1 el privilegio de llevar el t\u00edtulo de Fellows a donde vayan, y ac\u00e1 les contamos brevemente a qu\u00e9 se dedican.<\/p>\n<ol>\n<li><strong>Alejandro Lanz:<\/strong> Alejandro es director ejecutivo de la organizaci\u00f3n Temblores Ong. Desde su experiencia laboral ha trabajado en organizaciones de la sociedad civil defendiendo los derechos humanos de las personas LGBTI, trabajadoras sexuales, habitantes de la calle, usuarios de droga, personas v\u00edctimas del perfilamiento policial y personas privadas de la libertad. Durante su trayectoria ha construido litigios estrat\u00e9gicos comunitarios para defender los derechos fundamentales de las comunidades hist\u00f3ricamente vulneradas. Alejandro es abogado de la Universidad de los Andes.<\/li>\n<li><strong>Andrea Escobar Hoyos:<\/strong> Andrea es cofundadora y directora de la Fundaci\u00f3n Soydoy desde enero de 2008. Una organizaci\u00f3n dedicada a la reducci\u00f3n de la inseguridad alimentaria y nutricional en Colombia, por medio de una metodolog\u00eda llamada Nutriemprendimiento, buscando en cada comunidad fortalecer los aspectos relacionados con la seguridad alimentaria y la sostenibilidad econ\u00f3mica. Adem\u00e1s, Andrea es arquitecta, con especializaci\u00f3n en planeaci\u00f3n y administraci\u00f3n del desarrollo regional y varios cursos de administraci\u00f3n y liderazgo. Tambi\u00e9n es Fellow 2017 de The Global Good Fund y ganadora del premio Fellow internacional del a\u00f1o en 2018.<\/li>\n<li><strong>Andr\u00e9s S\u00e1enz Pe\u00f1as: <\/strong>Andr\u00e9s ha dedicado su vida al fortalecimiento de organizaciones sociales y l\u00edderes emergentes para que cuenten con herramientas que contribuyan a la construcci\u00f3n de paz en Colombia. En los \u00faltimos dos a\u00f1os ha dirigido el proyecto Acci\u00f3n Democr\u00e1tica para la Paz del Instituto Holand\u00e9s para la Democracia Multipartidaria, enfocado en fortalecer la democracia y la participaci\u00f3n pol\u00edtica en el pa\u00eds, beneficiando a m\u00e1s de 6.000 personas en m\u00e1s de 50 municipios afectados por el conflicto armado. Andr\u00e9s estudi\u00f3 Gobierno y Relaciones Internacionales en la Universidad Externado y tiene una maestr\u00eda en Desarrollo y Gobernanza de la Universidad Duisburg-Essen.<\/li>\n<li><strong>Daniela Ocampo S\u00e1nchez: <\/strong>Daniela es la coordinadora cultural y de comunicaciones de Amadeus, fundaci\u00f3n que por medio de la m\u00fasica, ha potenciado las capacidades resilientes de miles de ni\u00f1os y j\u00f3venes, al igual que las de ella, logrando beneficiar a m\u00e1s de 200 ni\u00f1os y j\u00f3venes en alto riesgo social en Antioquia, fortaleciendo su inteligencia emocional y acerc\u00e1ndolos a referentes positivos para que construyan un camino de progreso, a trav\u00e9s de sus instrumentos, sus voces y su orquesta.<\/li>\n<li><strong>Eliana Karina Salcedo:<\/strong> Karina es la directora y representante legal de la Fundaci\u00f3n \u00c1ngeles de Jes\u00fas de Ibagu\u00e9, Tolima. En esta organizaci\u00f3n ha liderado proyectos guiados a la formaci\u00f3n pol\u00edtica de ni\u00f1os, ni\u00f1as y adolescentes; con el fin de generar un sentido critico hacia la realidad que los circunda, promoviendo la generaci\u00f3n y ejecuci\u00f3n de iniciativas de paz, cultura y medio ambiente desde la ni\u00f1ez y la juventud. Karina es comunicadora social y periodista con especializaci\u00f3n en pedagog\u00eda de la Universidad del Tolima.<\/li>\n<li><strong>Estefan\u00eda Molano Rojas: <\/strong>Estefan\u00eda es una joven rural y emprendedora social que a trav\u00e9s del cultivo de cacao busca fortalecer y empoderar a las comunidades, en especial a los j\u00f3venes rurales, buscando alternativas de producci\u00f3n sostenible promoviendo la identidad amaz\u00f3nica y la reconstrucci\u00f3n del tejido social fragmentado por el conflicto armado. Lleva trabajando por m\u00e1s de 7 a\u00f1os en las organizaciones de base comunitaria como lo son Agrosolidaria, Comit\u00e9 de Cacaoteros de la Uni\u00f3n Peneya y la Red Nacional de J\u00f3venes Rurales RNJR.<\/li>\n<li><strong>Gabriel P\u00e9rez Arango: <\/strong>Gabriel hace parte del equipo de la Fundaci\u00f3n Bancolombia, donde lidera alianzas y proyectos que contribuyen al desarrollo sostenible del campo colombiano, impulsando negocios rurales justos y competitivos. Es Co-creador de la comunidad de Nos Une el Prop\u00f3sito, la cual conecta, inspira y moviliza a cientos de personas que buscan construir un mundo m\u00e1s sostenible. Es un apasionado por la fotograf\u00eda, la cual utiliza como medio para compartir la riqueza y diversidad de nuestro planeta.<\/li>\n<li><strong>Gladis Llano Uribe: <\/strong>Gladis Estela, es una antioque\u00f1a de nacimiento y coste\u00f1a de Coraz\u00f3n. Actualmente es directora de la Fundaci\u00f3n Socio Cultural Villa Bernarda, all\u00ed coordina el proyecto de personas afectadas por Lepra de Sucre y C\u00f3rdoba y personas con m\u00faltiples discapacidades en Sincelejo, desarrollando la estrategia RBC- Rehabilitaci\u00f3n Basada en Comunidad, impulsando el desarrollo comunitario y la inclusi\u00f3n social. . Tambi\u00e9n es Franciscana Misionera de Mar\u00eda Auxiliadora, con experiencia en misiones en Bolivia y Mali, \u00c1frica. Gladis es administradora de empresas con \u00e9nfasis en econom\u00eda solidaria y especialista en docencia universitaria.<\/li>\n<li><strong>Harold Paternina Mart\u00ednez: <\/strong>Harold es un joven ind\u00edgena Zen\u00fa que trabaja desde hace 5 a\u00f1os con 45 j\u00f3venes de su comunidad buscando su empoderamiento y superaci\u00f3n en la recuperaci\u00f3n del territorio, creaci\u00f3n y manejo de proyectos productivos, una mayor incidencia pol\u00edtica de gobierno propio y ordinario, adem\u00e1s de la recuperaci\u00f3n y cuidado de sus costumbres ancestrales sin dejar atr\u00e1s el medio ambiente, mejorando as\u00ed la calidad de vida en su territorio.<\/li>\n<li><strong>Jhon Jairo Montero Ram\u00edrez: <\/strong>Jhon es un soldado profesional retirado, quien al perder una de sus piernas por una mina anti personal, encontr\u00f3 en el deporte y el arte una nueva oportunidad de vida. A trav\u00e9s del club deportivo H\u00e9roes de Honor, ha logrado transmitir un mensaje de resiliencia, paz perd\u00f3n y reconciliaci\u00f3n aplicando una metodolog\u00eda que ense\u00f1a valores a trav\u00e9s del f\u00fatbol, logrando impactar comunidades vulnerables y v\u00edctimas del conflicto armado en Colombia. Jhon tambi\u00e9n es t\u00e9cnico laboral en dise\u00f1o gr\u00e1fico y aerografista.<\/li>\n<li><strong>Juan Sebasti\u00e1n Franky Aljure: <\/strong>Juan Sebastian es un bogotano que desde el 2016 empez\u00f3 a trabajar en la Pastoral Social de la Di\u00f3cesis de Tib\u00fa con las comunidades del Catatumbo para la construcci\u00f3n de un territorio productivo y en paz.Como coordinador del proyecto Renovar Haciendo busca aumentar los niveles de participaci\u00f3n e incidencia activa e informada de las comunidades de la regi\u00f3n. Trabaj\u00f3 en el Departamento Nacional de Planeaci\u00f3n, la Universidad Nacional de Colombia, y la FCB Escola, sede Colombia. Es economista con Maestr\u00eda en Pol\u00edticas P\u00fablicas de la Universidad Nacional de Colombia.<\/li>\n<li><strong>Lina Mar\u00eda Villa: <\/strong>Lina es co-fundadora de Reflejarse, consultora de impacto que acompa\u00f1a organizaciones de diferentes sectores y tama\u00f1os a integrar sostenibilidad e innovaci\u00f3n en la estrategia para ganarse el derecho de existir, crecer y perdurar. Dirigi\u00f3 Fairmined, un sistema global de certificaci\u00f3n para oro extra\u00eddo por mineros artesanales y de peque\u00f1a escala con criterios de responsabilidad. Tiene un pregrado en negocios internacionales de la Universidad EAFIT y una maestr\u00eda en gobernanza y desarrollo del Institute for Development Studies, Universidad de Sussex.<\/li>\n<li><strong>Luis Fernando Molano Mateus:<\/strong> Luis Fernando es el encargado de levantar capital para Utop\u00eda, un proyecto que sali\u00f3 de la Universidad de la Salle, con un concepto \u00fanico y pionero en el pa\u00eds, un laboratorio de paz y oasis de esperanza que genera oportunidades educativas y productivas para j\u00f3venes rurales de la Colombia Profunda. Luis Fernando es Administrador de Empresas, Magister en Econom\u00eda en Estudios y Gesti\u00f3n del Desarrollo y Especialista en Gerencia de Proyectos en Ingenier\u00eda. Adem\u00e1s, ha realzado publicaciones en temas de Alta Gerencia que integran nuevas formas de pensar, gestionar y liderar las organizaciones y experiencia en gesti\u00f3n de fondos.<\/li>\n<li><strong>Maria Alejandra Castro Morales: <\/strong>Maria Alejandra es fundadora y directora de Siembra Cultura, empresa social que mejora la calidad de vida de productores campesinos incrementando sus ingresos con la transformaci\u00f3n y comercializaci\u00f3n de sus productos a snacks saludables. Pretende con su trabajo visibilizar a las comunidades rurales del pa\u00eds como agentes de cambio social y econ\u00f3mico capaces de transformar el entorno de su pa\u00eds. Adem\u00e1s, es economista experta en negocios inclusivos rurales y proyectos de desarrollo social y econ\u00f3mico.<\/li>\n<li><strong>Maria del Pilar Rodr\u00edguez Salcedo:<\/strong> Mar\u00eda del Pilar es una persona apasionada por la transformaci\u00f3n social y por eso emprendi\u00f3 una b\u00fasqueda para aportar soluciones que enfrenten la compleja realidad de las comunidades ind\u00edgenas artesanas. Es fundadora y directora de Awana Taller, una empresa que promueve procesos orientados a visibilizar los oficios artesanales como camino para la construcci\u00f3n de un cambio social. Es egresada de la Universidad de Los Andes. Artista de profesi\u00f3n. Se especializ\u00f3 en Organizaciones, Responsabilidad Social y Desarrollo. Cuenta con una maestr\u00eda en Estudios Interdisciplinarios sobre Desarrollo.<\/li>\n<li><strong>Maria Elena Gonzalez Mezu:<\/strong> Mar\u00eda Elena es peinadora, l\u00edder comunitaria y fundadora del emprendimiento Belleza Negra &#8211; Villa Paz, que busca fortalecer la cultura afro a trav\u00e9s de los peinados y el empoderamiento econ\u00f3mico. Su proyecto est\u00e1 enfocado en empoderar a ni\u00f1as y j\u00f3venes haciendo que se sientan orgullosas de sus ra\u00edces adem\u00e1s de formarlas como agentes de cambio. Mar\u00eda Elena ha trabajado para Save The Children, el Instituto Colombiano de Bienestar Familiar y es estudiante de trabajo social.<\/li>\n<li><strong>Mariela Milanes Mercado:<\/strong> Mariela es cofundadora de la Corporaci\u00f3n de Profesionales Construyendo Ciudadan\u00eda, desde la cual trabaja por visibilizar a las juventudes en los asuntos p\u00fablicos, liderando procesos de participaci\u00f3n y formulaci\u00f3n de pol\u00edticas p\u00fablicas en C\u00f3rdoba y Sucre. Desde los 11 a\u00f1os ha sido activista social y defensora de los Derechos Humanos. Actualmente coordina el proyecto &#8220;J\u00f3venes con una propuesta alternativa de participaci\u00f3n ciudadana y cultura de paz&#8221; en el departamento de Sucre. Mariela es abogada de la Universidad Pontifica Bolivariana y Mag\u00edster en gobierno y pol\u00edticas p\u00fablicas de la Universidad EAFIT.<\/li>\n<li><strong>Martha Cala Hern\u00e1ndez:<\/strong> Martha es la directora ejecutiva de la Fundaci\u00f3n Casa en el \u00c1rbol donde trabaja en pro del desarrollo de los ni\u00f1os, ni\u00f1as, j\u00f3venes y mujeres para que tengan una vida digna. Martha estudi\u00f3 trabajo social, tiene una especializaci\u00f3n en Gesti\u00f3n P\u00fablica, DDHH y DIH y es candidata a mag\u00edster en Promoci\u00f3n y Protecci\u00f3n de los DDHH. Cuenta 14 a\u00f1os de experiencia en articulaci\u00f3n e implementaci\u00f3n de pol\u00edticas p\u00fablicas en los territorios, gesti\u00f3n, implementaci\u00f3n y evaluaci\u00f3n de proyectos sociales, culturales, educativos, productivos, reconciliaci\u00f3n, seguridad y ciudadan\u00eda.<\/li>\n<li><strong>Miguel Angel Salazar Lopez:<\/strong> Miguel es voluntario social innato y desde Plataformas Municipales de Juventudes (PMJ) ha logrado la representaci\u00f3n en el Consejo Nacional de Participaci\u00f3n Ciudadana (CNPC). Adem\u00e1s, es CEO y Co-fundador de la empresa av\u00edcola \u201cMucusutuy\u201d con la cual tiene como misi\u00f3n impulsar a la poblaci\u00f3n rural a ver oportunidades para emprender. Miguel tambi\u00e9n es economista y activador o integrante de: RedAcci\u00f3n de Paz, Red Nacional de J\u00f3venes Rurales, Campamentos Juveniles, YouthLead Sena, Becario del Instituto de Paz de los Estados Unidos (USIP) y Alianza Del Pacifico. Ha trabajado para Ong\u2019s como Procasur, Fundaci\u00f3n Planeta Rural, Fundaci\u00f3n Mi Sangre.<\/li>\n<li><strong>Natalia Pinz\u00f3n Granados:<\/strong> Natalia es la Co-Fundadora de Yogi Crane, un emprendimiento de moda circular que busca contribuir a transformar el ecosistema de la moda, a trav\u00e9s del desarrollo de prendas deportivas elaboradas con materiales reciclados y reciclables. Adem\u00e1s, trabaja en el equipo de monitoreo y evaluaci\u00f3n de Aulas en Paz, un programa que busca, a trav\u00e9s del desarrollo de habilidades socioemocionales, construir ambientes de aprendizaje que promuevan la convivencia pac\u00edfica y prevengan la violencia cotidiana en comunidades educativas. Natalia es polit\u00f3loga e historiadora de la Universidad de los Andes.<\/li>\n<li><strong>Nicol\u00e1s Corrales Morato:<\/strong> Nicol\u00e1s es facilitador de espacios de aprendizaje y Cofundador de Qu\u00e1ntica, escuela que entrena potenciales agentes de cambio para que se conviertan en emprendedores sociales, haciendo uso de educaci\u00f3n disruptiva, experiencial y ca\u00f3rdica (caos + orden). A trav\u00e9s del Laboratorio de Impacto -programa de formaci\u00f3n en emprendimiento social &#8211; y la Feria ImpactCo -primera feria de emprendimiento social en Colombia &#8211; Qu\u00e1ntica ha logrado impactar a +300 personas en el ecosistema de emprendimiento social del pa\u00eds en sus primeros dos a\u00f1os de operaci\u00f3n. Nicol\u00e1s estudi\u00f3 administraci\u00f3n de empresas de la Universidad de los Andes.<\/li>\n<li><strong>Ricardo Calderon Solarte:<\/strong> Ricardo es director de Agrosolidaria Florencia, una organizaci\u00f3n que lucha por una reconciliaci\u00f3n productiva, ambiental y social con la Amazon\u00eda. De la mano de 250 asociados, ha contribuido de manera significativa en la recuperaci\u00f3n de la vocaci\u00f3n del suelo amaz\u00f3nico en Florencia, Caquet\u00e1, logrando sembrar m\u00e1s de 30.000 \u00e1rboles, generando as\u00ed una cultura de consumo de productos de la regi\u00f3n y el fortalecimiento de capacidades de trabajo colectivo, todo esto con el prop\u00f3sito de crear un estilo de vida sostenible. Ricardo es Ingeniero de Alimentos de la Universidad de la Amazon\u00eda.<\/li>\n<li><strong>Liliana Monsalve Barrera:<\/strong> Liliana es creadora de la iniciativa Salir de la tierra para volver de la tierra, que acompa\u00f1a ni\u00f1as, ni\u00f1os y j\u00f3venes en resiliencia, sororidad, educaci\u00f3n para la paz y liderazgo juvenil. Es ganadora de la beca Prosperity Makers Chile 2016 y su iniciativa fue seleccionada en 2018 entre los 10 mejores proyectos de innovaci\u00f3n social e invitada para hacer parte del TOP voces 2030 del Organismo Internacional de Juventud para Iberoam\u00e9rica. Liliana es comunicadora de la Universidad de Antioquia, voluntaria internacional en Brasil, delegada j\u00f3venes de las am\u00e9ricas 2019, miembro de J\u00f3venes Iberoamericanos y ha sido la representante de Colombia en varios pa\u00edses de Am\u00e9rica Latina.<\/li>\n<li><strong>Yisela Vargas Gonzalez:<\/strong> Yisela es la representante legal de Asoprolomat, una organizaci\u00f3n de peque\u00f1os Productores Agropecuarios que trabajan en pro de mejorar la calidad de vida de sus asociados y familias. All\u00ed, trabaja junto a ellos, en diferentes comit\u00e9s y \u00e1reas de trabajo como cultura y deporte, salud y medio ambiente, generando integridad social y paz desde el campo. Yisela es t\u00e9cnica en Gesti\u00f3n Empresarial y Cultivos Agropecuarios, diplomada en Ciencias Pol\u00edticas, Democracia y Dinamizaci\u00f3n en la Participaci\u00f3n Social, y tambi\u00e9n administradora de empresas.<\/li>\n<\/ol>\n<p>Este, es solo un anuncio local. El anuncio oficial lo haremos en finales de febrero cuando les contaremos no solo de los 24 Colombianos sino de los m\u00e1s de ~140 individuos originarios de otras 8 regiones del mundo que inician su a\u00f1o de formaci\u00f3n en el Programa de Fellows de Acumen. Con ellos, esta comunidad global de agentes de cambio crecer\u00e1 a m\u00e1s de 700 individuos interconectados y alineados con nuestro Manifiesto.<\/p>\n<p>______<\/p>\n<p>Acerca de Acumen:<\/p>\n<p>Acumen es una organizaci\u00f3n pionera que busca abordar de una manera disruptiva los retos de la pobreza y la desigualdad a trav\u00e9s de dos grandes apuestas: Por un lado, la gesti\u00f3n de fondos de inversi\u00f3n de impacto dedicados a apoyar el crecimiento de modelos de negocio innovadores que tengan simult\u00e1neamente un alto potencial de mercado e impacto social. Por el otro, le apostamos a crear una masa cr\u00edtica de agentes de cambio social con las habilidades, los valores y el poder de cambiar la narrativa de la regi\u00f3n. Con estas dos l\u00edneas de acci\u00f3n buscamos catalizar la transformaci\u00f3n de nuestra sociedad.<\/p>\n<p>El Programa de Fellows hace parte de la segunda apuesta.<\/p>\n\n<section class=\"wp-block-share-buttons text-container border-black border-t mt-15 mb-7.5 py-7.5\">\n    <div class=\"py-2.5 flex gap-10 items-center\" animate>\n      <h2 class=\"h4 m-0\">\n        Share\n      <\/h2>\n      <ul class=\"flex gap-2 items-center\" x-data=\"shareButtons('Enlace copiado', 'Lo sentimos, no pudimos copiar el enlace')\">\n\n        \n          <li>\n            <a class=\"h-7 w-7 link-no-underline rounded-full hover:bg-black hover:text-white active:bg-black active:text-white flex items-center justify-center shrink-0\" href=\"https:\/\/www.facebook.com\/sharer.php?t=%C2%BFQui%C3%A9nes%20har%C3%A1n%20parte%20de%20la%20cohorte%202020%20en%20Colombia%3F&amp;u=https:\/\/acumen.org\/es\/blog\/quienes-haran-parte-de-la-cohorte-2020-en-colombia\/\" target=\"_blank\" @click.prevent=\"open($el)\" title=\"Compartir en Facebook\">\n\n      <svg aria-hidden=\"true\" class=\"fill-current w-auto w-3.5 h-auto flex-shrink-0 relative z-5\" width=\"23\" height=\"22\" viewBox=\"0 0 23 22\" fill=\"none\" xmlns=\"http:\/\/www.w3.org\/2000\/svg\">\n<g>\n<path d=\"M12.8719 7.15463V9.12843H15.5091L15.0915 11.7872H12.8719V17.913C12.4269 17.9702 11.9716 18 11.5094 18C10.976 18 10.4521 17.9606 9.94193 17.8845V11.7872H7.50977V9.12843H9.94193V6.71341C9.94193 5.21513 11.2537 4 12.8726 4V4.00127C12.8774 4.00127 12.8815 4 12.8863 4H15.5098V6.29948H13.7955C13.2861 6.29948 12.8726 6.6823 12.8726 7.154L12.8719 7.15463Z\" fill=\"currentColor\"\/>\n<\/g>\n<\/svg>  \n  <span class=\"relative z-5 sr-only\">\n    Compartir en Facebook\n  <\/span>\n\n  <\/a>\n          <\/li>\n\n        \n          <li>\n            <a class=\"h-7 w-7 link-no-underline rounded-full hover:bg-black hover:text-white active:bg-black active:text-white flex items-center justify-center shrink-0\" href=\"https:\/\/twitter.com\/intent\/tweet?text=%C2%BFQui%C3%A9nes%20har%C3%A1n%20parte%20de%20la%20cohorte%202020%20en%20Colombia%3F&amp;url=https:\/\/acumen.org\/es\/blog\/quienes-haran-parte-de-la-cohorte-2020-en-colombia\/\" target=\"_blank\" @click.prevent=\"open($el)\" title=\"Compartir en X\/Twitter\">\n\n      <svg aria-hidden=\"true\" class=\"fill-current w-auto w-3.5 h-auto flex-shrink-0 relative z-5\" width=\"23\" height=\"22\" viewBox=\"0 0 23 22\" fill=\"none\" xmlns=\"http:\/\/www.w3.org\/2000\/svg\">\n<g>\n<path id=\"path1009\" d=\"M4.96324 4.85205L10.0349 11.6348L4.93164 17.1496H6.08052L10.5489 12.3216L14.1589 17.1496H18.0678L12.711 9.98536L17.4614 4.85205H16.3125L12.1978 9.29861L8.87295 4.85205H4.96324ZM6.65225 5.69835H8.44761L16.3772 16.3033H14.5819L6.65225 5.69835Z\" fill=\"currentColor\"\/>\n<\/g>\n<\/svg>  \n  <span class=\"relative z-5 sr-only\">\n    Compartir en X\/Twitter\n  <\/span>\n\n  <\/a>\n          <\/li>\n\n        \n          <li>\n            <a class=\"h-7 w-7 link-no-underline rounded-full hover:bg-black hover:text-white active:bg-black active:text-white flex items-center justify-center shrink-0\" href=\"https:\/\/www.linkedin.com\/shareArticle?title=%C2%BFQui%C3%A9nes%20har%C3%A1n%20parte%20de%20la%20cohorte%202020%20en%20Colombia%3F&amp;url=https:\/\/acumen.org\/es\/blog\/quienes-haran-parte-de-la-cohorte-2020-en-colombia\/\" target=\"_blank\" @click.prevent=\"open($el)\" title=\"Compartir en LinkedIn\">\n\n      <svg aria-hidden=\"true\" class=\"fill-current w-auto w-3.5 h-auto flex-shrink-0 relative z-5\" width=\"23\" height=\"22\" viewBox=\"0 0 23 22\" fill=\"none\" xmlns=\"http:\/\/www.w3.org\/2000\/svg\">\n<g>\n<path id=\"Vector_2\" d=\"M5.73849 7.31219C5.44877 7.04319 5.30469 6.71022 5.30469 6.31405C5.30469 5.91787 5.44954 5.57026 5.73849 5.30049C6.02822 5.03149 6.40116 4.89661 6.85809 4.89661C7.31502 4.89661 7.67333 5.03149 7.96228 5.30049C8.252 5.56949 8.39608 5.90785 8.39608 6.31405C8.39608 6.72024 8.25123 7.04319 7.96228 7.31219C7.67255 7.58118 7.305 7.71607 6.85809 7.71607C6.41118 7.71607 6.02822 7.58118 5.73849 7.31219ZM8.1526 8.85526V17.1025H5.5474V8.85526H8.1526Z\" fill=\"currentColor\"\/>\n<path id=\"Vector_3\" d=\"M16.8257 9.67004C17.3936 10.2867 17.6772 11.133 17.6772 12.2105V16.9569H15.203V12.545C15.203 12.0016 15.062 11.5792 14.7807 11.2786C14.4995 10.978 14.1204 10.827 13.6457 10.827C13.1711 10.827 12.7919 10.9773 12.5107 11.2786C12.2294 11.5792 12.0884 12.0016 12.0884 12.545V16.9569H9.59961V8.83221H12.0884V9.90974C12.3404 9.55057 12.6802 9.26693 13.1071 9.05805C13.534 8.84918 14.014 8.74512 14.548 8.74512C15.4989 8.74512 16.2586 9.05342 16.8257 9.66927V9.67004Z\" fill=\"currentColor\"\/>\n<\/g>\n<\/svg>  \n  <span class=\"relative z-5 sr-only\">\n    Compartir en LinkedIn\n  <\/span>\n\n  <\/a>\n          <\/li>\n\n        \n          <li>\n            <a class=\"h-7 w-7 link-no-underline rounded-full hover:bg-black hover:text-white active:bg-black active:text-white flex items-center justify-center shrink-0\" href=\"https:\/\/pinterest.com\/pin\/create\/button\/?description=%C2%BFQui%C3%A9nes%20har%C3%A1n%20parte%20de%20la%20cohorte%202020%20en%20Colombia%3F&amp;url=https:\/\/acumen.org\/es\/blog\/quienes-haran-parte-de-la-cohorte-2020-en-colombia\/\" target=\"_blank\" @click.prevent=\"open($el)\" title=\"Compartir en Pinterest\">\n\n      <svg aria-hidden=\"true\" class=\"fill-current w-auto w-3.5 h-auto flex-shrink-0 relative z-5\" xmlns=\"http:\/\/www.w3.org\/2000\/svg\" width=\"23\" height=\"23\" viewBox=\"0 0 23 23\" fill=\"none\">\n  <path fill-rule=\"evenodd\" clip-rule=\"evenodd\" d=\"M11.0838 13.9802C11.072 14.0175 11.061 14.0491 11.052 14.0807C10.5302 15.9513 10.4722 16.3668 9.93589 17.2357C9.68019 17.6487 9.39201 18.0401 9.07342 18.4145C9.03748 18.4569 9.00361 18.5112 8.93174 18.498C8.85296 18.4828 8.84674 18.4183 8.83845 18.3601C8.75275 17.7916 8.70507 17.2218 8.7258 16.6476C8.75275 15.9001 8.85365 15.6434 9.90686 11.591C9.92207 11.529 9.90479 11.4778 9.88267 11.4222C9.63043 10.7999 9.58067 10.1682 9.80112 9.52818C10.278 8.14578 11.9905 8.04017 12.2897 9.18036C12.4742 9.88548 11.9863 10.8088 11.6118 12.1735C11.3015 13.2991 12.75 14.0997 13.9877 13.2776C15.1294 12.52 15.5724 10.7038 15.488 9.41624C15.3222 6.84938 12.2462 6.29478 10.2953 7.12131C8.05822 8.06799 7.54958 10.6051 8.55994 11.7649C8.68779 11.9123 8.92898 12.0027 8.88682 12.152C8.82186 12.384 8.7645 12.618 8.69401 12.8488C8.64149 13.0209 8.34225 13.0834 8.1522 13.0126C7.77971 12.8748 7.46941 12.6579 7.21786 12.372C6.36022 11.4 6.11489 9.47758 7.24896 7.84982C8.50535 6.04688 10.8426 5.3171 12.9766 5.53844C15.5254 5.80341 17.1363 7.39703 17.4376 9.20502C17.5751 10.0284 17.4763 12.059 16.213 13.4945C14.7596 15.1438 12.4037 15.2532 11.3167 14.2407C11.233 14.1629 11.166 14.0725 11.0838 13.9795V13.9802Z\" fill=\"currentColor\"\/>\n<\/svg>  \n  <span class=\"relative z-5 sr-only\">\n    Compartir en Pinterest\n  <\/span>\n\n  <\/a>\n          <\/li>\n\n        \n          <li>\n            <a class=\"h-7 w-7 link-no-underline rounded-full hover:bg-black hover:text-white active:bg-black active:text-white flex items-center justify-center shrink-0\" href=\"mailto:?subject=%C2%BFQui%C3%A9nes%20har%C3%A1n%20parte%20de%20la%20cohorte%202020%20en%20Colombia%3F&amp;body=https:\/\/acumen.org\/es\/blog\/quienes-haran-parte-de-la-cohorte-2020-en-colombia\/\" target=\"_blank\" @click.prevent=\"open($el)\" title=\"Compartir via correo electr\u00f3nico\">\n\n      <svg aria-hidden=\"true\" class=\"fill-current w-auto w-3.5 h-auto flex-shrink-0 relative z-5\" xmlns=\"http:\/\/www.w3.org\/2000\/svg\" width=\"23\" height=\"23\" viewBox=\"0 0 23 23\" fill=\"none\">\n  <g>\n      <path d=\"M5.66563 17.1939C5.30938 17.1939 5.0026 17.0652 4.74531 16.8079C4.48802 16.5506 4.35938 16.2439 4.35938 15.8876V7.61265C4.35938 7.2564 4.48802 6.94963 4.74531 6.69233C5.0026 6.43504 5.30938 6.3064 5.66563 6.3064H17.8406C18.2063 6.3064 18.5155 6.43504 18.768 6.69233C19.0206 6.94963 19.1468 7.2564 19.1468 7.61265V15.8876C19.1468 16.2439 19.0206 16.5506 18.768 16.8079C18.5155 17.0652 18.2063 17.1939 17.8406 17.1939H5.66563ZM18.0906 8.63604L12.1078 12.1579C12.0517 12.1933 11.9939 12.2212 11.9344 12.2415C11.8748 12.2618 11.8144 12.272 11.7531 12.272C11.6854 12.272 11.6284 12.2618 11.582 12.2415C11.5357 12.2212 11.4818 12.1954 11.4204 12.164L5.4156 8.63604V15.8876C5.4156 15.9605 5.43905 16.0204 5.48593 16.0673C5.53281 16.1142 5.59271 16.1376 5.66563 16.1376H17.8406C17.9135 16.1376 17.9734 16.1142 18.0203 16.0673C18.0672 16.0204 18.0906 15.9605 18.0906 15.8876V8.63604ZM11.7531 10.9986L17.9453 7.36263H5.58123L11.7531 10.9986ZM5.4156 8.3739V8.54104V7.74231V7.75636V7.73059V8.54276V8.37567V16.1376V8.3739Z\" fill=\"currentColor\"\/>\n  <\/g>\n<\/svg>  \n  <span class=\"relative z-5 sr-only\">\n    Compartir via correo electr\u00f3nico\n  <\/span>\n\n  <\/a>\n          <\/li>\n\n        \n        \n        <li class=\"relative\" x-id=\"['tooltip']\">\n\n          <button class=\"h-7 w-7 link-no-underline rounded-full hover:bg-black hover:text-white active:bg-black active:text-white flex items-center justify-center shrink-0\" @click=\"copyLink()\" x-bind:aria-describedby=\"tooltip &#038;&#038; $id('tooltip')\" title=\"Copy link\">\n\n      <svg aria-hidden=\"true\" class=\"fill-current pr-0.5 w-auto w-3.5 h-auto flex-shrink-0 relative z-5\" xmlns=\"http:\/\/www.w3.org\/2000\/svg\" width=\"23\" height=\"23\" viewBox=\"0 0 23 23\">\n  <g>\n      <path d=\"M15.3387 18.1395C14.7972 18.1395 14.3367 17.9499 13.9572 17.5707C13.5776 17.1915 13.3878 16.7311 13.3878 16.1894C13.3878 16.0891 13.3949 15.9974 13.409 15.9144C13.4231 15.8314 13.4442 15.7381 13.4724 15.6344L9.00773 12.9003C8.84409 13.0985 8.64654 13.2412 8.41507 13.3285C8.18362 13.4157 7.93844 13.4594 7.67952 13.4594C7.13784 13.4594 6.67742 13.2699 6.29825 12.8908C5.91908 12.5118 5.72949 12.0516 5.72949 11.5101C5.72949 10.9687 5.91908 10.5082 6.29825 10.1286C6.67742 9.74909 7.13784 9.55931 7.67952 9.55931C7.93497 9.55931 8.1793 9.6059 8.41249 9.69908C8.64567 9.79227 8.84409 9.93204 9.00773 10.1184L13.4724 7.38425C13.4442 7.28062 13.4231 7.18729 13.409 7.10426C13.3949 7.02125 13.3878 6.92958 13.3878 6.82924C13.3878 6.28756 13.5774 5.82714 13.9564 5.44797C14.3354 5.0688 14.7956 4.87921 15.3371 4.87921C15.8785 4.87921 16.339 5.06872 16.7186 5.44774C17.0981 5.82676 17.2879 6.28699 17.2879 6.82844C17.2879 7.36989 17.0983 7.83039 16.7191 8.20994C16.34 8.58949 15.8795 8.77926 15.3379 8.77926C15.0789 8.77926 14.8338 8.73563 14.6023 8.64836C14.3708 8.56108 14.1733 8.41835 14.0097 8.22017L9.545 10.9543C9.57319 11.058 9.59432 11.1511 9.60841 11.2338C9.6225 11.3165 9.62954 11.4079 9.62954 11.5079C9.62954 11.608 9.6225 11.6998 9.60841 11.7834C9.59432 11.8671 9.57319 11.9607 9.545 12.0644L14.0097 14.7985C14.1733 14.5885 14.3708 14.4428 14.6023 14.3615C14.8338 14.2801 15.0789 14.2394 15.3379 14.2394C15.8795 14.2394 16.34 14.4289 16.7191 14.8079C17.0983 15.187 17.2879 15.6472 17.2879 16.1886C17.2879 16.7301 17.0984 17.1906 16.7194 17.5701C16.3403 17.9497 15.8801 18.1395 15.3387 18.1395ZM15.3379 7.85746C15.6244 7.85746 15.8674 7.75773 16.0669 7.55827C16.2664 7.3588 16.3661 7.11579 16.3661 6.82924C16.3661 6.54269 16.2664 6.29968 16.0669 6.1002C15.8674 5.90074 15.6244 5.80102 15.3379 5.80102C15.0513 5.80102 14.8083 5.90074 14.6088 6.1002C14.4094 6.29968 14.3096 6.54269 14.3096 6.82924C14.3096 7.11579 14.4094 7.3588 14.6088 7.55827C14.8083 7.75773 15.0513 7.85746 15.3379 7.85746ZM7.67952 12.5376C7.96607 12.5376 8.20908 12.4378 8.40855 12.2384C8.60801 12.0389 8.70774 11.7959 8.70774 11.5093C8.70774 11.2228 8.60801 10.9798 8.40855 10.7803C8.20908 10.5808 7.96607 10.4811 7.67952 10.4811C7.39297 10.4811 7.14996 10.5808 6.95048 10.7803C6.75103 10.9798 6.65129 11.2228 6.65129 11.5093C6.65129 11.7959 6.75103 12.0389 6.95048 12.2384C7.14996 12.4378 7.39297 12.5376 7.67952 12.5376ZM15.3379 17.2177C15.6244 17.2177 15.8674 17.1179 16.0669 16.9185C16.2664 16.719 16.3661 16.476 16.3661 16.1894C16.3661 15.9029 16.2664 15.6599 16.0669 15.4604C15.8674 15.261 15.6244 15.1612 15.3379 15.1612C15.0513 15.1612 14.8083 15.261 14.6088 15.4604C14.4094 15.6599 14.3096 15.9029 14.3096 16.1894C14.3096 16.476 14.4094 16.719 14.6088 16.9185C14.8083 17.1179 15.0513 17.2177 15.3379 17.2177Z\" fill=\"currentColor\"\/>\n    <\/g>\n<\/svg>  \n  <span class=\"relative z-5 sr-only\">\n    \n  <\/span>\n\n  <\/button>\n          <div \n            :id=\"$id('tooltip')\" \n            x-show=\"tooltip\"\n            x-text=\"tooltip\"\n            class=\"absolute bg-black text-white rounded-md py-1 px-2 text-sm whitespace-nowrap left-1\/2 -translate-x-1\/2 -top-9\"\n          ><\/div>\n        <\/li>\n      <\/ul>\n    <\/div>\n\n  <\/section>\n","protected":false},"excerpt":{"rendered":"<p>Hace m\u00e1s de un a\u00f1o nos encontr\u00e1bamos seleccionando a la cohorte pionera de Fellows de Acumen en Colombia y la anunciamos con bombos y platillos aqu\u00ed. Hoy nos sentimos muy orgullosos de haber creado un espacio donde un grupo tan diverso de agentes de cambio tuviera la oportunidad de reunirse para continuar construyendo pa\u00eds. Desde &hellip; <a href=\"https:\/\/acumen.org\/es\/blog\/quienes-haran-parte-de-la-cohorte-2020-en-colombia\/\">Continuado<\/a><\/p>\n","protected":false},"author":[],"featured_media":3613,"comment_status":"open","ping_status":"closed","sticky":false,"template":"","format":"standard","meta":{"_acf_changed":false,"content-type":"","_relevanssi_hide_post":"","_relevanssi_hide_content":"","_relevanssi_pin_for_all":"","_relevanssi_pin_keywords":"","_relevanssi_unpin_keywords":"","_relevanssi_related_keywords":"","_relevanssi_related_include_ids":"","_relevanssi_related_exclude_ids":"","_relevanssi_related_no_append":"","_relevanssi_related_not_related":"","_relevanssi_related_posts":"10551,10553,10549","_relevanssi_noindex_reason":"","footnotes":""},"categories":[178],"tags":[],"blog-type":[218],"problem":[],"region":[188],"year":[],"media-format":[213],"class_list":["post-10555","post","type-post","status-publish","format-standard","has-post-thumbnail","hentry","category-sin-categorizar"],"acf":[],"yoast_head":"<!-- This site is optimized with the Yoast SEO Premium plugin v27.4 (Yoast SEO v27.4) - https:\/\/yoast.com\/product\/yoast-seo-premium-wordpress\/ -->\n<title>\u00bfQui\u00e9nes har\u00e1n parte de la cohorte 2020 en Colombia? - Acumen<\/title>\n<meta name=\"robots\" content=\"index, follow, max-snippet:-1, max-image-preview:large, max-video-preview:-1\" \/>\n<link rel=\"canonical\" href=\"https:\/\/acumen.org\/es\/blog\/quienes-haran-parte-de-la-cohorte-2020-en-colombia\/\" \/>\n<meta property=\"og:locale\" content=\"es_ES\" \/>\n<meta property=\"og:type\" content=\"article\" \/>\n<meta property=\"og:title\" content=\"\u00bfQui\u00e9nes har\u00e1n parte de la cohorte 2020 en Colombia?\" \/>\n<meta property=\"og:description\" content=\"Hace m\u00e1s de un a\u00f1o nos encontr\u00e1bamos seleccionando a la cohorte pionera de Fellows de Acumen en Colombia y la anunciamos con bombos y platillos aqu\u00ed. Hoy nos sentimos muy orgullosos de haber creado un espacio donde un grupo tan diverso de agentes de cambio tuviera la oportunidad de reunirse para continuar construyendo pa\u00eds. Desde &hellip; Continuado\" \/>\n<meta property=\"og:url\" content=\"https:\/\/acumen.org\/es\/blog\/quienes-haran-parte-de-la-cohorte-2020-en-colombia\/\" \/>\n<meta property=\"og:site_name\" content=\"Acumen\" \/>\n<meta property=\"article:publisher\" content=\"https:\/\/www.facebook.com\/acumenfund\/\" \/>\n<meta property=\"article:published_time\" content=\"2020-01-09T23:10:13+00:00\" \/>\n<meta property=\"article:modified_time\" content=\"2024-05-03T14:09:24+00:00\" \/>\n<meta property=\"og:image\" content=\"https:\/\/acumen.org\/app\/uploads\/2024\/03\/ACUMEN_1305-scaled.jpg\" \/>\n\t<meta property=\"og:image:width\" content=\"2560\" \/>\n\t<meta property=\"og:image:height\" content=\"1707\" \/>\n\t<meta property=\"og:image:type\" content=\"image\/jpeg\" \/>\n<meta name=\"author\" content=\"Kevin Guaranda\" \/>\n<meta name=\"twitter:card\" content=\"summary_large_image\" \/>\n<meta name=\"twitter:creator\" content=\"@Acumen\" \/>\n<meta name=\"twitter:site\" content=\"@Acumen\" \/>\n<meta name=\"twitter:label1\" content=\"Escrito por\" \/>\n\t<meta name=\"twitter:data1\" content=\"Kevin Guaranda\" \/>\n\t<meta name=\"twitter:label2\" content=\"Tiempo de lectura\" \/>\n\t<meta name=\"twitter:data2\" content=\"12 minutes\" \/>\n<script type=\"application\/ld+json\" class=\"yoast-schema-graph\">{\"@context\":\"https:\\\/\\\/schema.org\",\"@graph\":[{\"@type\":\"Article\",\"@id\":\"https:\\\/\\\/acumen.org\\\/es\\\/blog\\\/quienes-haran-parte-de-la-cohorte-2020-en-colombia\\\/#article\",\"isPartOf\":{\"@id\":\"https:\\\/\\\/acumen.org\\\/es\\\/blog\\\/quienes-haran-parte-de-la-cohorte-2020-en-colombia\\\/\"},\"author\":{\"name\":\"Kevin Guaranda\",\"@id\":\"https:\\\/\\\/acumen.org\\\/es\\\/#\\\/schema\\\/person\\\/c4ef607b5c54e3eff6479d6e84bbf005\"},\"headline\":\"\u00bfQui\u00e9nes har\u00e1n parte de la cohorte 2020 en Colombia?\",\"datePublished\":\"2020-01-09T23:10:13+00:00\",\"dateModified\":\"2024-05-03T14:09:24+00:00\",\"mainEntityOfPage\":{\"@id\":\"https:\\\/\\\/acumen.org\\\/es\\\/blog\\\/quienes-haran-parte-de-la-cohorte-2020-en-colombia\\\/\"},\"wordCount\":2846,\"commentCount\":0,\"publisher\":{\"@id\":\"https:\\\/\\\/acumen.org\\\/es\\\/#organization\"},\"image\":{\"@id\":\"https:\\\/\\\/acumen.org\\\/es\\\/blog\\\/quienes-haran-parte-de-la-cohorte-2020-en-colombia\\\/#primaryimage\"},\"thumbnailUrl\":\"https:\\\/\\\/acumen.org\\\/wp-content\\\/uploads\\\/2024\\\/03\\\/ACUMEN_1305-scaled.jpg\",\"articleSection\":[\"Sin categorizar\"],\"inLanguage\":\"es-ES\",\"potentialAction\":[{\"@type\":\"CommentAction\",\"name\":\"Comment\",\"target\":[\"https:\\\/\\\/acumen.org\\\/es\\\/blog\\\/quienes-haran-parte-de-la-cohorte-2020-en-colombia\\\/#respond\"]}]},{\"@type\":\"WebPage\",\"@id\":\"https:\\\/\\\/acumen.org\\\/es\\\/blog\\\/quienes-haran-parte-de-la-cohorte-2020-en-colombia\\\/\",\"url\":\"https:\\\/\\\/acumen.org\\\/es\\\/blog\\\/quienes-haran-parte-de-la-cohorte-2020-en-colombia\\\/\",\"name\":\"\u00bfQui\u00e9nes har\u00e1n parte de la cohorte 2020 en Colombia? - Acumen\",\"isPartOf\":{\"@id\":\"https:\\\/\\\/acumen.org\\\/es\\\/#website\"},\"primaryImageOfPage\":{\"@id\":\"https:\\\/\\\/acumen.org\\\/es\\\/blog\\\/quienes-haran-parte-de-la-cohorte-2020-en-colombia\\\/#primaryimage\"},\"image\":{\"@id\":\"https:\\\/\\\/acumen.org\\\/es\\\/blog\\\/quienes-haran-parte-de-la-cohorte-2020-en-colombia\\\/#primaryimage\"},\"thumbnailUrl\":\"https:\\\/\\\/acumen.org\\\/wp-content\\\/uploads\\\/2024\\\/03\\\/ACUMEN_1305-scaled.jpg\",\"datePublished\":\"2020-01-09T23:10:13+00:00\",\"dateModified\":\"2024-05-03T14:09:24+00:00\",\"breadcrumb\":{\"@id\":\"https:\\\/\\\/acumen.org\\\/es\\\/blog\\\/quienes-haran-parte-de-la-cohorte-2020-en-colombia\\\/#breadcrumb\"},\"inLanguage\":\"es-ES\",\"potentialAction\":[{\"@type\":\"ReadAction\",\"target\":[\"https:\\\/\\\/acumen.org\\\/es\\\/blog\\\/quienes-haran-parte-de-la-cohorte-2020-en-colombia\\\/\"]}]},{\"@type\":\"ImageObject\",\"inLanguage\":\"es-ES\",\"@id\":\"https:\\\/\\\/acumen.org\\\/es\\\/blog\\\/quienes-haran-parte-de-la-cohorte-2020-en-colombia\\\/#primaryimage\",\"url\":\"https:\\\/\\\/acumen.org\\\/wp-content\\\/uploads\\\/2024\\\/03\\\/ACUMEN_1305-scaled.jpg\",\"contentUrl\":\"https:\\\/\\\/acumen.org\\\/wp-content\\\/uploads\\\/2024\\\/03\\\/ACUMEN_1305-scaled.jpg\",\"width\":2560,\"height\":1707},{\"@type\":\"BreadcrumbList\",\"@id\":\"https:\\\/\\\/acumen.org\\\/es\\\/blog\\\/quienes-haran-parte-de-la-cohorte-2020-en-colombia\\\/#breadcrumb\",\"itemListElement\":[{\"@type\":\"ListItem\",\"position\":1,\"name\":\"Home\",\"item\":\"https:\\\/\\\/acumen.org\\\/es\\\/\"},{\"@type\":\"ListItem\",\"position\":2,\"name\":\"\u00bfQui\u00e9nes har\u00e1n parte de la cohorte 2020 en Colombia?\"}]},{\"@type\":\"WebSite\",\"@id\":\"https:\\\/\\\/acumen.org\\\/es\\\/#website\",\"url\":\"https:\\\/\\\/acumen.org\\\/es\\\/\",\"name\":\"Acumen\",\"description\":\"\",\"publisher\":{\"@id\":\"https:\\\/\\\/acumen.org\\\/es\\\/#organization\"},\"potentialAction\":[{\"@type\":\"SearchAction\",\"target\":{\"@type\":\"EntryPoint\",\"urlTemplate\":\"https:\\\/\\\/acumen.org\\\/es\\\/?s={search_term_string}\"},\"query-input\":{\"@type\":\"PropertyValueSpecification\",\"valueRequired\":true,\"valueName\":\"search_term_string\"}}],\"inLanguage\":\"es-ES\"},{\"@type\":\"Organization\",\"@id\":\"https:\\\/\\\/acumen.org\\\/es\\\/#organization\",\"name\":\"Acumen\",\"url\":\"https:\\\/\\\/acumen.org\\\/es\\\/\",\"logo\":{\"@type\":\"ImageObject\",\"inLanguage\":\"es-ES\",\"@id\":\"https:\\\/\\\/acumen.org\\\/es\\\/#\\\/schema\\\/logo\\\/image\\\/\",\"url\":\"https:\\\/\\\/acumen.org\\\/app\\\/uploads\\\/2021\\\/03\\\/Acumen.png\",\"contentUrl\":\"https:\\\/\\\/acumen.org\\\/app\\\/uploads\\\/2021\\\/03\\\/Acumen.png\",\"width\":3334,\"height\":2480,\"caption\":\"Acumen\"},\"image\":{\"@id\":\"https:\\\/\\\/acumen.org\\\/es\\\/#\\\/schema\\\/logo\\\/image\\\/\"},\"sameAs\":[\"https:\\\/\\\/www.facebook.com\\\/acumenfund\\\/\",\"https:\\\/\\\/x.com\\\/Acumen\",\"https:\\\/\\\/www.instagram.com\\\/acumenorg\\\/\",\"https:\\\/\\\/www.linkedin.com\\\/company\\\/acumen-fund\\\/\",\"https:\\\/\\\/www.youtube.com\\\/channel\\\/UCpuoLfl6gZl2jDa8lAlC8YQ\"],\"description\":\"We invest across the capital continuum to help transformational companies grow from seed to scale. acumen invests patient capital in business models that deliver critical, affordable goods and services to the world's poor, improving the lives of millions. Since 2001, Acumen has invested in businesses that provide access to healthcare, energy, education, water & sanitation, housing, financial services, and agricultural services to low-income customers. Our investments are addressing the problems of poverty in East and West Africa, South Asia, Latin America, and the United States.\",\"telephone\":\"1-212-566-8821\",\"legalName\":\"Acumen Fund, Inc.\",\"taxID\":\"13-4166228\",\"ownershipFundingInfo\":\"https:\\\/\\\/acumen.org\\\/financials\\\/\",\"ethicsPolicy\":\"https:\\\/\\\/acumen.org\\\/anti-corruption-policy\\\/\"},{\"@type\":\"Person\",\"@id\":\"https:\\\/\\\/acumen.org\\\/es\\\/#\\\/schema\\\/person\\\/c4ef607b5c54e3eff6479d6e84bbf005\",\"name\":\"Kevin Guaranda\",\"image\":{\"@type\":\"ImageObject\",\"inLanguage\":\"es-ES\",\"@id\":\"https:\\\/\\\/secure.gravatar.com\\\/avatar\\\/d0d5bd8e116c1902a6d447bad8291368cf6ac558cdbfbc414a9eb5efd2aa8416?s=96&d=mm&r=g\",\"url\":\"https:\\\/\\\/secure.gravatar.com\\\/avatar\\\/d0d5bd8e116c1902a6d447bad8291368cf6ac558cdbfbc414a9eb5efd2aa8416?s=96&d=mm&r=g\",\"contentUrl\":\"https:\\\/\\\/secure.gravatar.com\\\/avatar\\\/d0d5bd8e116c1902a6d447bad8291368cf6ac558cdbfbc414a9eb5efd2aa8416?s=96&d=mm&r=g\",\"caption\":\"Kevin Guaranda\"}}]}<\/script>\n<!-- \/ Yoast SEO Premium plugin. -->","yoast_head_json":{"title":"\u00bfQui\u00e9nes har\u00e1n parte de la cohorte 2020 en Colombia? - Acumen","robots":{"index":"index","follow":"follow","max-snippet":"max-snippet:-1","max-image-preview":"max-image-preview:large","max-video-preview":"max-video-preview:-1"},"canonical":"https:\/\/acumen.org\/es\/blog\/quienes-haran-parte-de-la-cohorte-2020-en-colombia\/","og_locale":"es_ES","og_type":"article","og_title":"\u00bfQui\u00e9nes har\u00e1n parte de la cohorte 2020 en Colombia?","og_description":"Hace m\u00e1s de un a\u00f1o nos encontr\u00e1bamos seleccionando a la cohorte pionera de Fellows de Acumen en Colombia y la anunciamos con bombos y platillos aqu\u00ed. Hoy nos sentimos muy orgullosos de haber creado un espacio donde un grupo tan diverso de agentes de cambio tuviera la oportunidad de reunirse para continuar construyendo pa\u00eds. Desde &hellip; Continuado","og_url":"https:\/\/acumen.org\/es\/blog\/quienes-haran-parte-de-la-cohorte-2020-en-colombia\/","og_site_name":"Acumen","article_publisher":"https:\/\/www.facebook.com\/acumenfund\/","article_published_time":"2020-01-09T23:10:13+00:00","article_modified_time":"2024-05-03T14:09:24+00:00","og_image":[{"width":2560,"height":1707,"url":"https:\/\/acumen.org\/app\/uploads\/2024\/03\/ACUMEN_1305-scaled.jpg","type":"image\/jpeg"}],"author":"Kevin Guaranda","twitter_card":"summary_large_image","twitter_creator":"@Acumen","twitter_site":"@Acumen","twitter_misc":{"Escrito por":"Kevin Guaranda","Tiempo de lectura":"12 minutes"},"schema":{"@context":"https:\/\/schema.org","@graph":[{"@type":"Article","@id":"https:\/\/acumen.org\/es\/blog\/quienes-haran-parte-de-la-cohorte-2020-en-colombia\/#article","isPartOf":{"@id":"https:\/\/acumen.org\/es\/blog\/quienes-haran-parte-de-la-cohorte-2020-en-colombia\/"},"author":{"name":"Kevin Guaranda","@id":"https:\/\/acumen.org\/es\/#\/schema\/person\/c4ef607b5c54e3eff6479d6e84bbf005"},"headline":"\u00bfQui\u00e9nes har\u00e1n parte de la cohorte 2020 en Colombia?","datePublished":"2020-01-09T23:10:13+00:00","dateModified":"2024-05-03T14:09:24+00:00","mainEntityOfPage":{"@id":"https:\/\/acumen.org\/es\/blog\/quienes-haran-parte-de-la-cohorte-2020-en-colombia\/"},"wordCount":2846,"commentCount":0,"publisher":{"@id":"https:\/\/acumen.org\/es\/#organization"},"image":{"@id":"https:\/\/acumen.org\/es\/blog\/quienes-haran-parte-de-la-cohorte-2020-en-colombia\/#primaryimage"},"thumbnailUrl":"https:\/\/acumen.org\/wp-content\/uploads\/2024\/03\/ACUMEN_1305-scaled.jpg","articleSection":["Sin categorizar"],"inLanguage":"es-ES","potentialAction":[{"@type":"CommentAction","name":"Comment","target":["https:\/\/acumen.org\/es\/blog\/quienes-haran-parte-de-la-cohorte-2020-en-colombia\/#respond"]}]},{"@type":"WebPage","@id":"https:\/\/acumen.org\/es\/blog\/quienes-haran-parte-de-la-cohorte-2020-en-colombia\/","url":"https:\/\/acumen.org\/es\/blog\/quienes-haran-parte-de-la-cohorte-2020-en-colombia\/","name":"\u00bfQui\u00e9nes har\u00e1n parte de la cohorte 2020 en Colombia? - Acumen","isPartOf":{"@id":"https:\/\/acumen.org\/es\/#website"},"primaryImageOfPage":{"@id":"https:\/\/acumen.org\/es\/blog\/quienes-haran-parte-de-la-cohorte-2020-en-colombia\/#primaryimage"},"image":{"@id":"https:\/\/acumen.org\/es\/blog\/quienes-haran-parte-de-la-cohorte-2020-en-colombia\/#primaryimage"},"thumbnailUrl":"https:\/\/acumen.org\/wp-content\/uploads\/2024\/03\/ACUMEN_1305-scaled.jpg","datePublished":"2020-01-09T23:10:13+00:00","dateModified":"2024-05-03T14:09:24+00:00","breadcrumb":{"@id":"https:\/\/acumen.org\/es\/blog\/quienes-haran-parte-de-la-cohorte-2020-en-colombia\/#breadcrumb"},"inLanguage":"es-ES","potentialAction":[{"@type":"ReadAction","target":["https:\/\/acumen.org\/es\/blog\/quienes-haran-parte-de-la-cohorte-2020-en-colombia\/"]}]},{"@type":"ImageObject","inLanguage":"es-ES","@id":"https:\/\/acumen.org\/es\/blog\/quienes-haran-parte-de-la-cohorte-2020-en-colombia\/#primaryimage","url":"https:\/\/acumen.org\/wp-content\/uploads\/2024\/03\/ACUMEN_1305-scaled.jpg","contentUrl":"https:\/\/acumen.org\/wp-content\/uploads\/2024\/03\/ACUMEN_1305-scaled.jpg","width":2560,"height":1707},{"@type":"BreadcrumbList","@id":"https:\/\/acumen.org\/es\/blog\/quienes-haran-parte-de-la-cohorte-2020-en-colombia\/#breadcrumb","itemListElement":[{"@type":"ListItem","position":1,"name":"Home","item":"https:\/\/acumen.org\/es\/"},{"@type":"ListItem","position":2,"name":"\u00bfQui\u00e9nes har\u00e1n parte de la cohorte 2020 en Colombia?"}]},{"@type":"WebSite","@id":"https:\/\/acumen.org\/es\/#website","url":"https:\/\/acumen.org\/es\/","name":"Acumen","description":"","publisher":{"@id":"https:\/\/acumen.org\/es\/#organization"},"potentialAction":[{"@type":"SearchAction","target":{"@type":"EntryPoint","urlTemplate":"https:\/\/acumen.org\/es\/?s={search_term_string}"},"query-input":{"@type":"PropertyValueSpecification","valueRequired":true,"valueName":"search_term_string"}}],"inLanguage":"es-ES"},{"@type":"Organization","@id":"https:\/\/acumen.org\/es\/#organization","name":"Acumen","url":"https:\/\/acumen.org\/es\/","logo":{"@type":"ImageObject","inLanguage":"es-ES","@id":"https:\/\/acumen.org\/es\/#\/schema\/logo\/image\/","url":"https:\/\/acumen.org\/app\/uploads\/2021\/03\/Acumen.png","contentUrl":"https:\/\/acumen.org\/app\/uploads\/2021\/03\/Acumen.png","width":3334,"height":2480,"caption":"Acumen"},"image":{"@id":"https:\/\/acumen.org\/es\/#\/schema\/logo\/image\/"},"sameAs":["https:\/\/www.facebook.com\/acumenfund\/","https:\/\/x.com\/Acumen","https:\/\/www.instagram.com\/acumenorg\/","https:\/\/www.linkedin.com\/company\/acumen-fund\/","https:\/\/www.youtube.com\/channel\/UCpuoLfl6gZl2jDa8lAlC8YQ"],"description":"We invest across the capital continuum to help transformational companies grow from seed to scale. acumen invests patient capital in business models that deliver critical, affordable goods and services to the world's poor, improving the lives of millions. Since 2001, Acumen has invested in businesses that provide access to healthcare, energy, education, water & sanitation, housing, financial services, and agricultural services to low-income customers. Our investments are addressing the problems of poverty in East and West Africa, South Asia, Latin America, and the United States.","telephone":"1-212-566-8821","legalName":"Acumen Fund, Inc.","taxID":"13-4166228","ownershipFundingInfo":"https:\/\/acumen.org\/financials\/","ethicsPolicy":"https:\/\/acumen.org\/anti-corruption-policy\/"},{"@type":"Person","@id":"https:\/\/acumen.org\/es\/#\/schema\/person\/c4ef607b5c54e3eff6479d6e84bbf005","name":"Kevin Guaranda","image":{"@type":"ImageObject","inLanguage":"es-ES","@id":"https:\/\/secure.gravatar.com\/avatar\/d0d5bd8e116c1902a6d447bad8291368cf6ac558cdbfbc414a9eb5efd2aa8416?s=96&d=mm&r=g","url":"https:\/\/secure.gravatar.com\/avatar\/d0d5bd8e116c1902a6d447bad8291368cf6ac558cdbfbc414a9eb5efd2aa8416?s=96&d=mm&r=g","contentUrl":"https:\/\/secure.gravatar.com\/avatar\/d0d5bd8e116c1902a6d447bad8291368cf6ac558cdbfbc414a9eb5efd2aa8416?s=96&d=mm&r=g","caption":"Kevin Guaranda"}}]}},"_links":{"self":[{"href":"https:\/\/acumen.org\/es\/wp-json\/wp\/v2\/posts\/10555","targetHints":{"allow":["GET"]}}],"collection":[{"href":"https:\/\/acumen.org\/es\/wp-json\/wp\/v2\/posts"}],"about":[{"href":"https:\/\/acumen.org\/es\/wp-json\/wp\/v2\/types\/post"}],"author":[{"embeddable":true,"href":"https:\/\/acumen.org\/es\/wp-json\/wp\/v2\/users\/5"}],"replies":[{"embeddable":true,"href":"https:\/\/acumen.org\/es\/wp-json\/wp\/v2\/comments?post=10555"}],"version-history":[{"count":0,"href":"https:\/\/acumen.org\/es\/wp-json\/wp\/v2\/posts\/10555\/revisions"}],"wp:featuredmedia":[{"embeddable":true,"href":"https:\/\/acumen.org\/es\/wp-json\/wp\/v2\/media\/3613"}],"wp:attachment":[{"href":"https:\/\/acumen.org\/es\/wp-json\/wp\/v2\/media?parent=10555"}],"wp:term":[{"taxonomy":"category","embeddable":true,"href":"https:\/\/acumen.org\/es\/wp-json\/wp\/v2\/categories?post=10555"},{"taxonomy":"post_tag","embeddable":true,"href":"https:\/\/acumen.org\/es\/wp-json\/wp\/v2\/tags?post=10555"},{"taxonomy":"blog-type","embeddable":true,"href":"https:\/\/acumen.org\/es\/wp-json\/wp\/v2\/blog-type?post=10555"},{"taxonomy":"problem-tax","embeddable":true,"href":"https:\/\/acumen.org\/es\/wp-json\/wp\/v2\/problem?post=10555"},{"taxonomy":"region-tax","embeddable":true,"href":"https:\/\/acumen.org\/es\/wp-json\/wp\/v2\/region?post=10555"},{"taxonomy":"acumen-year","embeddable":true,"href":"https:\/\/acumen.org\/es\/wp-json\/wp\/v2\/year?post=10555"},{"taxonomy":"post-author","embeddable":true,"href":"https:\/\/acumen.org\/es\/wp-json\/wp\/v2\/author?post=10555"},{"taxonomy":"media-format","embeddable":true,"href":"https:\/\/acumen.org\/es\/wp-json\/wp\/v2\/media-format?post=10555"}],"curies":[{"name":"wp","href":"https:\/\/api.w.org\/{rel}","templated":true}]}}