{"id":10567,"date":"2019-02-28T16:43:39","date_gmt":"2019-02-28T20:43:39","guid":{"rendered":"https:\/\/acumenbw.wpenginepowered.com\/?p=10567"},"modified":"2024-08-28T14:06:15","modified_gmt":"2024-08-28T18:06:15","slug":"fui-criada-como-un-nino-para-poder-acceder-a-la-educacion","status":"publish","type":"post","link":"https:\/\/acumen.org\/es\/blog\/fui-criada-como-un-nino-para-poder-acceder-a-la-educacion\/","title":{"rendered":"\u201cFUI CRIADA COMO UN NI\u00d1O PARA PODER ACCEDER A LA EDUCACI\u00d3N\u201d"},"content":{"rendered":"<h3>La traves\u00eda de una mujer en la b\u00fasqueda de una mejor vida para Pakist\u00e1n<\/h3>\n<p class=\"p1\">Shamim Akhtar se ve peque\u00f1a pero tiene una presencia muy poderosa. Con su metro y cincuenta y dos cent\u00edmetros de altura, vistiendo un llamativo hiyab te\u00f1ido de rojo y con un l\u00e1piz labial que le hace juego, muestra templanza y fortaleza. Al conocerla, llama la atenci\u00f3n con su hablado r\u00e1pido y deliberado. Ella siempre se ha sentido segura de s\u00ed misma. Esta confianza, dice ella, proviene de haber sido criada como un ni\u00f1o.<\/p>\n<p class=\"p1\">Shamim, la mayor de ocho hermanos, naci\u00f3 en 1983 en Molvi Abdullah Mari, una aldea rural en la provincia de Sindh en Pakist\u00e1n. Su familia pertenece a una casta Baloch, un sector de la sociedad conservador y patriarcal donde los hombres tradicionalmente tienen prioridad sobre las mujeres. &#8220;La vida no fue f\u00e1cil para m\u00ed&#8221;, dice. &#8220;Cuando nac\u00ed, a las ni\u00f1as no las dejaban salir&#8221;. En su casta es com\u00fan que las familias crean que el primog\u00e9nito debe ser var\u00f3n, por lo que, cuando Shamim lleg\u00f3, su familia se enfrent\u00f3 a un dilema. Su padre y su Taya, sab\u00edan que la costumbre era mantener a las mujeres en el interior de las casas, pero a la vez quer\u00edan darle la oportunidad de ver el mundo y formar parte de la sociedad. Sabiendo que Shamim es un nombre unisex en este pa\u00eds, su Taya vio la oportunidad de cambiar el curso de su vida. A sus tres meses de vida, Shamim pas\u00f3 de ser una ni\u00f1a a un ni\u00f1o.<\/p>\n<p class=\"p1\"><em><strong>&#8220;Mi Taya no iba a dejarme dentro de la casa&#8221;, dice Shamim. &#8220;\u00c9l hab\u00eda ido a la universidad y quer\u00eda que yo saliera, mostrarme cosas, que tuviera educaci\u00f3n, y la \u00fanica forma en que pod\u00eda hacerlo era visti\u00e9ndome de ni\u00f1o&#8221;.<\/strong><\/em><\/p>\n<figure id=\"attachment_27618\" aria-describedby=\"caption-attachment-27618\" style=\"width: 679px\" class=\"wp-caption aligncenter\"><img loading=\"lazy\" decoding=\"async\" class=\"wp-image-27618\" src=\"https:\/\/acumen.org\/app\/uploads\/2024\/03\/Shamim-at-home-as-a-toddler.jpg\" alt=\"\" width=\"679\" height=\"509\" \/><figcaption id=\"caption-attachment-27618\" class=\"wp-caption-text\">Shamim de beb\u00e9<\/figcaption><\/figure>\n<p class=\"p1\">Al principio, la transici\u00f3n fue aparentemente f\u00e1cil. Su familia comprar\u00eda solo ropa para ni\u00f1o y le dejar\u00edan el pelo corto. Shamim disfrut\u00f3 de la libertad de usar pantalones en lugar de estar cubierta con el tradicional <i>salwar kameez<\/i>. Hasta sus 10 a\u00f1os, ella se adapt\u00f3 con normalidad a la vida de un ni\u00f1o, fue a la escuela y era feliz. En la escuela de Shamim asist\u00edan tanto ni\u00f1os como ni\u00f1as, algo que no era com\u00fan en Sindh y muchas familias se sent\u00edan inc\u00f3modas con que sus hijas estudiaran. El gobierno recientemente hab\u00eda comenzado a permitir que las ni\u00f1as continuaran su educaci\u00f3n m\u00e1s all\u00e1 del quinto grado, pero Shamim se dio cuenta de que muchas de sus compa\u00f1eras no tendr\u00edan la oportunidad de avanzar al octavo grado con ella y comenz\u00f3 a sentirse frustrada.<\/p>\n<p class=\"p1\">Al final de quinto de primaria, su escuela hizo una celebraci\u00f3n para los estudiantes y sus familias. Su Taya asisti\u00f3 y le pidi\u00f3 a la clase que demostrara lo que hab\u00edan aprendido despu\u00e9s de cinco a\u00f1os en la escuela, ninguno de los estudiantes tuvo el coraje de hablar, a excepci\u00f3n de Shamim. Ella quer\u00eda que su t\u00edo se sintiera orgulloso y mostrarle a todos lo que era posible cuando una ni\u00f1a ten\u00eda acceso a una educaci\u00f3n, incluso si solo su familia y un pu\u00f1ado de personas de su aldea conoc\u00edan su verdadero g\u00e9nero.<\/p>\n<p class=\"p1\"><b><i>&#8220;Ser criada como un ni\u00f1o me dio cierto tipo de confianza que de otro modo no hubiera tenido&#8221;, dijo Shamim. &#8220;A medida que fui creciendo, me frustr\u00e9 al ver que estos ni\u00f1os ten\u00edan las mismas manos y pies que yo, pero se les trataba de manera preferencial. \u00bfPor qu\u00e9 se les daba prioridad sobre las ni\u00f1as? \u00a1Eso no ten\u00eda ning\u00fan sentido!&#8221;.<\/i><\/b><\/p>\n<p class=\"p1\">Ella comenz\u00f3 a notar las peque\u00f1as injusticias del d\u00eda a d\u00eda que enfrentan las ni\u00f1as y mujeres en su pueblo. Por ejemplo, cuando el peri\u00f3dico llega a casa, pasa del hombre mayor al menor, llegando eventualmente a las mujeres una vez que los hombres han terminado. Para cuando las mujeres pueden ver el peri\u00f3dico, ya ha pasado un d\u00eda y las noticias son viejas. En lugar de enojarse Shamim solo se volvi\u00f3 m\u00e1s inteligente, encontr\u00f3 la forma de seguir aprendiendo y seguir adelant\u00e1ndose a los ni\u00f1os de su clase. Se plantaba delante de la radio para escuchar a la BBC y, cuando los amigos de su padre iban a hablar de pol\u00edtica, ella se quedaba escuchando y espiaba la conversaci\u00f3n en lugar de irse con sus amigos a jugar. Sus esfuerzos adicionales dieron sus frutos. Shamim sobresali\u00f3 en la escuela. Su curiosidad era insaciable.<\/p>\n<p class=\"p1\">Una vez que complet\u00f3 octavo grado empez\u00f3 a desanimarse sabiendo que este ser\u00eda el final de su educaci\u00f3n. La escuela secundaria local estaba a cinco kil\u00f3metros de distancia y, aunque no era un problema para los ni\u00f1os porque ten\u00edan bicicletas y otros medios de transporte, su padre no estaba dispuesto a permitir que su hija hiciera la caminata por su cuenta. Incluso si segu\u00eda haci\u00e9ndose pasar por un ni\u00f1o. &#8220;Me dijo &#8216;no puedo dejar que hagas eso, no tengo tiempo para acompa\u00f1arte hasta all\u00ed y regresar. Lo siento, pero es imposible&#8217;&#8221;.<\/p>\n<figure id=\"attachment_27619\" aria-describedby=\"caption-attachment-27619\" style=\"width: 761px\" class=\"wp-caption aligncenter\"><img loading=\"lazy\" decoding=\"async\" class=\"wp-image-27619\" src=\"https:\/\/acumen.org\/wp-content\/uploads\/Shamim-as-a-teenager-still-posing-as-a-male-in-her-village-in-Sindg-Pakistan-580x390.png\" alt=\"\" width=\"761\" height=\"512\" \/><\/p>\n<figcaption id=\"caption-attachment-27619\" class=\"wp-caption-text\">Shamim cuando era adolescente.<\/figcaption>\n<\/figure>\n<p class=\"p1\">Shamim qued\u00f3 devastada pero, por alg\u00fan milagro, un pariente lejano -que result\u00f3 ser maestro- supo de su dif\u00edcil situaci\u00f3n. Se ofreci\u00f3 a ense\u00f1arle el plan de estudios para los grados noveno y d\u00e9cimo durante los siguientes dos veranos en los periodos de vacaciones. Los veranos en Sindh son especialmente brutales, alcanzando temperaturas hasta de 46\u00baC, pero a Shamim no le importaba tolerar el calor si eso significaba que pod\u00eda continuar su educaci\u00f3n.<\/p>\n<p class=\"p1\">Para cuando termin\u00f3 el d\u00e9cimo grado, Shamim se estaba convirtiendo en una mujer y ya no pod\u00eda seguir haci\u00e9ndose pasar como un ni\u00f1o. Ya todos en su pueblo conoc\u00edan su secreto, y se hab\u00eda convertido en un tema pol\u00e9mico entre algunos de los hombres m\u00e1s influyentes. &#8220;No les gust\u00f3 que hubiera una chica a la que le iba mejor que a sus hijos varones&#8221;, dijo. &#8220;Me hab\u00eda ido bien en la escuela y, si alguien me molestaba yo respond\u00eda. Me hab\u00eda vuelto muy confiada y muy segura de m\u00ed misma, y muchos me reprochaban esa actitud. Me dec\u00edan: &#8216;Es hora que deje de comportarse como un ni\u00f1o. \u00bfNo se averg\u00fcenza?&#8217; y porque eran mis mayores, ten\u00eda que mostrar mi respeto y tener la actitud sumisa que ellos esperaban tuviera una mujer. Pero tan pronto como estaba a una distancia segura, cambiaba de nuevo&#8221;.<\/p>\n<p class=\"p1\">Shamim ya pod\u00eda vestirse de mujer de nuevo, sab\u00eda que as\u00ed pod\u00eda terminar sus estudios en la cercana ciudad de Mirpur Khas. All\u00ed la escuela ten\u00eda un albergue para ni\u00f1as, y ella podr\u00eda terminar los grados once y doce; eso si lograba obtener el permiso de su padre. Ella le pregunt\u00f3, pero \u00e9l dijo que no. Shamim no se dio por vencida f\u00e1cilmente, se declar\u00f3 en huelga de hambre durante tres d\u00edas y logr\u00f3 convencer a su padre de que la dejara ir. Dos a\u00f1os m\u00e1s tarde, cuando lleg\u00f3 el momento de ir a la universidad, sab\u00eda que obtener su consentimiento de nuevo ser\u00eda mucho m\u00e1s dif\u00edcil. Su padre hab\u00eda decidido centrar su atenci\u00f3n en sus hermanos varones menores, que pod\u00edan ir a la escuela, conseguir trabajos seguros y ayudar a mantener a la familia, mientras que, como mujer &#8211; y a pesar de sus estudios- el lugar de Shamim estaba en el hogar.<\/p>\n<p class=\"p1\">Shamim no presion\u00f3 su suerte, pero tampoco ten\u00eda planeado volver a casa. En cambio, se inscribi\u00f3 en un programa de dos a\u00f1os para convertirse en una visitante de salud femenina. No era la universidad, pero pod\u00eda seguir aprendiendo y tener un salario. Mientras trabajaba en los diferentes hospitales de la ciudad, conoci\u00f3 sobre una organizaci\u00f3n sin \u00e1nimo de lucro que contaba con un programa de desarrollo rural y que trabajaba para empoderar a las comunidades rurales en Tharparkar, Dadu y otros distritos vecinos de Sindh. Shamim nunca hab\u00eda o\u00eddo hablar de las palabras &#8220;sin \u00e1nimo de lucro&#8221;, pero estaba intrigada por el trabajo. Sin que nadie lo supiera se escap\u00f3 y viaj\u00f3 cinco horas para ir a una entrevista en esa organizaci\u00f3n. Esto era lo m\u00e1s lejos que hab\u00eda estado alguna vez de casa.<\/p>\n<p class=\"p1\">Finalmente consigui\u00f3 el trabajo, pero eso, en su mente, era la parte m\u00e1s f\u00e1cil. La parte dif\u00edcil era enfrentar a su padre. \u00c9l ya se hab\u00eda enterado de las noticias por parte de sus parientes, que se burlaban de \u00e9l por tener una hija desafiante y \u201cdeambulante\u201d, le dec\u00edan que hab\u00eda sido demasiado permisivo y lo asustaban dici\u00e9ndole que iba a descarriarse y ya no podr\u00eda controlarla. Shamim no quer\u00eda nada m\u00e1s que aceptar el trabajo en esa organizaci\u00f3n, pero sab\u00eda que estaba desobedeciendo a su padre.<\/p>\n<p class=\"p1\"><strong><i><br \/>\n&#8220;Esa noche, empaqu\u00e9 todas mis cosas en una peque\u00f1a maleta y entr\u00e9 a la habitaci\u00f3n de mi padre&#8221;, dijo Shamim. &#8220;Le dije: &#8216;Ma\u00f1ana por la ma\u00f1ana, el autob\u00fas va a venir. Si crees en m\u00ed, puedes despertarme y llevarme a la estaci\u00f3n. Si no me despiertas, lo entender\u00e9&#8217;. Me fui a dormir y, a la ma\u00f1ana siguiente, mi padre estaba all\u00ed junto a mi cama listo para llevarme al autob\u00fas &#8220;.<\/i><\/strong><\/p>\n<figure id=\"attachment_27620\" aria-describedby=\"caption-attachment-27620\" style=\"width: 815px\" class=\"wp-caption aligncenter\"><img loading=\"lazy\" decoding=\"async\" class=\"wp-image-27620\" src=\"https:\/\/acumen.org\/app\/uploads\/2024\/03\/Shamim.-Karachi-Pakistan.png\" alt=\"\" width=\"815\" height=\"611\" \/><\/p>\n<figcaption id=\"caption-attachment-27620\" class=\"wp-caption-text\">Shamim en Karachi, Pakist\u00e1n.<\/figcaption>\n<\/figure>\n<p class=\"p1\">Con ese trabajo, Shamim comenz\u00f3 a ver que exist\u00eda un Pakist\u00e1n que no conoc\u00eda, un pa\u00eds mucho m\u00e1s complejo de lo que ella se imaginaba. &#8220;Pens\u00e9 que ten\u00eda una vida dif\u00edcil, pero luego vi lo que las mujeres en otros distritos estaban experimentando y realmente me abri\u00f3 los ojos&#8221;, dijo. &#8220;Algunas mujeres ten\u00edan once hijos y nada para alimentarlos&#8221;. Para obtener agua, ten\u00edan que caminar tres horas todos los d\u00edas para llegar a pozos que estaban a seis, tal vez siete kil\u00f3metros de distancia. No hab\u00eda escuelas, y el hospital m\u00e1s cercano estaba a 32 kil\u00f3metros. Si una mujer estaba en trabajo de parto, tendr\u00eda que viajar en camello para llegar al hospital, pero la distancia era tan grande que era muy probable que muriera en el camino&#8221;.<\/p>\n<p class=\"p1\">&#8220;Se convirti\u00f3 en algo m\u00e1s que un simple trabajo para m\u00ed; se convirti\u00f3 en mi pasi\u00f3n&#8221;, dice Shamim. Ella trabajaba hasta la medianoche todas las noches y asum\u00eda cualquier tarea que se le presentara. Su equipo cav\u00f3 pozos m\u00e1s cerca de las aldeas, cre\u00f3 una unidad b\u00e1sica de salud e intent\u00f3 abrir una escuela, pero todas estas s\u00f3lo eran soluciones temporales para un problema mucho mayor. Shamim comenz\u00f3 a reconocer las deficiencias del estado y las limitaciones de su contribuci\u00f3n. &#8220;No ten\u00edamos la capacidad de proporcionar soluciones permanentes, pero al menos pod\u00edamos darles alg\u00fan tipo de alivio. Incluso hoy, tantos a\u00f1os despu\u00e9s, esta parte de Sindh sigue siendo muy abandonada&#8221;.<\/p>\n<p class=\"p1\">Despu\u00e9s de unos a\u00f1os, Shamim empez\u00f3 a sentirse limitada por lo que podr\u00eda lograr con la organizaci\u00f3n en la que trabajaba, y curiosamente not\u00f3 que de vuelta en casa estaba logrando tener un impacto real. Sus amigos y vecinos la ve\u00edan florecer y enviar dinero a sus padres, y comenzaron a comprender la importancia de la educaci\u00f3n. Shamim pronto se convirti\u00f3 en un modelo a seguir. Con el tiempo, los padres comenzaron a enviar a sus hijas a la escuela, se construy\u00f3 una carretera a Mirpur Khas que facilitaba y hacia aceptable que las j\u00f3venes fueran a la universidad, y los amigos de su padre le ped\u00edan que les ayudara a que sus hijos varones pudieran, como ella, encontrar trabajos en organizaciones sin \u00e1nimo de lucro.<\/p>\n<p class=\"p1\">Sus padres estaban orgullosos, pero todav\u00eda no estaban del todo c\u00f3modos con que estuviera sola tan lejos. Para ese entonces, en el 2014, so\u00f1aban con que Shamim encontrara un trabajo con el gobierno y que estuviera m\u00e1s cerca de casa, as\u00ed que cuando se enteraron de la apertura de un puesto de maestro en una escuela cercana, hicieron una aplicaci\u00f3n a la vacante en su nombre. Shamim no estaba feliz, pero hicieron un trato, tomar\u00eda el examen de admisi\u00f3n y, si pasaba, la decisi\u00f3n depender\u00eda de ella. Como era de esperarse consigui\u00f3 el trabajo, pero hab\u00eda llegado a un punto de inflexi\u00f3n en su vida: Estaba contenta trabajando en esta organizaci\u00f3n, pero tambi\u00e9n sab\u00eda que era necesario un cambio en las aldeas cercanas a su hogar.<\/p>\n<p class=\"p1\">Fue justo en ese momento de duda, cuando fue seleccionada para participar en el Programa de Fellows de Acumen, y tuvo la oportunidad de conocer otros j\u00f3venes que, como ella, eran agentes de cambio en todo Pakist\u00e1n. &#8220;Vi c\u00f3mo muchos de mis compa\u00f1eros hab\u00edan asumido riesgos durante toda su vida, y comenc\u00e9 a pensar en lo que realmente significa el liderazgo&#8221;, dijo. &#8220;Me pregunt\u00e9 a m\u00ed misma &#8216;\u00bfDeber\u00eda tomar este riesgo&#8217;&#8221;. Inspirada por estos \u201cfellows\u201d de su cohorte decidi\u00f3 aceptar el puesto de maestra a modo de prueba pero, despu\u00e9s del primer d\u00eda, no hubo vuelta atr\u00e1s. &#8220;Cuando entr\u00e9 a clases ese primer d\u00eda, vi a todas esas peque\u00f1as Shamims mir\u00e1ndome. Estaban ansiosas por aprender, pero la escuela estaba en una situaci\u00f3n terrible y con insuficiencia de maestros. No hab\u00eda qui\u00e9n ense\u00f1ara en los grados noveno y d\u00e9cimo. Las ni\u00f1as se sentaban all\u00ed, sin aprender nada, y luego se iban de regreso a sus casas. No pod\u00eda soportar que eso ocurriera&#8221;.<\/p>\n<figure id=\"attachment_27621\" aria-describedby=\"caption-attachment-27621\" style=\"width: 842px\" class=\"wp-caption aligncenter\"><img loading=\"lazy\" decoding=\"async\" class=\"wp-image-27621\" src=\"https:\/\/acumen.org\/app\/uploads\/2024\/03\/25330682240_e269b8d941_o-scaled.jpg\" alt=\"\" width=\"842\" height=\"562\" \/><\/p>\n<figcaption id=\"caption-attachment-27621\" class=\"wp-caption-text\">&#8220;Quiero mostrarles el mundo exterior y abrir sus mentes&#8221; Shamim.<\/figcaption>\n<\/figure>\n<p class=\"p1\">Shamim acept\u00f3 de lleno el trabajo y en 2015 invit\u00f3 a algunos de sus viejos amigos para que le ayudaran a ense\u00f1ar. Hasta el momento, las inscripciones de alumnos van en aumento y m\u00e1s maestros se han unido a la escuela en el \u00faltimo a\u00f1o. Ella tambi\u00e9n est\u00e1 buscando fondos para construir una biblioteca y un laboratorio de ciencias para la escuela. &#8220;Quiero mostrarles el mundo exterior y abrir sus mentes&#8221;, dice. Pero Shamim es Shamim, no est\u00e1 contenta con detenerse all\u00ed. Ahora tiene 33 a\u00f1os y est\u00e1 cursando su doctorado, una vez graduada podr\u00e1 ascender a una posici\u00f3n m\u00e1s alta dentro del sistema educativo del distrito. Ella quiere que la autoridades y los directivos tomen decisiones m\u00e1s ambiciosas y que influyan en el cambio. Gracias a su preparaci\u00f3n ha podido ver las brechas que existen en todo Pakist\u00e1n y est\u00e1 decidida a asegurarse de que Sindh no caiga entre las grietas.<\/p>\n<p class=\"p1\">&#8220;Cuando comparo Punjab con Sindh, hay un mundo de diferencia&#8221;, dice. &#8220;Incluso solo en t\u00e9rminos de educaci\u00f3n, me di cuenta de que Sindh est\u00e1 siendo reprimida. No lo veamos a nivel global, estas ni\u00f1as ni siquiera pueden competir dentro de Pakist\u00e1n. Los ni\u00f1os crecen, van a escuelas privadas, se vuelven pol\u00edticos y no les importa lo que est\u00e1 sucediendo en las aldeas. Sindh muestra una fachada de ser fuerte pero, si le arrojas una piedrita, se derrumbar\u00eda todo porque no hay nada dentro. Si nada cambia, nos quedaremos completamente atr\u00e1s &#8220;.<\/p>\n<p class=\"p1\">Shamim est\u00e1 preparada para hacer la tarea necesaria. Peque\u00f1a pero tenaz, ha vivido los primeros 33 a\u00f1os de su vida sin miedo, y no va a detenerse ahora. &#8220;Algo tan simple como una prenda de vestir fue capaz de cambiar completamente mi vida&#8221;, dice. &#8220;Sin eso, nunca habr\u00eda desarrollado la confianza para seguir mi educaci\u00f3n y estar donde estoy hoy. Estar\u00eda en una posici\u00f3n muy diferente si hubiera sido criada como una mujer\u201d.<\/p>\n<p class=\"p1\">Como docente, ahora puedo alcanzar e impactar a m\u00e1s de 50 chicas cada a\u00f1o. Imagina lo que puede pasar si ense\u00f1o durante 10 a\u00f1os. Puedo ser una peque\u00f1a agente de cambio, pero estoy creando a muchos otros agentes de cambio. Mi anhelo es que estas l\u00edderes del futuro salgan al mundo y creen algo muy grande juntos.\u201d<\/p>\n<p>Lee el art\u00edculo original en <a href=\"https:\/\/acumenideas.com\/i-was-raised-as-a-boy-a8e25f520da2\">Acumen Ideas.\u00a0<\/a><\/p>\n\n<section class=\"wp-block-share-buttons text-container border-black border-t mt-15 mb-7.5 py-7.5\">\n    <div class=\"py-2.5 flex gap-10 items-center\" animate>\n      <h2 class=\"h4 m-0\">\n        Share\n      <\/h2>\n      <ul class=\"flex gap-2 items-center\" x-data=\"shareButtons('Enlace copiado', 'Lo sentimos, no pudimos copiar el enlace')\">\n\n        \n          <li>\n            <a class=\"h-7 w-7 link-no-underline rounded-full hover:bg-black hover:text-white active:bg-black active:text-white flex items-center justify-center shrink-0\" href=\"https:\/\/www.facebook.com\/sharer.php?t=%E2%80%9CFUI%20CRIADA%20COMO%20UN%20NI%C3%91O%20PARA%20PODER%20ACCEDER%20A%20LA%20EDUCACI%C3%93N%E2%80%9D&amp;u=https:\/\/acumen.org\/es\/blog\/fui-criada-como-un-nino-para-poder-acceder-a-la-educacion\/\" target=\"_blank\" @click.prevent=\"open($el)\" title=\"Compartir en Facebook\">\n\n      <svg aria-hidden=\"true\" class=\"fill-current w-auto w-3.5 h-auto flex-shrink-0 relative z-5\" width=\"23\" height=\"22\" viewBox=\"0 0 23 22\" fill=\"none\" xmlns=\"http:\/\/www.w3.org\/2000\/svg\">\n<g>\n<path d=\"M12.8719 7.15463V9.12843H15.5091L15.0915 11.7872H12.8719V17.913C12.4269 17.9702 11.9716 18 11.5094 18C10.976 18 10.4521 17.9606 9.94193 17.8845V11.7872H7.50977V9.12843H9.94193V6.71341C9.94193 5.21513 11.2537 4 12.8726 4V4.00127C12.8774 4.00127 12.8815 4 12.8863 4H15.5098V6.29948H13.7955C13.2861 6.29948 12.8726 6.6823 12.8726 7.154L12.8719 7.15463Z\" fill=\"currentColor\"\/>\n<\/g>\n<\/svg>  \n  <span class=\"relative z-5 sr-only\">\n    Compartir en Facebook\n  <\/span>\n\n  <\/a>\n          <\/li>\n\n        \n          <li>\n            <a class=\"h-7 w-7 link-no-underline rounded-full hover:bg-black hover:text-white active:bg-black active:text-white flex items-center justify-center shrink-0\" href=\"https:\/\/twitter.com\/intent\/tweet?text=%E2%80%9CFUI%20CRIADA%20COMO%20UN%20NI%C3%91O%20PARA%20PODER%20ACCEDER%20A%20LA%20EDUCACI%C3%93N%E2%80%9D&amp;url=https:\/\/acumen.org\/es\/blog\/fui-criada-como-un-nino-para-poder-acceder-a-la-educacion\/\" target=\"_blank\" @click.prevent=\"open($el)\" title=\"Compartir en X\/Twitter\">\n\n      <svg aria-hidden=\"true\" class=\"fill-current w-auto w-3.5 h-auto flex-shrink-0 relative z-5\" width=\"23\" height=\"22\" viewBox=\"0 0 23 22\" fill=\"none\" xmlns=\"http:\/\/www.w3.org\/2000\/svg\">\n<g>\n<path id=\"path1009\" d=\"M4.96324 4.85205L10.0349 11.6348L4.93164 17.1496H6.08052L10.5489 12.3216L14.1589 17.1496H18.0678L12.711 9.98536L17.4614 4.85205H16.3125L12.1978 9.29861L8.87295 4.85205H4.96324ZM6.65225 5.69835H8.44761L16.3772 16.3033H14.5819L6.65225 5.69835Z\" fill=\"currentColor\"\/>\n<\/g>\n<\/svg>  \n  <span class=\"relative z-5 sr-only\">\n    Compartir en X\/Twitter\n  <\/span>\n\n  <\/a>\n          <\/li>\n\n        \n          <li>\n            <a class=\"h-7 w-7 link-no-underline rounded-full hover:bg-black hover:text-white active:bg-black active:text-white flex items-center justify-center shrink-0\" href=\"https:\/\/www.linkedin.com\/shareArticle?title=%E2%80%9CFUI%20CRIADA%20COMO%20UN%20NI%C3%91O%20PARA%20PODER%20ACCEDER%20A%20LA%20EDUCACI%C3%93N%E2%80%9D&amp;url=https:\/\/acumen.org\/es\/blog\/fui-criada-como-un-nino-para-poder-acceder-a-la-educacion\/\" target=\"_blank\" @click.prevent=\"open($el)\" title=\"Compartir en LinkedIn\">\n\n      <svg aria-hidden=\"true\" class=\"fill-current w-auto w-3.5 h-auto flex-shrink-0 relative z-5\" width=\"23\" height=\"22\" viewBox=\"0 0 23 22\" fill=\"none\" xmlns=\"http:\/\/www.w3.org\/2000\/svg\">\n<g>\n<path id=\"Vector_2\" d=\"M5.73849 7.31219C5.44877 7.04319 5.30469 6.71022 5.30469 6.31405C5.30469 5.91787 5.44954 5.57026 5.73849 5.30049C6.02822 5.03149 6.40116 4.89661 6.85809 4.89661C7.31502 4.89661 7.67333 5.03149 7.96228 5.30049C8.252 5.56949 8.39608 5.90785 8.39608 6.31405C8.39608 6.72024 8.25123 7.04319 7.96228 7.31219C7.67255 7.58118 7.305 7.71607 6.85809 7.71607C6.41118 7.71607 6.02822 7.58118 5.73849 7.31219ZM8.1526 8.85526V17.1025H5.5474V8.85526H8.1526Z\" fill=\"currentColor\"\/>\n<path id=\"Vector_3\" d=\"M16.8257 9.67004C17.3936 10.2867 17.6772 11.133 17.6772 12.2105V16.9569H15.203V12.545C15.203 12.0016 15.062 11.5792 14.7807 11.2786C14.4995 10.978 14.1204 10.827 13.6457 10.827C13.1711 10.827 12.7919 10.9773 12.5107 11.2786C12.2294 11.5792 12.0884 12.0016 12.0884 12.545V16.9569H9.59961V8.83221H12.0884V9.90974C12.3404 9.55057 12.6802 9.26693 13.1071 9.05805C13.534 8.84918 14.014 8.74512 14.548 8.74512C15.4989 8.74512 16.2586 9.05342 16.8257 9.66927V9.67004Z\" fill=\"currentColor\"\/>\n<\/g>\n<\/svg>  \n  <span class=\"relative z-5 sr-only\">\n    Compartir en LinkedIn\n  <\/span>\n\n  <\/a>\n          <\/li>\n\n        \n          <li>\n            <a class=\"h-7 w-7 link-no-underline rounded-full hover:bg-black hover:text-white active:bg-black active:text-white flex items-center justify-center shrink-0\" href=\"https:\/\/pinterest.com\/pin\/create\/button\/?description=%E2%80%9CFUI%20CRIADA%20COMO%20UN%20NI%C3%91O%20PARA%20PODER%20ACCEDER%20A%20LA%20EDUCACI%C3%93N%E2%80%9D&amp;url=https:\/\/acumen.org\/es\/blog\/fui-criada-como-un-nino-para-poder-acceder-a-la-educacion\/\" target=\"_blank\" @click.prevent=\"open($el)\" title=\"Compartir en Pinterest\">\n\n      <svg aria-hidden=\"true\" class=\"fill-current w-auto w-3.5 h-auto flex-shrink-0 relative z-5\" xmlns=\"http:\/\/www.w3.org\/2000\/svg\" width=\"23\" height=\"23\" viewBox=\"0 0 23 23\" fill=\"none\">\n  <path fill-rule=\"evenodd\" clip-rule=\"evenodd\" d=\"M11.0838 13.9802C11.072 14.0175 11.061 14.0491 11.052 14.0807C10.5302 15.9513 10.4722 16.3668 9.93589 17.2357C9.68019 17.6487 9.39201 18.0401 9.07342 18.4145C9.03748 18.4569 9.00361 18.5112 8.93174 18.498C8.85296 18.4828 8.84674 18.4183 8.83845 18.3601C8.75275 17.7916 8.70507 17.2218 8.7258 16.6476C8.75275 15.9001 8.85365 15.6434 9.90686 11.591C9.92207 11.529 9.90479 11.4778 9.88267 11.4222C9.63043 10.7999 9.58067 10.1682 9.80112 9.52818C10.278 8.14578 11.9905 8.04017 12.2897 9.18036C12.4742 9.88548 11.9863 10.8088 11.6118 12.1735C11.3015 13.2991 12.75 14.0997 13.9877 13.2776C15.1294 12.52 15.5724 10.7038 15.488 9.41624C15.3222 6.84938 12.2462 6.29478 10.2953 7.12131C8.05822 8.06799 7.54958 10.6051 8.55994 11.7649C8.68779 11.9123 8.92898 12.0027 8.88682 12.152C8.82186 12.384 8.7645 12.618 8.69401 12.8488C8.64149 13.0209 8.34225 13.0834 8.1522 13.0126C7.77971 12.8748 7.46941 12.6579 7.21786 12.372C6.36022 11.4 6.11489 9.47758 7.24896 7.84982C8.50535 6.04688 10.8426 5.3171 12.9766 5.53844C15.5254 5.80341 17.1363 7.39703 17.4376 9.20502C17.5751 10.0284 17.4763 12.059 16.213 13.4945C14.7596 15.1438 12.4037 15.2532 11.3167 14.2407C11.233 14.1629 11.166 14.0725 11.0838 13.9795V13.9802Z\" fill=\"currentColor\"\/>\n<\/svg>  \n  <span class=\"relative z-5 sr-only\">\n    Compartir en Pinterest\n  <\/span>\n\n  <\/a>\n          <\/li>\n\n        \n          <li>\n            <a class=\"h-7 w-7 link-no-underline rounded-full hover:bg-black hover:text-white active:bg-black active:text-white flex items-center justify-center shrink-0\" href=\"mailto:?subject=%E2%80%9CFUI%20CRIADA%20COMO%20UN%20NI%C3%91O%20PARA%20PODER%20ACCEDER%20A%20LA%20EDUCACI%C3%93N%E2%80%9D&amp;body=https:\/\/acumen.org\/es\/blog\/fui-criada-como-un-nino-para-poder-acceder-a-la-educacion\/\" target=\"_blank\" @click.prevent=\"open($el)\" title=\"Compartir via correo electr\u00f3nico\">\n\n      <svg aria-hidden=\"true\" class=\"fill-current w-auto w-3.5 h-auto flex-shrink-0 relative z-5\" xmlns=\"http:\/\/www.w3.org\/2000\/svg\" width=\"23\" height=\"23\" viewBox=\"0 0 23 23\" fill=\"none\">\n  <g>\n      <path d=\"M5.66563 17.1939C5.30938 17.1939 5.0026 17.0652 4.74531 16.8079C4.48802 16.5506 4.35938 16.2439 4.35938 15.8876V7.61265C4.35938 7.2564 4.48802 6.94963 4.74531 6.69233C5.0026 6.43504 5.30938 6.3064 5.66563 6.3064H17.8406C18.2063 6.3064 18.5155 6.43504 18.768 6.69233C19.0206 6.94963 19.1468 7.2564 19.1468 7.61265V15.8876C19.1468 16.2439 19.0206 16.5506 18.768 16.8079C18.5155 17.0652 18.2063 17.1939 17.8406 17.1939H5.66563ZM18.0906 8.63604L12.1078 12.1579C12.0517 12.1933 11.9939 12.2212 11.9344 12.2415C11.8748 12.2618 11.8144 12.272 11.7531 12.272C11.6854 12.272 11.6284 12.2618 11.582 12.2415C11.5357 12.2212 11.4818 12.1954 11.4204 12.164L5.4156 8.63604V15.8876C5.4156 15.9605 5.43905 16.0204 5.48593 16.0673C5.53281 16.1142 5.59271 16.1376 5.66563 16.1376H17.8406C17.9135 16.1376 17.9734 16.1142 18.0203 16.0673C18.0672 16.0204 18.0906 15.9605 18.0906 15.8876V8.63604ZM11.7531 10.9986L17.9453 7.36263H5.58123L11.7531 10.9986ZM5.4156 8.3739V8.54104V7.74231V7.75636V7.73059V8.54276V8.37567V16.1376V8.3739Z\" fill=\"currentColor\"\/>\n  <\/g>\n<\/svg>  \n  <span class=\"relative z-5 sr-only\">\n    Compartir via correo electr\u00f3nico\n  <\/span>\n\n  <\/a>\n          <\/li>\n\n        \n        \n        <li class=\"relative\" x-id=\"['tooltip']\">\n\n          <button class=\"h-7 w-7 link-no-underline rounded-full hover:bg-black hover:text-white active:bg-black active:text-white flex items-center justify-center shrink-0\" @click=\"copyLink()\" x-bind:aria-describedby=\"tooltip &#038;&#038; $id('tooltip')\" title=\"Copy link\">\n\n      <svg aria-hidden=\"true\" class=\"fill-current pr-0.5 w-auto w-3.5 h-auto flex-shrink-0 relative z-5\" xmlns=\"http:\/\/www.w3.org\/2000\/svg\" width=\"23\" height=\"23\" viewBox=\"0 0 23 23\">\n  <g>\n      <path d=\"M15.3387 18.1395C14.7972 18.1395 14.3367 17.9499 13.9572 17.5707C13.5776 17.1915 13.3878 16.7311 13.3878 16.1894C13.3878 16.0891 13.3949 15.9974 13.409 15.9144C13.4231 15.8314 13.4442 15.7381 13.4724 15.6344L9.00773 12.9003C8.84409 13.0985 8.64654 13.2412 8.41507 13.3285C8.18362 13.4157 7.93844 13.4594 7.67952 13.4594C7.13784 13.4594 6.67742 13.2699 6.29825 12.8908C5.91908 12.5118 5.72949 12.0516 5.72949 11.5101C5.72949 10.9687 5.91908 10.5082 6.29825 10.1286C6.67742 9.74909 7.13784 9.55931 7.67952 9.55931C7.93497 9.55931 8.1793 9.6059 8.41249 9.69908C8.64567 9.79227 8.84409 9.93204 9.00773 10.1184L13.4724 7.38425C13.4442 7.28062 13.4231 7.18729 13.409 7.10426C13.3949 7.02125 13.3878 6.92958 13.3878 6.82924C13.3878 6.28756 13.5774 5.82714 13.9564 5.44797C14.3354 5.0688 14.7956 4.87921 15.3371 4.87921C15.8785 4.87921 16.339 5.06872 16.7186 5.44774C17.0981 5.82676 17.2879 6.28699 17.2879 6.82844C17.2879 7.36989 17.0983 7.83039 16.7191 8.20994C16.34 8.58949 15.8795 8.77926 15.3379 8.77926C15.0789 8.77926 14.8338 8.73563 14.6023 8.64836C14.3708 8.56108 14.1733 8.41835 14.0097 8.22017L9.545 10.9543C9.57319 11.058 9.59432 11.1511 9.60841 11.2338C9.6225 11.3165 9.62954 11.4079 9.62954 11.5079C9.62954 11.608 9.6225 11.6998 9.60841 11.7834C9.59432 11.8671 9.57319 11.9607 9.545 12.0644L14.0097 14.7985C14.1733 14.5885 14.3708 14.4428 14.6023 14.3615C14.8338 14.2801 15.0789 14.2394 15.3379 14.2394C15.8795 14.2394 16.34 14.4289 16.7191 14.8079C17.0983 15.187 17.2879 15.6472 17.2879 16.1886C17.2879 16.7301 17.0984 17.1906 16.7194 17.5701C16.3403 17.9497 15.8801 18.1395 15.3387 18.1395ZM15.3379 7.85746C15.6244 7.85746 15.8674 7.75773 16.0669 7.55827C16.2664 7.3588 16.3661 7.11579 16.3661 6.82924C16.3661 6.54269 16.2664 6.29968 16.0669 6.1002C15.8674 5.90074 15.6244 5.80102 15.3379 5.80102C15.0513 5.80102 14.8083 5.90074 14.6088 6.1002C14.4094 6.29968 14.3096 6.54269 14.3096 6.82924C14.3096 7.11579 14.4094 7.3588 14.6088 7.55827C14.8083 7.75773 15.0513 7.85746 15.3379 7.85746ZM7.67952 12.5376C7.96607 12.5376 8.20908 12.4378 8.40855 12.2384C8.60801 12.0389 8.70774 11.7959 8.70774 11.5093C8.70774 11.2228 8.60801 10.9798 8.40855 10.7803C8.20908 10.5808 7.96607 10.4811 7.67952 10.4811C7.39297 10.4811 7.14996 10.5808 6.95048 10.7803C6.75103 10.9798 6.65129 11.2228 6.65129 11.5093C6.65129 11.7959 6.75103 12.0389 6.95048 12.2384C7.14996 12.4378 7.39297 12.5376 7.67952 12.5376ZM15.3379 17.2177C15.6244 17.2177 15.8674 17.1179 16.0669 16.9185C16.2664 16.719 16.3661 16.476 16.3661 16.1894C16.3661 15.9029 16.2664 15.6599 16.0669 15.4604C15.8674 15.261 15.6244 15.1612 15.3379 15.1612C15.0513 15.1612 14.8083 15.261 14.6088 15.4604C14.4094 15.6599 14.3096 15.9029 14.3096 16.1894C14.3096 16.476 14.4094 16.719 14.6088 16.9185C14.8083 17.1179 15.0513 17.2177 15.3379 17.2177Z\" fill=\"currentColor\"\/>\n    <\/g>\n<\/svg>  \n  <span class=\"relative z-5 sr-only\">\n    \n  <\/span>\n\n  <\/button>\n          <div \n            :id=\"$id('tooltip')\" \n            x-show=\"tooltip\"\n            x-text=\"tooltip\"\n            class=\"absolute bg-black text-white rounded-md py-1 px-2 text-sm whitespace-nowrap left-1\/2 -translate-x-1\/2 -top-9\"\n          ><\/div>\n        <\/li>\n      <\/ul>\n    <\/div>\n\n  <\/section>\n","protected":false},"excerpt":{"rendered":"<p>La traves\u00eda de una mujer en la b\u00fasqueda de una mejor vida para Pakist\u00e1n Shamim Akhtar se ve peque\u00f1a pero tiene una presencia muy poderosa. Con su metro y cincuenta y dos cent\u00edmetros de altura, vistiendo un llamativo hiyab te\u00f1ido de rojo y con un l\u00e1piz labial que le hace juego, muestra templanza y fortaleza. &hellip; <a href=\"https:\/\/acumen.org\/es\/blog\/fui-criada-como-un-nino-para-poder-acceder-a-la-educacion\/\">Continuado<\/a><\/p>\n","protected":false},"author":[],"featured_media":7518,"comment_status":"open","ping_status":"closed","sticky":false,"template":"","format":"standard","meta":{"_acf_changed":true,"content-type":"","_relevanssi_hide_post":"","_relevanssi_hide_content":"","_relevanssi_pin_for_all":"","_relevanssi_pin_keywords":"","_relevanssi_unpin_keywords":"","_relevanssi_related_keywords":"","_relevanssi_related_include_ids":"","_relevanssi_related_exclude_ids":"","_relevanssi_related_no_append":"","_relevanssi_related_not_related":"","_relevanssi_related_posts":"10553,10565,10549,10555,10551","_relevanssi_noindex_reason":"","footnotes":""},"categories":[178],"tags":[],"blog-type":[218],"problem":[191,215],"region":[224],"year":[],"media-format":[213],"class_list":["post-10567","post","type-post","status-publish","format-standard","has-post-thumbnail","hentry","category-sin-categorizar"],"acf":[],"yoast_head":"<!-- This site is optimized with the Yoast SEO Premium plugin v27.5 (Yoast SEO v27.5) - https:\/\/yoast.com\/product\/yoast-seo-premium-wordpress\/ -->\n<title>\u201cFUI CRIADA COMO UN NI\u00d1O PARA PODER ACCEDER A LA EDUCACI\u00d3N\u201d - Acumen<\/title>\n<meta name=\"robots\" content=\"index, follow, max-snippet:-1, max-image-preview:large, max-video-preview:-1\" \/>\n<link rel=\"canonical\" href=\"https:\/\/acumen.org\/es\/blog\/fui-criada-como-un-nino-para-poder-acceder-a-la-educacion\/\" \/>\n<meta property=\"og:locale\" content=\"es_ES\" \/>\n<meta property=\"og:type\" content=\"article\" \/>\n<meta property=\"og:title\" content=\"\u201cFUI CRIADA COMO UN NI\u00d1O PARA PODER ACCEDER A LA EDUCACI\u00d3N\u201d\" \/>\n<meta property=\"og:description\" content=\"La traves\u00eda de una mujer en la b\u00fasqueda de una mejor vida para Pakist\u00e1n Shamim Akhtar se ve peque\u00f1a pero tiene una presencia muy poderosa. Con su metro y cincuenta y dos cent\u00edmetros de altura, vistiendo un llamativo hiyab te\u00f1ido de rojo y con un l\u00e1piz labial que le hace juego, muestra templanza y fortaleza. &hellip; Continuado\" \/>\n<meta property=\"og:url\" content=\"https:\/\/acumen.org\/es\/blog\/fui-criada-como-un-nino-para-poder-acceder-a-la-educacion\/\" \/>\n<meta property=\"og:site_name\" content=\"Acumen\" \/>\n<meta property=\"article:publisher\" content=\"https:\/\/www.facebook.com\/acumenfund\/\" \/>\n<meta property=\"article:published_time\" content=\"2019-02-28T20:43:39+00:00\" \/>\n<meta property=\"article:modified_time\" content=\"2024-08-28T18:06:15+00:00\" \/>\n<meta property=\"og:image\" content=\"https:\/\/acumen.org\/app\/uploads\/2024\/03\/25330682240_e269b8d941_o-scaled.jpg\" \/>\n\t<meta property=\"og:image:width\" content=\"2560\" \/>\n\t<meta property=\"og:image:height\" content=\"1707\" \/>\n\t<meta property=\"og:image:type\" content=\"image\/jpeg\" \/>\n<meta name=\"author\" content=\"Kevin Guaranda\" \/>\n<meta name=\"twitter:card\" content=\"summary_large_image\" \/>\n<meta name=\"twitter:creator\" content=\"@Acumen\" \/>\n<meta name=\"twitter:site\" content=\"@Acumen\" \/>\n<meta name=\"twitter:label1\" content=\"Escrito por\" \/>\n\t<meta name=\"twitter:data1\" content=\"Kevin Guaranda\" \/>\n\t<meta name=\"twitter:label2\" content=\"Tiempo de lectura\" \/>\n\t<meta name=\"twitter:data2\" content=\"13 minutes\" \/>\n<script type=\"application\/ld+json\" class=\"yoast-schema-graph\">{\"@context\":\"https:\\\/\\\/schema.org\",\"@graph\":[{\"@type\":\"Article\",\"@id\":\"https:\\\/\\\/acumen.org\\\/es\\\/blog\\\/fui-criada-como-un-nino-para-poder-acceder-a-la-educacion\\\/#article\",\"isPartOf\":{\"@id\":\"https:\\\/\\\/acumen.org\\\/es\\\/blog\\\/fui-criada-como-un-nino-para-poder-acceder-a-la-educacion\\\/\"},\"author\":{\"name\":\"Kevin Guaranda\",\"@id\":\"https:\\\/\\\/acumen.org\\\/es\\\/#\\\/schema\\\/person\\\/c4ef607b5c54e3eff6479d6e84bbf005\"},\"headline\":\"\u201cFUI CRIADA COMO UN NI\u00d1O PARA PODER ACCEDER A LA EDUCACI\u00d3N\u201d\",\"datePublished\":\"2019-02-28T20:43:39+00:00\",\"dateModified\":\"2024-08-28T18:06:15+00:00\",\"mainEntityOfPage\":{\"@id\":\"https:\\\/\\\/acumen.org\\\/es\\\/blog\\\/fui-criada-como-un-nino-para-poder-acceder-a-la-educacion\\\/\"},\"wordCount\":2784,\"commentCount\":0,\"publisher\":{\"@id\":\"https:\\\/\\\/acumen.org\\\/es\\\/#organization\"},\"image\":{\"@id\":\"https:\\\/\\\/acumen.org\\\/es\\\/blog\\\/fui-criada-como-un-nino-para-poder-acceder-a-la-educacion\\\/#primaryimage\"},\"thumbnailUrl\":\"https:\\\/\\\/acumen.org\\\/wp-content\\\/uploads\\\/2024\\\/03\\\/25330682240_e269b8d941_o-scaled.jpg\",\"articleSection\":[\"Sin categorizar\"],\"inLanguage\":\"es-ES\",\"potentialAction\":[{\"@type\":\"CommentAction\",\"name\":\"Comment\",\"target\":[\"https:\\\/\\\/acumen.org\\\/es\\\/blog\\\/fui-criada-como-un-nino-para-poder-acceder-a-la-educacion\\\/#respond\"]}]},{\"@type\":\"WebPage\",\"@id\":\"https:\\\/\\\/acumen.org\\\/es\\\/blog\\\/fui-criada-como-un-nino-para-poder-acceder-a-la-educacion\\\/\",\"url\":\"https:\\\/\\\/acumen.org\\\/es\\\/blog\\\/fui-criada-como-un-nino-para-poder-acceder-a-la-educacion\\\/\",\"name\":\"\u201cFUI CRIADA COMO UN NI\u00d1O PARA PODER ACCEDER A LA EDUCACI\u00d3N\u201d - Acumen\",\"isPartOf\":{\"@id\":\"https:\\\/\\\/acumen.org\\\/es\\\/#website\"},\"primaryImageOfPage\":{\"@id\":\"https:\\\/\\\/acumen.org\\\/es\\\/blog\\\/fui-criada-como-un-nino-para-poder-acceder-a-la-educacion\\\/#primaryimage\"},\"image\":{\"@id\":\"https:\\\/\\\/acumen.org\\\/es\\\/blog\\\/fui-criada-como-un-nino-para-poder-acceder-a-la-educacion\\\/#primaryimage\"},\"thumbnailUrl\":\"https:\\\/\\\/acumen.org\\\/wp-content\\\/uploads\\\/2024\\\/03\\\/25330682240_e269b8d941_o-scaled.jpg\",\"datePublished\":\"2019-02-28T20:43:39+00:00\",\"dateModified\":\"2024-08-28T18:06:15+00:00\",\"breadcrumb\":{\"@id\":\"https:\\\/\\\/acumen.org\\\/es\\\/blog\\\/fui-criada-como-un-nino-para-poder-acceder-a-la-educacion\\\/#breadcrumb\"},\"inLanguage\":\"es-ES\",\"potentialAction\":[{\"@type\":\"ReadAction\",\"target\":[\"https:\\\/\\\/acumen.org\\\/es\\\/blog\\\/fui-criada-como-un-nino-para-poder-acceder-a-la-educacion\\\/\"]}]},{\"@type\":\"ImageObject\",\"inLanguage\":\"es-ES\",\"@id\":\"https:\\\/\\\/acumen.org\\\/es\\\/blog\\\/fui-criada-como-un-nino-para-poder-acceder-a-la-educacion\\\/#primaryimage\",\"url\":\"https:\\\/\\\/acumen.org\\\/wp-content\\\/uploads\\\/2024\\\/03\\\/25330682240_e269b8d941_o-scaled.jpg\",\"contentUrl\":\"https:\\\/\\\/acumen.org\\\/wp-content\\\/uploads\\\/2024\\\/03\\\/25330682240_e269b8d941_o-scaled.jpg\",\"width\":2560,\"height\":1707},{\"@type\":\"BreadcrumbList\",\"@id\":\"https:\\\/\\\/acumen.org\\\/es\\\/blog\\\/fui-criada-como-un-nino-para-poder-acceder-a-la-educacion\\\/#breadcrumb\",\"itemListElement\":[{\"@type\":\"ListItem\",\"position\":1,\"name\":\"Home\",\"item\":\"https:\\\/\\\/acumen.org\\\/es\\\/\"},{\"@type\":\"ListItem\",\"position\":2,\"name\":\"\u201cFUI CRIADA COMO UN NI\u00d1O PARA PODER ACCEDER A LA EDUCACI\u00d3N\u201d\"}]},{\"@type\":\"WebSite\",\"@id\":\"https:\\\/\\\/acumen.org\\\/es\\\/#website\",\"url\":\"https:\\\/\\\/acumen.org\\\/es\\\/\",\"name\":\"Acumen\",\"description\":\"\",\"publisher\":{\"@id\":\"https:\\\/\\\/acumen.org\\\/es\\\/#organization\"},\"potentialAction\":[{\"@type\":\"SearchAction\",\"target\":{\"@type\":\"EntryPoint\",\"urlTemplate\":\"https:\\\/\\\/acumen.org\\\/es\\\/?s={search_term_string}\"},\"query-input\":{\"@type\":\"PropertyValueSpecification\",\"valueRequired\":true,\"valueName\":\"search_term_string\"}}],\"inLanguage\":\"es-ES\"},{\"@type\":\"Organization\",\"@id\":\"https:\\\/\\\/acumen.org\\\/es\\\/#organization\",\"name\":\"Acumen\",\"url\":\"https:\\\/\\\/acumen.org\\\/es\\\/\",\"logo\":{\"@type\":\"ImageObject\",\"inLanguage\":\"es-ES\",\"@id\":\"https:\\\/\\\/acumen.org\\\/es\\\/#\\\/schema\\\/logo\\\/image\\\/\",\"url\":\"https:\\\/\\\/acumen.org\\\/app\\\/uploads\\\/2021\\\/03\\\/Acumen.png\",\"contentUrl\":\"https:\\\/\\\/acumen.org\\\/app\\\/uploads\\\/2021\\\/03\\\/Acumen.png\",\"width\":3334,\"height\":2480,\"caption\":\"Acumen\"},\"image\":{\"@id\":\"https:\\\/\\\/acumen.org\\\/es\\\/#\\\/schema\\\/logo\\\/image\\\/\"},\"sameAs\":[\"https:\\\/\\\/www.facebook.com\\\/acumenfund\\\/\",\"https:\\\/\\\/x.com\\\/Acumen\",\"https:\\\/\\\/www.instagram.com\\\/acumenorg\\\/\",\"https:\\\/\\\/www.linkedin.com\\\/company\\\/acumen-fund\\\/\",\"https:\\\/\\\/www.youtube.com\\\/channel\\\/UCpuoLfl6gZl2jDa8lAlC8YQ\"],\"description\":\"We invest across the capital continuum to help transformational companies grow from seed to scale. acumen invests patient capital in business models that deliver critical, affordable goods and services to the world's poor, improving the lives of millions. Since 2001, Acumen has invested in businesses that provide access to healthcare, energy, education, water & sanitation, housing, financial services, and agricultural services to low-income customers. Our investments are addressing the problems of poverty in East and West Africa, South Asia, Latin America, and the United States.\",\"telephone\":\"1-212-566-8821\",\"legalName\":\"Acumen Fund, Inc.\",\"taxID\":\"13-4166228\",\"ownershipFundingInfo\":\"https:\\\/\\\/acumen.org\\\/financials\\\/\",\"ethicsPolicy\":\"https:\\\/\\\/acumen.org\\\/anti-corruption-policy\\\/\"},{\"@type\":\"Person\",\"@id\":\"https:\\\/\\\/acumen.org\\\/es\\\/#\\\/schema\\\/person\\\/c4ef607b5c54e3eff6479d6e84bbf005\",\"name\":\"Kevin Guaranda\",\"image\":{\"@type\":\"ImageObject\",\"inLanguage\":\"es-ES\",\"@id\":\"https:\\\/\\\/secure.gravatar.com\\\/avatar\\\/d0d5bd8e116c1902a6d447bad8291368cf6ac558cdbfbc414a9eb5efd2aa8416?s=96&d=mm&r=g\",\"url\":\"https:\\\/\\\/secure.gravatar.com\\\/avatar\\\/d0d5bd8e116c1902a6d447bad8291368cf6ac558cdbfbc414a9eb5efd2aa8416?s=96&d=mm&r=g\",\"contentUrl\":\"https:\\\/\\\/secure.gravatar.com\\\/avatar\\\/d0d5bd8e116c1902a6d447bad8291368cf6ac558cdbfbc414a9eb5efd2aa8416?s=96&d=mm&r=g\",\"caption\":\"Kevin Guaranda\"}}]}<\/script>\n<!-- \/ Yoast SEO Premium plugin. -->","yoast_head_json":{"title":"\u201cFUI CRIADA COMO UN NI\u00d1O PARA PODER ACCEDER A LA EDUCACI\u00d3N\u201d - Acumen","robots":{"index":"index","follow":"follow","max-snippet":"max-snippet:-1","max-image-preview":"max-image-preview:large","max-video-preview":"max-video-preview:-1"},"canonical":"https:\/\/acumen.org\/es\/blog\/fui-criada-como-un-nino-para-poder-acceder-a-la-educacion\/","og_locale":"es_ES","og_type":"article","og_title":"\u201cFUI CRIADA COMO UN NI\u00d1O PARA PODER ACCEDER A LA EDUCACI\u00d3N\u201d","og_description":"La traves\u00eda de una mujer en la b\u00fasqueda de una mejor vida para Pakist\u00e1n Shamim Akhtar se ve peque\u00f1a pero tiene una presencia muy poderosa. Con su metro y cincuenta y dos cent\u00edmetros de altura, vistiendo un llamativo hiyab te\u00f1ido de rojo y con un l\u00e1piz labial que le hace juego, muestra templanza y fortaleza. &hellip; Continuado","og_url":"https:\/\/acumen.org\/es\/blog\/fui-criada-como-un-nino-para-poder-acceder-a-la-educacion\/","og_site_name":"Acumen","article_publisher":"https:\/\/www.facebook.com\/acumenfund\/","article_published_time":"2019-02-28T20:43:39+00:00","article_modified_time":"2024-08-28T18:06:15+00:00","og_image":[{"width":2560,"height":1707,"url":"https:\/\/acumen.org\/app\/uploads\/2024\/03\/25330682240_e269b8d941_o-scaled.jpg","type":"image\/jpeg"}],"author":"Kevin Guaranda","twitter_card":"summary_large_image","twitter_creator":"@Acumen","twitter_site":"@Acumen","twitter_misc":{"Escrito por":"Kevin Guaranda","Tiempo de lectura":"13 minutes"},"schema":{"@context":"https:\/\/schema.org","@graph":[{"@type":"Article","@id":"https:\/\/acumen.org\/es\/blog\/fui-criada-como-un-nino-para-poder-acceder-a-la-educacion\/#article","isPartOf":{"@id":"https:\/\/acumen.org\/es\/blog\/fui-criada-como-un-nino-para-poder-acceder-a-la-educacion\/"},"author":{"name":"Kevin Guaranda","@id":"https:\/\/acumen.org\/es\/#\/schema\/person\/c4ef607b5c54e3eff6479d6e84bbf005"},"headline":"\u201cFUI CRIADA COMO UN NI\u00d1O PARA PODER ACCEDER A LA EDUCACI\u00d3N\u201d","datePublished":"2019-02-28T20:43:39+00:00","dateModified":"2024-08-28T18:06:15+00:00","mainEntityOfPage":{"@id":"https:\/\/acumen.org\/es\/blog\/fui-criada-como-un-nino-para-poder-acceder-a-la-educacion\/"},"wordCount":2784,"commentCount":0,"publisher":{"@id":"https:\/\/acumen.org\/es\/#organization"},"image":{"@id":"https:\/\/acumen.org\/es\/blog\/fui-criada-como-un-nino-para-poder-acceder-a-la-educacion\/#primaryimage"},"thumbnailUrl":"https:\/\/acumen.org\/wp-content\/uploads\/2024\/03\/25330682240_e269b8d941_o-scaled.jpg","articleSection":["Sin categorizar"],"inLanguage":"es-ES","potentialAction":[{"@type":"CommentAction","name":"Comment","target":["https:\/\/acumen.org\/es\/blog\/fui-criada-como-un-nino-para-poder-acceder-a-la-educacion\/#respond"]}]},{"@type":"WebPage","@id":"https:\/\/acumen.org\/es\/blog\/fui-criada-como-un-nino-para-poder-acceder-a-la-educacion\/","url":"https:\/\/acumen.org\/es\/blog\/fui-criada-como-un-nino-para-poder-acceder-a-la-educacion\/","name":"\u201cFUI CRIADA COMO UN NI\u00d1O PARA PODER ACCEDER A LA EDUCACI\u00d3N\u201d - Acumen","isPartOf":{"@id":"https:\/\/acumen.org\/es\/#website"},"primaryImageOfPage":{"@id":"https:\/\/acumen.org\/es\/blog\/fui-criada-como-un-nino-para-poder-acceder-a-la-educacion\/#primaryimage"},"image":{"@id":"https:\/\/acumen.org\/es\/blog\/fui-criada-como-un-nino-para-poder-acceder-a-la-educacion\/#primaryimage"},"thumbnailUrl":"https:\/\/acumen.org\/wp-content\/uploads\/2024\/03\/25330682240_e269b8d941_o-scaled.jpg","datePublished":"2019-02-28T20:43:39+00:00","dateModified":"2024-08-28T18:06:15+00:00","breadcrumb":{"@id":"https:\/\/acumen.org\/es\/blog\/fui-criada-como-un-nino-para-poder-acceder-a-la-educacion\/#breadcrumb"},"inLanguage":"es-ES","potentialAction":[{"@type":"ReadAction","target":["https:\/\/acumen.org\/es\/blog\/fui-criada-como-un-nino-para-poder-acceder-a-la-educacion\/"]}]},{"@type":"ImageObject","inLanguage":"es-ES","@id":"https:\/\/acumen.org\/es\/blog\/fui-criada-como-un-nino-para-poder-acceder-a-la-educacion\/#primaryimage","url":"https:\/\/acumen.org\/wp-content\/uploads\/2024\/03\/25330682240_e269b8d941_o-scaled.jpg","contentUrl":"https:\/\/acumen.org\/wp-content\/uploads\/2024\/03\/25330682240_e269b8d941_o-scaled.jpg","width":2560,"height":1707},{"@type":"BreadcrumbList","@id":"https:\/\/acumen.org\/es\/blog\/fui-criada-como-un-nino-para-poder-acceder-a-la-educacion\/#breadcrumb","itemListElement":[{"@type":"ListItem","position":1,"name":"Home","item":"https:\/\/acumen.org\/es\/"},{"@type":"ListItem","position":2,"name":"\u201cFUI CRIADA COMO UN NI\u00d1O PARA PODER ACCEDER A LA EDUCACI\u00d3N\u201d"}]},{"@type":"WebSite","@id":"https:\/\/acumen.org\/es\/#website","url":"https:\/\/acumen.org\/es\/","name":"Acumen","description":"","publisher":{"@id":"https:\/\/acumen.org\/es\/#organization"},"potentialAction":[{"@type":"SearchAction","target":{"@type":"EntryPoint","urlTemplate":"https:\/\/acumen.org\/es\/?s={search_term_string}"},"query-input":{"@type":"PropertyValueSpecification","valueRequired":true,"valueName":"search_term_string"}}],"inLanguage":"es-ES"},{"@type":"Organization","@id":"https:\/\/acumen.org\/es\/#organization","name":"Acumen","url":"https:\/\/acumen.org\/es\/","logo":{"@type":"ImageObject","inLanguage":"es-ES","@id":"https:\/\/acumen.org\/es\/#\/schema\/logo\/image\/","url":"https:\/\/acumen.org\/app\/uploads\/2021\/03\/Acumen.png","contentUrl":"https:\/\/acumen.org\/app\/uploads\/2021\/03\/Acumen.png","width":3334,"height":2480,"caption":"Acumen"},"image":{"@id":"https:\/\/acumen.org\/es\/#\/schema\/logo\/image\/"},"sameAs":["https:\/\/www.facebook.com\/acumenfund\/","https:\/\/x.com\/Acumen","https:\/\/www.instagram.com\/acumenorg\/","https:\/\/www.linkedin.com\/company\/acumen-fund\/","https:\/\/www.youtube.com\/channel\/UCpuoLfl6gZl2jDa8lAlC8YQ"],"description":"We invest across the capital continuum to help transformational companies grow from seed to scale. acumen invests patient capital in business models that deliver critical, affordable goods and services to the world's poor, improving the lives of millions. Since 2001, Acumen has invested in businesses that provide access to healthcare, energy, education, water & sanitation, housing, financial services, and agricultural services to low-income customers. Our investments are addressing the problems of poverty in East and West Africa, South Asia, Latin America, and the United States.","telephone":"1-212-566-8821","legalName":"Acumen Fund, Inc.","taxID":"13-4166228","ownershipFundingInfo":"https:\/\/acumen.org\/financials\/","ethicsPolicy":"https:\/\/acumen.org\/anti-corruption-policy\/"},{"@type":"Person","@id":"https:\/\/acumen.org\/es\/#\/schema\/person\/c4ef607b5c54e3eff6479d6e84bbf005","name":"Kevin Guaranda","image":{"@type":"ImageObject","inLanguage":"es-ES","@id":"https:\/\/secure.gravatar.com\/avatar\/d0d5bd8e116c1902a6d447bad8291368cf6ac558cdbfbc414a9eb5efd2aa8416?s=96&d=mm&r=g","url":"https:\/\/secure.gravatar.com\/avatar\/d0d5bd8e116c1902a6d447bad8291368cf6ac558cdbfbc414a9eb5efd2aa8416?s=96&d=mm&r=g","contentUrl":"https:\/\/secure.gravatar.com\/avatar\/d0d5bd8e116c1902a6d447bad8291368cf6ac558cdbfbc414a9eb5efd2aa8416?s=96&d=mm&r=g","caption":"Kevin Guaranda"}}]}},"_links":{"self":[{"href":"https:\/\/acumen.org\/es\/wp-json\/wp\/v2\/posts\/10567","targetHints":{"allow":["GET"]}}],"collection":[{"href":"https:\/\/acumen.org\/es\/wp-json\/wp\/v2\/posts"}],"about":[{"href":"https:\/\/acumen.org\/es\/wp-json\/wp\/v2\/types\/post"}],"author":[{"embeddable":true,"href":"https:\/\/acumen.org\/es\/wp-json\/wp\/v2\/users\/5"}],"replies":[{"embeddable":true,"href":"https:\/\/acumen.org\/es\/wp-json\/wp\/v2\/comments?post=10567"}],"version-history":[{"count":0,"href":"https:\/\/acumen.org\/es\/wp-json\/wp\/v2\/posts\/10567\/revisions"}],"wp:featuredmedia":[{"embeddable":true,"href":"https:\/\/acumen.org\/es\/wp-json\/wp\/v2\/media\/7518"}],"wp:attachment":[{"href":"https:\/\/acumen.org\/es\/wp-json\/wp\/v2\/media?parent=10567"}],"wp:term":[{"taxonomy":"category","embeddable":true,"href":"https:\/\/acumen.org\/es\/wp-json\/wp\/v2\/categories?post=10567"},{"taxonomy":"post_tag","embeddable":true,"href":"https:\/\/acumen.org\/es\/wp-json\/wp\/v2\/tags?post=10567"},{"taxonomy":"blog-type","embeddable":true,"href":"https:\/\/acumen.org\/es\/wp-json\/wp\/v2\/blog-type?post=10567"},{"taxonomy":"problem-tax","embeddable":true,"href":"https:\/\/acumen.org\/es\/wp-json\/wp\/v2\/problem?post=10567"},{"taxonomy":"region-tax","embeddable":true,"href":"https:\/\/acumen.org\/es\/wp-json\/wp\/v2\/region?post=10567"},{"taxonomy":"acumen-year","embeddable":true,"href":"https:\/\/acumen.org\/es\/wp-json\/wp\/v2\/year?post=10567"},{"taxonomy":"post-author","embeddable":true,"href":"https:\/\/acumen.org\/es\/wp-json\/wp\/v2\/author?post=10567"},{"taxonomy":"media-format","embeddable":true,"href":"https:\/\/acumen.org\/es\/wp-json\/wp\/v2\/media-format?post=10567"}],"curies":[{"name":"wp","href":"https:\/\/api.w.org\/{rel}","templated":true}]}}