{"id":10796,"date":"2019-07-18T13:40:56","date_gmt":"2019-07-18T17:40:56","guid":{"rendered":"https:\/\/acumenbw.wpenginepowered.com\/blog\/cambiando-las-posibilidades-en-el-lugar-donde-nacieron\/"},"modified":"2025-05-13T13:26:41","modified_gmt":"2025-05-13T17:26:41","slug":"cambiando-las-posibilidades-en-el-lugar-donde-nacieron","status":"publish","type":"post","link":"https:\/\/acumen.org\/es\/blog\/cambiando-las-posibilidades-en-el-lugar-donde-nacieron\/","title":{"rendered":"Cambiando las posibilidades en el lugar donde nacieron"},"content":{"rendered":"<p><strong>Conoce c\u00f3mo estos l\u00edderes y agentes de cambio de Acumen est\u00e1n regresando a las comunidades rurales en las que se educaron para transformar sistemas y restaurar la dignidad de sus habitantes.<\/strong><\/p>\n<p><span style=\"font-weight: 400;\">Muchas comunidades rurales viven en condiciones de vulnerabilidad y desigualdad debido a situaciones como: el olvido estatal, el conflicto armado, el cambio clim\u00e1tico, la brecha entre las oportunidades entre las zonas urbanas y las zonas rurales, las consecuencias de a\u00f1os de asistencialismo y la falta de oportunidades sostenibles en el tiempo, lo que ha debilitado los sistemas y el tejido social. Los residentes de estas comunidades est\u00e1n atrapados en un sistema que no satisface sus necesidades, y constantemente son pasados \u200b\u200bpor alto por personas en posiciones de poder. A pesar de esto, de vez en cuando, un individuo extraordinario rompe todas las probabilidades, como una &#8220;rosa que creci\u00f3 sobre el concreto&#8221;. Muy frecuentemente, estas rosas, abandonan sus territorios de origen para brillar en otros lados.\u00a0<\/span><\/p>\n<p><span style=\"font-weight: 400;\"> Conocemos historias como esta, y como sociedad, la resaltamos.\u00a0<\/span><span style=\"font-weight: 400;\">Sin embargo, para estos cinco Fellows de la comunidad de Acumen, crecer sobre concreto no consiste solo en superar las probabilidades, se trata de cambiarlas por completo para ellos mismos y para las personas de las comunidades en las que nacieron.<\/span><\/p>\n<p><span style=\"font-weight: 400;\">Conoce c\u00f3mo Clara, Shiroi, Akinyi, Emarine y Andr\u00e9s volvieron a sus lugares de origen<\/span><span style=\"font-weight: 400;\">\u00a0con una nueva perspectiva y una visi\u00f3n esperanzadora. Las lecciones acerca de brindar dignidad a sus comunidades y de su compromiso de vida se aplican para todos los tipos de agentes de cambio y para todos los cambios sociales.\u00a0<\/span><\/p>\n<h4><b>1. Conectarse con la comunidad<\/b><\/h4>\n<p><span style=\"font-weight: 400;\">Clara In\u00e9s Hoyos, Fellow de Acumen en Colombia, es fundadora de la Asociaci\u00f3n de Mujeres Empresarias Cimientos del Hogar, una organizaci\u00f3n que empodera a las mujeres afectadas por el conflicto armado en Colombia al promover la producci\u00f3n, procesamiento y comercializaci\u00f3n de hierbas arom\u00e1ticas y aceites esenciales de plantas amaz\u00f3nicas oriundas del Caquet\u00e1. Actualmente la organizaci\u00f3n est\u00e1 creando un camino hacia el sustento y la dignidad para m\u00e1s de 50 mujeres. Clara tambi\u00e9n ha sido una figura cr\u00edtica en traer representaci\u00f3n femenina a su gobierno local.<\/span><\/p>\n<p><span style=\"font-weight: 400;\">Cuando estall\u00f3 la violencia en el municipio en el que naci\u00f3 y creci\u00f3, Clara fue desplazada y tuvo que huir con su hijo de tres a\u00f1os. Sin embargo, debido a la falta de oportunidades en la ciudad, se vio obligada a regresar, esta vez con una nueva perspectiva y un incre\u00edble deseo de reconectarse con su sistema de apoyo, las mujeres con las que creci\u00f3, y juntas reclamar su dignidad.<\/span><\/p>\n<p><i><span style=\"font-weight: 400;\">\u201cVivo en una regi\u00f3n altamente afectada por el conflicto. Lo perd\u00ed todo. Mi hijo era lo \u00fanico por lo que viv\u00eda y luchaba, pero \u00e9l me dec\u00eda &#8216;Mam\u00e1 tengo hambre&#8217; y yo no sab\u00eda qu\u00e9 hacer. Fue muy dif\u00edcil Todos los d\u00edas, fui testigo de la p\u00e9rdida. Ve\u00eda a las mujeres llegar a enterrar a sus hijos y esposos. Me puse firme y dije: &#8216;Tenemos que luchar, tenemos que hacer algo&#8217;. No solo para m\u00ed, sino para todas las mujeres&#8221;.<\/span><\/i><\/p>\n<figure id=\"attachment_28617\" aria-describedby=\"caption-attachment-28617\" style=\"width: 778px\" class=\"wp-caption aligncenter\"><img loading=\"lazy\" decoding=\"async\" class=\"wp-image-28617\" src=\"https:\/\/acumen.org\/app\/uploads\/2024\/03\/IMG_6881-scaled.jpg\" alt=\"\" width=\"778\" height=\"519\" \/><figcaption id=\"caption-attachment-28617\" class=\"wp-caption-text\">&#8220;Quiero ayudar a las mujeres que han sido v\u00edctimas del conflicto, que no han tenido oportunidades. Quiero ayudarlas a que salgan del anonimato y la incertidumbre, y mostrarles que existen diferentes caminos, algo que les permita levantar sus cabezas, ver m\u00e1s all\u00e1 y avanzar. Es muy satisfactorio ver a las mujeres que trabajan conmigo contribuyendo econ\u00f3micamente a sus hogares y viviendo con dignidad&#8221;.- Clara In\u00e9s<\/figcaption><\/figure>\n<p>&nbsp;<\/p>\n<h4>2. Ejercitar la determinaci\u00f3n<\/h4>\n<p><span style=\"font-weight: 400;\">Shiroi Shaiza es una Fellow de Acumen en la India y es la Directora administrativa de &#8220;Social Ventures en Entrepreneurs Associates&#8221;, una organizaci\u00f3n que trabaja en la regi\u00f3n nororiental de India, conocida como Nagaland.\u00a0<\/span><span style=\"font-weight: 400;\">Shiroi est\u00e1 utilizando el modelo de microempresa para capacitar a los j\u00f3venes de esta regi\u00f3n (Nagaland) en la creaci\u00f3n de sus propias empresas exitosas. A trav\u00e9s de su trabajo, ella est\u00e1 cambiando las narrativas y restaurando la esperanza en su comunidad. Este a\u00f1o de hecho, fue reconocida por Forbes India en su lista de 30 de menos de 30, pero no ha sido un camino f\u00e1cil, de hecho ha sido un camino lleno de altibajos.<\/span><\/p>\n<p><span style=\"font-weight: 400;\">La psic\u00f3loga y ganadora de un premio MacArthur, Angela Duckworth, ha acu\u00f1ado el t\u00e9rmino &#8220;grit&#8221; o en espa\u00f1ol algo similar a la determinaci\u00f3n, un concepto que ella explica como: &#8220;Tener un objetivo que te importa tanto que organiza y le da sentido a casi todo lo que haces. La determinaci\u00f3n es eso que te mantiene firme en un objetivo, incluso cuando tropiezas o cuando te equivocas. Incluso cuando el progreso hacia esa meta se detiene o es lento&#8221; (<\/span>Conoce un poco m\u00e1s sobre <a href=\"https:\/\/acumen.org\/acumen-blog-spanish\/determinacion-el-rasgo-que-los-lideres-deben-tener\/\">Angela y el t\u00e9rmino de determinaci\u00f3n en este blog.)<\/a><\/p>\n<p><span style=\"font-weight: 400;\">Shiroi comparti\u00f3 un ejemplo de cu\u00e1n importante ha sido la determinaci\u00f3n en su trabajo como agente de cambio.<\/span><\/p>\n<p><span style=\"font-weight: 400;\">\u201cCuando volv\u00ed por primera vez a Nagaland, estaba trabajando con los agricultores en un programa sobre sus medios de vida, ayud\u00e1ndolos a establecer un proyecto porcicola. Todos los agricultores eran hombres y se hab\u00edan criado en una sociedad muy tradicional y patriarcal.<\/span><\/p>\n<p><span style=\"font-weight: 400;\">Al principio, me despidieron y me devaluaron, pero agach\u00e9 la cabeza y continu\u00e9 trabajando duro. A medida que el programa comenz\u00f3 a proporcionar ingresos a estos agricultores y sus familias, comenzaron a mostrarme respeto e inter\u00e9s. Mi trabajo duro los hab\u00eda ayudado, y estaban agradecidos. Quiz\u00e1s m\u00e1s importante, lo que est\u00e1bamos haciendo comenz\u00f3 a cambiar las normas dentro de la comunidad. Los agricultores reconocieron el poder de las mujeres.&#8221;<\/span><\/p>\n<h4><b>3. Obtener perspectiva<\/b><\/h4>\n<p><span style=\"font-weight: 400;\">Emarine Kharbhih, Fellow de Acumen en India, trabaja en una ONG llamada Impulse, donde re\u00fane a los sectores p\u00fablico y privado para crear soluciones sist\u00e9micas al tr\u00e1fico de personas en el noreste de la India y sus fronteras. Emarine creci\u00f3 en una comunidad rural en el noreste del pa\u00eds, donde la trata de personas era una parte cotidiana de la vida: era com\u00fan que las j\u00f3venes de clase trabajadora desaparecieran.<\/span><\/p>\n<p><span style=\"font-weight: 400;\">Su t\u00eda fund\u00f3 la ONG Impulse cuando Emarine era una ni\u00f1a, pero Emarine nunca imagin\u00f3 que estar\u00eda trabajando junto a su familia en un problema tan cerca de casa. Sinti\u00f3 la necesidad de irse a la gran ciudad y dej\u00f3 su ciudad natal para ir a la universidad. Comenz\u00f3 a trabajar en la Comisi\u00f3n Asi\u00e1tica de Derechos Humanos, pero una noche, sentada en su escritorio, tuvo una revelaci\u00f3n.<\/span><\/p>\n<p>Cuando estaba trabajando en Hong Kong, el fundador de la ONG en la que trabajaba comparti\u00f3 con ella un libro llamado The Locust Effect (El efecto Langosta) de Gary Haugen que habla de porqu\u00e9 el fin de pobreza requiere del fin de la violencia. Ella quer\u00eda salvar el mundo, pero no sab\u00eda como, y mientras le\u00eda pudo entender que las personas que viven en la pobreza est\u00e1n m\u00e1s expuestos a la injusticia y la violencia, y eso le hizo pensar que deb\u00eda volver a su lugar de origen y trabajar directamente con la comunidad, entenderlos mejor y trabajar por ellos.<\/p>\n<p><span style=\"font-weight: 400;\">A veces, es la distancia lo que te hace tener una mejor idea de la imagen de la realidad. En el Programa de Fellows de Acumen practicamos esta habilidad para obtener una perspectiva en el Programa de Fellows de Acumen con un ejercicio que llamamos &#8220;subir al balc\u00f3n&#8221;.<\/span><\/p>\n<h4><b>4.Encontrar una voz aut\u00e9ntica<\/b><\/h4>\n<p><span style=\"font-weight: 400;\">Cada uno de nosotros tiene una historia que puede mover a otros a la acci\u00f3n. A veces, no confiamos en nuestras voces. Otras veces, no creemos que nuestras opiniones o convicciones sean valiosas. Sin embargo, con la autorreflexi\u00f3n y una comunidad de apoyo, todos pueden articular una narrativa que ofrezca una visi\u00f3n esperanzadora, que hable cruzando fronteras de diferencia y catalice el cambio.<\/span><\/p>\n<h4><b>5.Construir una red<\/b><\/h4>\n<p><span style=\"font-weight: 400;\">Para Clara, construir una comunidad significaba crear asociaciones con otras organizaciones que operan en su regi\u00f3n.<\/span><\/p>\n<p><i><span style=\"font-weight: 400;\">\u201cLa organizaci\u00f3n de base que dirijo no es la \u00fanica que trabaja para crear un medio de vida para las personas de la comunidad. Hay muchas organizaciones con la misma idea y, juntas, estamos atravesando por el mismo proceso. Nos asociamos y construimos juntos para ser m\u00e1s productivos&#8221;.<\/span><\/i><\/p>\n<p><span style=\"font-weight: 400;\">Para Shiroi, esta red de apoyo se construy\u00f3 con el Programa de Fellows. No solo su cohorte se convirti\u00f3 en un grupo de amigos \u00edntimos, sino que tambi\u00e9n se convirti\u00f3 en un sistema de apoyo de asesores informales y narradores de la verdad.<\/span><\/p>\n<h4><b>6.Hacerlo personal<\/b><\/h4>\n<p><span style=\"font-weight: 400;\">Akinyi Awora, quien ha participado en cursos de +Acumen, es cofundadora y Directora de Operaciones de Jiwo Paro, una organizaci\u00f3n comunitaria en Kisumu, Kenia, enfocada en equipar a las mujeres con acceso a capital, educaci\u00f3n y oportunidades empresariales, as\u00ed como a las habilidades que necesitan para gestionar su finanzas.<\/span><\/p>\n<p><span style=\"font-weight: 400;\">\u00bfQu\u00e9 inspir\u00f3 a Akinyi a dejar su trabajo de gran potencia en Londres y regresar a Kenia para enfrentar la pobreza?<\/span><\/p>\n<p><span style=\"font-weight: 400;\">Su mam\u00e1.<\/span><\/p>\n<figure id=\"attachment_28618\" aria-describedby=\"caption-attachment-28618\" style=\"width: 729px\" class=\"wp-caption aligncenter\"><img loading=\"lazy\" decoding=\"async\" class=\"wp-image-28618\" src=\"https:\/\/acumen.org\/app\/uploads\/2024\/03\/Jiwo-Paro.jpeg\" alt=\"\" width=\"729\" height=\"547\" \/><figcaption id=\"caption-attachment-28618\" class=\"wp-caption-text\">Akinyi Awora<\/figcaption><\/figure>\n<p><i><span style=\"font-weight: 400;\">\u201cCrec\u00ed en un lugar donde la mayor\u00eda de las familias eran criadas por madres solteras debido a la epidemia de SIDA. Mi madre era una de esas mujeres: era una costurera autodid\u00e1cta cuyo trabajo pagaba mi educaci\u00f3n y pon\u00eda comida en la mesa.<\/span><\/i><\/p>\n<p><i><span style=\"font-weight: 400;\">\u201cMi madre estaba orgullosa de m\u00ed, lo hab\u00eda logrado, ten\u00eda un t\u00edtulo elegante, un trabajo elegante, estabilidad financiera. Me gust\u00f3 poder apoyarla enviando dinero a casa, pero a ella no le gustaba depender de m\u00ed. Comenc\u00e9 a ense\u00f1arle sus habilidades financieras b\u00e1sicas, lo que le permiti\u00f3 administrar su propio dinero. Le encant\u00f3 y le dijo a su grupo de costureras, un grupo de mujeres que cosen juntas y comparten una mesa en el mercado, y que tambi\u00e9n estaban ansiosas por aprender estas habilidades&#8221;.<\/span><\/i><\/p>\n<ol start=\"7\">\n<li>\n<h4><b> Pavimentar el camino<\/b><\/h4>\n<\/li>\n<\/ol>\n<p><span style=\"font-weight: 400;\">Andr\u00e9s Felipe Gonz\u00e1lez, Fellow de Acumen en Colombia es el fundador del colectivo Prisioneros de Esperanza, una entidad que empodera los l\u00edderes comunitarios para ejercer una resistencia pac\u00edfica a la exclusi\u00f3n y la marginalizaci\u00f3n. Al trabajar con habitantes de sectores vulnerados, Andr\u00e9s ha demostrado que las actividades art\u00edsticas y culturales pueden ser intervenciones sociales efectivas que cambian <\/span><span style=\"font-weight: 400;\">significativamente una comunidad. Su intervenci\u00f3n principal es a trav\u00e9s del Rap, y junto con el colectivo de <\/span><span style=\"font-weight: 400;\">Prisioneros<\/span><span style=\"font-weight: 400;\"> de Esperanza se dedican a demostrar que el arte <\/span><span style=\"font-weight: 400;\">puede contrarrestar una cultura de consumo de sustancias psicoactivas y de violencia.\u00a0<\/span><\/p>\n<figure id=\"attachment_28619\" aria-describedby=\"caption-attachment-28619\" style=\"width: 716px\" class=\"wp-caption aligncenter\"><img loading=\"lazy\" decoding=\"async\" class=\"wp-image-28619\" src=\"https:\/\/acumen.org\/app\/uploads\/2024\/03\/IMG_5202-scaled.jpg\" alt=\"\" width=\"716\" height=\"478\" \/><figcaption id=\"caption-attachment-28619\" class=\"wp-caption-text\">&#8220;A trav\u00e9s de peque\u00f1as acciones diarias en mi barrio, puedo ayudar a construir mi ciudad. La paz comienza en casa&#8221;. &#8211; Andr\u00e9s<\/figcaption><\/figure>\n<p><span style=\"font-weight: 400;\">Y mientras que todos los agentes de cambio con los que hablamos abordan diferentes problemas y trabajan en diferentes geograf\u00edas, todos expresaron un mismo deseo: <b>cambiar el sistema creando esperanza, reconstruyendo tejido social desde cero e inspirando a la pr\u00f3xima generaci\u00f3n a un liderazgo diferente.<\/b>\u00a0<\/span><\/p>\n<p>Las aplicaciones para el Programa de Fellows de Acumen en Colombia ya cerraron. Si no alcanzaste a aplicar \u00a1no te preocupes! podr\u00e1s hacerlo el pr\u00f3ximo a\u00f1o. Por ahora puedes ingresar tus datos para enterarte de toda la informaci\u00f3n de Acumen y ser el primero en saber cu\u00e1ndo abrimos aplicaciones nuevamente. acumen.fyi\/dejatusdatos<\/p>\n\n\t\n\t<section class=\"wp-block-share-buttons text-container border-black border-t mt-15 mb-7.5 py-7.5\">\n    <div class=\"py-2.5 flex gap-10 items-center\" animate>\n      <h2 class=\"h4 m-0\">\n        Share\n      <\/h2>\n      <ul class=\"flex gap-2 items-center\" x-data=\"shareButtons('Enlace copiado', 'Lo sentimos, no pudimos copiar el enlace')\">\n\n        \n          <li>\n            <a class=\"h-7 w-7 link-no-underline rounded-full hover:bg-black hover:text-white active:bg-black active:text-white flex items-center justify-center shrink-0\" href=\"https:\/\/www.facebook.com\/sharer.php?t=Cambiando%20las%20posibilidades%20en%20el%20lugar%20donde%20nacieron&amp;u=https:\/\/acumen.org\/es\/blog\/cambiando-las-posibilidades-en-el-lugar-donde-nacieron\/\" target=\"_blank\" @click.prevent=\"open($el)\" title=\"Compartir en Facebook\">\n\n      <svg aria-hidden=\"true\" class=\"fill-current w-auto w-3.5 h-auto flex-shrink-0 relative z-5\" width=\"23\" height=\"22\" viewBox=\"0 0 23 22\" fill=\"none\" xmlns=\"http:\/\/www.w3.org\/2000\/svg\">\n<g>\n<path d=\"M12.8719 7.15463V9.12843H15.5091L15.0915 11.7872H12.8719V17.913C12.4269 17.9702 11.9716 18 11.5094 18C10.976 18 10.4521 17.9606 9.94193 17.8845V11.7872H7.50977V9.12843H9.94193V6.71341C9.94193 5.21513 11.2537 4 12.8726 4V4.00127C12.8774 4.00127 12.8815 4 12.8863 4H15.5098V6.29948H13.7955C13.2861 6.29948 12.8726 6.6823 12.8726 7.154L12.8719 7.15463Z\" fill=\"currentColor\"\/>\n<\/g>\n<\/svg>  \n  <span class=\"relative z-5 sr-only\">\n    Compartir en Facebook\n  <\/span>\n\n  <\/a>\n          <\/li>\n\n        \n          <li>\n            <a class=\"h-7 w-7 link-no-underline rounded-full hover:bg-black hover:text-white active:bg-black active:text-white flex items-center justify-center shrink-0\" href=\"https:\/\/twitter.com\/intent\/tweet?text=Cambiando%20las%20posibilidades%20en%20el%20lugar%20donde%20nacieron&amp;url=https:\/\/acumen.org\/es\/blog\/cambiando-las-posibilidades-en-el-lugar-donde-nacieron\/\" target=\"_blank\" @click.prevent=\"open($el)\" title=\"Compartir en X\/Twitter\">\n\n      <svg aria-hidden=\"true\" class=\"fill-current w-auto w-3.5 h-auto flex-shrink-0 relative z-5\" width=\"23\" height=\"22\" viewBox=\"0 0 23 22\" fill=\"none\" xmlns=\"http:\/\/www.w3.org\/2000\/svg\">\n<g>\n<path id=\"path1009\" d=\"M4.96324 4.85205L10.0349 11.6348L4.93164 17.1496H6.08052L10.5489 12.3216L14.1589 17.1496H18.0678L12.711 9.98536L17.4614 4.85205H16.3125L12.1978 9.29861L8.87295 4.85205H4.96324ZM6.65225 5.69835H8.44761L16.3772 16.3033H14.5819L6.65225 5.69835Z\" fill=\"currentColor\"\/>\n<\/g>\n<\/svg>  \n  <span class=\"relative z-5 sr-only\">\n    Compartir en X\/Twitter\n  <\/span>\n\n  <\/a>\n          <\/li>\n\n        \n          <li>\n            <a class=\"h-7 w-7 link-no-underline rounded-full hover:bg-black hover:text-white active:bg-black active:text-white flex items-center justify-center shrink-0\" href=\"https:\/\/www.linkedin.com\/shareArticle?title=Cambiando%20las%20posibilidades%20en%20el%20lugar%20donde%20nacieron&amp;url=https:\/\/acumen.org\/es\/blog\/cambiando-las-posibilidades-en-el-lugar-donde-nacieron\/\" target=\"_blank\" @click.prevent=\"open($el)\" title=\"Compartir en LinkedIn\">\n\n      <svg aria-hidden=\"true\" class=\"fill-current w-auto w-3.5 h-auto flex-shrink-0 relative z-5\" width=\"23\" height=\"22\" viewBox=\"0 0 23 22\" fill=\"none\" xmlns=\"http:\/\/www.w3.org\/2000\/svg\">\n<g>\n<path id=\"Vector_2\" d=\"M5.73849 7.31219C5.44877 7.04319 5.30469 6.71022 5.30469 6.31405C5.30469 5.91787 5.44954 5.57026 5.73849 5.30049C6.02822 5.03149 6.40116 4.89661 6.85809 4.89661C7.31502 4.89661 7.67333 5.03149 7.96228 5.30049C8.252 5.56949 8.39608 5.90785 8.39608 6.31405C8.39608 6.72024 8.25123 7.04319 7.96228 7.31219C7.67255 7.58118 7.305 7.71607 6.85809 7.71607C6.41118 7.71607 6.02822 7.58118 5.73849 7.31219ZM8.1526 8.85526V17.1025H5.5474V8.85526H8.1526Z\" fill=\"currentColor\"\/>\n<path id=\"Vector_3\" d=\"M16.8257 9.67004C17.3936 10.2867 17.6772 11.133 17.6772 12.2105V16.9569H15.203V12.545C15.203 12.0016 15.062 11.5792 14.7807 11.2786C14.4995 10.978 14.1204 10.827 13.6457 10.827C13.1711 10.827 12.7919 10.9773 12.5107 11.2786C12.2294 11.5792 12.0884 12.0016 12.0884 12.545V16.9569H9.59961V8.83221H12.0884V9.90974C12.3404 9.55057 12.6802 9.26693 13.1071 9.05805C13.534 8.84918 14.014 8.74512 14.548 8.74512C15.4989 8.74512 16.2586 9.05342 16.8257 9.66927V9.67004Z\" fill=\"currentColor\"\/>\n<\/g>\n<\/svg>  \n  <span class=\"relative z-5 sr-only\">\n    Compartir en LinkedIn\n  <\/span>\n\n  <\/a>\n          <\/li>\n\n        \n          <li>\n            <a class=\"h-7 w-7 link-no-underline rounded-full hover:bg-black hover:text-white active:bg-black active:text-white flex items-center justify-center shrink-0\" href=\"https:\/\/pinterest.com\/pin\/create\/button\/?description=Cambiando%20las%20posibilidades%20en%20el%20lugar%20donde%20nacieron&amp;url=https:\/\/acumen.org\/es\/blog\/cambiando-las-posibilidades-en-el-lugar-donde-nacieron\/\" target=\"_blank\" @click.prevent=\"open($el)\" title=\"Compartir en Pinterest\">\n\n      <svg aria-hidden=\"true\" class=\"fill-current w-auto w-3.5 h-auto flex-shrink-0 relative z-5\" xmlns=\"http:\/\/www.w3.org\/2000\/svg\" width=\"23\" height=\"23\" viewBox=\"0 0 23 23\" fill=\"none\">\n  <path fill-rule=\"evenodd\" clip-rule=\"evenodd\" d=\"M11.0838 13.9802C11.072 14.0175 11.061 14.0491 11.052 14.0807C10.5302 15.9513 10.4722 16.3668 9.93589 17.2357C9.68019 17.6487 9.39201 18.0401 9.07342 18.4145C9.03748 18.4569 9.00361 18.5112 8.93174 18.498C8.85296 18.4828 8.84674 18.4183 8.83845 18.3601C8.75275 17.7916 8.70507 17.2218 8.7258 16.6476C8.75275 15.9001 8.85365 15.6434 9.90686 11.591C9.92207 11.529 9.90479 11.4778 9.88267 11.4222C9.63043 10.7999 9.58067 10.1682 9.80112 9.52818C10.278 8.14578 11.9905 8.04017 12.2897 9.18036C12.4742 9.88548 11.9863 10.8088 11.6118 12.1735C11.3015 13.2991 12.75 14.0997 13.9877 13.2776C15.1294 12.52 15.5724 10.7038 15.488 9.41624C15.3222 6.84938 12.2462 6.29478 10.2953 7.12131C8.05822 8.06799 7.54958 10.6051 8.55994 11.7649C8.68779 11.9123 8.92898 12.0027 8.88682 12.152C8.82186 12.384 8.7645 12.618 8.69401 12.8488C8.64149 13.0209 8.34225 13.0834 8.1522 13.0126C7.77971 12.8748 7.46941 12.6579 7.21786 12.372C6.36022 11.4 6.11489 9.47758 7.24896 7.84982C8.50535 6.04688 10.8426 5.3171 12.9766 5.53844C15.5254 5.80341 17.1363 7.39703 17.4376 9.20502C17.5751 10.0284 17.4763 12.059 16.213 13.4945C14.7596 15.1438 12.4037 15.2532 11.3167 14.2407C11.233 14.1629 11.166 14.0725 11.0838 13.9795V13.9802Z\" fill=\"currentColor\"\/>\n<\/svg>  \n  <span class=\"relative z-5 sr-only\">\n    Compartir en Pinterest\n  <\/span>\n\n  <\/a>\n          <\/li>\n\n        \n          <li>\n            <a class=\"h-7 w-7 link-no-underline rounded-full hover:bg-black hover:text-white active:bg-black active:text-white flex items-center justify-center shrink-0\" href=\"mailto:?subject=Cambiando%20las%20posibilidades%20en%20el%20lugar%20donde%20nacieron&amp;body=https:\/\/acumen.org\/es\/blog\/cambiando-las-posibilidades-en-el-lugar-donde-nacieron\/\" target=\"_blank\" @click.prevent=\"open($el)\" title=\"Compartir via correo electr\u00f3nico\">\n\n      <svg aria-hidden=\"true\" class=\"fill-current w-auto w-3.5 h-auto flex-shrink-0 relative z-5\" xmlns=\"http:\/\/www.w3.org\/2000\/svg\" width=\"23\" height=\"23\" viewBox=\"0 0 23 23\" fill=\"none\">\n  <g>\n      <path d=\"M5.66563 17.1939C5.30938 17.1939 5.0026 17.0652 4.74531 16.8079C4.48802 16.5506 4.35938 16.2439 4.35938 15.8876V7.61265C4.35938 7.2564 4.48802 6.94963 4.74531 6.69233C5.0026 6.43504 5.30938 6.3064 5.66563 6.3064H17.8406C18.2063 6.3064 18.5155 6.43504 18.768 6.69233C19.0206 6.94963 19.1468 7.2564 19.1468 7.61265V15.8876C19.1468 16.2439 19.0206 16.5506 18.768 16.8079C18.5155 17.0652 18.2063 17.1939 17.8406 17.1939H5.66563ZM18.0906 8.63604L12.1078 12.1579C12.0517 12.1933 11.9939 12.2212 11.9344 12.2415C11.8748 12.2618 11.8144 12.272 11.7531 12.272C11.6854 12.272 11.6284 12.2618 11.582 12.2415C11.5357 12.2212 11.4818 12.1954 11.4204 12.164L5.4156 8.63604V15.8876C5.4156 15.9605 5.43905 16.0204 5.48593 16.0673C5.53281 16.1142 5.59271 16.1376 5.66563 16.1376H17.8406C17.9135 16.1376 17.9734 16.1142 18.0203 16.0673C18.0672 16.0204 18.0906 15.9605 18.0906 15.8876V8.63604ZM11.7531 10.9986L17.9453 7.36263H5.58123L11.7531 10.9986ZM5.4156 8.3739V8.54104V7.74231V7.75636V7.73059V8.54276V8.37567V16.1376V8.3739Z\" fill=\"currentColor\"\/>\n  <\/g>\n<\/svg>  \n  <span class=\"relative z-5 sr-only\">\n    Compartir via correo electr\u00f3nico\n  <\/span>\n\n  <\/a>\n          <\/li>\n\n        \n        \n        <li class=\"relative\" x-id=\"['tooltip']\">\n\n          <button class=\"h-7 w-7 link-no-underline rounded-full hover:bg-black hover:text-white active:bg-black active:text-white flex items-center justify-center shrink-0\" @click=\"copyLink()\" x-bind:aria-describedby=\"tooltip &#038;&#038; $id('tooltip')\" title=\"Copy link\">\n\n      <svg aria-hidden=\"true\" class=\"fill-current pr-0.5 w-auto w-3.5 h-auto flex-shrink-0 relative z-5\" xmlns=\"http:\/\/www.w3.org\/2000\/svg\" width=\"23\" height=\"23\" viewBox=\"0 0 23 23\">\n  <g>\n      <path d=\"M15.3387 18.1395C14.7972 18.1395 14.3367 17.9499 13.9572 17.5707C13.5776 17.1915 13.3878 16.7311 13.3878 16.1894C13.3878 16.0891 13.3949 15.9974 13.409 15.9144C13.4231 15.8314 13.4442 15.7381 13.4724 15.6344L9.00773 12.9003C8.84409 13.0985 8.64654 13.2412 8.41507 13.3285C8.18362 13.4157 7.93844 13.4594 7.67952 13.4594C7.13784 13.4594 6.67742 13.2699 6.29825 12.8908C5.91908 12.5118 5.72949 12.0516 5.72949 11.5101C5.72949 10.9687 5.91908 10.5082 6.29825 10.1286C6.67742 9.74909 7.13784 9.55931 7.67952 9.55931C7.93497 9.55931 8.1793 9.6059 8.41249 9.69908C8.64567 9.79227 8.84409 9.93204 9.00773 10.1184L13.4724 7.38425C13.4442 7.28062 13.4231 7.18729 13.409 7.10426C13.3949 7.02125 13.3878 6.92958 13.3878 6.82924C13.3878 6.28756 13.5774 5.82714 13.9564 5.44797C14.3354 5.0688 14.7956 4.87921 15.3371 4.87921C15.8785 4.87921 16.339 5.06872 16.7186 5.44774C17.0981 5.82676 17.2879 6.28699 17.2879 6.82844C17.2879 7.36989 17.0983 7.83039 16.7191 8.20994C16.34 8.58949 15.8795 8.77926 15.3379 8.77926C15.0789 8.77926 14.8338 8.73563 14.6023 8.64836C14.3708 8.56108 14.1733 8.41835 14.0097 8.22017L9.545 10.9543C9.57319 11.058 9.59432 11.1511 9.60841 11.2338C9.6225 11.3165 9.62954 11.4079 9.62954 11.5079C9.62954 11.608 9.6225 11.6998 9.60841 11.7834C9.59432 11.8671 9.57319 11.9607 9.545 12.0644L14.0097 14.7985C14.1733 14.5885 14.3708 14.4428 14.6023 14.3615C14.8338 14.2801 15.0789 14.2394 15.3379 14.2394C15.8795 14.2394 16.34 14.4289 16.7191 14.8079C17.0983 15.187 17.2879 15.6472 17.2879 16.1886C17.2879 16.7301 17.0984 17.1906 16.7194 17.5701C16.3403 17.9497 15.8801 18.1395 15.3387 18.1395ZM15.3379 7.85746C15.6244 7.85746 15.8674 7.75773 16.0669 7.55827C16.2664 7.3588 16.3661 7.11579 16.3661 6.82924C16.3661 6.54269 16.2664 6.29968 16.0669 6.1002C15.8674 5.90074 15.6244 5.80102 15.3379 5.80102C15.0513 5.80102 14.8083 5.90074 14.6088 6.1002C14.4094 6.29968 14.3096 6.54269 14.3096 6.82924C14.3096 7.11579 14.4094 7.3588 14.6088 7.55827C14.8083 7.75773 15.0513 7.85746 15.3379 7.85746ZM7.67952 12.5376C7.96607 12.5376 8.20908 12.4378 8.40855 12.2384C8.60801 12.0389 8.70774 11.7959 8.70774 11.5093C8.70774 11.2228 8.60801 10.9798 8.40855 10.7803C8.20908 10.5808 7.96607 10.4811 7.67952 10.4811C7.39297 10.4811 7.14996 10.5808 6.95048 10.7803C6.75103 10.9798 6.65129 11.2228 6.65129 11.5093C6.65129 11.7959 6.75103 12.0389 6.95048 12.2384C7.14996 12.4378 7.39297 12.5376 7.67952 12.5376ZM15.3379 17.2177C15.6244 17.2177 15.8674 17.1179 16.0669 16.9185C16.2664 16.719 16.3661 16.476 16.3661 16.1894C16.3661 15.9029 16.2664 15.6599 16.0669 15.4604C15.8674 15.261 15.6244 15.1612 15.3379 15.1612C15.0513 15.1612 14.8083 15.261 14.6088 15.4604C14.4094 15.6599 14.3096 15.9029 14.3096 16.1894C14.3096 16.476 14.4094 16.719 14.6088 16.9185C14.8083 17.1179 15.0513 17.2177 15.3379 17.2177Z\" fill=\"currentColor\"\/>\n    <\/g>\n<\/svg>  \n  <span class=\"relative z-5 sr-only\">\n    \n  <\/span>\n\n  <\/button>\n          <div \n            :id=\"$id('tooltip')\" \n            x-show=\"tooltip\"\n            x-text=\"tooltip\"\n            class=\"absolute bg-black text-white rounded-md py-1 px-2 text-sm whitespace-nowrap left-1\/2 -translate-x-1\/2 -top-9\"\n          ><\/div>\n        <\/li>\n      <\/ul>\n    <\/div>\n\n  <\/section>\n\n\t","protected":false},"excerpt":{"rendered":"<p>Conoce c\u00f3mo estos l\u00edderes y agentes de cambio de Acumen est\u00e1n regresando a las comunidades rurales en las que se educaron para transformar sistemas y restaurar la dignidad de sus habitantes. Muchas comunidades rurales viven en condiciones de vulnerabilidad y desigualdad debido a situaciones como: el olvido estatal, el conflicto armado, el cambio clim\u00e1tico, la &hellip; <a href=\"https:\/\/acumen.org\/es\/blog\/cambiando-las-posibilidades-en-el-lugar-donde-nacieron\/\">Continuado<\/a><\/p>\n","protected":false},"author":[],"featured_media":7581,"comment_status":"open","ping_status":"closed","sticky":false,"template":"","format":"standard","meta":{"_acf_changed":false,"content-type":"","_relevanssi_hide_post":"","_relevanssi_hide_content":"","_relevanssi_pin_for_all":"","_relevanssi_pin_keywords":"","_relevanssi_unpin_keywords":"","_relevanssi_related_keywords":"","_relevanssi_related_include_ids":"","_relevanssi_related_exclude_ids":"","_relevanssi_related_no_append":"","_relevanssi_related_not_related":"","_relevanssi_related_posts":"605,607,606,611,661,716","_relevanssi_noindex_reason":"","footnotes":""},"categories":[178],"tags":[],"blog-type":[220],"problem":[],"region":[217],"year":[],"media-format":[213],"class_list":["post-10796","post","type-post","status-publish","format-standard","has-post-thumbnail","hentry","category-sin-categorizar"],"acf":[],"yoast_head":"<!-- This site is optimized with the Yoast SEO Premium plugin v27.5 (Yoast SEO v27.5) - https:\/\/yoast.com\/product\/yoast-seo-premium-wordpress\/ -->\n<title>Cambiando las posibilidades en el lugar donde nacieron - Acumen<\/title>\n<meta name=\"robots\" content=\"index, follow, max-snippet:-1, max-image-preview:large, max-video-preview:-1\" \/>\n<link rel=\"canonical\" href=\"https:\/\/acumen.org\/es\/blog\/cambiando-las-posibilidades-en-el-lugar-donde-nacieron\/\" \/>\n<meta property=\"og:locale\" content=\"es_ES\" \/>\n<meta property=\"og:type\" content=\"article\" \/>\n<meta property=\"og:title\" content=\"Cambiando las posibilidades en el lugar donde nacieron\" \/>\n<meta property=\"og:description\" content=\"Conoce c\u00f3mo estos l\u00edderes y agentes de cambio de Acumen est\u00e1n regresando a las comunidades rurales en las que se educaron para transformar sistemas y restaurar la dignidad de sus habitantes. Muchas comunidades rurales viven en condiciones de vulnerabilidad y desigualdad debido a situaciones como: el olvido estatal, el conflicto armado, el cambio clim\u00e1tico, la &hellip; Continuado\" \/>\n<meta property=\"og:url\" content=\"https:\/\/acumen.org\/es\/blog\/cambiando-las-posibilidades-en-el-lugar-donde-nacieron\/\" \/>\n<meta property=\"og:site_name\" content=\"Acumen\" \/>\n<meta property=\"article:publisher\" content=\"https:\/\/www.facebook.com\/acumenfund\/\" \/>\n<meta property=\"article:published_time\" content=\"2019-07-18T17:40:56+00:00\" \/>\n<meta property=\"article:modified_time\" content=\"2025-05-13T17:26:41+00:00\" \/>\n<meta property=\"og:image\" content=\"https:\/\/acumen.org\/app\/uploads\/2024\/03\/IMG_6881-scaled.jpg\" \/>\n\t<meta property=\"og:image:width\" content=\"2560\" \/>\n\t<meta property=\"og:image:height\" content=\"1707\" \/>\n\t<meta property=\"og:image:type\" content=\"image\/jpeg\" \/>\n<meta name=\"author\" content=\"Acumen\" \/>\n<meta name=\"twitter:card\" content=\"summary_large_image\" \/>\n<meta name=\"twitter:creator\" content=\"@Acumen\" \/>\n<meta name=\"twitter:site\" content=\"@Acumen\" \/>\n<meta name=\"twitter:label1\" content=\"Escrito por\" \/>\n\t<meta name=\"twitter:data1\" content=\"Acumen\" \/>\n\t<meta name=\"twitter:label2\" content=\"Tiempo de lectura\" \/>\n\t<meta name=\"twitter:data2\" content=\"9 minutes\" \/>\n<script type=\"application\/ld+json\" class=\"yoast-schema-graph\">{\"@context\":\"https:\\\/\\\/schema.org\",\"@graph\":[{\"@type\":\"Article\",\"@id\":\"https:\\\/\\\/acumen.org\\\/es\\\/blog\\\/cambiando-las-posibilidades-en-el-lugar-donde-nacieron\\\/#article\",\"isPartOf\":{\"@id\":\"https:\\\/\\\/acumen.org\\\/es\\\/blog\\\/cambiando-las-posibilidades-en-el-lugar-donde-nacieron\\\/\"},\"author\":{\"name\":\"Acumen\",\"@id\":\"https:\\\/\\\/acumen.org\\\/es\\\/#\\\/schema\\\/person\\\/cc23269de4eed510141e42eae895c0dc\"},\"headline\":\"Cambiando las posibilidades en el lugar donde nacieron\",\"datePublished\":\"2019-07-18T17:40:56+00:00\",\"dateModified\":\"2025-05-13T17:26:41+00:00\",\"mainEntityOfPage\":{\"@id\":\"https:\\\/\\\/acumen.org\\\/es\\\/blog\\\/cambiando-las-posibilidades-en-el-lugar-donde-nacieron\\\/\"},\"wordCount\":1911,\"commentCount\":0,\"publisher\":{\"@id\":\"https:\\\/\\\/acumen.org\\\/es\\\/#organization\"},\"image\":{\"@id\":\"https:\\\/\\\/acumen.org\\\/es\\\/blog\\\/cambiando-las-posibilidades-en-el-lugar-donde-nacieron\\\/#primaryimage\"},\"thumbnailUrl\":\"https:\\\/\\\/acumen.org\\\/wp-content\\\/uploads\\\/2024\\\/03\\\/IMG_6881-scaled.jpg\",\"articleSection\":[\"Sin categorizar\"],\"inLanguage\":\"es-ES\",\"potentialAction\":[{\"@type\":\"CommentAction\",\"name\":\"Comment\",\"target\":[\"https:\\\/\\\/acumen.org\\\/es\\\/blog\\\/cambiando-las-posibilidades-en-el-lugar-donde-nacieron\\\/#respond\"]}]},{\"@type\":\"WebPage\",\"@id\":\"https:\\\/\\\/acumen.org\\\/es\\\/blog\\\/cambiando-las-posibilidades-en-el-lugar-donde-nacieron\\\/\",\"url\":\"https:\\\/\\\/acumen.org\\\/es\\\/blog\\\/cambiando-las-posibilidades-en-el-lugar-donde-nacieron\\\/\",\"name\":\"Cambiando las posibilidades en el lugar donde nacieron - Acumen\",\"isPartOf\":{\"@id\":\"https:\\\/\\\/acumen.org\\\/es\\\/#website\"},\"primaryImageOfPage\":{\"@id\":\"https:\\\/\\\/acumen.org\\\/es\\\/blog\\\/cambiando-las-posibilidades-en-el-lugar-donde-nacieron\\\/#primaryimage\"},\"image\":{\"@id\":\"https:\\\/\\\/acumen.org\\\/es\\\/blog\\\/cambiando-las-posibilidades-en-el-lugar-donde-nacieron\\\/#primaryimage\"},\"thumbnailUrl\":\"https:\\\/\\\/acumen.org\\\/wp-content\\\/uploads\\\/2024\\\/03\\\/IMG_6881-scaled.jpg\",\"datePublished\":\"2019-07-18T17:40:56+00:00\",\"dateModified\":\"2025-05-13T17:26:41+00:00\",\"breadcrumb\":{\"@id\":\"https:\\\/\\\/acumen.org\\\/es\\\/blog\\\/cambiando-las-posibilidades-en-el-lugar-donde-nacieron\\\/#breadcrumb\"},\"inLanguage\":\"es-ES\",\"potentialAction\":[{\"@type\":\"ReadAction\",\"target\":[\"https:\\\/\\\/acumen.org\\\/es\\\/blog\\\/cambiando-las-posibilidades-en-el-lugar-donde-nacieron\\\/\"]}]},{\"@type\":\"ImageObject\",\"inLanguage\":\"es-ES\",\"@id\":\"https:\\\/\\\/acumen.org\\\/es\\\/blog\\\/cambiando-las-posibilidades-en-el-lugar-donde-nacieron\\\/#primaryimage\",\"url\":\"https:\\\/\\\/acumen.org\\\/wp-content\\\/uploads\\\/2024\\\/03\\\/IMG_6881-scaled.jpg\",\"contentUrl\":\"https:\\\/\\\/acumen.org\\\/wp-content\\\/uploads\\\/2024\\\/03\\\/IMG_6881-scaled.jpg\",\"width\":2560,\"height\":1707},{\"@type\":\"BreadcrumbList\",\"@id\":\"https:\\\/\\\/acumen.org\\\/es\\\/blog\\\/cambiando-las-posibilidades-en-el-lugar-donde-nacieron\\\/#breadcrumb\",\"itemListElement\":[{\"@type\":\"ListItem\",\"position\":1,\"name\":\"Home\",\"item\":\"https:\\\/\\\/acumen.org\\\/es\\\/\"},{\"@type\":\"ListItem\",\"position\":2,\"name\":\"Cambiando las posibilidades en el lugar donde nacieron\"}]},{\"@type\":\"WebSite\",\"@id\":\"https:\\\/\\\/acumen.org\\\/es\\\/#website\",\"url\":\"https:\\\/\\\/acumen.org\\\/es\\\/\",\"name\":\"Acumen\",\"description\":\"\",\"publisher\":{\"@id\":\"https:\\\/\\\/acumen.org\\\/es\\\/#organization\"},\"potentialAction\":[{\"@type\":\"SearchAction\",\"target\":{\"@type\":\"EntryPoint\",\"urlTemplate\":\"https:\\\/\\\/acumen.org\\\/es\\\/?s={search_term_string}\"},\"query-input\":{\"@type\":\"PropertyValueSpecification\",\"valueRequired\":true,\"valueName\":\"search_term_string\"}}],\"inLanguage\":\"es-ES\"},{\"@type\":\"Organization\",\"@id\":\"https:\\\/\\\/acumen.org\\\/es\\\/#organization\",\"name\":\"Acumen\",\"url\":\"https:\\\/\\\/acumen.org\\\/es\\\/\",\"logo\":{\"@type\":\"ImageObject\",\"inLanguage\":\"es-ES\",\"@id\":\"https:\\\/\\\/acumen.org\\\/es\\\/#\\\/schema\\\/logo\\\/image\\\/\",\"url\":\"https:\\\/\\\/acumen.org\\\/app\\\/uploads\\\/2021\\\/03\\\/Acumen.png\",\"contentUrl\":\"https:\\\/\\\/acumen.org\\\/app\\\/uploads\\\/2021\\\/03\\\/Acumen.png\",\"width\":3334,\"height\":2480,\"caption\":\"Acumen\"},\"image\":{\"@id\":\"https:\\\/\\\/acumen.org\\\/es\\\/#\\\/schema\\\/logo\\\/image\\\/\"},\"sameAs\":[\"https:\\\/\\\/www.facebook.com\\\/acumenfund\\\/\",\"https:\\\/\\\/x.com\\\/Acumen\",\"https:\\\/\\\/www.instagram.com\\\/acumenorg\\\/\",\"https:\\\/\\\/www.linkedin.com\\\/company\\\/acumen-fund\\\/\",\"https:\\\/\\\/www.youtube.com\\\/channel\\\/UCpuoLfl6gZl2jDa8lAlC8YQ\"],\"description\":\"We invest across the capital continuum to help transformational companies grow from seed to scale. acumen invests patient capital in business models that deliver critical, affordable goods and services to the world's poor, improving the lives of millions. Since 2001, Acumen has invested in businesses that provide access to healthcare, energy, education, water & sanitation, housing, financial services, and agricultural services to low-income customers. Our investments are addressing the problems of poverty in East and West Africa, South Asia, Latin America, and the United States.\",\"telephone\":\"1-212-566-8821\",\"legalName\":\"Acumen Fund, Inc.\",\"taxID\":\"13-4166228\",\"ownershipFundingInfo\":\"https:\\\/\\\/acumen.org\\\/financials\\\/\",\"ethicsPolicy\":\"https:\\\/\\\/acumen.org\\\/anti-corruption-policy\\\/\"},{\"@type\":\"Person\",\"@id\":\"https:\\\/\\\/acumen.org\\\/es\\\/#\\\/schema\\\/person\\\/cc23269de4eed510141e42eae895c0dc\",\"name\":\"Acumen\",\"image\":{\"@type\":\"ImageObject\",\"inLanguage\":\"es-ES\",\"@id\":\"https:\\\/\\\/secure.gravatar.com\\\/avatar\\\/44f8fbe9133793fb949c95942f8d9143ecb31b1d9d2c362c7f6f76de0e43d5ba?s=96&d=mm&r=g\",\"url\":\"https:\\\/\\\/secure.gravatar.com\\\/avatar\\\/44f8fbe9133793fb949c95942f8d9143ecb31b1d9d2c362c7f6f76de0e43d5ba?s=96&d=mm&r=g\",\"contentUrl\":\"https:\\\/\\\/secure.gravatar.com\\\/avatar\\\/44f8fbe9133793fb949c95942f8d9143ecb31b1d9d2c362c7f6f76de0e43d5ba?s=96&d=mm&r=g\",\"caption\":\"Acumen\"}}]}<\/script>\n<!-- \/ Yoast SEO Premium plugin. -->","yoast_head_json":{"title":"Cambiando las posibilidades en el lugar donde nacieron - Acumen","robots":{"index":"index","follow":"follow","max-snippet":"max-snippet:-1","max-image-preview":"max-image-preview:large","max-video-preview":"max-video-preview:-1"},"canonical":"https:\/\/acumen.org\/es\/blog\/cambiando-las-posibilidades-en-el-lugar-donde-nacieron\/","og_locale":"es_ES","og_type":"article","og_title":"Cambiando las posibilidades en el lugar donde nacieron","og_description":"Conoce c\u00f3mo estos l\u00edderes y agentes de cambio de Acumen est\u00e1n regresando a las comunidades rurales en las que se educaron para transformar sistemas y restaurar la dignidad de sus habitantes. Muchas comunidades rurales viven en condiciones de vulnerabilidad y desigualdad debido a situaciones como: el olvido estatal, el conflicto armado, el cambio clim\u00e1tico, la &hellip; Continuado","og_url":"https:\/\/acumen.org\/es\/blog\/cambiando-las-posibilidades-en-el-lugar-donde-nacieron\/","og_site_name":"Acumen","article_publisher":"https:\/\/www.facebook.com\/acumenfund\/","article_published_time":"2019-07-18T17:40:56+00:00","article_modified_time":"2025-05-13T17:26:41+00:00","og_image":[{"width":2560,"height":1707,"url":"https:\/\/acumen.org\/app\/uploads\/2024\/03\/IMG_6881-scaled.jpg","type":"image\/jpeg"}],"author":"Acumen","twitter_card":"summary_large_image","twitter_creator":"@Acumen","twitter_site":"@Acumen","twitter_misc":{"Escrito por":"Acumen","Tiempo de lectura":"9 minutes"},"schema":{"@context":"https:\/\/schema.org","@graph":[{"@type":"Article","@id":"https:\/\/acumen.org\/es\/blog\/cambiando-las-posibilidades-en-el-lugar-donde-nacieron\/#article","isPartOf":{"@id":"https:\/\/acumen.org\/es\/blog\/cambiando-las-posibilidades-en-el-lugar-donde-nacieron\/"},"author":{"name":"Acumen","@id":"https:\/\/acumen.org\/es\/#\/schema\/person\/cc23269de4eed510141e42eae895c0dc"},"headline":"Cambiando las posibilidades en el lugar donde nacieron","datePublished":"2019-07-18T17:40:56+00:00","dateModified":"2025-05-13T17:26:41+00:00","mainEntityOfPage":{"@id":"https:\/\/acumen.org\/es\/blog\/cambiando-las-posibilidades-en-el-lugar-donde-nacieron\/"},"wordCount":1911,"commentCount":0,"publisher":{"@id":"https:\/\/acumen.org\/es\/#organization"},"image":{"@id":"https:\/\/acumen.org\/es\/blog\/cambiando-las-posibilidades-en-el-lugar-donde-nacieron\/#primaryimage"},"thumbnailUrl":"https:\/\/acumen.org\/wp-content\/uploads\/2024\/03\/IMG_6881-scaled.jpg","articleSection":["Sin categorizar"],"inLanguage":"es-ES","potentialAction":[{"@type":"CommentAction","name":"Comment","target":["https:\/\/acumen.org\/es\/blog\/cambiando-las-posibilidades-en-el-lugar-donde-nacieron\/#respond"]}]},{"@type":"WebPage","@id":"https:\/\/acumen.org\/es\/blog\/cambiando-las-posibilidades-en-el-lugar-donde-nacieron\/","url":"https:\/\/acumen.org\/es\/blog\/cambiando-las-posibilidades-en-el-lugar-donde-nacieron\/","name":"Cambiando las posibilidades en el lugar donde nacieron - Acumen","isPartOf":{"@id":"https:\/\/acumen.org\/es\/#website"},"primaryImageOfPage":{"@id":"https:\/\/acumen.org\/es\/blog\/cambiando-las-posibilidades-en-el-lugar-donde-nacieron\/#primaryimage"},"image":{"@id":"https:\/\/acumen.org\/es\/blog\/cambiando-las-posibilidades-en-el-lugar-donde-nacieron\/#primaryimage"},"thumbnailUrl":"https:\/\/acumen.org\/wp-content\/uploads\/2024\/03\/IMG_6881-scaled.jpg","datePublished":"2019-07-18T17:40:56+00:00","dateModified":"2025-05-13T17:26:41+00:00","breadcrumb":{"@id":"https:\/\/acumen.org\/es\/blog\/cambiando-las-posibilidades-en-el-lugar-donde-nacieron\/#breadcrumb"},"inLanguage":"es-ES","potentialAction":[{"@type":"ReadAction","target":["https:\/\/acumen.org\/es\/blog\/cambiando-las-posibilidades-en-el-lugar-donde-nacieron\/"]}]},{"@type":"ImageObject","inLanguage":"es-ES","@id":"https:\/\/acumen.org\/es\/blog\/cambiando-las-posibilidades-en-el-lugar-donde-nacieron\/#primaryimage","url":"https:\/\/acumen.org\/wp-content\/uploads\/2024\/03\/IMG_6881-scaled.jpg","contentUrl":"https:\/\/acumen.org\/wp-content\/uploads\/2024\/03\/IMG_6881-scaled.jpg","width":2560,"height":1707},{"@type":"BreadcrumbList","@id":"https:\/\/acumen.org\/es\/blog\/cambiando-las-posibilidades-en-el-lugar-donde-nacieron\/#breadcrumb","itemListElement":[{"@type":"ListItem","position":1,"name":"Home","item":"https:\/\/acumen.org\/es\/"},{"@type":"ListItem","position":2,"name":"Cambiando las posibilidades en el lugar donde nacieron"}]},{"@type":"WebSite","@id":"https:\/\/acumen.org\/es\/#website","url":"https:\/\/acumen.org\/es\/","name":"Acumen","description":"","publisher":{"@id":"https:\/\/acumen.org\/es\/#organization"},"potentialAction":[{"@type":"SearchAction","target":{"@type":"EntryPoint","urlTemplate":"https:\/\/acumen.org\/es\/?s={search_term_string}"},"query-input":{"@type":"PropertyValueSpecification","valueRequired":true,"valueName":"search_term_string"}}],"inLanguage":"es-ES"},{"@type":"Organization","@id":"https:\/\/acumen.org\/es\/#organization","name":"Acumen","url":"https:\/\/acumen.org\/es\/","logo":{"@type":"ImageObject","inLanguage":"es-ES","@id":"https:\/\/acumen.org\/es\/#\/schema\/logo\/image\/","url":"https:\/\/acumen.org\/app\/uploads\/2021\/03\/Acumen.png","contentUrl":"https:\/\/acumen.org\/app\/uploads\/2021\/03\/Acumen.png","width":3334,"height":2480,"caption":"Acumen"},"image":{"@id":"https:\/\/acumen.org\/es\/#\/schema\/logo\/image\/"},"sameAs":["https:\/\/www.facebook.com\/acumenfund\/","https:\/\/x.com\/Acumen","https:\/\/www.instagram.com\/acumenorg\/","https:\/\/www.linkedin.com\/company\/acumen-fund\/","https:\/\/www.youtube.com\/channel\/UCpuoLfl6gZl2jDa8lAlC8YQ"],"description":"We invest across the capital continuum to help transformational companies grow from seed to scale. acumen invests patient capital in business models that deliver critical, affordable goods and services to the world's poor, improving the lives of millions. Since 2001, Acumen has invested in businesses that provide access to healthcare, energy, education, water & sanitation, housing, financial services, and agricultural services to low-income customers. Our investments are addressing the problems of poverty in East and West Africa, South Asia, Latin America, and the United States.","telephone":"1-212-566-8821","legalName":"Acumen Fund, Inc.","taxID":"13-4166228","ownershipFundingInfo":"https:\/\/acumen.org\/financials\/","ethicsPolicy":"https:\/\/acumen.org\/anti-corruption-policy\/"},{"@type":"Person","@id":"https:\/\/acumen.org\/es\/#\/schema\/person\/cc23269de4eed510141e42eae895c0dc","name":"Acumen","image":{"@type":"ImageObject","inLanguage":"es-ES","@id":"https:\/\/secure.gravatar.com\/avatar\/44f8fbe9133793fb949c95942f8d9143ecb31b1d9d2c362c7f6f76de0e43d5ba?s=96&d=mm&r=g","url":"https:\/\/secure.gravatar.com\/avatar\/44f8fbe9133793fb949c95942f8d9143ecb31b1d9d2c362c7f6f76de0e43d5ba?s=96&d=mm&r=g","contentUrl":"https:\/\/secure.gravatar.com\/avatar\/44f8fbe9133793fb949c95942f8d9143ecb31b1d9d2c362c7f6f76de0e43d5ba?s=96&d=mm&r=g","caption":"Acumen"}}]}},"_links":{"self":[{"href":"https:\/\/acumen.org\/es\/wp-json\/wp\/v2\/posts\/10796","targetHints":{"allow":["GET"]}}],"collection":[{"href":"https:\/\/acumen.org\/es\/wp-json\/wp\/v2\/posts"}],"about":[{"href":"https:\/\/acumen.org\/es\/wp-json\/wp\/v2\/types\/post"}],"author":[{"embeddable":true,"href":"https:\/\/acumen.org\/es\/wp-json\/wp\/v2\/users\/30"}],"replies":[{"embeddable":true,"href":"https:\/\/acumen.org\/es\/wp-json\/wp\/v2\/comments?post=10796"}],"version-history":[{"count":0,"href":"https:\/\/acumen.org\/es\/wp-json\/wp\/v2\/posts\/10796\/revisions"}],"wp:featuredmedia":[{"embeddable":true,"href":"https:\/\/acumen.org\/es\/wp-json\/wp\/v2\/media\/7581"}],"wp:attachment":[{"href":"https:\/\/acumen.org\/es\/wp-json\/wp\/v2\/media?parent=10796"}],"wp:term":[{"taxonomy":"category","embeddable":true,"href":"https:\/\/acumen.org\/es\/wp-json\/wp\/v2\/categories?post=10796"},{"taxonomy":"post_tag","embeddable":true,"href":"https:\/\/acumen.org\/es\/wp-json\/wp\/v2\/tags?post=10796"},{"taxonomy":"blog-type","embeddable":true,"href":"https:\/\/acumen.org\/es\/wp-json\/wp\/v2\/blog-type?post=10796"},{"taxonomy":"problem-tax","embeddable":true,"href":"https:\/\/acumen.org\/es\/wp-json\/wp\/v2\/problem?post=10796"},{"taxonomy":"region-tax","embeddable":true,"href":"https:\/\/acumen.org\/es\/wp-json\/wp\/v2\/region?post=10796"},{"taxonomy":"acumen-year","embeddable":true,"href":"https:\/\/acumen.org\/es\/wp-json\/wp\/v2\/year?post=10796"},{"taxonomy":"post-author","embeddable":true,"href":"https:\/\/acumen.org\/es\/wp-json\/wp\/v2\/author?post=10796"},{"taxonomy":"media-format","embeddable":true,"href":"https:\/\/acumen.org\/es\/wp-json\/wp\/v2\/media-format?post=10796"}],"curies":[{"name":"wp","href":"https:\/\/api.w.org\/{rel}","templated":true}]}}