{"id":10798,"date":"2018-07-17T16:10:36","date_gmt":"2018-07-17T20:10:36","guid":{"rendered":"https:\/\/acumenbw.wpenginepowered.com\/blog\/los-lideres-que-el-mundo-necesita\/"},"modified":"2025-05-13T14:05:39","modified_gmt":"2025-05-13T18:05:39","slug":"los-lideres-que-el-mundo-necesita","status":"publish","type":"post","link":"https:\/\/acumen.org\/es\/blog\/los-lideres-que-el-mundo-necesita\/","title":{"rendered":"Conoce 7 ejemplos de l\u00edderes que el mundo necesita"},"content":{"rendered":"<p><b>Conoce 7 historias inspiradoras donde los Fellows de Acumen enfrentaron situaciones complejas y lograron salir adelante.<\/b><\/p>\n<p><span style=\"font-weight: 400;\">Lanzamos aplicaciones para la cohorte de Fellows Acumen 2019. Pero antes de decirte que apliques, d\u00e9janos contarte un poco m\u00e1s acerca de qui\u00e9nes son los Fellows. [<\/span><a href=\"https:\/\/acumen.org\/blog\/que-es-fellow-para-acumen\/\"><span style=\"font-weight: 400;\">Mira qu\u00e9 es una cohorte]<\/span><\/a><\/p>\n<p><span style=\"font-weight: 400;\">Los Fellows de Acumen son una comunidad de casi 500 personas comprometidas con la creaci\u00f3n de un mundo equitativo donde todos tengamos un asiento en la misma mesa. Los Fellows trabajan en diversos sectores, que incluyen educaci\u00f3n, salud, agricultura, inclusi\u00f3n financiera, derechos humanos y el sector p\u00fablico, entre otros. Los une la creencia de que cada uno de nosotros tiene la capacidad de enfrentar los retos m\u00e1s complejos de la sociedad, y una verdadera convicci\u00f3n de que podemos ayudar a dejar el mundo mejor de lo que lo encontramos.<\/span><\/p>\n<p><span style=\"font-weight: 400;\">Aunque los Fellows pasan por diferentes carreras y trayectorias a lo largo de su vida, despu\u00e9s de 12 a\u00f1os operando el programa hemos identificado perfiles comunes: <\/span><\/p>\n<ol>\n<li><b> Emprendedores sociales <\/b><span style=\"font-weight: 400;\">que han lanzado o dirigido sus propias iniciativas de cambio social;<\/span><\/li>\n<li><b> Intraemprendedores sociales<\/b><span style=\"font-weight: 400;\"> que est\u00e1n llevando a cabo una iniciativa de cambio \u00a0dentro de una organizaci\u00f3n existente;<\/span><\/li>\n<li><b> Catalizadores de organizaciones<\/b><span style=\"font-weight: 400;\"> que son parte integral de la construcci\u00f3n y la operaci\u00f3n de una organizaci\u00f3n de cambio social, a pesar de no ser sus fundadores.<\/span><\/li>\n<\/ol>\n<p><span style=\"font-weight: 400;\">\u00bfTienes curiosidad de saber a qui\u00e9nes elegimos? Esta es tu oportunidad de conocer algunos de los Fellows de Acumen y el incre\u00edble trabajo que hacen.<\/span><\/p>\n<h3><b>1. Gerald Otim (Emprendedor, Uganda, Tecnolog\u00eda Financiera)<\/b><\/h3>\n<p><span style=\"font-weight: 400;\">Despu\u00e9s de dudar de s\u00ed mismo durante muchos a\u00f1os, la vida de Gerald como emprendedor social comenz\u00f3 con la experiencia de su madre con una Organizaci\u00f3n Cooperativa de Ahorro y Cr\u00e9dito en Uganda. Despu\u00e9s de perder los ahorros de toda su vida por no poder pagar un cr\u00e9dito, Gerald entendi\u00f3 que su prop\u00f3sito era m\u00e1s grande que un trabajo que lo hiciera millonario: quer\u00eda construir soluciones econ\u00f3micas inclusivas que funcionaran para todos.<\/span><\/p>\n<p><span style=\"font-weight: 400;\">El primer a\u00f1o en el Programa de Fellows de Acumen coincidi\u00f3, no s\u00f3lo con con el coraje para dar el siguiente salto, sino tambi\u00e9n con la decisi\u00f3n de crear su propia compa\u00f1\u00eda <\/span><a href=\"https:\/\/www.youtube.com\/watch?v=mNqurfRyaaM&amp;t=652s\"><span style=\"font-weight: 400;\">Ensibuuko<\/span><\/a><span style=\"font-weight: 400;\">. En la actualidad, la empresa social proporciona una infraestructura moderna de banca electr\u00f3nica a diferentes Cooperativas de Ahorro y Cr\u00e9dito, para garantizar que los ugandeses de bajos ingresos est\u00e9n protegidos contra el fraude financiero. Hoy, Ensibuuko opera en siete pa\u00edses.<\/span><\/p>\n<p><iframe loading=\"lazy\" src=\"https:\/\/www.youtube.com\/embed\/mNqurfRyaaM\" width=\"800\" height=\"450\" frameborder=\"0\" allowfullscreen=\"allowfullscreen\"><\/iframe><\/p>\n<h3><strong>2. <\/strong><b>Billene Seyoum (Emprendedora, Etiop\u00eda, Feminismo\/Empoderamiento de la mujer) <\/b><\/h3>\n<p><span style=\"font-weight: 400;\">Billene es una emprendedora social y escritora feminista que vive en Etiop\u00eda desde donde dirige Earuyan Solutions, una organizaci\u00f3n enfocada al impacto social que promueve la igualdad de g\u00e9nero y el liderazgo feminista y transformativo. Su trabajo consiste en dise\u00f1ar y facilitar capacitaciones, talleres, seminarios, investigaci\u00f3n y gesti\u00f3n de proyectos. Billene tambi\u00e9n dirige AfricanFeminism, un proyecto de escritura colaborativa entre escritoras africanas iniciado con la intenci\u00f3n de visibilizar las voces de las feministas en todo el continente. Escucha uno de los poemas de Billene:<\/span><\/p>\n<p><iframe loading=\"lazy\" src=\"https:\/\/www.youtube.com\/embed\/3vnh-g_HHR0\" width=\"800\" height=\"450\" frameborder=\"0\" allowfullscreen=\"allowfullscreen\"><\/iframe><b><\/b><\/p>\n<h3><b>3. Mustapha Abokede (Emprendedor, \u00c1frica del Este, Energ\u00eda)<br \/><\/b><\/h3>\n<p><span style=\"font-weight: 400;\">En un pa\u00eds donde no se puede escapar del sonido ensordecedor de los generadores de energ\u00eda durante un corte de electricidad, Mustapha Abokede vio una oportunidad. Despu\u00e9s de pasar muchos a\u00f1os trabajando en diferentes frentes del desarrollo social, primero en d.light, como Fellow de Acumen, y luego con Andela, Mustapha mont\u00f3 su propia empresa de soluciones solares: Sunstretch Energy. Esta compa\u00f1\u00eda permite que muchos nigerianos hagan el salto de los medios tradicionales de electricidad a energ\u00edas renovables a un precio asequible. Adem\u00e1s de instalar sistemas solares, Sunstretch brinda opciones de financiamiento a sus clientes, lo que reduce las principales barreras de acceso a la energ\u00eda solar.<\/span><\/p>\n<h3><b>4. Suhani Mohan (Emprendedora, India, Salud menstrual)<\/b><\/h3>\n<p><span style=\"font-weight: 400;\">Despu\u00e9s de realizar un viaje a trav\u00e9s de la India para conocer las zonas rurales y ser testigo de primera mano de la crisis de higiene menstrual en este pa\u00eds, Suhani decidi\u00f3 comenzar Saral Designs, una empresa social que proporciona acceso a toallas higi\u00e9nicas econ\u00f3micas y de calidad que les permite a las mujeres empoderarse de su feminidad. Usando un enfoque de \u201cpensamiento sist\u00e9mico\u201d, Saral permite a los grupos de mujeres producir sus propias toallas higi\u00e9nicas de bajo costo proporcion\u00e1ndoles m\u00e1quinas totalmente autom\u00e1ticas y compactas. Hoy, Saral Designs ha llegado a m\u00e1s de un mill\u00f3n de clientes y tambi\u00e9n se ha asociado con escuelas en Mumbai para instalar m\u00e1quinas expendedoras y aumentar la conciencia sobre la higiene menstrual entre las adolescentes. Aprende m\u00e1s sobre Saral Designs en <\/span><a href=\"https:\/\/acumenideas.com\/erasingthetaboo-ada42cd23427\"><span style=\"font-weight: 400;\">Acumen Ideas.<\/span><\/a><strong><br \/><\/strong><\/p>\n<figure id=\"attachment_25810\" class=\"wp-caption alignnone\" style=\"width: 800px;\" aria-describedby=\"caption-attachment-25810\"><img loading=\"lazy\" decoding=\"async\" class=\"wp-image-25810\" src=\"https:\/\/acumen.org\/app\/uploads\/2024\/03\/Suhani-Mohan-Saral.jpg\" alt=\"\" width=\"800\" height=\"533\" \/>\n<figcaption id=\"caption-attachment-25810\" class=\"wp-caption-text\">Fellow de Acumen Suhani Mohan (a la derecha) con el equipo de Saral Designs en India<\/figcaption>\n<\/figure>\n<h3>5. Jamshaid Cheema (Catalizador de Organizaciones, Pakist\u00e1n, Vivienda de Inter\u00e9s Social)<\/h3>\n<p><span style=\"font-weight: 400;\">Jamshaid es de Hassanwali, un peque\u00f1o pueblo ubicado a dos horas de Lahore, Pakist\u00e1n. Actualmente se encuentra en el equipo directivo de Ansaar Management Company, una empresa de vivienda econ\u00f3mica fundada por el tambi\u00e9n Fellow de Acumen Jawad Aslam. Jamshaid juega un papel fundamental ya que trabaja desde el desarrollo de propuestas y la adquisici\u00f3n de terrenos para nuevos proyectos, hasta la relaci\u00f3n con sus clientes para crear \u2018comunidades\u2019 y asociatividad en cada urbanizaci\u00f3n: Jamshaid no s\u00f3lo ayuda a crear un sentido de pertenencia en los residentes sino que tambi\u00e9n les permite convertirse en una sola voz. Jamshaid conf\u00eda en una fuerte br\u00fajula moral para mantenerse fiel a su visi\u00f3n mientras lucha contra la corrupci\u00f3n, el sabotaje y las complejidades del emergente sector de viviendas de inter\u00e9s social en Pakist\u00e1n. <\/span><a href=\"https:\/\/medium.com\/@jnovogratz\/behind-every-rise-accompaniment-d45d246a5bb5\"><span style=\"font-weight: 400;\">Aqu\u00ed hay un art\u00edculo sobre Jamshaid por si quieres leerlo. <\/span><\/a><\/p>\n<figure id=\"attachment_25808\" class=\"wp-caption alignnone\" style=\"width: 800px;\" aria-describedby=\"caption-attachment-25808\"><img loading=\"lazy\" decoding=\"async\" class=\"wp-image-25808\" src=\"https:\/\/acumen.org\/app\/uploads\/2024\/03\/Jamsaid-Image.jpeg\" alt=\"\" width=\"800\" height=\"535\" \/>\n<figcaption id=\"caption-attachment-25808\" class=\"wp-caption-text\">Jamshaid Cheema, Fellow de Acumen hace parte del equipo de gesti\u00f3n de Ansaar Management Company en Pakist\u00e1n<\/figcaption>\n<\/figure>\n<h3><b>6. Nicole Orillac (Intraemprendedora, Panam\u00e1, Responsabilidad Social Corporativa)<\/b><\/h3>\n<p><span style=\"font-weight: 400;\">Nicole trabaja en el departamento de Responsabilidad Social Corporativa de Samsung en Panam\u00e1 y su trabajo entrecruza la tecnolog\u00eda y la educaci\u00f3n. Ella apalanca y potencializa la experiencia que tiene Samsung en tecnolog\u00eda y su compromiso con la \u201cinnovaci\u00f3n para hacer el bien\u201d para movilizar recursos hacia el desarrollo de programas de educaci\u00f3n de impacto social en toda Am\u00e9rica Latina. El a\u00f1o pasado, el equipo de Nicole organiz\u00f3 <\/span><a href=\"https:\/\/www.concursosolucionesparaelfuturo.org\/\"><span style=\"font-weight: 400;\">Soluciones Para El Futuro<\/span><\/a><span style=\"font-weight: 400;\"> en Rep\u00fablica Dominicana y tambi\u00e9n fue el patrocinador oficial de la tercera edici\u00f3n de las <\/span><a href=\"https:\/\/www.youtube.com\/watch?v=J1xj8_j3drs\"><span style=\"font-weight: 400;\">Olimpiadas Especiales de Am\u00e9rica Latina<\/span><\/a><span style=\"font-weight: 400;\">, mostrando el rol que las corporaciones multinacionales tiene en la mejora de la dignidad humana.<\/span><\/p>\n<figure id=\"attachment_25827\" class=\"wp-caption alignnone\" style=\"width: 800px;\" aria-describedby=\"caption-attachment-25827\"><img loading=\"lazy\" decoding=\"async\" class=\"wp-image-25827\" src=\"https:\/\/acumen.org\/app\/uploads\/2024\/03\/Nicole-Orillac.jpg\" alt=\"\" width=\"800\" height=\"450\" \/>\n<figcaption id=\"caption-attachment-25827\" class=\"wp-caption-text\">Nicole Orillac es la Directora Regional de Responsabilidad Social Corporativa de Samsung Latinoam\u00e9rica<\/figcaption>\n<\/figure>\n<h3><b>7. Daniyal Alvi (Constructor de Organizaciones, Pakist\u00e1n, Discapacidad\/Deportes)<\/b><\/h3>\n<p><span style=\"font-weight: 400;\">Daniyal ha dedicado los \u00faltimos 12 a\u00f1os de su vida a expandir la cobertura de las Olimpiadas Especiales en Pakist\u00e1n: una organizaci\u00f3n sin \u00e1nimo de lucro que promueve el empoderamiento de personas con discapacidades intelectuales en Pakist\u00e1n a trav\u00e9s del deporte. Despu\u00e9s de ser voluntario en las <\/span><a href=\"https:\/\/www.specialolympics.org\/regions\/asia-pacific\/locations\/special-olympics-ap-pakistan.aspx\"><span style=\"font-weight: 400;\">Olimpiadas Especiales<\/span><\/a><span style=\"font-weight: 400;\"> durante nueve a\u00f1os, Daniyal tom\u00f3 el riesgo y se uni\u00f3 al equipo trabajando tiempo completo. Su compromiso lo llev\u00f3 a asumir el cargo de Director Nacional en Pakist\u00e1n, donde es el responsable de la gesti\u00f3n deportiva y el desarrollo comunitario. A trav\u00e9s de su apoyo y compromiso, Daniyal ha cambiado la narrativa sobre lo que significa vivir con una discapacidad para m\u00e1s de 7000 atletas en todo Pakist\u00e1n.<\/span><\/p>\n<figure id=\"attachment_25807\" class=\"wp-caption alignnone\" style=\"width: 800px;\" aria-describedby=\"caption-attachment-25807\"><img loading=\"lazy\" decoding=\"async\" class=\"wp-image-25807\" src=\"https:\/\/acumen.org\/app\/uploads\/2024\/03\/Danial-Alvi.jpg\" alt=\"\" width=\"800\" height=\"534\" \/>\n<figcaption id=\"caption-attachment-25807\" class=\"wp-caption-text\">Daniyal Alvi es el Director Nacional de las Olimpiadas Especiales en Pakist\u00e1n<\/figcaption>\n<\/figure>\n<p><span style=\"font-weight: 400;\">Estas son s\u00f3lo algunas de las historia de nuestra comunidad de Fellows. Sabemos que el trabajo en impacto social puede parecer demasiado complejo y solitario pero en Acumen estamos convencidos que, de uno en uno, podemos construir una masa cr\u00edtica de personas comprometidas con el pa\u00eds y con el mundo. \u00a0<\/span><\/p>\n<p><span style=\"font-weight: 400;\">\u00bfY t\u00fa, quieres hacer parte del cambio?\u00a0<\/span><\/p>\n<p>Las aplicaciones al Programa de Fellows de Acumen ya cerraron, pero si te interesa ser el primero en recibir informaci\u00f3n para las inscripciones del pr\u00f3ximo a\u00f1o <a href=\"https:\/\/acumen.org\/latinoamerica\/fellowships\/\">haz click aqu\u00ed.<\/a><\/p>\n\n<section class=\"wp-block-share-buttons text-container border-black border-t mt-15 mb-7.5 py-7.5\">\n    <div class=\"py-2.5 flex gap-10 items-center\" animate>\n      <h2 class=\"h4 m-0\">\n        Share\n      <\/h2>\n      <ul class=\"flex gap-2 items-center\" x-data=\"shareButtons('Enlace copiado', 'Lo sentimos, no pudimos copiar el enlace')\">\n\n        \n          <li>\n            <a class=\"h-7 w-7 link-no-underline rounded-full hover:bg-black hover:text-white active:bg-black active:text-white flex items-center justify-center shrink-0\" href=\"https:\/\/www.facebook.com\/sharer.php?t=Conoce%207%20ejemplos%20de%20l%C3%ADderes%20que%20el%20mundo%20necesita&amp;u=https:\/\/acumen.org\/es\/blog\/los-lideres-que-el-mundo-necesita\/\" target=\"_blank\" @click.prevent=\"open($el)\" title=\"Compartir en Facebook\">\n\n      <svg aria-hidden=\"true\" class=\"fill-current w-auto w-3.5 h-auto flex-shrink-0 relative z-5\" width=\"23\" height=\"22\" viewBox=\"0 0 23 22\" fill=\"none\" xmlns=\"http:\/\/www.w3.org\/2000\/svg\">\n<g>\n<path d=\"M12.8719 7.15463V9.12843H15.5091L15.0915 11.7872H12.8719V17.913C12.4269 17.9702 11.9716 18 11.5094 18C10.976 18 10.4521 17.9606 9.94193 17.8845V11.7872H7.50977V9.12843H9.94193V6.71341C9.94193 5.21513 11.2537 4 12.8726 4V4.00127C12.8774 4.00127 12.8815 4 12.8863 4H15.5098V6.29948H13.7955C13.2861 6.29948 12.8726 6.6823 12.8726 7.154L12.8719 7.15463Z\" fill=\"currentColor\"\/>\n<\/g>\n<\/svg>  \n  <span class=\"relative z-5 sr-only\">\n    Compartir en Facebook\n  <\/span>\n\n  <\/a>\n          <\/li>\n\n        \n          <li>\n            <a class=\"h-7 w-7 link-no-underline rounded-full hover:bg-black hover:text-white active:bg-black active:text-white flex items-center justify-center shrink-0\" href=\"https:\/\/twitter.com\/intent\/tweet?text=Conoce%207%20ejemplos%20de%20l%C3%ADderes%20que%20el%20mundo%20necesita&amp;url=https:\/\/acumen.org\/es\/blog\/los-lideres-que-el-mundo-necesita\/\" target=\"_blank\" @click.prevent=\"open($el)\" title=\"Compartir en X\/Twitter\">\n\n      <svg aria-hidden=\"true\" class=\"fill-current w-auto w-3.5 h-auto flex-shrink-0 relative z-5\" width=\"23\" height=\"22\" viewBox=\"0 0 23 22\" fill=\"none\" xmlns=\"http:\/\/www.w3.org\/2000\/svg\">\n<g>\n<path id=\"path1009\" d=\"M4.96324 4.85205L10.0349 11.6348L4.93164 17.1496H6.08052L10.5489 12.3216L14.1589 17.1496H18.0678L12.711 9.98536L17.4614 4.85205H16.3125L12.1978 9.29861L8.87295 4.85205H4.96324ZM6.65225 5.69835H8.44761L16.3772 16.3033H14.5819L6.65225 5.69835Z\" fill=\"currentColor\"\/>\n<\/g>\n<\/svg>  \n  <span class=\"relative z-5 sr-only\">\n    Compartir en X\/Twitter\n  <\/span>\n\n  <\/a>\n          <\/li>\n\n        \n          <li>\n            <a class=\"h-7 w-7 link-no-underline rounded-full hover:bg-black hover:text-white active:bg-black active:text-white flex items-center justify-center shrink-0\" href=\"https:\/\/www.linkedin.com\/shareArticle?title=Conoce%207%20ejemplos%20de%20l%C3%ADderes%20que%20el%20mundo%20necesita&amp;url=https:\/\/acumen.org\/es\/blog\/los-lideres-que-el-mundo-necesita\/\" target=\"_blank\" @click.prevent=\"open($el)\" title=\"Compartir en LinkedIn\">\n\n      <svg aria-hidden=\"true\" class=\"fill-current w-auto w-3.5 h-auto flex-shrink-0 relative z-5\" width=\"23\" height=\"22\" viewBox=\"0 0 23 22\" fill=\"none\" xmlns=\"http:\/\/www.w3.org\/2000\/svg\">\n<g>\n<path id=\"Vector_2\" d=\"M5.73849 7.31219C5.44877 7.04319 5.30469 6.71022 5.30469 6.31405C5.30469 5.91787 5.44954 5.57026 5.73849 5.30049C6.02822 5.03149 6.40116 4.89661 6.85809 4.89661C7.31502 4.89661 7.67333 5.03149 7.96228 5.30049C8.252 5.56949 8.39608 5.90785 8.39608 6.31405C8.39608 6.72024 8.25123 7.04319 7.96228 7.31219C7.67255 7.58118 7.305 7.71607 6.85809 7.71607C6.41118 7.71607 6.02822 7.58118 5.73849 7.31219ZM8.1526 8.85526V17.1025H5.5474V8.85526H8.1526Z\" fill=\"currentColor\"\/>\n<path id=\"Vector_3\" d=\"M16.8257 9.67004C17.3936 10.2867 17.6772 11.133 17.6772 12.2105V16.9569H15.203V12.545C15.203 12.0016 15.062 11.5792 14.7807 11.2786C14.4995 10.978 14.1204 10.827 13.6457 10.827C13.1711 10.827 12.7919 10.9773 12.5107 11.2786C12.2294 11.5792 12.0884 12.0016 12.0884 12.545V16.9569H9.59961V8.83221H12.0884V9.90974C12.3404 9.55057 12.6802 9.26693 13.1071 9.05805C13.534 8.84918 14.014 8.74512 14.548 8.74512C15.4989 8.74512 16.2586 9.05342 16.8257 9.66927V9.67004Z\" fill=\"currentColor\"\/>\n<\/g>\n<\/svg>  \n  <span class=\"relative z-5 sr-only\">\n    Compartir en LinkedIn\n  <\/span>\n\n  <\/a>\n          <\/li>\n\n        \n          <li>\n            <a class=\"h-7 w-7 link-no-underline rounded-full hover:bg-black hover:text-white active:bg-black active:text-white flex items-center justify-center shrink-0\" href=\"https:\/\/pinterest.com\/pin\/create\/button\/?description=Conoce%207%20ejemplos%20de%20l%C3%ADderes%20que%20el%20mundo%20necesita&amp;url=https:\/\/acumen.org\/es\/blog\/los-lideres-que-el-mundo-necesita\/\" target=\"_blank\" @click.prevent=\"open($el)\" title=\"Compartir en Pinterest\">\n\n      <svg aria-hidden=\"true\" class=\"fill-current w-auto w-3.5 h-auto flex-shrink-0 relative z-5\" xmlns=\"http:\/\/www.w3.org\/2000\/svg\" width=\"23\" height=\"23\" viewBox=\"0 0 23 23\" fill=\"none\">\n  <path fill-rule=\"evenodd\" clip-rule=\"evenodd\" d=\"M11.0838 13.9802C11.072 14.0175 11.061 14.0491 11.052 14.0807C10.5302 15.9513 10.4722 16.3668 9.93589 17.2357C9.68019 17.6487 9.39201 18.0401 9.07342 18.4145C9.03748 18.4569 9.00361 18.5112 8.93174 18.498C8.85296 18.4828 8.84674 18.4183 8.83845 18.3601C8.75275 17.7916 8.70507 17.2218 8.7258 16.6476C8.75275 15.9001 8.85365 15.6434 9.90686 11.591C9.92207 11.529 9.90479 11.4778 9.88267 11.4222C9.63043 10.7999 9.58067 10.1682 9.80112 9.52818C10.278 8.14578 11.9905 8.04017 12.2897 9.18036C12.4742 9.88548 11.9863 10.8088 11.6118 12.1735C11.3015 13.2991 12.75 14.0997 13.9877 13.2776C15.1294 12.52 15.5724 10.7038 15.488 9.41624C15.3222 6.84938 12.2462 6.29478 10.2953 7.12131C8.05822 8.06799 7.54958 10.6051 8.55994 11.7649C8.68779 11.9123 8.92898 12.0027 8.88682 12.152C8.82186 12.384 8.7645 12.618 8.69401 12.8488C8.64149 13.0209 8.34225 13.0834 8.1522 13.0126C7.77971 12.8748 7.46941 12.6579 7.21786 12.372C6.36022 11.4 6.11489 9.47758 7.24896 7.84982C8.50535 6.04688 10.8426 5.3171 12.9766 5.53844C15.5254 5.80341 17.1363 7.39703 17.4376 9.20502C17.5751 10.0284 17.4763 12.059 16.213 13.4945C14.7596 15.1438 12.4037 15.2532 11.3167 14.2407C11.233 14.1629 11.166 14.0725 11.0838 13.9795V13.9802Z\" fill=\"currentColor\"\/>\n<\/svg>  \n  <span class=\"relative z-5 sr-only\">\n    Compartir en Pinterest\n  <\/span>\n\n  <\/a>\n          <\/li>\n\n        \n          <li>\n            <a class=\"h-7 w-7 link-no-underline rounded-full hover:bg-black hover:text-white active:bg-black active:text-white flex items-center justify-center shrink-0\" href=\"mailto:?subject=Conoce%207%20ejemplos%20de%20l%C3%ADderes%20que%20el%20mundo%20necesita&amp;body=https:\/\/acumen.org\/es\/blog\/los-lideres-que-el-mundo-necesita\/\" target=\"_blank\" @click.prevent=\"open($el)\" title=\"Compartir via correo electr\u00f3nico\">\n\n      <svg aria-hidden=\"true\" class=\"fill-current w-auto w-3.5 h-auto flex-shrink-0 relative z-5\" xmlns=\"http:\/\/www.w3.org\/2000\/svg\" width=\"23\" height=\"23\" viewBox=\"0 0 23 23\" fill=\"none\">\n  <g>\n      <path d=\"M5.66563 17.1939C5.30938 17.1939 5.0026 17.0652 4.74531 16.8079C4.48802 16.5506 4.35938 16.2439 4.35938 15.8876V7.61265C4.35938 7.2564 4.48802 6.94963 4.74531 6.69233C5.0026 6.43504 5.30938 6.3064 5.66563 6.3064H17.8406C18.2063 6.3064 18.5155 6.43504 18.768 6.69233C19.0206 6.94963 19.1468 7.2564 19.1468 7.61265V15.8876C19.1468 16.2439 19.0206 16.5506 18.768 16.8079C18.5155 17.0652 18.2063 17.1939 17.8406 17.1939H5.66563ZM18.0906 8.63604L12.1078 12.1579C12.0517 12.1933 11.9939 12.2212 11.9344 12.2415C11.8748 12.2618 11.8144 12.272 11.7531 12.272C11.6854 12.272 11.6284 12.2618 11.582 12.2415C11.5357 12.2212 11.4818 12.1954 11.4204 12.164L5.4156 8.63604V15.8876C5.4156 15.9605 5.43905 16.0204 5.48593 16.0673C5.53281 16.1142 5.59271 16.1376 5.66563 16.1376H17.8406C17.9135 16.1376 17.9734 16.1142 18.0203 16.0673C18.0672 16.0204 18.0906 15.9605 18.0906 15.8876V8.63604ZM11.7531 10.9986L17.9453 7.36263H5.58123L11.7531 10.9986ZM5.4156 8.3739V8.54104V7.74231V7.75636V7.73059V8.54276V8.37567V16.1376V8.3739Z\" fill=\"currentColor\"\/>\n  <\/g>\n<\/svg>  \n  <span class=\"relative z-5 sr-only\">\n    Compartir via correo electr\u00f3nico\n  <\/span>\n\n  <\/a>\n          <\/li>\n\n        \n        \n        <li class=\"relative\" x-id=\"['tooltip']\">\n\n          <button class=\"h-7 w-7 link-no-underline rounded-full hover:bg-black hover:text-white active:bg-black active:text-white flex items-center justify-center shrink-0\" @click=\"copyLink()\" x-bind:aria-describedby=\"tooltip &#038;&#038; $id('tooltip')\" title=\"Copy link\">\n\n      <svg aria-hidden=\"true\" class=\"fill-current pr-0.5 w-auto w-3.5 h-auto flex-shrink-0 relative z-5\" xmlns=\"http:\/\/www.w3.org\/2000\/svg\" width=\"23\" height=\"23\" viewBox=\"0 0 23 23\">\n  <g>\n      <path d=\"M15.3387 18.1395C14.7972 18.1395 14.3367 17.9499 13.9572 17.5707C13.5776 17.1915 13.3878 16.7311 13.3878 16.1894C13.3878 16.0891 13.3949 15.9974 13.409 15.9144C13.4231 15.8314 13.4442 15.7381 13.4724 15.6344L9.00773 12.9003C8.84409 13.0985 8.64654 13.2412 8.41507 13.3285C8.18362 13.4157 7.93844 13.4594 7.67952 13.4594C7.13784 13.4594 6.67742 13.2699 6.29825 12.8908C5.91908 12.5118 5.72949 12.0516 5.72949 11.5101C5.72949 10.9687 5.91908 10.5082 6.29825 10.1286C6.67742 9.74909 7.13784 9.55931 7.67952 9.55931C7.93497 9.55931 8.1793 9.6059 8.41249 9.69908C8.64567 9.79227 8.84409 9.93204 9.00773 10.1184L13.4724 7.38425C13.4442 7.28062 13.4231 7.18729 13.409 7.10426C13.3949 7.02125 13.3878 6.92958 13.3878 6.82924C13.3878 6.28756 13.5774 5.82714 13.9564 5.44797C14.3354 5.0688 14.7956 4.87921 15.3371 4.87921C15.8785 4.87921 16.339 5.06872 16.7186 5.44774C17.0981 5.82676 17.2879 6.28699 17.2879 6.82844C17.2879 7.36989 17.0983 7.83039 16.7191 8.20994C16.34 8.58949 15.8795 8.77926 15.3379 8.77926C15.0789 8.77926 14.8338 8.73563 14.6023 8.64836C14.3708 8.56108 14.1733 8.41835 14.0097 8.22017L9.545 10.9543C9.57319 11.058 9.59432 11.1511 9.60841 11.2338C9.6225 11.3165 9.62954 11.4079 9.62954 11.5079C9.62954 11.608 9.6225 11.6998 9.60841 11.7834C9.59432 11.8671 9.57319 11.9607 9.545 12.0644L14.0097 14.7985C14.1733 14.5885 14.3708 14.4428 14.6023 14.3615C14.8338 14.2801 15.0789 14.2394 15.3379 14.2394C15.8795 14.2394 16.34 14.4289 16.7191 14.8079C17.0983 15.187 17.2879 15.6472 17.2879 16.1886C17.2879 16.7301 17.0984 17.1906 16.7194 17.5701C16.3403 17.9497 15.8801 18.1395 15.3387 18.1395ZM15.3379 7.85746C15.6244 7.85746 15.8674 7.75773 16.0669 7.55827C16.2664 7.3588 16.3661 7.11579 16.3661 6.82924C16.3661 6.54269 16.2664 6.29968 16.0669 6.1002C15.8674 5.90074 15.6244 5.80102 15.3379 5.80102C15.0513 5.80102 14.8083 5.90074 14.6088 6.1002C14.4094 6.29968 14.3096 6.54269 14.3096 6.82924C14.3096 7.11579 14.4094 7.3588 14.6088 7.55827C14.8083 7.75773 15.0513 7.85746 15.3379 7.85746ZM7.67952 12.5376C7.96607 12.5376 8.20908 12.4378 8.40855 12.2384C8.60801 12.0389 8.70774 11.7959 8.70774 11.5093C8.70774 11.2228 8.60801 10.9798 8.40855 10.7803C8.20908 10.5808 7.96607 10.4811 7.67952 10.4811C7.39297 10.4811 7.14996 10.5808 6.95048 10.7803C6.75103 10.9798 6.65129 11.2228 6.65129 11.5093C6.65129 11.7959 6.75103 12.0389 6.95048 12.2384C7.14996 12.4378 7.39297 12.5376 7.67952 12.5376ZM15.3379 17.2177C15.6244 17.2177 15.8674 17.1179 16.0669 16.9185C16.2664 16.719 16.3661 16.476 16.3661 16.1894C16.3661 15.9029 16.2664 15.6599 16.0669 15.4604C15.8674 15.261 15.6244 15.1612 15.3379 15.1612C15.0513 15.1612 14.8083 15.261 14.6088 15.4604C14.4094 15.6599 14.3096 15.9029 14.3096 16.1894C14.3096 16.476 14.4094 16.719 14.6088 16.9185C14.8083 17.1179 15.0513 17.2177 15.3379 17.2177Z\" fill=\"currentColor\"\/>\n    <\/g>\n<\/svg>  \n  <span class=\"relative z-5 sr-only\">\n    \n  <\/span>\n\n  <\/button>\n          <div \n            :id=\"$id('tooltip')\" \n            x-show=\"tooltip\"\n            x-text=\"tooltip\"\n            class=\"absolute bg-black text-white rounded-md py-1 px-2 text-sm whitespace-nowrap left-1\/2 -translate-x-1\/2 -top-9\"\n          ><\/div>\n        <\/li>\n      <\/ul>\n    <\/div>\n\n  <\/section>\n","protected":false},"excerpt":{"rendered":"<p>Conoce 7 historias inspiradoras donde los Fellows de Acumen enfrentaron situaciones complejas y lograron salir adelante. Lanzamos aplicaciones para la cohorte de Fellows Acumen 2019. Pero antes de decirte que apliques, d\u00e9janos contarte un poco m\u00e1s acerca de qui\u00e9nes son los Fellows. [Mira qu\u00e9 es una cohorte] Los Fellows de Acumen son una comunidad de &hellip; <a href=\"https:\/\/acumen.org\/es\/blog\/los-lideres-que-el-mundo-necesita\/\">Continuado<\/a><\/p>\n","protected":false},"author":[],"featured_media":7433,"comment_status":"open","ping_status":"closed","sticky":false,"template":"","format":"standard","meta":{"_acf_changed":false,"content-type":"","_relevanssi_hide_post":"","_relevanssi_hide_content":"","_relevanssi_pin_for_all":"","_relevanssi_pin_keywords":"","_relevanssi_unpin_keywords":"","_relevanssi_related_keywords":"","_relevanssi_related_include_ids":"","_relevanssi_related_exclude_ids":"","_relevanssi_related_no_append":"","_relevanssi_related_not_related":"","_relevanssi_related_posts":"611,606,607,580,10567,600","_relevanssi_noindex_reason":"","footnotes":""},"categories":[178],"tags":[],"blog-type":[220],"problem":[],"region":[217],"year":[],"media-format":[213],"class_list":["post-10798","post","type-post","status-publish","format-standard","has-post-thumbnail","hentry","category-sin-categorizar"],"acf":[],"yoast_head":"<!-- This site is optimized with the Yoast SEO Premium plugin v27.4 (Yoast SEO v27.4) - https:\/\/yoast.com\/product\/yoast-seo-premium-wordpress\/ -->\n<title>Conoce 7 ejemplos de l\u00edderes que el mundo necesita - Acumen<\/title>\n<meta name=\"robots\" content=\"index, follow, max-snippet:-1, max-image-preview:large, max-video-preview:-1\" \/>\n<link rel=\"canonical\" href=\"https:\/\/acumen.org\/es\/blog\/los-lideres-que-el-mundo-necesita\/\" \/>\n<meta property=\"og:locale\" content=\"es_ES\" \/>\n<meta property=\"og:type\" content=\"article\" \/>\n<meta property=\"og:title\" content=\"Conoce 7 ejemplos de l\u00edderes que el mundo necesita\" \/>\n<meta property=\"og:description\" content=\"Conoce 7 historias inspiradoras donde los Fellows de Acumen enfrentaron situaciones complejas y lograron salir adelante. Lanzamos aplicaciones para la cohorte de Fellows Acumen 2019. Pero antes de decirte que apliques, d\u00e9janos contarte un poco m\u00e1s acerca de qui\u00e9nes son los Fellows. [Mira qu\u00e9 es una cohorte] Los Fellows de Acumen son una comunidad de &hellip; Continuado\" \/>\n<meta property=\"og:url\" content=\"https:\/\/acumen.org\/es\/blog\/los-lideres-que-el-mundo-necesita\/\" \/>\n<meta property=\"og:site_name\" content=\"Acumen\" \/>\n<meta property=\"article:publisher\" content=\"https:\/\/www.facebook.com\/acumenfund\/\" \/>\n<meta property=\"article:published_time\" content=\"2018-07-17T20:10:36+00:00\" \/>\n<meta property=\"article:modified_time\" content=\"2025-05-13T18:05:39+00:00\" \/>\n<meta property=\"og:image\" content=\"https:\/\/acumen.org\/app\/uploads\/2024\/03\/Danial-Alvi-3.jpg\" \/>\n\t<meta property=\"og:image:width\" content=\"2048\" \/>\n\t<meta property=\"og:image:height\" content=\"1367\" \/>\n\t<meta property=\"og:image:type\" content=\"image\/jpeg\" \/>\n<meta name=\"author\" content=\"Acumen\" \/>\n<meta name=\"twitter:card\" content=\"summary_large_image\" \/>\n<meta name=\"twitter:creator\" content=\"@Acumen\" \/>\n<meta name=\"twitter:site\" content=\"@Acumen\" \/>\n<meta name=\"twitter:label1\" content=\"Escrito por\" \/>\n\t<meta name=\"twitter:data1\" content=\"Acumen\" \/>\n\t<meta name=\"twitter:label2\" content=\"Tiempo de lectura\" \/>\n\t<meta name=\"twitter:data2\" content=\"7 minutes\" \/>\n<script type=\"application\/ld+json\" class=\"yoast-schema-graph\">{\"@context\":\"https:\\\/\\\/schema.org\",\"@graph\":[{\"@type\":\"Article\",\"@id\":\"https:\\\/\\\/acumen.org\\\/es\\\/blog\\\/los-lideres-que-el-mundo-necesita\\\/#article\",\"isPartOf\":{\"@id\":\"https:\\\/\\\/acumen.org\\\/es\\\/blog\\\/los-lideres-que-el-mundo-necesita\\\/\"},\"author\":{\"name\":\"Acumen\",\"@id\":\"https:\\\/\\\/acumen.org\\\/es\\\/#\\\/schema\\\/person\\\/cc23269de4eed510141e42eae895c0dc\"},\"headline\":\"Conoce 7 ejemplos de l\u00edderes que el mundo necesita\",\"datePublished\":\"2018-07-17T20:10:36+00:00\",\"dateModified\":\"2025-05-13T18:05:39+00:00\",\"mainEntityOfPage\":{\"@id\":\"https:\\\/\\\/acumen.org\\\/es\\\/blog\\\/los-lideres-que-el-mundo-necesita\\\/\"},\"wordCount\":1394,\"commentCount\":0,\"publisher\":{\"@id\":\"https:\\\/\\\/acumen.org\\\/es\\\/#organization\"},\"image\":{\"@id\":\"https:\\\/\\\/acumen.org\\\/es\\\/blog\\\/los-lideres-que-el-mundo-necesita\\\/#primaryimage\"},\"thumbnailUrl\":\"https:\\\/\\\/acumen.org\\\/wp-content\\\/uploads\\\/2024\\\/03\\\/Danial-Alvi-3.jpg\",\"articleSection\":[\"Sin categorizar\"],\"inLanguage\":\"es-ES\",\"potentialAction\":[{\"@type\":\"CommentAction\",\"name\":\"Comment\",\"target\":[\"https:\\\/\\\/acumen.org\\\/es\\\/blog\\\/los-lideres-que-el-mundo-necesita\\\/#respond\"]}]},{\"@type\":\"WebPage\",\"@id\":\"https:\\\/\\\/acumen.org\\\/es\\\/blog\\\/los-lideres-que-el-mundo-necesita\\\/\",\"url\":\"https:\\\/\\\/acumen.org\\\/es\\\/blog\\\/los-lideres-que-el-mundo-necesita\\\/\",\"name\":\"Conoce 7 ejemplos de l\u00edderes que el mundo necesita - Acumen\",\"isPartOf\":{\"@id\":\"https:\\\/\\\/acumen.org\\\/es\\\/#website\"},\"primaryImageOfPage\":{\"@id\":\"https:\\\/\\\/acumen.org\\\/es\\\/blog\\\/los-lideres-que-el-mundo-necesita\\\/#primaryimage\"},\"image\":{\"@id\":\"https:\\\/\\\/acumen.org\\\/es\\\/blog\\\/los-lideres-que-el-mundo-necesita\\\/#primaryimage\"},\"thumbnailUrl\":\"https:\\\/\\\/acumen.org\\\/wp-content\\\/uploads\\\/2024\\\/03\\\/Danial-Alvi-3.jpg\",\"datePublished\":\"2018-07-17T20:10:36+00:00\",\"dateModified\":\"2025-05-13T18:05:39+00:00\",\"breadcrumb\":{\"@id\":\"https:\\\/\\\/acumen.org\\\/es\\\/blog\\\/los-lideres-que-el-mundo-necesita\\\/#breadcrumb\"},\"inLanguage\":\"es-ES\",\"potentialAction\":[{\"@type\":\"ReadAction\",\"target\":[\"https:\\\/\\\/acumen.org\\\/es\\\/blog\\\/los-lideres-que-el-mundo-necesita\\\/\"]}]},{\"@type\":\"ImageObject\",\"inLanguage\":\"es-ES\",\"@id\":\"https:\\\/\\\/acumen.org\\\/es\\\/blog\\\/los-lideres-que-el-mundo-necesita\\\/#primaryimage\",\"url\":\"https:\\\/\\\/acumen.org\\\/wp-content\\\/uploads\\\/2024\\\/03\\\/Danial-Alvi-3.jpg\",\"contentUrl\":\"https:\\\/\\\/acumen.org\\\/wp-content\\\/uploads\\\/2024\\\/03\\\/Danial-Alvi-3.jpg\",\"width\":2048,\"height\":1367},{\"@type\":\"BreadcrumbList\",\"@id\":\"https:\\\/\\\/acumen.org\\\/es\\\/blog\\\/los-lideres-que-el-mundo-necesita\\\/#breadcrumb\",\"itemListElement\":[{\"@type\":\"ListItem\",\"position\":1,\"name\":\"Home\",\"item\":\"https:\\\/\\\/acumen.org\\\/es\\\/\"},{\"@type\":\"ListItem\",\"position\":2,\"name\":\"Conoce 7 ejemplos de l\u00edderes que el mundo necesita\"}]},{\"@type\":\"WebSite\",\"@id\":\"https:\\\/\\\/acumen.org\\\/es\\\/#website\",\"url\":\"https:\\\/\\\/acumen.org\\\/es\\\/\",\"name\":\"Acumen\",\"description\":\"\",\"publisher\":{\"@id\":\"https:\\\/\\\/acumen.org\\\/es\\\/#organization\"},\"potentialAction\":[{\"@type\":\"SearchAction\",\"target\":{\"@type\":\"EntryPoint\",\"urlTemplate\":\"https:\\\/\\\/acumen.org\\\/es\\\/?s={search_term_string}\"},\"query-input\":{\"@type\":\"PropertyValueSpecification\",\"valueRequired\":true,\"valueName\":\"search_term_string\"}}],\"inLanguage\":\"es-ES\"},{\"@type\":\"Organization\",\"@id\":\"https:\\\/\\\/acumen.org\\\/es\\\/#organization\",\"name\":\"Acumen\",\"url\":\"https:\\\/\\\/acumen.org\\\/es\\\/\",\"logo\":{\"@type\":\"ImageObject\",\"inLanguage\":\"es-ES\",\"@id\":\"https:\\\/\\\/acumen.org\\\/es\\\/#\\\/schema\\\/logo\\\/image\\\/\",\"url\":\"https:\\\/\\\/acumen.org\\\/app\\\/uploads\\\/2021\\\/03\\\/Acumen.png\",\"contentUrl\":\"https:\\\/\\\/acumen.org\\\/app\\\/uploads\\\/2021\\\/03\\\/Acumen.png\",\"width\":3334,\"height\":2480,\"caption\":\"Acumen\"},\"image\":{\"@id\":\"https:\\\/\\\/acumen.org\\\/es\\\/#\\\/schema\\\/logo\\\/image\\\/\"},\"sameAs\":[\"https:\\\/\\\/www.facebook.com\\\/acumenfund\\\/\",\"https:\\\/\\\/x.com\\\/Acumen\",\"https:\\\/\\\/www.instagram.com\\\/acumenorg\\\/\",\"https:\\\/\\\/www.linkedin.com\\\/company\\\/acumen-fund\\\/\",\"https:\\\/\\\/www.youtube.com\\\/channel\\\/UCpuoLfl6gZl2jDa8lAlC8YQ\"],\"description\":\"We invest across the capital continuum to help transformational companies grow from seed to scale. acumen invests patient capital in business models that deliver critical, affordable goods and services to the world's poor, improving the lives of millions. Since 2001, Acumen has invested in businesses that provide access to healthcare, energy, education, water & sanitation, housing, financial services, and agricultural services to low-income customers. Our investments are addressing the problems of poverty in East and West Africa, South Asia, Latin America, and the United States.\",\"telephone\":\"1-212-566-8821\",\"legalName\":\"Acumen Fund, Inc.\",\"taxID\":\"13-4166228\",\"ownershipFundingInfo\":\"https:\\\/\\\/acumen.org\\\/financials\\\/\",\"ethicsPolicy\":\"https:\\\/\\\/acumen.org\\\/anti-corruption-policy\\\/\"},{\"@type\":\"Person\",\"@id\":\"https:\\\/\\\/acumen.org\\\/es\\\/#\\\/schema\\\/person\\\/cc23269de4eed510141e42eae895c0dc\",\"name\":\"Acumen\",\"image\":{\"@type\":\"ImageObject\",\"inLanguage\":\"es-ES\",\"@id\":\"https:\\\/\\\/secure.gravatar.com\\\/avatar\\\/44f8fbe9133793fb949c95942f8d9143ecb31b1d9d2c362c7f6f76de0e43d5ba?s=96&d=mm&r=g\",\"url\":\"https:\\\/\\\/secure.gravatar.com\\\/avatar\\\/44f8fbe9133793fb949c95942f8d9143ecb31b1d9d2c362c7f6f76de0e43d5ba?s=96&d=mm&r=g\",\"contentUrl\":\"https:\\\/\\\/secure.gravatar.com\\\/avatar\\\/44f8fbe9133793fb949c95942f8d9143ecb31b1d9d2c362c7f6f76de0e43d5ba?s=96&d=mm&r=g\",\"caption\":\"Acumen\"}}]}<\/script>\n<!-- \/ Yoast SEO Premium plugin. -->","yoast_head_json":{"title":"Conoce 7 ejemplos de l\u00edderes que el mundo necesita - Acumen","robots":{"index":"index","follow":"follow","max-snippet":"max-snippet:-1","max-image-preview":"max-image-preview:large","max-video-preview":"max-video-preview:-1"},"canonical":"https:\/\/acumen.org\/es\/blog\/los-lideres-que-el-mundo-necesita\/","og_locale":"es_ES","og_type":"article","og_title":"Conoce 7 ejemplos de l\u00edderes que el mundo necesita","og_description":"Conoce 7 historias inspiradoras donde los Fellows de Acumen enfrentaron situaciones complejas y lograron salir adelante. Lanzamos aplicaciones para la cohorte de Fellows Acumen 2019. Pero antes de decirte que apliques, d\u00e9janos contarte un poco m\u00e1s acerca de qui\u00e9nes son los Fellows. [Mira qu\u00e9 es una cohorte] Los Fellows de Acumen son una comunidad de &hellip; Continuado","og_url":"https:\/\/acumen.org\/es\/blog\/los-lideres-que-el-mundo-necesita\/","og_site_name":"Acumen","article_publisher":"https:\/\/www.facebook.com\/acumenfund\/","article_published_time":"2018-07-17T20:10:36+00:00","article_modified_time":"2025-05-13T18:05:39+00:00","og_image":[{"width":2048,"height":1367,"url":"https:\/\/acumen.org\/app\/uploads\/2024\/03\/Danial-Alvi-3.jpg","type":"image\/jpeg"}],"author":"Acumen","twitter_card":"summary_large_image","twitter_creator":"@Acumen","twitter_site":"@Acumen","twitter_misc":{"Escrito por":"Acumen","Tiempo de lectura":"7 minutes"},"schema":{"@context":"https:\/\/schema.org","@graph":[{"@type":"Article","@id":"https:\/\/acumen.org\/es\/blog\/los-lideres-que-el-mundo-necesita\/#article","isPartOf":{"@id":"https:\/\/acumen.org\/es\/blog\/los-lideres-que-el-mundo-necesita\/"},"author":{"name":"Acumen","@id":"https:\/\/acumen.org\/es\/#\/schema\/person\/cc23269de4eed510141e42eae895c0dc"},"headline":"Conoce 7 ejemplos de l\u00edderes que el mundo necesita","datePublished":"2018-07-17T20:10:36+00:00","dateModified":"2025-05-13T18:05:39+00:00","mainEntityOfPage":{"@id":"https:\/\/acumen.org\/es\/blog\/los-lideres-que-el-mundo-necesita\/"},"wordCount":1394,"commentCount":0,"publisher":{"@id":"https:\/\/acumen.org\/es\/#organization"},"image":{"@id":"https:\/\/acumen.org\/es\/blog\/los-lideres-que-el-mundo-necesita\/#primaryimage"},"thumbnailUrl":"https:\/\/acumen.org\/wp-content\/uploads\/2024\/03\/Danial-Alvi-3.jpg","articleSection":["Sin categorizar"],"inLanguage":"es-ES","potentialAction":[{"@type":"CommentAction","name":"Comment","target":["https:\/\/acumen.org\/es\/blog\/los-lideres-que-el-mundo-necesita\/#respond"]}]},{"@type":"WebPage","@id":"https:\/\/acumen.org\/es\/blog\/los-lideres-que-el-mundo-necesita\/","url":"https:\/\/acumen.org\/es\/blog\/los-lideres-que-el-mundo-necesita\/","name":"Conoce 7 ejemplos de l\u00edderes que el mundo necesita - Acumen","isPartOf":{"@id":"https:\/\/acumen.org\/es\/#website"},"primaryImageOfPage":{"@id":"https:\/\/acumen.org\/es\/blog\/los-lideres-que-el-mundo-necesita\/#primaryimage"},"image":{"@id":"https:\/\/acumen.org\/es\/blog\/los-lideres-que-el-mundo-necesita\/#primaryimage"},"thumbnailUrl":"https:\/\/acumen.org\/wp-content\/uploads\/2024\/03\/Danial-Alvi-3.jpg","datePublished":"2018-07-17T20:10:36+00:00","dateModified":"2025-05-13T18:05:39+00:00","breadcrumb":{"@id":"https:\/\/acumen.org\/es\/blog\/los-lideres-que-el-mundo-necesita\/#breadcrumb"},"inLanguage":"es-ES","potentialAction":[{"@type":"ReadAction","target":["https:\/\/acumen.org\/es\/blog\/los-lideres-que-el-mundo-necesita\/"]}]},{"@type":"ImageObject","inLanguage":"es-ES","@id":"https:\/\/acumen.org\/es\/blog\/los-lideres-que-el-mundo-necesita\/#primaryimage","url":"https:\/\/acumen.org\/wp-content\/uploads\/2024\/03\/Danial-Alvi-3.jpg","contentUrl":"https:\/\/acumen.org\/wp-content\/uploads\/2024\/03\/Danial-Alvi-3.jpg","width":2048,"height":1367},{"@type":"BreadcrumbList","@id":"https:\/\/acumen.org\/es\/blog\/los-lideres-que-el-mundo-necesita\/#breadcrumb","itemListElement":[{"@type":"ListItem","position":1,"name":"Home","item":"https:\/\/acumen.org\/es\/"},{"@type":"ListItem","position":2,"name":"Conoce 7 ejemplos de l\u00edderes que el mundo necesita"}]},{"@type":"WebSite","@id":"https:\/\/acumen.org\/es\/#website","url":"https:\/\/acumen.org\/es\/","name":"Acumen","description":"","publisher":{"@id":"https:\/\/acumen.org\/es\/#organization"},"potentialAction":[{"@type":"SearchAction","target":{"@type":"EntryPoint","urlTemplate":"https:\/\/acumen.org\/es\/?s={search_term_string}"},"query-input":{"@type":"PropertyValueSpecification","valueRequired":true,"valueName":"search_term_string"}}],"inLanguage":"es-ES"},{"@type":"Organization","@id":"https:\/\/acumen.org\/es\/#organization","name":"Acumen","url":"https:\/\/acumen.org\/es\/","logo":{"@type":"ImageObject","inLanguage":"es-ES","@id":"https:\/\/acumen.org\/es\/#\/schema\/logo\/image\/","url":"https:\/\/acumen.org\/app\/uploads\/2021\/03\/Acumen.png","contentUrl":"https:\/\/acumen.org\/app\/uploads\/2021\/03\/Acumen.png","width":3334,"height":2480,"caption":"Acumen"},"image":{"@id":"https:\/\/acumen.org\/es\/#\/schema\/logo\/image\/"},"sameAs":["https:\/\/www.facebook.com\/acumenfund\/","https:\/\/x.com\/Acumen","https:\/\/www.instagram.com\/acumenorg\/","https:\/\/www.linkedin.com\/company\/acumen-fund\/","https:\/\/www.youtube.com\/channel\/UCpuoLfl6gZl2jDa8lAlC8YQ"],"description":"We invest across the capital continuum to help transformational companies grow from seed to scale. acumen invests patient capital in business models that deliver critical, affordable goods and services to the world's poor, improving the lives of millions. Since 2001, Acumen has invested in businesses that provide access to healthcare, energy, education, water & sanitation, housing, financial services, and agricultural services to low-income customers. Our investments are addressing the problems of poverty in East and West Africa, South Asia, Latin America, and the United States.","telephone":"1-212-566-8821","legalName":"Acumen Fund, Inc.","taxID":"13-4166228","ownershipFundingInfo":"https:\/\/acumen.org\/financials\/","ethicsPolicy":"https:\/\/acumen.org\/anti-corruption-policy\/"},{"@type":"Person","@id":"https:\/\/acumen.org\/es\/#\/schema\/person\/cc23269de4eed510141e42eae895c0dc","name":"Acumen","image":{"@type":"ImageObject","inLanguage":"es-ES","@id":"https:\/\/secure.gravatar.com\/avatar\/44f8fbe9133793fb949c95942f8d9143ecb31b1d9d2c362c7f6f76de0e43d5ba?s=96&d=mm&r=g","url":"https:\/\/secure.gravatar.com\/avatar\/44f8fbe9133793fb949c95942f8d9143ecb31b1d9d2c362c7f6f76de0e43d5ba?s=96&d=mm&r=g","contentUrl":"https:\/\/secure.gravatar.com\/avatar\/44f8fbe9133793fb949c95942f8d9143ecb31b1d9d2c362c7f6f76de0e43d5ba?s=96&d=mm&r=g","caption":"Acumen"}}]}},"_links":{"self":[{"href":"https:\/\/acumen.org\/es\/wp-json\/wp\/v2\/posts\/10798","targetHints":{"allow":["GET"]}}],"collection":[{"href":"https:\/\/acumen.org\/es\/wp-json\/wp\/v2\/posts"}],"about":[{"href":"https:\/\/acumen.org\/es\/wp-json\/wp\/v2\/types\/post"}],"author":[{"embeddable":true,"href":"https:\/\/acumen.org\/es\/wp-json\/wp\/v2\/users\/30"}],"replies":[{"embeddable":true,"href":"https:\/\/acumen.org\/es\/wp-json\/wp\/v2\/comments?post=10798"}],"version-history":[{"count":0,"href":"https:\/\/acumen.org\/es\/wp-json\/wp\/v2\/posts\/10798\/revisions"}],"wp:featuredmedia":[{"embeddable":true,"href":"https:\/\/acumen.org\/es\/wp-json\/wp\/v2\/media\/7433"}],"wp:attachment":[{"href":"https:\/\/acumen.org\/es\/wp-json\/wp\/v2\/media?parent=10798"}],"wp:term":[{"taxonomy":"category","embeddable":true,"href":"https:\/\/acumen.org\/es\/wp-json\/wp\/v2\/categories?post=10798"},{"taxonomy":"post_tag","embeddable":true,"href":"https:\/\/acumen.org\/es\/wp-json\/wp\/v2\/tags?post=10798"},{"taxonomy":"blog-type","embeddable":true,"href":"https:\/\/acumen.org\/es\/wp-json\/wp\/v2\/blog-type?post=10798"},{"taxonomy":"problem-tax","embeddable":true,"href":"https:\/\/acumen.org\/es\/wp-json\/wp\/v2\/problem?post=10798"},{"taxonomy":"region-tax","embeddable":true,"href":"https:\/\/acumen.org\/es\/wp-json\/wp\/v2\/region?post=10798"},{"taxonomy":"acumen-year","embeddable":true,"href":"https:\/\/acumen.org\/es\/wp-json\/wp\/v2\/year?post=10798"},{"taxonomy":"post-author","embeddable":true,"href":"https:\/\/acumen.org\/es\/wp-json\/wp\/v2\/author?post=10798"},{"taxonomy":"media-format","embeddable":true,"href":"https:\/\/acumen.org\/es\/wp-json\/wp\/v2\/media-format?post=10798"}],"curies":[{"name":"wp","href":"https:\/\/api.w.org\/{rel}","templated":true}]}}