{"id":10802,"date":"2019-01-15T22:26:47","date_gmt":"2019-01-16T02:26:47","guid":{"rendered":"https:\/\/acumenbw.wpenginepowered.com\/blog\/conoce-los-fellows-de-acumen-colombia\/"},"modified":"2025-05-13T14:05:13","modified_gmt":"2025-05-13T18:05:13","slug":"conoce-los-fellows-de-acumen-colombia","status":"publish","type":"post","link":"https:\/\/acumen.org\/es\/blog\/conoce-los-fellows-de-acumen-colombia\/","title":{"rendered":"Conoce los Fellows de Acumen del 2019 y a la cohorte pionera en Colombia"},"content":{"rendered":"<p>Empezar un a\u00f1o nos hace pensar en el futuro y en el por qu\u00e9 de lo que hacemos. Hoy, despu\u00e9s de meses de espera desde el anuncio de <u><a href=\"https:\/\/acumen.org\/blog\/acumen-expande-su-reconocido-programa-de-liderazgo-empezando-en-america-latina\/\">lanzamiento<\/a><\/u>, estamos muy emocionados de anunciar los Fellows de Acumen que har\u00e1n parte de nuestro Programa en el 2019. Ellos son 104 l\u00edderes extraordinarios que est\u00e1n creando cambios en sus comunidades. 81 son de pa\u00edses como \u00c1frica del Este, \u00c1frica del Oeste, India, Pakist\u00e1n, y 23 son colombianos, la cohorte pionera en Colombia apoyada por la <a href=\"https:\/\/www.fmsd.org.co\/\">Fundaci\u00f3n Mario Santo Domingo.<\/a><\/p>\n<p>Actualmente en Colombia vivimos desaf\u00edos complejos, contamos con altos \u00edndices de desigualdad y muchas zonas del pa\u00eds han sido olvidadas o vulneradas a causa del conflicto. Al mismo tiempo, y en todos los rincones del pa\u00eds tenemos personas que trabajan en iniciativas que benefician a comunidades vulneradas y que buscan reconstruir el tejido social en los diferentes territorios y desde diferentes sectores y quehaceres. Hoy damos un paso enorme al contar con los primeros 23 agentes de cambio que trabajan d\u00eda a d\u00eda para construir una nueva Colombia, y estamos muy orgullosos de esto. Es una cohorte pionera para el Programa al ser hispanohablante y latina, y este es solo el comienzo \u00bfno es muy emocionante?<\/p>\n<p>Alrededor del mundo actuamos como un im\u00e1n que atrae a individuos extraordinarios que trabajan desde la promoci\u00f3n en comunidades rurales el empoderamiento femenino en Ghana, hasta emprendedores que usan el f\u00fatbol como una herramienta para unir comunidades que han sido divididas por la violencia en Latinoam\u00e9rica. Sabemos que los Fellows de Acumen que har\u00e1n parte del Programa en el 2019 est\u00e1n abordando los retos m\u00e1s complejos que enfrentan sus comunidades, y que est\u00e1n dispuestos a seguir recorriendo el camino de aprendizajes que tenemos por delante.<\/p>\n<p>Hasta el momento, esta es la cohorte m\u00e1s diversa que hemos tenido en los 13 a\u00f1os del Programa de Fellows de Acumen. Estamos muy felices de saber que es un grupo con igual n\u00famero de hombres y mujeres, y que este incluye personas incre\u00edbles de m\u00e1s de 13 pa\u00edses y m\u00e1s de 50 ciudades y municipios alrededor del mundo. \u00a0La cohorte colombiana en s\u00ed misma, es un espejo de diversas dimensiones de la sociedad Colombiana y una oportunidad \u00fanica de tener bajo un mismo techo el encuentro de diferentes colombias.<\/p>\n<p>En el transcurso del a\u00f1o, los Fellows participar\u00e1n en seminarios para desarrollar sus capacidades de liderar y ser verdaderos agentes de cambio. Adem\u00e1s tendr\u00e1n acceso a un programa virtual dise\u00f1ado para enlazar habilidades empresariales y desarrollo de car\u00e1cter con un concepto \u00a0que llamamos \u201c<u><a href=\"https:\/\/acumen.org\/blog\/que-es-el-liderazgo-moral-y-como-nos-ayuda-a-transformar-el-mundo\/\">imaginaci\u00f3n moral<\/a><\/u>\u201d que les ayudar\u00e1 a catapultar su capacidad de impulsar el cambio.<\/p>\n<p>Una vez finalicen el primer a\u00f1o del Programa, los Fellows se unir\u00e1n a nuestra comunidad de m\u00e1s de 500 l\u00edderes alrededor del mundo. Los Fellows de las cohortes pasadas han hecho parte de grandes escenarios como TED Talks, han recibido prestigiosos premios de impacto social, y lo m\u00e1s importante, han impactado con profundidad y relevancia la vida de m\u00e1s de 8 millones de personas alrededor del mundo.<\/p>\n<p><span style=\"font-weight: 400;\">Para la Fundaci\u00f3n Mario Santo Domingo y Acumen es un orgullo hacerlos part\u00edcipes de esta noticia en Colombia. Conoce m\u00e1s acerca de los Fellows de Acumen 2019 y s\u00edguenos en nuestras redes sociales para conocer m\u00e1s acerca de su inspirador trabajo. <\/span><\/p>\n<p><img loading=\"lazy\" decoding=\"async\" class=\"alignnone wp-image-27300\" src=\"https:\/\/acumen.org\/app\/uploads\/2024\/03\/COesp_Mailer-Banner_1-1.png\" alt=\"\" width=\"908\" height=\"363\" \/><\/p>\n<p class=\"p1\"><b>Silfredo Fuentes Chiquillo:<\/b><\/p>\n<p class=\"p1\">Silfredo naci\u00f3 y creci\u00f3 en el municipio de Mo\u00f1itos en el departamento de C\u00f3rdoba. Actualmente, es gerente de la <a href=\"https:\/\/www.facebook.com\/pg\/asociacionappcm\/about\/?ref=page_internal\">Asociaci\u00f3n de Peque\u00f1os Productores de la Comunidad de Membrillal (APPCM)<\/a>. Su objetivo es empoderar a peque\u00f1os productores mediante el saber hacer y replicar, valorando la construcci\u00f3n participativa desde el territorio. Silfredo est\u00e1 culminando su carrera de administraci\u00f3n de empresas.<\/p>\n<p class=\"p1\"><b>Andr\u00e9s Ucr\u00f3s Maldonado:<\/b><\/p>\n<p class=\"p1\">Andr\u00e9s tiene m\u00e1s de 10 a\u00f1os de experiencia en el sector privado y p\u00fablico. Inici\u00f3 su carrera como investigador de la Fundaci\u00f3n Ideas para la Paz y luego fue asesor de la Agencia Colombiana de Reintegraci\u00f3n. Posteriormente, trabaj\u00f3 para Prieto &amp; Carrizosa y Arrieta Mantilla &amp; Asociados. En el 2012 fue invitado por el Alto Comisionado para la Paz, para desempe\u00f1arse como asesor del Gobierno en el proceso de paz. Actualmente es Director de <a href=\"https:\/\/www.ccb.org.co\/Transformar-Bogota\/Construccion-de-Paz\">Seguridad, Paz y Justicia de la C\u00e1mara de Comercio de Bogot\u00e1.<\/a> Andr\u00e9s es abogado y polit\u00f3logo de la Universidad de los Andes, tiene una especializaci\u00f3n en inversi\u00f3n extranjera de la misma universidad y tiene un LL.M. de London School of Economics.<\/p>\n<p class=\"p1\"><b>Natalia Le\u00f3n:<\/b><\/p>\n<p class=\"p1\">Natalia, como Cooperante Internacional, ha dedicado su vida a crear oportunidades para la <a href=\"https:\/\/www.streetfootballworld.org\/\">construcci\u00f3n de paz y desarrollo alrededor<\/a> de Am\u00e9rica Latina y el mundo utilizado plataformas creativas para lograrlo, especialmente el f\u00fatbol. Ha liderado proyectos de impacto social con los gobiernos de Alemania, Espa\u00f1a y Jap\u00f3n as\u00ed como FIFA y Adidas, y ha asesorado a m\u00e1s de 50 organizaciones sociales en el mundo, d\u00e1ndole oportunidades a comunidades de h\u00e9roes an\u00f3nimos con historias por contar.<\/p>\n<p class=\"p1\"><b>Santiago Aparicio:<\/b><\/p>\n<p class=\"p1\">Santiago Aparicio, es un emprendedor enfocado en el \u00e1rea de la innovaci\u00f3n social y cambio clim\u00e1tico. Cuenta con una amplia experiencia en el dise\u00f1o e implementaci\u00f3n de soluciones sist\u00e9micas desde el sector p\u00fablico y privado. Creador de <a href=\"https:\/\/brandsolutions.com.co\">Brand Solutions<\/a>, especializada en la promoci\u00f3n de empaques reutilizables, e <a href=\"https:\/\/iluminando.com.co\/\">Iluminando<\/a>, empresa que soluciona la problem\u00e1tica de acceso a energ\u00eda. Profesional en gobierno y relaciones internacionales y master en &#8220;Imaginaci\u00f3n Aplicada&#8221; del Central Saint Martins College of Art and Design.<\/p>\n<p class=\"p1\"><b>Clara In\u00e9s Hoyos:<\/b><\/p>\n<p class=\"p1\">Clara es la Fundadora y Representante Legal de la Asociaci\u00f3n de Mujeres Emprendedoras <a href=\"https:\/\/www.youtube.com\/watch?v=yEj4A4B88Ik\">&#8220;Cimientos del Hogar&#8221;<\/a> con la que viene desarrollando con 50 mujeres, el cultivo, el proceso y la comercializaci\u00f3n de las arom\u00e1ticas deshidratadas y aceites esenciales. En compa\u00f1\u00eda de la alcald\u00eda organiza la mesa municipal para la mujer. Miembro activo de La Red de Pobladores del Caquet\u00e1, una de las zonas m\u00e1s afectadas por el conflicto armado en Colombia.<\/p>\n<p class=\"p1\"><b>Roc\u00edo Arango:<\/b><\/p>\n<p class=\"p1\">Roc\u00edo Arango es Profesional Senior de Desarrollo Program\u00e1tico en la <a href=\"https:\/\/www.rutanmedellin.org\/es\/\">Corporaci\u00f3n Ruta N de Medell\u00edn<\/a>, donde ha trabajado por m\u00e1s de 7 a\u00f1os en asuntos de innovaci\u00f3n, emprendimiento social e inversi\u00f3n social de impacto. Columnista de opini\u00f3n del peri\u00f3dico El Colombiano y maestra de emprendimiento social en la Universidad Icesi. Es polit\u00f3loga y MBA en direcci\u00f3n de proyectos.<\/p>\n<p class=\"p1\"><b>Kattya Roma\u00f1a:<\/b><\/p>\n<p class=\"p1\">Kattya naci\u00f3 en Quibd\u00f3 y es Directora de la l\u00ednea de atenci\u00f3n a poblaci\u00f3n vulnerable de la <a href=\"https:\/\/www.facebook.com\/Funachsocial\/\">Fundaci\u00f3n Te Abrazo Choc\u00f3<\/a>. Adicionalmente, coordin\u00f3 el programa denominado M\u00e1s Adultos Activos y Visibles para Todos beneficiando 160 adultos mayores. Abogada de profesi\u00f3n de la Universidad Tecnol\u00f3gica del Choc\u00f3 y con un diplomado en docencia universitaria de la Corporaci\u00f3n Internacional de L\u00edderes ONG beneficiaria del programa DALE 2018 de la corporaci\u00f3n Manos Visibles.<\/p>\n<p class=\"p1\"><b>Nazly Catalina Ortiz Daza:<\/b><\/p>\n<p class=\"p1\">Nazly es emprendedora social, Co-fundadora y Directora de <a href=\"https:\/\/www.planetarural.org\/\">Planeta Rural<\/a>, organizaci\u00f3n que empodera a los j\u00f3venes rurales para la construcci\u00f3n de un campo pr\u00f3spero y sostenible. Administradora de empresas de la Universidad de Cundinamarca, y mag\u00edster en estudios interdisciplinarios de desarrollo de la Universidad de los Andes. Ha promovido proyectos de impacto mediante redes de colaboraci\u00f3n con Latinoam\u00e9rica, Asia y \u00c1frica para impulsar la juventud rural.<\/p>\n<p class=\"p1\"><b>Ana Margarita Vel\u00e1squez:<\/b><\/p>\n<p class=\"p1\">Ana Margarita es Directora de la Fundaci\u00f3n <a href=\"https:\/\/tocaunavida.org\/\">ROF\u00c9 \u2013 Toca una Vida<\/a>. Su misi\u00f3n es impulsar iniciativas encaminadas a erradicar la pobreza y la desigualdad a trav\u00e9s del emprendimiento y preparaci\u00f3n laboral, trabajando alineados a los Objetivos de Desarrollo Sostenible (ODS). Trabaja con j\u00f3venes infractores del Sistema de Responsabilidad Penal de Adolescentes en programas de formaci\u00f3n para el emprendimiento empoder\u00e1ndolos para que tengan un futuro digno al momento de vincularse nuevamente a la vida civil. Es ingeniera industrial de la Universidad de los Andes.<\/p>\n<p class=\"p1\"><b>Adela Andrea Gonz\u00e1lez Pacheco:<\/b><\/p>\n<p class=\"p1\">Andrea es trabajadora social y dise\u00f1adora industrial. Cofundadora de Nuestro Flow, una empresa que dise\u00f1a proyectos sociales enfocados a la promoci\u00f3n de la diversidad cultural y el enfoque de g\u00e9nero. Actualmente, es Directora de <a href=\"https:\/\/www.elnegroestademoda.com\/\">El Negro Est\u00e1 De Moda<\/a>, un proyecto que dise\u00f1a estrategia para combatir la discriminaci\u00f3n racial y para conectar a la comunidad mestiza y la comunidad negra que vive en Bogot\u00e1.<\/p>\n<figure id=\"attachment_26924\" aria-describedby=\"caption-attachment-26924\" style=\"width: 804px\" class=\"wp-caption alignnone\"><img loading=\"lazy\" decoding=\"async\" class=\"wp-image-26924\" src=\"https:\/\/acumen.org\/wp-content\/uploads\/adela-01-580x363.png\" alt=\"\" width=\"804\" height=\"503\" \/><figcaption id=\"caption-attachment-26924\" class=\"wp-caption-text\">Adela trabaja en un proyecto que dise\u00f1a estrategia para combatir la discriminaci\u00f3n racial.<\/figcaption><\/figure>\n<p class=\"p1\"><b>Walter Javier Manrique G\u00f3mez:<\/b><\/p>\n<p class=\"p1\">Walter es Gestor de Proyectos de la <a href=\"https:\/\/www.renovacionterritorio.gov.co\/\">Agencia de Renovaci\u00f3n del Territorio (ART)<\/a>, entidad que implementa el primer punto de los Acuerdos de Paz, all\u00ed desarrolla proyectos para transformar el campo y la vida de sus habitantes. Desde 2005 apoya comunidades en condici\u00f3n de pobreza en proyectos productivos y de infraestructura comunitaria en municipios afectados por el conflicto armado en Colombia. Es administrador de empresas de la Universidad Externado y de mercadeo del Polit\u00e9cnico Grancolombiano.<\/p>\n<p class=\"p1\"><b>Andr\u00e9s Felipe Gonz\u00e1lez:<\/b><\/p>\n<p>Andr\u00e9s Felipe Gonz\u00e1lez es el Fundador de <a href=\"https:\/\/www.facebook.com\/pdefamily\/\">Colectivo Prisioneros de Esperanza<\/a>, entidad que ejerce resistencia pac\u00edfica a las din\u00e1micas de exclusi\u00f3n y marginalizaci\u00f3n por medio del liderazgo comunitario, demostrando a los habitantes de los sectores vulnerables que se puede construir un mundo mejor si empiezan por cambiar su entorno. L\u00edder intervenci\u00f3n social en comunidades vulnerables a trav\u00e9s de acciones art\u00edsticas y culturales. Est\u00e1 culminando su carrera en comunicaci\u00f3n social y mercadeo.<\/p>\n<p><b>Felipe Orduz Guti\u00e9rrez:<\/b><\/p>\n<p>Felipe ha trabajado en el sector social durante los \u00faltimos 7 a\u00f1os, enfocado en el mejoramiento de procesos, operaciones y finanzas en organizaciones sociales para que cumplan sus objetivos misionales y maximicen su calidad e impacto. Actualmente es el Director de Operaciones y Finanzas de <a href=\"https:\/\/coschool.co\/\">Coschool<\/a>, una empresa de educaci\u00f3n que busca transformar el sistema a partir del desarrollo de habilidades socioemocionales en j\u00f3venes y educadores. Es ingeniero industrial de la Universidad de los Andes.<\/p>\n<p class=\"p1\"><b>David Salas:<\/b><\/p>\n<p>David es Fundador y Presidente de Somos <a href=\"https:\/\/www.somoscapazes.org\/\">CaPAZes<\/a>, organizaci\u00f3n que usa la tecnolog\u00eda para promover paz y liderazgo a nivel nacional e internacional. En 2017 fue representante colombiano en el encuentro de l\u00edderes j\u00f3venes con el Dalai Lama en India. Profesor del Centro de Liderazgo P\u00fablico de la Universidad de los Andes y Gerente de Desarrollo Tecnol\u00f3gico de Seguros Beta. Miembro de las juntas directivas de la Fundaci\u00f3n Texmodas (Zara) y la Asociaci\u00f3n de Egresados de la Universidad de los Andes.<\/p>\n<p><b>Sandra Paola Iba\u00f1ez Qui\u00f1ones:<\/b><\/p>\n<p>Sandra es Gerente de Proyectos de la Asociaci\u00f3n de J\u00f3venes del Municipio de Puerto Tejada donde desarrolla un proyecto de orientaci\u00f3n vocacional y profesional a j\u00f3venes Afrocolombianos para que emprendan nuevos retos e identifiquen oportunidades para mejorar la calidad de vida de sus familias. Tiene experiencia en Gesti\u00f3n de proyectos sociales y en Consultor\u00eda a Microempresarios. Es administradora de empresas y est\u00e1 culminando su maestr\u00eda en educaci\u00f3n popular y desarrollo comunitario.<\/p>\n<p><b>Jhon Edward Angulo:<\/b><\/p>\n<p>Jhon es Fundador de la <a href=\"https:\/\/www.ascep.org\/\">Asociaci\u00f3n Colombiana de Egreso de Protecci\u00f3n Estatal-ASCEP<\/a> y Cofundador de la <a href=\"https:\/\/redegresadoslatam.org\/biblioteca\/colombia\/\">Red Latinoamericana de Egreso de Protecci\u00f3n Estatal<\/a>. Ambas organizaciones trabajan en el fortalecimiento de adolescentes y j\u00f3venes sin cuidados parentales que como \u00e9l han crecido en internados, bajo protecci\u00f3n del Estado. Desde 2013 empez\u00f3 a trabajar en temas relacionados con el egreso de protecci\u00f3n estatal en Colombia y Am\u00e9rica Latina. Es comunicador social de Academia de Comunicaci\u00f3n Jaime Echeverry Loaiza.<\/p>\n<p><b>Isabel Cristina Rivas Triana:<\/b><\/p>\n<p>Isabel cuenta con 20 a\u00f1os de experiencia laboral con poblaci\u00f3n vulnerable y ha dedicado m\u00e1s de 11 a\u00f1os a trabajar con la <a href=\"https:\/\/www.reincorporacion.gov.co\/es\">ARN (Agencia para la Reincorporaci\u00f3n y Normalizaci\u00f3n)<\/a>. Con su acompa\u00f1amiento busca promover en cada excombatiente; su crecimiento personal y el fomento de sus potencialidades a fin de generar la apropiaci\u00f3n de su ciudadan\u00eda, con la cual pueda impactar positivamente a la construcci\u00f3n de la paz en el pa\u00eds. Es psic\u00f3loga y Gerente Social de la Universidad Javeriana.<\/p>\n<p><b>Paula Guti\u00e9rrez G\u00f3mez:<\/b><\/p>\n<p>Paula es Co-fundadora y Gerente del <a href=\"https:\/\/bogota.impacthub.net\/\">Impact Hub Bogot\u00e1<\/a>, centro de innovaci\u00f3n y conocimiento para el desarrollo sostenible afiliado a una red global con presencia en m\u00e1s de 100 ciudades del mundo. Desde su rol ha apoyado el fortalecimiento de m\u00e1s de 400 iniciativas de impacto en distintas regiones del pa\u00eds. Cuenta adem\u00e1s con amplia experiencia como Facilitadora y Consultora en procesos colaborativos en varios pa\u00edses de Latinoam\u00e9rica y \u00c1frica. Es administradora de la Universidad de los Andes.<\/p>\n<p><b>Liliana Corzo:<\/b><\/p>\n<p>Liliana comenz\u00f3 como Analista de Cadena de Suministro en el sector farmac\u00e9utico y decidi\u00f3 dar un giro rotundo para apoyar al fortalecimiento de las organizaciones del sector social. Como Gestora de Oportunidades en <a href=\"https:\/\/www.minka-dev.com\/hello\">Minka-Dev<\/a>, apoya en la identificaci\u00f3n y conexi\u00f3n de mercados de alto valor con organizaciones que resuelven problem\u00e1ticas sociales-ambientales mientras les acompa\u00f1a con asesor\u00eda personalizada. Es administradora de la Universidad del Rosario con maestr\u00eda en emprendimiento social de Hult Business School y con experiencia apoyando proyectos de desarrollo socio-ambiental.<\/p>\n<p><b>Cristian Amado Reyes:<\/b><\/p>\n<p>Cristian es el Fundador y CEO de <a href=\"https:\/\/www.elespectador.com\/noticias\/paz\/cristian-amado-el-joven-que-impulsa-las-veedurias-en-las-comunidades-palafitas-del-magdalena-articulo-813549\">Juventud Unida<\/a>, una organizaci\u00f3n que transfiere herramientas metodol\u00f3gicas para que organizaciones juveniles y comunidades vulnerables logren que su participaci\u00f3n sea efectiva en el desarrollo local, construcci\u00f3n de paz, e instituciones s\u00f3lidas. Cristian es abogado de la Universidad Cooperativa de Colombia, especialista en contrataci\u00f3n estatal de la Universidad de Medell\u00edn. Es Consultor y Analista en Planes de Desarrollo y Pol\u00edticas P\u00fablicas para Entidades Territoriales, se desempe\u00f1a actualmente como Jefe de Departamento Jur\u00eddico en el Sector Privado.<\/p>\n<p><b>Esteban Reyes:<\/b><\/p>\n<p>Esteban dirige la <a href=\"https:\/\/tiempodejuego.org\/\">Fundaci\u00f3n Tiempo de Juego<\/a> desde el 2011, y ha liderado su expansi\u00f3n desde una organizaci\u00f3n comunitaria con dos sedes y 300 beneficiarios a una fundaci\u00f3n l\u00edder en Colombia, con presencia en 10 municipios, m\u00e1s de 5000 ni\u00f1os atendidos, m\u00faltiples fuentes de financiaci\u00f3n y varios premios nacionales e internacionales. Esteban es abogado con maestr\u00edas en educaci\u00f3n y en derechos de la infancia y tiene 16 a\u00f1os de experiencia en proyectos de desarrollo social y educativo.<\/p>\n<p><b>Julian Facundo Rinaudo:<\/b><\/p>\n<p>Julian es antrop\u00f3logo, especialista en desarrollo local y dedicado a la construcci\u00f3n de paz desde que el gobierno australiano bec\u00f3 su maestr\u00eda en transformaci\u00f3n de conflictos. Actualmente se desempe\u00f1a como Coordinador de la <a href=\"https:\/\/descontamina.org\/etnosfera\/\">Red Etn\u00f3sfera<\/a>, un colectivo de 12 organizaciones que trabajan por la transformaci\u00f3n de la realidad a trav\u00e9s del enfoque del cultivo del ser que involucra sanaci\u00f3n interior, el incorporar habilidades \u00fatiles para la vida y el cultivo de valores humanos como la benevolencia y la compasi\u00f3n.<\/p>\n<p><b>Francisco Amar:<\/b><\/p>\n<p>Francisco es Facilitador Social y actualmente es el Coordinador del <a href=\"https:\/\/www.uao.edu.co\/noticias\/un-campus-sostenible-para-el-mundo\">Programa Campus Sostenible<\/a>, iniciativa de la Universidad Aut\u00f3noma de Occidente que articula las acciones que, desde la investigaci\u00f3n, docencia y la proyecci\u00f3n social, se realizan bajo las definiciones del desarrollo sostenible y que responden al compromiso ambiental y social. Ha participado en el dise\u00f1o e implementaci\u00f3n de proyectos en la Universidad donde labora y en organizaciones sociales como Bibliogueto, Manos Visibles, Telar-UAV, entre otros. Es administrador de empresas de la Universidad Aut\u00f3noma de Occidente.<\/p>\n<p>___<\/p>\n<p>\u00bfTienes curiosidad de saber quienes son los otros +80 Fellows de otras geograf\u00edas? <a href=\"https:\/\/acumen.org\/blog\/meet-the-2019-fellows\/\">Ac\u00e1 te contamos sobre ellos.<\/a><\/p>\n<p>\u00bfA\u00fan no tienes claro qu\u00e9 es un Fellow de Acumen? <a href=\"https:\/\/acumen.org\/latinoamerica\/fellowships\/\">Aqu\u00ed te dejamos todo lo que necesitas saber.<\/a><\/p>\n\n\t\n\t<section class=\"wp-block-share-buttons text-container border-black border-t mt-15 mb-7.5 py-7.5\">\n    <div class=\"py-2.5 flex gap-10 items-center\" animate>\n      <h2 class=\"h4 m-0\">\n        Share\n      <\/h2>\n      <ul class=\"flex gap-2 items-center\" x-data=\"shareButtons('Enlace copiado', 'Lo sentimos, no pudimos copiar el enlace')\">\n\n        \n          <li>\n            <a class=\"h-7 w-7 link-no-underline rounded-full hover:bg-black hover:text-white active:bg-black active:text-white flex items-center justify-center shrink-0\" href=\"https:\/\/www.facebook.com\/sharer.php?t=Conoce%20los%20Fellows%20de%20Acumen%20del%202019%20y%20a%20la%20cohorte%20pionera%20en%20Colombia&amp;u=https:\/\/acumen.org\/es\/blog\/conoce-los-fellows-de-acumen-colombia\/\" target=\"_blank\" @click.prevent=\"open($el)\" title=\"Compartir en Facebook\">\n\n      <svg aria-hidden=\"true\" class=\"fill-current w-auto w-3.5 h-auto flex-shrink-0 relative z-5\" width=\"23\" height=\"22\" viewBox=\"0 0 23 22\" fill=\"none\" xmlns=\"http:\/\/www.w3.org\/2000\/svg\">\n<g>\n<path d=\"M12.8719 7.15463V9.12843H15.5091L15.0915 11.7872H12.8719V17.913C12.4269 17.9702 11.9716 18 11.5094 18C10.976 18 10.4521 17.9606 9.94193 17.8845V11.7872H7.50977V9.12843H9.94193V6.71341C9.94193 5.21513 11.2537 4 12.8726 4V4.00127C12.8774 4.00127 12.8815 4 12.8863 4H15.5098V6.29948H13.7955C13.2861 6.29948 12.8726 6.6823 12.8726 7.154L12.8719 7.15463Z\" fill=\"currentColor\"\/>\n<\/g>\n<\/svg>  \n  <span class=\"relative z-5 sr-only\">\n    Compartir en Facebook\n  <\/span>\n\n  <\/a>\n          <\/li>\n\n        \n          <li>\n            <a class=\"h-7 w-7 link-no-underline rounded-full hover:bg-black hover:text-white active:bg-black active:text-white flex items-center justify-center shrink-0\" href=\"https:\/\/twitter.com\/intent\/tweet?text=Conoce%20los%20Fellows%20de%20Acumen%20del%202019%20y%20a%20la%20cohorte%20pionera%20en%20Colombia&amp;url=https:\/\/acumen.org\/es\/blog\/conoce-los-fellows-de-acumen-colombia\/\" target=\"_blank\" @click.prevent=\"open($el)\" title=\"Compartir en X\/Twitter\">\n\n      <svg aria-hidden=\"true\" class=\"fill-current w-auto w-3.5 h-auto flex-shrink-0 relative z-5\" width=\"23\" height=\"22\" viewBox=\"0 0 23 22\" fill=\"none\" xmlns=\"http:\/\/www.w3.org\/2000\/svg\">\n<g>\n<path id=\"path1009\" d=\"M4.96324 4.85205L10.0349 11.6348L4.93164 17.1496H6.08052L10.5489 12.3216L14.1589 17.1496H18.0678L12.711 9.98536L17.4614 4.85205H16.3125L12.1978 9.29861L8.87295 4.85205H4.96324ZM6.65225 5.69835H8.44761L16.3772 16.3033H14.5819L6.65225 5.69835Z\" fill=\"currentColor\"\/>\n<\/g>\n<\/svg>  \n  <span class=\"relative z-5 sr-only\">\n    Compartir en X\/Twitter\n  <\/span>\n\n  <\/a>\n          <\/li>\n\n        \n          <li>\n            <a class=\"h-7 w-7 link-no-underline rounded-full hover:bg-black hover:text-white active:bg-black active:text-white flex items-center justify-center shrink-0\" href=\"https:\/\/www.linkedin.com\/shareArticle?title=Conoce%20los%20Fellows%20de%20Acumen%20del%202019%20y%20a%20la%20cohorte%20pionera%20en%20Colombia&amp;url=https:\/\/acumen.org\/es\/blog\/conoce-los-fellows-de-acumen-colombia\/\" target=\"_blank\" @click.prevent=\"open($el)\" title=\"Compartir en LinkedIn\">\n\n      <svg aria-hidden=\"true\" class=\"fill-current w-auto w-3.5 h-auto flex-shrink-0 relative z-5\" width=\"23\" height=\"22\" viewBox=\"0 0 23 22\" fill=\"none\" xmlns=\"http:\/\/www.w3.org\/2000\/svg\">\n<g>\n<path id=\"Vector_2\" d=\"M5.73849 7.31219C5.44877 7.04319 5.30469 6.71022 5.30469 6.31405C5.30469 5.91787 5.44954 5.57026 5.73849 5.30049C6.02822 5.03149 6.40116 4.89661 6.85809 4.89661C7.31502 4.89661 7.67333 5.03149 7.96228 5.30049C8.252 5.56949 8.39608 5.90785 8.39608 6.31405C8.39608 6.72024 8.25123 7.04319 7.96228 7.31219C7.67255 7.58118 7.305 7.71607 6.85809 7.71607C6.41118 7.71607 6.02822 7.58118 5.73849 7.31219ZM8.1526 8.85526V17.1025H5.5474V8.85526H8.1526Z\" fill=\"currentColor\"\/>\n<path id=\"Vector_3\" d=\"M16.8257 9.67004C17.3936 10.2867 17.6772 11.133 17.6772 12.2105V16.9569H15.203V12.545C15.203 12.0016 15.062 11.5792 14.7807 11.2786C14.4995 10.978 14.1204 10.827 13.6457 10.827C13.1711 10.827 12.7919 10.9773 12.5107 11.2786C12.2294 11.5792 12.0884 12.0016 12.0884 12.545V16.9569H9.59961V8.83221H12.0884V9.90974C12.3404 9.55057 12.6802 9.26693 13.1071 9.05805C13.534 8.84918 14.014 8.74512 14.548 8.74512C15.4989 8.74512 16.2586 9.05342 16.8257 9.66927V9.67004Z\" fill=\"currentColor\"\/>\n<\/g>\n<\/svg>  \n  <span class=\"relative z-5 sr-only\">\n    Compartir en LinkedIn\n  <\/span>\n\n  <\/a>\n          <\/li>\n\n        \n          <li>\n            <a class=\"h-7 w-7 link-no-underline rounded-full hover:bg-black hover:text-white active:bg-black active:text-white flex items-center justify-center shrink-0\" href=\"https:\/\/pinterest.com\/pin\/create\/button\/?description=Conoce%20los%20Fellows%20de%20Acumen%20del%202019%20y%20a%20la%20cohorte%20pionera%20en%20Colombia&amp;url=https:\/\/acumen.org\/es\/blog\/conoce-los-fellows-de-acumen-colombia\/\" target=\"_blank\" @click.prevent=\"open($el)\" title=\"Compartir en Pinterest\">\n\n      <svg aria-hidden=\"true\" class=\"fill-current w-auto w-3.5 h-auto flex-shrink-0 relative z-5\" xmlns=\"http:\/\/www.w3.org\/2000\/svg\" width=\"23\" height=\"23\" viewBox=\"0 0 23 23\" fill=\"none\">\n  <path fill-rule=\"evenodd\" clip-rule=\"evenodd\" d=\"M11.0838 13.9802C11.072 14.0175 11.061 14.0491 11.052 14.0807C10.5302 15.9513 10.4722 16.3668 9.93589 17.2357C9.68019 17.6487 9.39201 18.0401 9.07342 18.4145C9.03748 18.4569 9.00361 18.5112 8.93174 18.498C8.85296 18.4828 8.84674 18.4183 8.83845 18.3601C8.75275 17.7916 8.70507 17.2218 8.7258 16.6476C8.75275 15.9001 8.85365 15.6434 9.90686 11.591C9.92207 11.529 9.90479 11.4778 9.88267 11.4222C9.63043 10.7999 9.58067 10.1682 9.80112 9.52818C10.278 8.14578 11.9905 8.04017 12.2897 9.18036C12.4742 9.88548 11.9863 10.8088 11.6118 12.1735C11.3015 13.2991 12.75 14.0997 13.9877 13.2776C15.1294 12.52 15.5724 10.7038 15.488 9.41624C15.3222 6.84938 12.2462 6.29478 10.2953 7.12131C8.05822 8.06799 7.54958 10.6051 8.55994 11.7649C8.68779 11.9123 8.92898 12.0027 8.88682 12.152C8.82186 12.384 8.7645 12.618 8.69401 12.8488C8.64149 13.0209 8.34225 13.0834 8.1522 13.0126C7.77971 12.8748 7.46941 12.6579 7.21786 12.372C6.36022 11.4 6.11489 9.47758 7.24896 7.84982C8.50535 6.04688 10.8426 5.3171 12.9766 5.53844C15.5254 5.80341 17.1363 7.39703 17.4376 9.20502C17.5751 10.0284 17.4763 12.059 16.213 13.4945C14.7596 15.1438 12.4037 15.2532 11.3167 14.2407C11.233 14.1629 11.166 14.0725 11.0838 13.9795V13.9802Z\" fill=\"currentColor\"\/>\n<\/svg>  \n  <span class=\"relative z-5 sr-only\">\n    Compartir en Pinterest\n  <\/span>\n\n  <\/a>\n          <\/li>\n\n        \n          <li>\n            <a class=\"h-7 w-7 link-no-underline rounded-full hover:bg-black hover:text-white active:bg-black active:text-white flex items-center justify-center shrink-0\" href=\"mailto:?subject=Conoce%20los%20Fellows%20de%20Acumen%20del%202019%20y%20a%20la%20cohorte%20pionera%20en%20Colombia&amp;body=https:\/\/acumen.org\/es\/blog\/conoce-los-fellows-de-acumen-colombia\/\" target=\"_blank\" @click.prevent=\"open($el)\" title=\"Compartir via correo electr\u00f3nico\">\n\n      <svg aria-hidden=\"true\" class=\"fill-current w-auto w-3.5 h-auto flex-shrink-0 relative z-5\" xmlns=\"http:\/\/www.w3.org\/2000\/svg\" width=\"23\" height=\"23\" viewBox=\"0 0 23 23\" fill=\"none\">\n  <g>\n      <path d=\"M5.66563 17.1939C5.30938 17.1939 5.0026 17.0652 4.74531 16.8079C4.48802 16.5506 4.35938 16.2439 4.35938 15.8876V7.61265C4.35938 7.2564 4.48802 6.94963 4.74531 6.69233C5.0026 6.43504 5.30938 6.3064 5.66563 6.3064H17.8406C18.2063 6.3064 18.5155 6.43504 18.768 6.69233C19.0206 6.94963 19.1468 7.2564 19.1468 7.61265V15.8876C19.1468 16.2439 19.0206 16.5506 18.768 16.8079C18.5155 17.0652 18.2063 17.1939 17.8406 17.1939H5.66563ZM18.0906 8.63604L12.1078 12.1579C12.0517 12.1933 11.9939 12.2212 11.9344 12.2415C11.8748 12.2618 11.8144 12.272 11.7531 12.272C11.6854 12.272 11.6284 12.2618 11.582 12.2415C11.5357 12.2212 11.4818 12.1954 11.4204 12.164L5.4156 8.63604V15.8876C5.4156 15.9605 5.43905 16.0204 5.48593 16.0673C5.53281 16.1142 5.59271 16.1376 5.66563 16.1376H17.8406C17.9135 16.1376 17.9734 16.1142 18.0203 16.0673C18.0672 16.0204 18.0906 15.9605 18.0906 15.8876V8.63604ZM11.7531 10.9986L17.9453 7.36263H5.58123L11.7531 10.9986ZM5.4156 8.3739V8.54104V7.74231V7.75636V7.73059V8.54276V8.37567V16.1376V8.3739Z\" fill=\"currentColor\"\/>\n  <\/g>\n<\/svg>  \n  <span class=\"relative z-5 sr-only\">\n    Compartir via correo electr\u00f3nico\n  <\/span>\n\n  <\/a>\n          <\/li>\n\n        \n        \n        <li class=\"relative\" x-id=\"['tooltip']\">\n\n          <button class=\"h-7 w-7 link-no-underline rounded-full hover:bg-black hover:text-white active:bg-black active:text-white flex items-center justify-center shrink-0\" @click=\"copyLink()\" x-bind:aria-describedby=\"tooltip &#038;&#038; $id('tooltip')\" title=\"Copy link\">\n\n      <svg aria-hidden=\"true\" class=\"fill-current pr-0.5 w-auto w-3.5 h-auto flex-shrink-0 relative z-5\" xmlns=\"http:\/\/www.w3.org\/2000\/svg\" width=\"23\" height=\"23\" viewBox=\"0 0 23 23\">\n  <g>\n      <path d=\"M15.3387 18.1395C14.7972 18.1395 14.3367 17.9499 13.9572 17.5707C13.5776 17.1915 13.3878 16.7311 13.3878 16.1894C13.3878 16.0891 13.3949 15.9974 13.409 15.9144C13.4231 15.8314 13.4442 15.7381 13.4724 15.6344L9.00773 12.9003C8.84409 13.0985 8.64654 13.2412 8.41507 13.3285C8.18362 13.4157 7.93844 13.4594 7.67952 13.4594C7.13784 13.4594 6.67742 13.2699 6.29825 12.8908C5.91908 12.5118 5.72949 12.0516 5.72949 11.5101C5.72949 10.9687 5.91908 10.5082 6.29825 10.1286C6.67742 9.74909 7.13784 9.55931 7.67952 9.55931C7.93497 9.55931 8.1793 9.6059 8.41249 9.69908C8.64567 9.79227 8.84409 9.93204 9.00773 10.1184L13.4724 7.38425C13.4442 7.28062 13.4231 7.18729 13.409 7.10426C13.3949 7.02125 13.3878 6.92958 13.3878 6.82924C13.3878 6.28756 13.5774 5.82714 13.9564 5.44797C14.3354 5.0688 14.7956 4.87921 15.3371 4.87921C15.8785 4.87921 16.339 5.06872 16.7186 5.44774C17.0981 5.82676 17.2879 6.28699 17.2879 6.82844C17.2879 7.36989 17.0983 7.83039 16.7191 8.20994C16.34 8.58949 15.8795 8.77926 15.3379 8.77926C15.0789 8.77926 14.8338 8.73563 14.6023 8.64836C14.3708 8.56108 14.1733 8.41835 14.0097 8.22017L9.545 10.9543C9.57319 11.058 9.59432 11.1511 9.60841 11.2338C9.6225 11.3165 9.62954 11.4079 9.62954 11.5079C9.62954 11.608 9.6225 11.6998 9.60841 11.7834C9.59432 11.8671 9.57319 11.9607 9.545 12.0644L14.0097 14.7985C14.1733 14.5885 14.3708 14.4428 14.6023 14.3615C14.8338 14.2801 15.0789 14.2394 15.3379 14.2394C15.8795 14.2394 16.34 14.4289 16.7191 14.8079C17.0983 15.187 17.2879 15.6472 17.2879 16.1886C17.2879 16.7301 17.0984 17.1906 16.7194 17.5701C16.3403 17.9497 15.8801 18.1395 15.3387 18.1395ZM15.3379 7.85746C15.6244 7.85746 15.8674 7.75773 16.0669 7.55827C16.2664 7.3588 16.3661 7.11579 16.3661 6.82924C16.3661 6.54269 16.2664 6.29968 16.0669 6.1002C15.8674 5.90074 15.6244 5.80102 15.3379 5.80102C15.0513 5.80102 14.8083 5.90074 14.6088 6.1002C14.4094 6.29968 14.3096 6.54269 14.3096 6.82924C14.3096 7.11579 14.4094 7.3588 14.6088 7.55827C14.8083 7.75773 15.0513 7.85746 15.3379 7.85746ZM7.67952 12.5376C7.96607 12.5376 8.20908 12.4378 8.40855 12.2384C8.60801 12.0389 8.70774 11.7959 8.70774 11.5093C8.70774 11.2228 8.60801 10.9798 8.40855 10.7803C8.20908 10.5808 7.96607 10.4811 7.67952 10.4811C7.39297 10.4811 7.14996 10.5808 6.95048 10.7803C6.75103 10.9798 6.65129 11.2228 6.65129 11.5093C6.65129 11.7959 6.75103 12.0389 6.95048 12.2384C7.14996 12.4378 7.39297 12.5376 7.67952 12.5376ZM15.3379 17.2177C15.6244 17.2177 15.8674 17.1179 16.0669 16.9185C16.2664 16.719 16.3661 16.476 16.3661 16.1894C16.3661 15.9029 16.2664 15.6599 16.0669 15.4604C15.8674 15.261 15.6244 15.1612 15.3379 15.1612C15.0513 15.1612 14.8083 15.261 14.6088 15.4604C14.4094 15.6599 14.3096 15.9029 14.3096 16.1894C14.3096 16.476 14.4094 16.719 14.6088 16.9185C14.8083 17.1179 15.0513 17.2177 15.3379 17.2177Z\" fill=\"currentColor\"\/>\n    <\/g>\n<\/svg>  \n  <span class=\"relative z-5 sr-only\">\n    \n  <\/span>\n\n  <\/button>\n          <div \n            :id=\"$id('tooltip')\" \n            x-show=\"tooltip\"\n            x-text=\"tooltip\"\n            class=\"absolute bg-black text-white rounded-md py-1 px-2 text-sm whitespace-nowrap left-1\/2 -translate-x-1\/2 -top-9\"\n          ><\/div>\n        <\/li>\n      <\/ul>\n    <\/div>\n\n  <\/section>\n\n\t","protected":false},"excerpt":{"rendered":"<p>Empezar un a\u00f1o nos hace pensar en el futuro y en el por qu\u00e9 de lo que hacemos. Hoy, despu\u00e9s de meses de espera desde el anuncio de lanzamiento, estamos muy emocionados de anunciar los Fellows de Acumen que har\u00e1n parte de nuestro Programa en el 2019. Ellos son 104 l\u00edderes extraordinarios que est\u00e1n creando &hellip; <a href=\"https:\/\/acumen.org\/es\/blog\/conoce-los-fellows-de-acumen-colombia\/\">Continuado<\/a><\/p>\n","protected":false},"author":[],"featured_media":11909,"comment_status":"open","ping_status":"closed","sticky":false,"template":"","format":"standard","meta":{"_acf_changed":false,"content-type":"","_relevanssi_hide_post":"","_relevanssi_hide_content":"","_relevanssi_pin_for_all":"","_relevanssi_pin_keywords":"","_relevanssi_unpin_keywords":"","_relevanssi_related_keywords":"","_relevanssi_related_include_ids":"","_relevanssi_related_exclude_ids":"","_relevanssi_related_no_append":"","_relevanssi_related_not_related":"","_relevanssi_related_posts":"661,611,606,629,644,607","_relevanssi_noindex_reason":"","footnotes":""},"categories":[178],"tags":[],"blog-type":[218],"problem":[],"region":[188],"year":[],"media-format":[213],"class_list":["post-10802","post","type-post","status-publish","format-standard","has-post-thumbnail","hentry","category-sin-categorizar"],"acf":[],"yoast_head":"<!-- This site is optimized with the Yoast SEO Premium plugin v27.5 (Yoast SEO v27.5) - https:\/\/yoast.com\/product\/yoast-seo-premium-wordpress\/ -->\n<title>Conoce los Fellows de Acumen del 2019 y a la cohorte pionera en Colombia - Acumen<\/title>\n<meta name=\"robots\" content=\"index, follow, max-snippet:-1, max-image-preview:large, max-video-preview:-1\" \/>\n<link rel=\"canonical\" href=\"https:\/\/acumen.org\/es\/blog\/conoce-los-fellows-de-acumen-colombia\/\" \/>\n<meta property=\"og:locale\" content=\"es_ES\" \/>\n<meta property=\"og:type\" content=\"article\" \/>\n<meta property=\"og:title\" content=\"Conoce los Fellows de Acumen del 2019 y a la cohorte pionera en Colombia\" \/>\n<meta property=\"og:description\" content=\"Empezar un a\u00f1o nos hace pensar en el futuro y en el por qu\u00e9 de lo que hacemos. Hoy, despu\u00e9s de meses de espera desde el anuncio de lanzamiento, estamos muy emocionados de anunciar los Fellows de Acumen que har\u00e1n parte de nuestro Programa en el 2019. Ellos son 104 l\u00edderes extraordinarios que est\u00e1n creando &hellip; Continuado\" \/>\n<meta property=\"og:url\" content=\"https:\/\/acumen.org\/es\/blog\/conoce-los-fellows-de-acumen-colombia\/\" \/>\n<meta property=\"og:site_name\" content=\"Acumen\" \/>\n<meta property=\"article:publisher\" content=\"https:\/\/www.facebook.com\/acumenfund\/\" \/>\n<meta property=\"article:published_time\" content=\"2019-01-16T02:26:47+00:00\" \/>\n<meta property=\"article:modified_time\" content=\"2025-05-13T18:05:13+00:00\" \/>\n<meta property=\"og:image\" content=\"https:\/\/acumen.org\/app\/uploads\/2019\/01\/Untitled-7.jpg\" \/>\n\t<meta property=\"og:image:width\" content=\"1800\" \/>\n\t<meta property=\"og:image:height\" content=\"1200\" \/>\n\t<meta property=\"og:image:type\" content=\"image\/jpeg\" \/>\n<meta name=\"author\" content=\"Acumen\" \/>\n<meta name=\"twitter:card\" content=\"summary_large_image\" \/>\n<meta name=\"twitter:creator\" content=\"@Acumen\" \/>\n<meta name=\"twitter:site\" content=\"@Acumen\" \/>\n<meta name=\"twitter:label1\" content=\"Escrito por\" \/>\n\t<meta name=\"twitter:data1\" content=\"Acumen\" \/>\n\t<meta name=\"twitter:label2\" content=\"Tiempo de lectura\" \/>\n\t<meta name=\"twitter:data2\" content=\"12 minutes\" \/>\n<script type=\"application\/ld+json\" class=\"yoast-schema-graph\">{\"@context\":\"https:\\\/\\\/schema.org\",\"@graph\":[{\"@type\":\"Article\",\"@id\":\"https:\\\/\\\/acumen.org\\\/es\\\/blog\\\/conoce-los-fellows-de-acumen-colombia\\\/#article\",\"isPartOf\":{\"@id\":\"https:\\\/\\\/acumen.org\\\/es\\\/blog\\\/conoce-los-fellows-de-acumen-colombia\\\/\"},\"author\":{\"name\":\"Acumen\",\"@id\":\"https:\\\/\\\/acumen.org\\\/es\\\/#\\\/schema\\\/person\\\/cc23269de4eed510141e42eae895c0dc\"},\"headline\":\"Conoce los Fellows de Acumen del 2019 y a la cohorte pionera en Colombia\",\"datePublished\":\"2019-01-16T02:26:47+00:00\",\"dateModified\":\"2025-05-13T18:05:13+00:00\",\"mainEntityOfPage\":{\"@id\":\"https:\\\/\\\/acumen.org\\\/es\\\/blog\\\/conoce-los-fellows-de-acumen-colombia\\\/\"},\"wordCount\":2642,\"commentCount\":0,\"publisher\":{\"@id\":\"https:\\\/\\\/acumen.org\\\/es\\\/#organization\"},\"image\":{\"@id\":\"https:\\\/\\\/acumen.org\\\/es\\\/blog\\\/conoce-los-fellows-de-acumen-colombia\\\/#primaryimage\"},\"thumbnailUrl\":\"https:\\\/\\\/acumen.org\\\/wp-content\\\/uploads\\\/2019\\\/01\\\/Untitled-7.jpg\",\"articleSection\":[\"Sin categorizar\"],\"inLanguage\":\"es-ES\",\"potentialAction\":[{\"@type\":\"CommentAction\",\"name\":\"Comment\",\"target\":[\"https:\\\/\\\/acumen.org\\\/es\\\/blog\\\/conoce-los-fellows-de-acumen-colombia\\\/#respond\"]}]},{\"@type\":\"WebPage\",\"@id\":\"https:\\\/\\\/acumen.org\\\/es\\\/blog\\\/conoce-los-fellows-de-acumen-colombia\\\/\",\"url\":\"https:\\\/\\\/acumen.org\\\/es\\\/blog\\\/conoce-los-fellows-de-acumen-colombia\\\/\",\"name\":\"Conoce los Fellows de Acumen del 2019 y a la cohorte pionera en Colombia - Acumen\",\"isPartOf\":{\"@id\":\"https:\\\/\\\/acumen.org\\\/es\\\/#website\"},\"primaryImageOfPage\":{\"@id\":\"https:\\\/\\\/acumen.org\\\/es\\\/blog\\\/conoce-los-fellows-de-acumen-colombia\\\/#primaryimage\"},\"image\":{\"@id\":\"https:\\\/\\\/acumen.org\\\/es\\\/blog\\\/conoce-los-fellows-de-acumen-colombia\\\/#primaryimage\"},\"thumbnailUrl\":\"https:\\\/\\\/acumen.org\\\/wp-content\\\/uploads\\\/2019\\\/01\\\/Untitled-7.jpg\",\"datePublished\":\"2019-01-16T02:26:47+00:00\",\"dateModified\":\"2025-05-13T18:05:13+00:00\",\"breadcrumb\":{\"@id\":\"https:\\\/\\\/acumen.org\\\/es\\\/blog\\\/conoce-los-fellows-de-acumen-colombia\\\/#breadcrumb\"},\"inLanguage\":\"es-ES\",\"potentialAction\":[{\"@type\":\"ReadAction\",\"target\":[\"https:\\\/\\\/acumen.org\\\/es\\\/blog\\\/conoce-los-fellows-de-acumen-colombia\\\/\"]}]},{\"@type\":\"ImageObject\",\"inLanguage\":\"es-ES\",\"@id\":\"https:\\\/\\\/acumen.org\\\/es\\\/blog\\\/conoce-los-fellows-de-acumen-colombia\\\/#primaryimage\",\"url\":\"https:\\\/\\\/acumen.org\\\/wp-content\\\/uploads\\\/2019\\\/01\\\/Untitled-7.jpg\",\"contentUrl\":\"https:\\\/\\\/acumen.org\\\/wp-content\\\/uploads\\\/2019\\\/01\\\/Untitled-7.jpg\",\"width\":1800,\"height\":1200},{\"@type\":\"BreadcrumbList\",\"@id\":\"https:\\\/\\\/acumen.org\\\/es\\\/blog\\\/conoce-los-fellows-de-acumen-colombia\\\/#breadcrumb\",\"itemListElement\":[{\"@type\":\"ListItem\",\"position\":1,\"name\":\"Home\",\"item\":\"https:\\\/\\\/acumen.org\\\/es\\\/\"},{\"@type\":\"ListItem\",\"position\":2,\"name\":\"Conoce los Fellows de Acumen del 2019 y a la cohorte pionera en Colombia\"}]},{\"@type\":\"WebSite\",\"@id\":\"https:\\\/\\\/acumen.org\\\/es\\\/#website\",\"url\":\"https:\\\/\\\/acumen.org\\\/es\\\/\",\"name\":\"Acumen\",\"description\":\"\",\"publisher\":{\"@id\":\"https:\\\/\\\/acumen.org\\\/es\\\/#organization\"},\"potentialAction\":[{\"@type\":\"SearchAction\",\"target\":{\"@type\":\"EntryPoint\",\"urlTemplate\":\"https:\\\/\\\/acumen.org\\\/es\\\/?s={search_term_string}\"},\"query-input\":{\"@type\":\"PropertyValueSpecification\",\"valueRequired\":true,\"valueName\":\"search_term_string\"}}],\"inLanguage\":\"es-ES\"},{\"@type\":\"Organization\",\"@id\":\"https:\\\/\\\/acumen.org\\\/es\\\/#organization\",\"name\":\"Acumen\",\"url\":\"https:\\\/\\\/acumen.org\\\/es\\\/\",\"logo\":{\"@type\":\"ImageObject\",\"inLanguage\":\"es-ES\",\"@id\":\"https:\\\/\\\/acumen.org\\\/es\\\/#\\\/schema\\\/logo\\\/image\\\/\",\"url\":\"https:\\\/\\\/acumen.org\\\/app\\\/uploads\\\/2021\\\/03\\\/Acumen.png\",\"contentUrl\":\"https:\\\/\\\/acumen.org\\\/app\\\/uploads\\\/2021\\\/03\\\/Acumen.png\",\"width\":3334,\"height\":2480,\"caption\":\"Acumen\"},\"image\":{\"@id\":\"https:\\\/\\\/acumen.org\\\/es\\\/#\\\/schema\\\/logo\\\/image\\\/\"},\"sameAs\":[\"https:\\\/\\\/www.facebook.com\\\/acumenfund\\\/\",\"https:\\\/\\\/x.com\\\/Acumen\",\"https:\\\/\\\/www.instagram.com\\\/acumenorg\\\/\",\"https:\\\/\\\/www.linkedin.com\\\/company\\\/acumen-fund\\\/\",\"https:\\\/\\\/www.youtube.com\\\/channel\\\/UCpuoLfl6gZl2jDa8lAlC8YQ\"],\"description\":\"We invest across the capital continuum to help transformational companies grow from seed to scale. acumen invests patient capital in business models that deliver critical, affordable goods and services to the world's poor, improving the lives of millions. Since 2001, Acumen has invested in businesses that provide access to healthcare, energy, education, water & sanitation, housing, financial services, and agricultural services to low-income customers. Our investments are addressing the problems of poverty in East and West Africa, South Asia, Latin America, and the United States.\",\"telephone\":\"1-212-566-8821\",\"legalName\":\"Acumen Fund, Inc.\",\"taxID\":\"13-4166228\",\"ownershipFundingInfo\":\"https:\\\/\\\/acumen.org\\\/financials\\\/\",\"ethicsPolicy\":\"https:\\\/\\\/acumen.org\\\/anti-corruption-policy\\\/\"},{\"@type\":\"Person\",\"@id\":\"https:\\\/\\\/acumen.org\\\/es\\\/#\\\/schema\\\/person\\\/cc23269de4eed510141e42eae895c0dc\",\"name\":\"Acumen\",\"image\":{\"@type\":\"ImageObject\",\"inLanguage\":\"es-ES\",\"@id\":\"https:\\\/\\\/secure.gravatar.com\\\/avatar\\\/44f8fbe9133793fb949c95942f8d9143ecb31b1d9d2c362c7f6f76de0e43d5ba?s=96&d=mm&r=g\",\"url\":\"https:\\\/\\\/secure.gravatar.com\\\/avatar\\\/44f8fbe9133793fb949c95942f8d9143ecb31b1d9d2c362c7f6f76de0e43d5ba?s=96&d=mm&r=g\",\"contentUrl\":\"https:\\\/\\\/secure.gravatar.com\\\/avatar\\\/44f8fbe9133793fb949c95942f8d9143ecb31b1d9d2c362c7f6f76de0e43d5ba?s=96&d=mm&r=g\",\"caption\":\"Acumen\"}}]}<\/script>\n<!-- \/ Yoast SEO Premium plugin. -->","yoast_head_json":{"title":"Conoce los Fellows de Acumen del 2019 y a la cohorte pionera en Colombia - Acumen","robots":{"index":"index","follow":"follow","max-snippet":"max-snippet:-1","max-image-preview":"max-image-preview:large","max-video-preview":"max-video-preview:-1"},"canonical":"https:\/\/acumen.org\/es\/blog\/conoce-los-fellows-de-acumen-colombia\/","og_locale":"es_ES","og_type":"article","og_title":"Conoce los Fellows de Acumen del 2019 y a la cohorte pionera en Colombia","og_description":"Empezar un a\u00f1o nos hace pensar en el futuro y en el por qu\u00e9 de lo que hacemos. Hoy, despu\u00e9s de meses de espera desde el anuncio de lanzamiento, estamos muy emocionados de anunciar los Fellows de Acumen que har\u00e1n parte de nuestro Programa en el 2019. Ellos son 104 l\u00edderes extraordinarios que est\u00e1n creando &hellip; Continuado","og_url":"https:\/\/acumen.org\/es\/blog\/conoce-los-fellows-de-acumen-colombia\/","og_site_name":"Acumen","article_publisher":"https:\/\/www.facebook.com\/acumenfund\/","article_published_time":"2019-01-16T02:26:47+00:00","article_modified_time":"2025-05-13T18:05:13+00:00","og_image":[{"width":1800,"height":1200,"url":"https:\/\/acumen.org\/app\/uploads\/2019\/01\/Untitled-7.jpg","type":"image\/jpeg"}],"author":"Acumen","twitter_card":"summary_large_image","twitter_creator":"@Acumen","twitter_site":"@Acumen","twitter_misc":{"Escrito por":"Acumen","Tiempo de lectura":"12 minutes"},"schema":{"@context":"https:\/\/schema.org","@graph":[{"@type":"Article","@id":"https:\/\/acumen.org\/es\/blog\/conoce-los-fellows-de-acumen-colombia\/#article","isPartOf":{"@id":"https:\/\/acumen.org\/es\/blog\/conoce-los-fellows-de-acumen-colombia\/"},"author":{"name":"Acumen","@id":"https:\/\/acumen.org\/es\/#\/schema\/person\/cc23269de4eed510141e42eae895c0dc"},"headline":"Conoce los Fellows de Acumen del 2019 y a la cohorte pionera en Colombia","datePublished":"2019-01-16T02:26:47+00:00","dateModified":"2025-05-13T18:05:13+00:00","mainEntityOfPage":{"@id":"https:\/\/acumen.org\/es\/blog\/conoce-los-fellows-de-acumen-colombia\/"},"wordCount":2642,"commentCount":0,"publisher":{"@id":"https:\/\/acumen.org\/es\/#organization"},"image":{"@id":"https:\/\/acumen.org\/es\/blog\/conoce-los-fellows-de-acumen-colombia\/#primaryimage"},"thumbnailUrl":"https:\/\/acumen.org\/wp-content\/uploads\/2019\/01\/Untitled-7.jpg","articleSection":["Sin categorizar"],"inLanguage":"es-ES","potentialAction":[{"@type":"CommentAction","name":"Comment","target":["https:\/\/acumen.org\/es\/blog\/conoce-los-fellows-de-acumen-colombia\/#respond"]}]},{"@type":"WebPage","@id":"https:\/\/acumen.org\/es\/blog\/conoce-los-fellows-de-acumen-colombia\/","url":"https:\/\/acumen.org\/es\/blog\/conoce-los-fellows-de-acumen-colombia\/","name":"Conoce los Fellows de Acumen del 2019 y a la cohorte pionera en Colombia - Acumen","isPartOf":{"@id":"https:\/\/acumen.org\/es\/#website"},"primaryImageOfPage":{"@id":"https:\/\/acumen.org\/es\/blog\/conoce-los-fellows-de-acumen-colombia\/#primaryimage"},"image":{"@id":"https:\/\/acumen.org\/es\/blog\/conoce-los-fellows-de-acumen-colombia\/#primaryimage"},"thumbnailUrl":"https:\/\/acumen.org\/wp-content\/uploads\/2019\/01\/Untitled-7.jpg","datePublished":"2019-01-16T02:26:47+00:00","dateModified":"2025-05-13T18:05:13+00:00","breadcrumb":{"@id":"https:\/\/acumen.org\/es\/blog\/conoce-los-fellows-de-acumen-colombia\/#breadcrumb"},"inLanguage":"es-ES","potentialAction":[{"@type":"ReadAction","target":["https:\/\/acumen.org\/es\/blog\/conoce-los-fellows-de-acumen-colombia\/"]}]},{"@type":"ImageObject","inLanguage":"es-ES","@id":"https:\/\/acumen.org\/es\/blog\/conoce-los-fellows-de-acumen-colombia\/#primaryimage","url":"https:\/\/acumen.org\/wp-content\/uploads\/2019\/01\/Untitled-7.jpg","contentUrl":"https:\/\/acumen.org\/wp-content\/uploads\/2019\/01\/Untitled-7.jpg","width":1800,"height":1200},{"@type":"BreadcrumbList","@id":"https:\/\/acumen.org\/es\/blog\/conoce-los-fellows-de-acumen-colombia\/#breadcrumb","itemListElement":[{"@type":"ListItem","position":1,"name":"Home","item":"https:\/\/acumen.org\/es\/"},{"@type":"ListItem","position":2,"name":"Conoce los Fellows de Acumen del 2019 y a la cohorte pionera en Colombia"}]},{"@type":"WebSite","@id":"https:\/\/acumen.org\/es\/#website","url":"https:\/\/acumen.org\/es\/","name":"Acumen","description":"","publisher":{"@id":"https:\/\/acumen.org\/es\/#organization"},"potentialAction":[{"@type":"SearchAction","target":{"@type":"EntryPoint","urlTemplate":"https:\/\/acumen.org\/es\/?s={search_term_string}"},"query-input":{"@type":"PropertyValueSpecification","valueRequired":true,"valueName":"search_term_string"}}],"inLanguage":"es-ES"},{"@type":"Organization","@id":"https:\/\/acumen.org\/es\/#organization","name":"Acumen","url":"https:\/\/acumen.org\/es\/","logo":{"@type":"ImageObject","inLanguage":"es-ES","@id":"https:\/\/acumen.org\/es\/#\/schema\/logo\/image\/","url":"https:\/\/acumen.org\/app\/uploads\/2021\/03\/Acumen.png","contentUrl":"https:\/\/acumen.org\/app\/uploads\/2021\/03\/Acumen.png","width":3334,"height":2480,"caption":"Acumen"},"image":{"@id":"https:\/\/acumen.org\/es\/#\/schema\/logo\/image\/"},"sameAs":["https:\/\/www.facebook.com\/acumenfund\/","https:\/\/x.com\/Acumen","https:\/\/www.instagram.com\/acumenorg\/","https:\/\/www.linkedin.com\/company\/acumen-fund\/","https:\/\/www.youtube.com\/channel\/UCpuoLfl6gZl2jDa8lAlC8YQ"],"description":"We invest across the capital continuum to help transformational companies grow from seed to scale. acumen invests patient capital in business models that deliver critical, affordable goods and services to the world's poor, improving the lives of millions. Since 2001, Acumen has invested in businesses that provide access to healthcare, energy, education, water & sanitation, housing, financial services, and agricultural services to low-income customers. Our investments are addressing the problems of poverty in East and West Africa, South Asia, Latin America, and the United States.","telephone":"1-212-566-8821","legalName":"Acumen Fund, Inc.","taxID":"13-4166228","ownershipFundingInfo":"https:\/\/acumen.org\/financials\/","ethicsPolicy":"https:\/\/acumen.org\/anti-corruption-policy\/"},{"@type":"Person","@id":"https:\/\/acumen.org\/es\/#\/schema\/person\/cc23269de4eed510141e42eae895c0dc","name":"Acumen","image":{"@type":"ImageObject","inLanguage":"es-ES","@id":"https:\/\/secure.gravatar.com\/avatar\/44f8fbe9133793fb949c95942f8d9143ecb31b1d9d2c362c7f6f76de0e43d5ba?s=96&d=mm&r=g","url":"https:\/\/secure.gravatar.com\/avatar\/44f8fbe9133793fb949c95942f8d9143ecb31b1d9d2c362c7f6f76de0e43d5ba?s=96&d=mm&r=g","contentUrl":"https:\/\/secure.gravatar.com\/avatar\/44f8fbe9133793fb949c95942f8d9143ecb31b1d9d2c362c7f6f76de0e43d5ba?s=96&d=mm&r=g","caption":"Acumen"}}]}},"_links":{"self":[{"href":"https:\/\/acumen.org\/es\/wp-json\/wp\/v2\/posts\/10802","targetHints":{"allow":["GET"]}}],"collection":[{"href":"https:\/\/acumen.org\/es\/wp-json\/wp\/v2\/posts"}],"about":[{"href":"https:\/\/acumen.org\/es\/wp-json\/wp\/v2\/types\/post"}],"author":[{"embeddable":true,"href":"https:\/\/acumen.org\/es\/wp-json\/wp\/v2\/users\/30"}],"replies":[{"embeddable":true,"href":"https:\/\/acumen.org\/es\/wp-json\/wp\/v2\/comments?post=10802"}],"version-history":[{"count":0,"href":"https:\/\/acumen.org\/es\/wp-json\/wp\/v2\/posts\/10802\/revisions"}],"wp:featuredmedia":[{"embeddable":true,"href":"https:\/\/acumen.org\/es\/wp-json\/wp\/v2\/media\/11909"}],"wp:attachment":[{"href":"https:\/\/acumen.org\/es\/wp-json\/wp\/v2\/media?parent=10802"}],"wp:term":[{"taxonomy":"category","embeddable":true,"href":"https:\/\/acumen.org\/es\/wp-json\/wp\/v2\/categories?post=10802"},{"taxonomy":"post_tag","embeddable":true,"href":"https:\/\/acumen.org\/es\/wp-json\/wp\/v2\/tags?post=10802"},{"taxonomy":"blog-type","embeddable":true,"href":"https:\/\/acumen.org\/es\/wp-json\/wp\/v2\/blog-type?post=10802"},{"taxonomy":"problem-tax","embeddable":true,"href":"https:\/\/acumen.org\/es\/wp-json\/wp\/v2\/problem?post=10802"},{"taxonomy":"region-tax","embeddable":true,"href":"https:\/\/acumen.org\/es\/wp-json\/wp\/v2\/region?post=10802"},{"taxonomy":"acumen-year","embeddable":true,"href":"https:\/\/acumen.org\/es\/wp-json\/wp\/v2\/year?post=10802"},{"taxonomy":"post-author","embeddable":true,"href":"https:\/\/acumen.org\/es\/wp-json\/wp\/v2\/author?post=10802"},{"taxonomy":"media-format","embeddable":true,"href":"https:\/\/acumen.org\/es\/wp-json\/wp\/v2\/media-format?post=10802"}],"curies":[{"name":"wp","href":"https:\/\/api.w.org\/{rel}","templated":true}]}}