{"id":10806,"date":"2020-02-05T15:49:44","date_gmt":"2020-02-05T19:49:44","guid":{"rendered":"https:\/\/acumenbw.wpenginepowered.com\/blog\/de-la-ciudad-al-campo-la-travesia-de-una-fellow-en-busca-de-oportunidades-de-cambio\/"},"modified":"2025-05-13T13:25:15","modified_gmt":"2025-05-13T17:25:15","slug":"de-la-ciudad-al-campo-la-travesia-de-una-fellow-en-busca-de-oportunidades-de-cambio","status":"publish","type":"post","link":"https:\/\/acumen.org\/es\/blog\/de-la-ciudad-al-campo-la-travesia-de-una-fellow-en-busca-de-oportunidades-de-cambio\/","title":{"rendered":"De la ciudad al campo: la traves\u00eda de una Fellow en busca de oportunidades de cambio"},"content":{"rendered":"<h4>FELLOWS DE ACUMEN EN COLOMBIA: 2019<\/h4>\n<p><span style=\"font-weight: 400;\">El mundo est\u00e1 pidiendo un cambio a gritos. Marchas, plantones y representaciones art\u00edsticas han sido los instrumentos de este clamor. En Colombia, un pa\u00eds en donde la desigualdad ha sido la realidad a la que muchos se han enfrentado, existen personas como Nazly Ort\u00edz, que, con deseos de cambio similares, ha decidido ponerse \u201cmanos a la obra\u201d. A partir de sus experiencias, Nazly ha logrado tomar fuerzas y combatir la desigualdad apost\u00e1ndole a la juventud en el campo colombiano.\u00a0<\/span><\/p>\n<p><span style=\"font-weight: 400;\">Desde que Nazly se dio cuenta que el poder colectivo es m\u00e1s fuerte que el individual, decidi\u00f3 apostarle a los j\u00f3venes rurales que d\u00eda a d\u00eda transforman su territorio. Desde hace casi tres a\u00f1os, en su organizaci\u00f3n Planeta Rural, busca empoderarlos a ellos y a sus comunidades para la construcci\u00f3n de un campo pr\u00f3spero y sostenible.\u00a0<\/span><\/p>\n<p><span style=\"font-weight: 400;\">Nazly, a pesar de no ser precisamente de una zona rural de Colombia, naci\u00f3 y creci\u00f3 en Fusagasug\u00e1, la Ciudad Jard\u00edn, la tercera ciudad m\u00e1s poblada del departamento de Cundinamarca, y municipio cercano a Bogot\u00e1. Recuerda una ni\u00f1ez muy ligada al campo, viendo a su abuela recoger los granos de caf\u00e9 en su casa. En su familia, la situaci\u00f3n econ\u00f3mica no era la mejor, y esto, sumado a que en el pa\u00eds solo el 10% de los j\u00f3venes de estratos m\u00e1s bajos logran llegar a la universidad, hizo que elegir su camino no fuera f\u00e1cil. Sin embargo, a trav\u00e9s de grandes esfuerzos y de una disciplina innegable, Nazly logr\u00f3 graduarse como administradora de empresas en la Universidad de Cundinamarca.<\/span><\/p>\n<p><span style=\"font-weight: 400;\">\u201cMis experiencias me han permitido identificar lo que es vivir en un contexto de injusticia social. No directamente en el campo, pero s\u00ed en la ciudad. Afortunadamente, estos aprendizajes me permitieron valorar m\u00e1s lo que ten\u00eda y hacer un esfuerzo extra para acceder a mejores oportunidades\u201d. Al terminar su carrera y despu\u00e9s de trabajar un tiempo como profesora de emprendimiento en un colegio con j\u00f3venes de 6\u00b0 a 11\u00b0 de secundaria,\u00a0 decidi\u00f3 aplicar a una convocatoria en el Servicio Nacional de Aprendizaje (SENA) y se vincul\u00f3 en un programa de emprendimiento juvenil rural. \u201cEste trabajo me permiti\u00f3 ver la realidad del pa\u00eds y relacionarme con ella. Entender el sentido comunitario de estos j\u00f3venes y el amor por su territorio me hizo cuestionarme cu\u00e1l era el significado de la palabra servir. Hacer las cosas por convicci\u00f3n y no por obligaci\u00f3n realmente hacen la diferencia\u201d.\u00a0<\/span><\/p>\n<p><span style=\"font-weight: 400;\">Cuestionarse y reconocer que algo no est\u00e1 bien es una caracter\u00edstica de un agente de cambio, retar al <\/span><i><span style=\"font-weight: 400;\">status quo, <\/span><\/i><span style=\"font-weight: 400;\">incluso si eso implica arriesgar la vida. \u201cCuando visitaba estas comunidades lo hac\u00eda porque era mi trabajo y por eso me pagaban. Pero cuando empec\u00e9 a conocer a estos j\u00f3venes que sin esperar nada a cambio, estaban tan comprometidos con su comunidad y territorio, entend\u00ed lo que para ellos significaba servir\u201d. Nazly entendi\u00f3 que su rol deb\u00eda cambiar y que la vida le estaba mostrando un camino.<\/span><\/p>\n<p><span style=\"font-weight: 400;\">El pasar tanto tiempo al lado de los j\u00f3venes, permiti\u00f3 que Nazly se sintiera identificada y tomara la valent\u00eda para generar un cambio dr\u00e1stico en su vida. Pasar de empleada a emprendedora, sin tener muy claro entonces lo que eso implicar\u00eda pero con la convicci\u00f3n de que era algo que estaba particularmente bien equipada para hacer: \u201cme siento afortunada de poder saber qu\u00e9 es la pobreza porque la viv\u00ed y, muy de la mano s\u00e9 lo que es sentirse menos y es algo que muchos j\u00f3venes que viven en el campo sienten al no tener las mismas oportunidades de las personas que residen en zonas urbanas, as\u00ed que por eso empec\u00e9 con Planeta Rural\u201d.\u00a0<\/span><\/p>\n<p><span style=\"font-weight: 400;\">Ser m\u00e1gister en estudios interdisciplinarios de desarrollo de la Universidad de los Andes y tocar temas relacionados al desarrollo, le dieron luces a Nazly de que la pobreza es producto de c\u00f3mo funcionan las cosas actualmente en la sociedad. Y es clave afirmar que tanto ella como Planeta Rural ven la pobreza como \u201cla falta de capacidades para poder acceder a educaci\u00f3n, salud, vivienda, alimentaci\u00f3n y seguridad de calidad\u201d.\u00a0<\/span><\/p>\n<h3><b>El campo colombiano necesita a los j\u00f3venes y los j\u00f3venes necesitan m\u00e1s oportunidades<\/b><\/h3>\n<p><span style=\"font-weight: 400;\">Planeta Rural inici\u00f3 con muchos de los j\u00f3venes a quienes Nazly conoci\u00f3 en su trayectoria en el sector p\u00fablico. J\u00f3venes, quienes a pesar de estar en un contexto vulnerable, donde tomar malas decisiones puede traer repercusiones fatales, desafiaron lo preestablecido e iniciaron a trabajar en comunidad para as\u00ed transformar la realidad de sus territorios. Enfocados en fortalecer las capacidades de las zonas rurales en un contexto de nueva ruralidad, en Planeta Rural le apuestan a soluciones innovadoras que hacen frente a problemas como la insuficiencia alimentaria, el deterioro ambiental y la migraci\u00f3n y pobreza rural.\u00a0 Decididos a \u201cdestruir la pobreza\u201d buscan j\u00f3venes muy arraigados a su territorio con ganas de generar un cambio y quienes solo necesitan un impulso para as\u00ed lograr la construcci\u00f3n de un campo pr\u00f3spero y sostenible para el buen vivir de las familias campesinas. \u201cNos gusta enfocarnos en j\u00f3venes desde cero, en chicos y chicas que tienen una alta probabilidad de crear un negocio sostenible, pero que se le dificulta por no tener acceso a recursos econ\u00f3micos o formaci\u00f3n acad\u00e9mica\u201d.\u00a0<\/span><\/p>\n<p><img loading=\"lazy\" decoding=\"async\" class=\"wp-image-29981 aligncenter\" src=\"https:\/\/acumen.org\/wp-content\/uploads\/Juventudcampesinad2-5-580x326.png\" alt=\"\" width=\"868\" height=\"488\" \/><\/p>\n<p><span style=\"font-weight: 400;\">Impulsar peque\u00f1os agentes de cambio no es posible si no hay un inter\u00e9s en desarrollar habilidades de liderazgo, las cuales son necesarias para movilizar a toda una comunidad y crear en s\u00ed un <\/span><a href=\"https:\/\/acumen.org\/acumen-blog-spanish\/ejemplos-reales-de-innovadores-sociales-reales\/\"><span style=\"font-weight: 400;\">cambio sist\u00e9mico<\/span><\/a><span style=\"font-weight: 400;\">. Por esto Planeta Rural tiene sat\u00e9lites: unos capitanes que enlazan a la organizaci\u00f3n con el territorio. Ese es el caso de Mara, una joven rural del corregimiento de Guaymaral en Bol\u00edvar, quien junto a 10 j\u00f3venes de diferentes familias encontraron en la apicultura un modelo de negocio sostenible que busca disminuir la condici\u00f3n de vulnerabilidad en su comunidad. Como Mara hay 10 capitanes m\u00e1s en departamentos como el Meta, Antioquia y C\u00f3rdoba (por mencionar algunos) que por medio de sus iniciativas y liderazgo est\u00e1n generando cambio en sus territorios.\u00a0<\/span><\/p>\n<p><img loading=\"lazy\" decoding=\"async\" class=\"wp-image-29982 aligncenter\" src=\"https:\/\/acumen.org\/app\/uploads\/2024\/03\/IMG_9763-scaled.jpg\" alt=\"\" width=\"860\" height=\"574\" \/><\/p>\n<p><span style=\"font-weight: 400;\">Decidir qu\u00e9 priorizar entre generar recursos para seguir operando o impactar socialmente ha sido un dilema al cual se han debido enfrentar miles de agentes de cambio al trabajar en el sector social. Planeta Rural no es la excepci\u00f3n. Nazly como miembro de la primera cohorte de Fellows de Acumen tambi\u00e9n lo ha vivido: \u201cla mayor\u00eda de emprendedores sociales al tercer a\u00f1o de tener su emprendimiento renuncian. Es frustrante tener que decir no a un j\u00f3ven que te venga a buscar por no tener los recursos para apoyarlo en el momento, pero lograr manejar estas situaciones ha sido uno de los principales aprendizajes que me ha dejado el Programa de Fellows de Acumen. Lidiar con la incertidumbre, aprender a delegar, confiar y adaptarse al cambio ha sido lo que m\u00e1s he logrado aplicar en mi organizaci\u00f3n y los frutos de este voto de confianza han sido evidentes. Mara es el resultado de uno de esos saltos al vac\u00edo y de confiar en el proceso que pide el Programa\u201d.\u00a0\u00a0<\/span><\/p>\n<h3><b>Nuevos retos, nuevas oportunidades<\/b><\/h3>\n<p><span style=\"font-weight: 400;\">Frente a todos los cambios que ha implicado enfrentarse al COVID como una nueva realidad,\u00a0 Nazly y Planeta Rural, han encontrado una oportunidad para seguir apoyando a j\u00f3venes rurales y sus familias, un ejemplo ha sido la Liga de las abejas. Desde que la vida se ha vuelto virtual las brechas de conectividad han sido m\u00e1s evidentes que nunca, \u201clos j\u00f3venes se empezaron a dar cuenta que no hab\u00edan datos suficientes para la conectividad. Es decir, hay zonas rurales totalmente desconectadas a donde la se\u00f1al no llega. Por otro lado, en las zonas donde s\u00ed llega, los j\u00f3venes se enfrentan a que pagar un plan de datos o comprar paquetes es bastante costoso y en estas zonas de Colombia, los ingresos no son suficientes para comprar alimentos y conectarse a internet\u201d. Alzar la voz y evidenciar el problema que miles de colombianos enfrentaban, lleg\u00f3 hasta los o\u00eddos del gobierno nacional quien como medida distribuy\u00f3 1 GB de datos m\u00f3viles a 5 mil l\u00edneas telef\u00f3nicas en todo el pa\u00eds. Si bien no es una respuesta que cambie desde la estructura a lo que se enfrentan en las zonas rurales del pa\u00eds, s\u00ed facilita pasar estos d\u00edas de aislamiento.\u00a0<\/span><\/p>\n<p><span style=\"font-weight: 400;\">Planeta Rural no se detiene, viendo la situaci\u00f3n que vive el mundo y c\u00f3mo la compra de alimentos se ha convertido en un privilegio, Nazly junto a los j\u00f3venes rurales est\u00e1n desarrollando un proyecto de seguridad alimentaria, Alimento de vida. \u201cNuestro prop\u00f3sito es cero hambre. Antes de llegar el aislamiento ya est\u00e1bamos pensando en la creaci\u00f3n de huertas como una forma de garantizar la seguridad alimentaria para las comunidades rurales, pero tambi\u00e9n para las comunidades urbanas m\u00e1s vulnerables, pensando tambi\u00e9n en c\u00f3mo hacer que perdure en el tiempo y genere ingresos, no solo para la Fundaci\u00f3n, sino para los j\u00f3venes y familias que est\u00e1n trabajando en cada una de ellas\u201d. Hoy Nazly y los miembros de Planeta Rural est\u00e1n trabajando en la materializaci\u00f3n de 5 huertas en diferentes rincones de Colombia con el objetivo de comercializar sus productos y beneficiar a m\u00e1s personas. <\/span><\/p>\n<p><span style=\"font-weight: 400;\">Ver esperanza donde otros no la ven es lo que hacen los Fellows de Acumen. Transformando, no solo las comunidades con las que trabajan, sino logrando ir m\u00e1s all\u00e1, creando una transformaci\u00f3n personal que les permite reconocer la realidad en la que viven y tambi\u00e9n ver lo que podr\u00eda ser, apost\u00e1ndole as\u00ed a un cambio que s\u00ed es posible.<\/span><\/p>\n<p>Si quieres saber m\u00e1s sobre el Programa de Fellows de Acumen <a class=\"c-link\" href=\"https:\/\/plusacumen.tfaforms.net\/583\" target=\"_blank\" rel=\"noopener noreferrer\" data-stringify-link=\"https:\/\/docs.google.com\/forms\/d\/e\/1FAIpQLSdw-ahyN02X9z54bHTtF5E6Kl18J2_Bf31lW4po8qzGFR7cIw\/viewform\" data-sk=\"tooltip_parent\" aria-describedby=\"sk-tooltip-36984\">d\u00e9janos tus datos<\/a> y ser\u00e1s de las primeras personas en enterarte de nuestros anuncios.<\/p>\n<p>____<\/p>\n<p><span style=\"font-weight: 400;\">Acumen es una organizaci\u00f3n pionera que busca abordar de una manera disruptiva los retos de la pobreza y la desigualdad a trav\u00e9s de dos grandes apuestas: Por un lado, la gesti\u00f3n de fondos de inversi\u00f3n de impacto dedicados a apoyar el crecimiento de modelos de negocio innovadores que tengan simult\u00e1neamente un alto potencial de mercado e impacto social. Por el otro, le apostamos a crear una masa cr\u00edtica de agentes de cambio social con las habilidades, los valores y el poder de cambiar la narrativa de la regi\u00f3n.\u00a0 Con estas dos l\u00edneas de acci\u00f3n buscamos catalizar la transformaci\u00f3n de nuestra sociedad.<\/span><\/p>\n<p><span style=\"font-weight: 400;\">Este art\u00edculo hace parte de nuestra segunda apuesta.<\/span><\/p>\n<p>*El Programa de Fellows de Acumen en Colombia es apoyado por la Fundaci\u00f3n Santo Domingo<\/p>\n\n\t\n\t<section class=\"wp-block-share-buttons text-container border-black border-t mt-15 mb-7.5 py-7.5\">\n    <div class=\"py-2.5 flex gap-10 items-center\" animate>\n      <h2 class=\"h4 m-0\">\n        Share\n      <\/h2>\n      <ul class=\"flex gap-2 items-center\" x-data=\"shareButtons('Enlace copiado', 'Lo sentimos, no pudimos copiar el enlace')\">\n\n        \n          <li>\n            <a class=\"h-7 w-7 link-no-underline rounded-full hover:bg-black hover:text-white active:bg-black active:text-white flex items-center justify-center shrink-0\" href=\"https:\/\/www.facebook.com\/sharer.php?t=De%20la%20ciudad%20al%20campo%3A%20la%20traves%C3%ADa%20de%20una%20Fellow%20en%20busca%20de%20oportunidades%20de%20cambio&amp;u=https:\/\/acumen.org\/es\/blog\/de-la-ciudad-al-campo-la-travesia-de-una-fellow-en-busca-de-oportunidades-de-cambio\/\" target=\"_blank\" @click.prevent=\"open($el)\" title=\"Compartir en Facebook\">\n\n      <svg aria-hidden=\"true\" class=\"fill-current w-auto w-3.5 h-auto flex-shrink-0 relative z-5\" width=\"23\" height=\"22\" viewBox=\"0 0 23 22\" fill=\"none\" xmlns=\"http:\/\/www.w3.org\/2000\/svg\">\n<g>\n<path d=\"M12.8719 7.15463V9.12843H15.5091L15.0915 11.7872H12.8719V17.913C12.4269 17.9702 11.9716 18 11.5094 18C10.976 18 10.4521 17.9606 9.94193 17.8845V11.7872H7.50977V9.12843H9.94193V6.71341C9.94193 5.21513 11.2537 4 12.8726 4V4.00127C12.8774 4.00127 12.8815 4 12.8863 4H15.5098V6.29948H13.7955C13.2861 6.29948 12.8726 6.6823 12.8726 7.154L12.8719 7.15463Z\" fill=\"currentColor\"\/>\n<\/g>\n<\/svg>  \n  <span class=\"relative z-5 sr-only\">\n    Compartir en Facebook\n  <\/span>\n\n  <\/a>\n          <\/li>\n\n        \n          <li>\n            <a class=\"h-7 w-7 link-no-underline rounded-full hover:bg-black hover:text-white active:bg-black active:text-white flex items-center justify-center shrink-0\" href=\"https:\/\/twitter.com\/intent\/tweet?text=De%20la%20ciudad%20al%20campo%3A%20la%20traves%C3%ADa%20de%20una%20Fellow%20en%20busca%20de%20oportunidades%20de%20cambio&amp;url=https:\/\/acumen.org\/es\/blog\/de-la-ciudad-al-campo-la-travesia-de-una-fellow-en-busca-de-oportunidades-de-cambio\/\" target=\"_blank\" @click.prevent=\"open($el)\" title=\"Compartir en X\/Twitter\">\n\n      <svg aria-hidden=\"true\" class=\"fill-current w-auto w-3.5 h-auto flex-shrink-0 relative z-5\" width=\"23\" height=\"22\" viewBox=\"0 0 23 22\" fill=\"none\" xmlns=\"http:\/\/www.w3.org\/2000\/svg\">\n<g>\n<path id=\"path1009\" d=\"M4.96324 4.85205L10.0349 11.6348L4.93164 17.1496H6.08052L10.5489 12.3216L14.1589 17.1496H18.0678L12.711 9.98536L17.4614 4.85205H16.3125L12.1978 9.29861L8.87295 4.85205H4.96324ZM6.65225 5.69835H8.44761L16.3772 16.3033H14.5819L6.65225 5.69835Z\" fill=\"currentColor\"\/>\n<\/g>\n<\/svg>  \n  <span class=\"relative z-5 sr-only\">\n    Compartir en X\/Twitter\n  <\/span>\n\n  <\/a>\n          <\/li>\n\n        \n          <li>\n            <a class=\"h-7 w-7 link-no-underline rounded-full hover:bg-black hover:text-white active:bg-black active:text-white flex items-center justify-center shrink-0\" href=\"https:\/\/www.linkedin.com\/shareArticle?title=De%20la%20ciudad%20al%20campo%3A%20la%20traves%C3%ADa%20de%20una%20Fellow%20en%20busca%20de%20oportunidades%20de%20cambio&amp;url=https:\/\/acumen.org\/es\/blog\/de-la-ciudad-al-campo-la-travesia-de-una-fellow-en-busca-de-oportunidades-de-cambio\/\" target=\"_blank\" @click.prevent=\"open($el)\" title=\"Compartir en LinkedIn\">\n\n      <svg aria-hidden=\"true\" class=\"fill-current w-auto w-3.5 h-auto flex-shrink-0 relative z-5\" width=\"23\" height=\"22\" viewBox=\"0 0 23 22\" fill=\"none\" xmlns=\"http:\/\/www.w3.org\/2000\/svg\">\n<g>\n<path id=\"Vector_2\" d=\"M5.73849 7.31219C5.44877 7.04319 5.30469 6.71022 5.30469 6.31405C5.30469 5.91787 5.44954 5.57026 5.73849 5.30049C6.02822 5.03149 6.40116 4.89661 6.85809 4.89661C7.31502 4.89661 7.67333 5.03149 7.96228 5.30049C8.252 5.56949 8.39608 5.90785 8.39608 6.31405C8.39608 6.72024 8.25123 7.04319 7.96228 7.31219C7.67255 7.58118 7.305 7.71607 6.85809 7.71607C6.41118 7.71607 6.02822 7.58118 5.73849 7.31219ZM8.1526 8.85526V17.1025H5.5474V8.85526H8.1526Z\" fill=\"currentColor\"\/>\n<path id=\"Vector_3\" d=\"M16.8257 9.67004C17.3936 10.2867 17.6772 11.133 17.6772 12.2105V16.9569H15.203V12.545C15.203 12.0016 15.062 11.5792 14.7807 11.2786C14.4995 10.978 14.1204 10.827 13.6457 10.827C13.1711 10.827 12.7919 10.9773 12.5107 11.2786C12.2294 11.5792 12.0884 12.0016 12.0884 12.545V16.9569H9.59961V8.83221H12.0884V9.90974C12.3404 9.55057 12.6802 9.26693 13.1071 9.05805C13.534 8.84918 14.014 8.74512 14.548 8.74512C15.4989 8.74512 16.2586 9.05342 16.8257 9.66927V9.67004Z\" fill=\"currentColor\"\/>\n<\/g>\n<\/svg>  \n  <span class=\"relative z-5 sr-only\">\n    Compartir en LinkedIn\n  <\/span>\n\n  <\/a>\n          <\/li>\n\n        \n          <li>\n            <a class=\"h-7 w-7 link-no-underline rounded-full hover:bg-black hover:text-white active:bg-black active:text-white flex items-center justify-center shrink-0\" href=\"https:\/\/pinterest.com\/pin\/create\/button\/?description=De%20la%20ciudad%20al%20campo%3A%20la%20traves%C3%ADa%20de%20una%20Fellow%20en%20busca%20de%20oportunidades%20de%20cambio&amp;url=https:\/\/acumen.org\/es\/blog\/de-la-ciudad-al-campo-la-travesia-de-una-fellow-en-busca-de-oportunidades-de-cambio\/\" target=\"_blank\" @click.prevent=\"open($el)\" title=\"Compartir en Pinterest\">\n\n      <svg aria-hidden=\"true\" class=\"fill-current w-auto w-3.5 h-auto flex-shrink-0 relative z-5\" xmlns=\"http:\/\/www.w3.org\/2000\/svg\" width=\"23\" height=\"23\" viewBox=\"0 0 23 23\" fill=\"none\">\n  <path fill-rule=\"evenodd\" clip-rule=\"evenodd\" d=\"M11.0838 13.9802C11.072 14.0175 11.061 14.0491 11.052 14.0807C10.5302 15.9513 10.4722 16.3668 9.93589 17.2357C9.68019 17.6487 9.39201 18.0401 9.07342 18.4145C9.03748 18.4569 9.00361 18.5112 8.93174 18.498C8.85296 18.4828 8.84674 18.4183 8.83845 18.3601C8.75275 17.7916 8.70507 17.2218 8.7258 16.6476C8.75275 15.9001 8.85365 15.6434 9.90686 11.591C9.92207 11.529 9.90479 11.4778 9.88267 11.4222C9.63043 10.7999 9.58067 10.1682 9.80112 9.52818C10.278 8.14578 11.9905 8.04017 12.2897 9.18036C12.4742 9.88548 11.9863 10.8088 11.6118 12.1735C11.3015 13.2991 12.75 14.0997 13.9877 13.2776C15.1294 12.52 15.5724 10.7038 15.488 9.41624C15.3222 6.84938 12.2462 6.29478 10.2953 7.12131C8.05822 8.06799 7.54958 10.6051 8.55994 11.7649C8.68779 11.9123 8.92898 12.0027 8.88682 12.152C8.82186 12.384 8.7645 12.618 8.69401 12.8488C8.64149 13.0209 8.34225 13.0834 8.1522 13.0126C7.77971 12.8748 7.46941 12.6579 7.21786 12.372C6.36022 11.4 6.11489 9.47758 7.24896 7.84982C8.50535 6.04688 10.8426 5.3171 12.9766 5.53844C15.5254 5.80341 17.1363 7.39703 17.4376 9.20502C17.5751 10.0284 17.4763 12.059 16.213 13.4945C14.7596 15.1438 12.4037 15.2532 11.3167 14.2407C11.233 14.1629 11.166 14.0725 11.0838 13.9795V13.9802Z\" fill=\"currentColor\"\/>\n<\/svg>  \n  <span class=\"relative z-5 sr-only\">\n    Compartir en Pinterest\n  <\/span>\n\n  <\/a>\n          <\/li>\n\n        \n          <li>\n            <a class=\"h-7 w-7 link-no-underline rounded-full hover:bg-black hover:text-white active:bg-black active:text-white flex items-center justify-center shrink-0\" href=\"mailto:?subject=De%20la%20ciudad%20al%20campo%3A%20la%20traves%C3%ADa%20de%20una%20Fellow%20en%20busca%20de%20oportunidades%20de%20cambio&amp;body=https:\/\/acumen.org\/es\/blog\/de-la-ciudad-al-campo-la-travesia-de-una-fellow-en-busca-de-oportunidades-de-cambio\/\" target=\"_blank\" @click.prevent=\"open($el)\" title=\"Compartir via correo electr\u00f3nico\">\n\n      <svg aria-hidden=\"true\" class=\"fill-current w-auto w-3.5 h-auto flex-shrink-0 relative z-5\" xmlns=\"http:\/\/www.w3.org\/2000\/svg\" width=\"23\" height=\"23\" viewBox=\"0 0 23 23\" fill=\"none\">\n  <g>\n      <path d=\"M5.66563 17.1939C5.30938 17.1939 5.0026 17.0652 4.74531 16.8079C4.48802 16.5506 4.35938 16.2439 4.35938 15.8876V7.61265C4.35938 7.2564 4.48802 6.94963 4.74531 6.69233C5.0026 6.43504 5.30938 6.3064 5.66563 6.3064H17.8406C18.2063 6.3064 18.5155 6.43504 18.768 6.69233C19.0206 6.94963 19.1468 7.2564 19.1468 7.61265V15.8876C19.1468 16.2439 19.0206 16.5506 18.768 16.8079C18.5155 17.0652 18.2063 17.1939 17.8406 17.1939H5.66563ZM18.0906 8.63604L12.1078 12.1579C12.0517 12.1933 11.9939 12.2212 11.9344 12.2415C11.8748 12.2618 11.8144 12.272 11.7531 12.272C11.6854 12.272 11.6284 12.2618 11.582 12.2415C11.5357 12.2212 11.4818 12.1954 11.4204 12.164L5.4156 8.63604V15.8876C5.4156 15.9605 5.43905 16.0204 5.48593 16.0673C5.53281 16.1142 5.59271 16.1376 5.66563 16.1376H17.8406C17.9135 16.1376 17.9734 16.1142 18.0203 16.0673C18.0672 16.0204 18.0906 15.9605 18.0906 15.8876V8.63604ZM11.7531 10.9986L17.9453 7.36263H5.58123L11.7531 10.9986ZM5.4156 8.3739V8.54104V7.74231V7.75636V7.73059V8.54276V8.37567V16.1376V8.3739Z\" fill=\"currentColor\"\/>\n  <\/g>\n<\/svg>  \n  <span class=\"relative z-5 sr-only\">\n    Compartir via correo electr\u00f3nico\n  <\/span>\n\n  <\/a>\n          <\/li>\n\n        \n        \n        <li class=\"relative\" x-id=\"['tooltip']\">\n\n          <button class=\"h-7 w-7 link-no-underline rounded-full hover:bg-black hover:text-white active:bg-black active:text-white flex items-center justify-center shrink-0\" @click=\"copyLink()\" x-bind:aria-describedby=\"tooltip &#038;&#038; $id('tooltip')\" title=\"Copy link\">\n\n      <svg aria-hidden=\"true\" class=\"fill-current pr-0.5 w-auto w-3.5 h-auto flex-shrink-0 relative z-5\" xmlns=\"http:\/\/www.w3.org\/2000\/svg\" width=\"23\" height=\"23\" viewBox=\"0 0 23 23\">\n  <g>\n      <path d=\"M15.3387 18.1395C14.7972 18.1395 14.3367 17.9499 13.9572 17.5707C13.5776 17.1915 13.3878 16.7311 13.3878 16.1894C13.3878 16.0891 13.3949 15.9974 13.409 15.9144C13.4231 15.8314 13.4442 15.7381 13.4724 15.6344L9.00773 12.9003C8.84409 13.0985 8.64654 13.2412 8.41507 13.3285C8.18362 13.4157 7.93844 13.4594 7.67952 13.4594C7.13784 13.4594 6.67742 13.2699 6.29825 12.8908C5.91908 12.5118 5.72949 12.0516 5.72949 11.5101C5.72949 10.9687 5.91908 10.5082 6.29825 10.1286C6.67742 9.74909 7.13784 9.55931 7.67952 9.55931C7.93497 9.55931 8.1793 9.6059 8.41249 9.69908C8.64567 9.79227 8.84409 9.93204 9.00773 10.1184L13.4724 7.38425C13.4442 7.28062 13.4231 7.18729 13.409 7.10426C13.3949 7.02125 13.3878 6.92958 13.3878 6.82924C13.3878 6.28756 13.5774 5.82714 13.9564 5.44797C14.3354 5.0688 14.7956 4.87921 15.3371 4.87921C15.8785 4.87921 16.339 5.06872 16.7186 5.44774C17.0981 5.82676 17.2879 6.28699 17.2879 6.82844C17.2879 7.36989 17.0983 7.83039 16.7191 8.20994C16.34 8.58949 15.8795 8.77926 15.3379 8.77926C15.0789 8.77926 14.8338 8.73563 14.6023 8.64836C14.3708 8.56108 14.1733 8.41835 14.0097 8.22017L9.545 10.9543C9.57319 11.058 9.59432 11.1511 9.60841 11.2338C9.6225 11.3165 9.62954 11.4079 9.62954 11.5079C9.62954 11.608 9.6225 11.6998 9.60841 11.7834C9.59432 11.8671 9.57319 11.9607 9.545 12.0644L14.0097 14.7985C14.1733 14.5885 14.3708 14.4428 14.6023 14.3615C14.8338 14.2801 15.0789 14.2394 15.3379 14.2394C15.8795 14.2394 16.34 14.4289 16.7191 14.8079C17.0983 15.187 17.2879 15.6472 17.2879 16.1886C17.2879 16.7301 17.0984 17.1906 16.7194 17.5701C16.3403 17.9497 15.8801 18.1395 15.3387 18.1395ZM15.3379 7.85746C15.6244 7.85746 15.8674 7.75773 16.0669 7.55827C16.2664 7.3588 16.3661 7.11579 16.3661 6.82924C16.3661 6.54269 16.2664 6.29968 16.0669 6.1002C15.8674 5.90074 15.6244 5.80102 15.3379 5.80102C15.0513 5.80102 14.8083 5.90074 14.6088 6.1002C14.4094 6.29968 14.3096 6.54269 14.3096 6.82924C14.3096 7.11579 14.4094 7.3588 14.6088 7.55827C14.8083 7.75773 15.0513 7.85746 15.3379 7.85746ZM7.67952 12.5376C7.96607 12.5376 8.20908 12.4378 8.40855 12.2384C8.60801 12.0389 8.70774 11.7959 8.70774 11.5093C8.70774 11.2228 8.60801 10.9798 8.40855 10.7803C8.20908 10.5808 7.96607 10.4811 7.67952 10.4811C7.39297 10.4811 7.14996 10.5808 6.95048 10.7803C6.75103 10.9798 6.65129 11.2228 6.65129 11.5093C6.65129 11.7959 6.75103 12.0389 6.95048 12.2384C7.14996 12.4378 7.39297 12.5376 7.67952 12.5376ZM15.3379 17.2177C15.6244 17.2177 15.8674 17.1179 16.0669 16.9185C16.2664 16.719 16.3661 16.476 16.3661 16.1894C16.3661 15.9029 16.2664 15.6599 16.0669 15.4604C15.8674 15.261 15.6244 15.1612 15.3379 15.1612C15.0513 15.1612 14.8083 15.261 14.6088 15.4604C14.4094 15.6599 14.3096 15.9029 14.3096 16.1894C14.3096 16.476 14.4094 16.719 14.6088 16.9185C14.8083 17.1179 15.0513 17.2177 15.3379 17.2177Z\" fill=\"currentColor\"\/>\n    <\/g>\n<\/svg>  \n  <span class=\"relative z-5 sr-only\">\n    \n  <\/span>\n\n  <\/button>\n          <div \n            :id=\"$id('tooltip')\" \n            x-show=\"tooltip\"\n            x-text=\"tooltip\"\n            class=\"absolute bg-black text-white rounded-md py-1 px-2 text-sm whitespace-nowrap left-1\/2 -translate-x-1\/2 -top-9\"\n          ><\/div>\n        <\/li>\n      <\/ul>\n    <\/div>\n\n  <\/section>\n\n\t","protected":false},"excerpt":{"rendered":"<p>FELLOWS DE ACUMEN EN COLOMBIA: 2019 El mundo est\u00e1 pidiendo un cambio a gritos. Marchas, plantones y representaciones art\u00edsticas han sido los instrumentos de este clamor. En Colombia, un pa\u00eds en donde la desigualdad ha sido la realidad a la que muchos se han enfrentado, existen personas como Nazly Ort\u00edz, que, con deseos de cambio &hellip; <a href=\"https:\/\/acumen.org\/es\/blog\/de-la-ciudad-al-campo-la-travesia-de-una-fellow-en-busca-de-oportunidades-de-cambio\/\">Continuado<\/a><\/p>\n","protected":false},"author":[],"featured_media":7695,"comment_status":"open","ping_status":"closed","sticky":false,"template":"","format":"standard","meta":{"_acf_changed":false,"content-type":"","_relevanssi_hide_post":"","_relevanssi_hide_content":"","_relevanssi_pin_for_all":"","_relevanssi_pin_keywords":"","_relevanssi_unpin_keywords":"","_relevanssi_related_keywords":"","_relevanssi_related_include_ids":"","_relevanssi_related_exclude_ids":"","_relevanssi_related_no_append":"","_relevanssi_related_not_related":"","_relevanssi_related_posts":"606,632,607,611,629,10555","_relevanssi_noindex_reason":"","footnotes":""},"categories":[178],"tags":[],"blog-type":[218],"problem":[191],"region":[188],"year":[],"media-format":[213],"class_list":["post-10806","post","type-post","status-publish","format-standard","has-post-thumbnail","hentry","category-sin-categorizar"],"acf":[],"yoast_head":"<!-- This site is optimized with the Yoast SEO Premium plugin v27.4 (Yoast SEO v27.4) - https:\/\/yoast.com\/product\/yoast-seo-premium-wordpress\/ -->\n<title>De la ciudad al campo: la traves\u00eda de una Fellow en busca de oportunidades de cambio - Acumen<\/title>\n<meta name=\"robots\" content=\"index, follow, max-snippet:-1, max-image-preview:large, max-video-preview:-1\" \/>\n<link rel=\"canonical\" href=\"https:\/\/acumen.org\/es\/blog\/de-la-ciudad-al-campo-la-travesia-de-una-fellow-en-busca-de-oportunidades-de-cambio\/\" \/>\n<meta property=\"og:locale\" content=\"es_ES\" \/>\n<meta property=\"og:type\" content=\"article\" \/>\n<meta property=\"og:title\" content=\"De la ciudad al campo: la traves\u00eda de una Fellow en busca de oportunidades de cambio\" \/>\n<meta property=\"og:description\" content=\"FELLOWS DE ACUMEN EN COLOMBIA: 2019 El mundo est\u00e1 pidiendo un cambio a gritos. Marchas, plantones y representaciones art\u00edsticas han sido los instrumentos de este clamor. En Colombia, un pa\u00eds en donde la desigualdad ha sido la realidad a la que muchos se han enfrentado, existen personas como Nazly Ort\u00edz, que, con deseos de cambio &hellip; Continuado\" \/>\n<meta property=\"og:url\" content=\"https:\/\/acumen.org\/es\/blog\/de-la-ciudad-al-campo-la-travesia-de-una-fellow-en-busca-de-oportunidades-de-cambio\/\" \/>\n<meta property=\"og:site_name\" content=\"Acumen\" \/>\n<meta property=\"article:publisher\" content=\"https:\/\/www.facebook.com\/acumenfund\/\" \/>\n<meta property=\"article:published_time\" content=\"2020-02-05T19:49:44+00:00\" \/>\n<meta property=\"article:modified_time\" content=\"2025-05-13T17:25:15+00:00\" \/>\n<meta property=\"og:image\" content=\"https:\/\/acumen.org\/app\/uploads\/2024\/03\/NazlyO.jpg\" \/>\n\t<meta property=\"og:image:width\" content=\"2200\" \/>\n\t<meta property=\"og:image:height\" content=\"1467\" \/>\n\t<meta property=\"og:image:type\" content=\"image\/jpeg\" \/>\n<meta name=\"author\" content=\"Acumen\" \/>\n<meta name=\"twitter:card\" content=\"summary_large_image\" \/>\n<meta name=\"twitter:creator\" content=\"@Acumen\" \/>\n<meta name=\"twitter:site\" content=\"@Acumen\" \/>\n<meta name=\"twitter:label1\" content=\"Escrito por\" \/>\n\t<meta name=\"twitter:data1\" content=\"Acumen\" \/>\n\t<meta name=\"twitter:label2\" content=\"Tiempo de lectura\" \/>\n\t<meta name=\"twitter:data2\" content=\"9 minutes\" \/>\n<script type=\"application\/ld+json\" class=\"yoast-schema-graph\">{\"@context\":\"https:\\\/\\\/schema.org\",\"@graph\":[{\"@type\":\"Article\",\"@id\":\"https:\\\/\\\/acumen.org\\\/es\\\/blog\\\/de-la-ciudad-al-campo-la-travesia-de-una-fellow-en-busca-de-oportunidades-de-cambio\\\/#article\",\"isPartOf\":{\"@id\":\"https:\\\/\\\/acumen.org\\\/es\\\/blog\\\/de-la-ciudad-al-campo-la-travesia-de-una-fellow-en-busca-de-oportunidades-de-cambio\\\/\"},\"author\":{\"name\":\"Acumen\",\"@id\":\"https:\\\/\\\/acumen.org\\\/es\\\/#\\\/schema\\\/person\\\/cc23269de4eed510141e42eae895c0dc\"},\"headline\":\"De la ciudad al campo: la traves\u00eda de una Fellow en busca de oportunidades de cambio\",\"datePublished\":\"2020-02-05T19:49:44+00:00\",\"dateModified\":\"2025-05-13T17:25:15+00:00\",\"mainEntityOfPage\":{\"@id\":\"https:\\\/\\\/acumen.org\\\/es\\\/blog\\\/de-la-ciudad-al-campo-la-travesia-de-una-fellow-en-busca-de-oportunidades-de-cambio\\\/\"},\"wordCount\":1840,\"commentCount\":0,\"publisher\":{\"@id\":\"https:\\\/\\\/acumen.org\\\/es\\\/#organization\"},\"image\":{\"@id\":\"https:\\\/\\\/acumen.org\\\/es\\\/blog\\\/de-la-ciudad-al-campo-la-travesia-de-una-fellow-en-busca-de-oportunidades-de-cambio\\\/#primaryimage\"},\"thumbnailUrl\":\"https:\\\/\\\/acumen.org\\\/wp-content\\\/uploads\\\/2024\\\/03\\\/NazlyO.jpg\",\"articleSection\":[\"Sin categorizar\"],\"inLanguage\":\"es-ES\",\"potentialAction\":[{\"@type\":\"CommentAction\",\"name\":\"Comment\",\"target\":[\"https:\\\/\\\/acumen.org\\\/es\\\/blog\\\/de-la-ciudad-al-campo-la-travesia-de-una-fellow-en-busca-de-oportunidades-de-cambio\\\/#respond\"]}]},{\"@type\":\"WebPage\",\"@id\":\"https:\\\/\\\/acumen.org\\\/es\\\/blog\\\/de-la-ciudad-al-campo-la-travesia-de-una-fellow-en-busca-de-oportunidades-de-cambio\\\/\",\"url\":\"https:\\\/\\\/acumen.org\\\/es\\\/blog\\\/de-la-ciudad-al-campo-la-travesia-de-una-fellow-en-busca-de-oportunidades-de-cambio\\\/\",\"name\":\"De la ciudad al campo: la traves\u00eda de una Fellow en busca de oportunidades de cambio - Acumen\",\"isPartOf\":{\"@id\":\"https:\\\/\\\/acumen.org\\\/es\\\/#website\"},\"primaryImageOfPage\":{\"@id\":\"https:\\\/\\\/acumen.org\\\/es\\\/blog\\\/de-la-ciudad-al-campo-la-travesia-de-una-fellow-en-busca-de-oportunidades-de-cambio\\\/#primaryimage\"},\"image\":{\"@id\":\"https:\\\/\\\/acumen.org\\\/es\\\/blog\\\/de-la-ciudad-al-campo-la-travesia-de-una-fellow-en-busca-de-oportunidades-de-cambio\\\/#primaryimage\"},\"thumbnailUrl\":\"https:\\\/\\\/acumen.org\\\/wp-content\\\/uploads\\\/2024\\\/03\\\/NazlyO.jpg\",\"datePublished\":\"2020-02-05T19:49:44+00:00\",\"dateModified\":\"2025-05-13T17:25:15+00:00\",\"breadcrumb\":{\"@id\":\"https:\\\/\\\/acumen.org\\\/es\\\/blog\\\/de-la-ciudad-al-campo-la-travesia-de-una-fellow-en-busca-de-oportunidades-de-cambio\\\/#breadcrumb\"},\"inLanguage\":\"es-ES\",\"potentialAction\":[{\"@type\":\"ReadAction\",\"target\":[\"https:\\\/\\\/acumen.org\\\/es\\\/blog\\\/de-la-ciudad-al-campo-la-travesia-de-una-fellow-en-busca-de-oportunidades-de-cambio\\\/\"]}]},{\"@type\":\"ImageObject\",\"inLanguage\":\"es-ES\",\"@id\":\"https:\\\/\\\/acumen.org\\\/es\\\/blog\\\/de-la-ciudad-al-campo-la-travesia-de-una-fellow-en-busca-de-oportunidades-de-cambio\\\/#primaryimage\",\"url\":\"https:\\\/\\\/acumen.org\\\/wp-content\\\/uploads\\\/2024\\\/03\\\/NazlyO.jpg\",\"contentUrl\":\"https:\\\/\\\/acumen.org\\\/wp-content\\\/uploads\\\/2024\\\/03\\\/NazlyO.jpg\",\"width\":2200,\"height\":1467},{\"@type\":\"BreadcrumbList\",\"@id\":\"https:\\\/\\\/acumen.org\\\/es\\\/blog\\\/de-la-ciudad-al-campo-la-travesia-de-una-fellow-en-busca-de-oportunidades-de-cambio\\\/#breadcrumb\",\"itemListElement\":[{\"@type\":\"ListItem\",\"position\":1,\"name\":\"Home\",\"item\":\"https:\\\/\\\/acumen.org\\\/es\\\/\"},{\"@type\":\"ListItem\",\"position\":2,\"name\":\"De la ciudad al campo: la traves\u00eda de una Fellow en busca de oportunidades de cambio\"}]},{\"@type\":\"WebSite\",\"@id\":\"https:\\\/\\\/acumen.org\\\/es\\\/#website\",\"url\":\"https:\\\/\\\/acumen.org\\\/es\\\/\",\"name\":\"Acumen\",\"description\":\"\",\"publisher\":{\"@id\":\"https:\\\/\\\/acumen.org\\\/es\\\/#organization\"},\"potentialAction\":[{\"@type\":\"SearchAction\",\"target\":{\"@type\":\"EntryPoint\",\"urlTemplate\":\"https:\\\/\\\/acumen.org\\\/es\\\/?s={search_term_string}\"},\"query-input\":{\"@type\":\"PropertyValueSpecification\",\"valueRequired\":true,\"valueName\":\"search_term_string\"}}],\"inLanguage\":\"es-ES\"},{\"@type\":\"Organization\",\"@id\":\"https:\\\/\\\/acumen.org\\\/es\\\/#organization\",\"name\":\"Acumen\",\"url\":\"https:\\\/\\\/acumen.org\\\/es\\\/\",\"logo\":{\"@type\":\"ImageObject\",\"inLanguage\":\"es-ES\",\"@id\":\"https:\\\/\\\/acumen.org\\\/es\\\/#\\\/schema\\\/logo\\\/image\\\/\",\"url\":\"https:\\\/\\\/acumen.org\\\/app\\\/uploads\\\/2021\\\/03\\\/Acumen.png\",\"contentUrl\":\"https:\\\/\\\/acumen.org\\\/app\\\/uploads\\\/2021\\\/03\\\/Acumen.png\",\"width\":3334,\"height\":2480,\"caption\":\"Acumen\"},\"image\":{\"@id\":\"https:\\\/\\\/acumen.org\\\/es\\\/#\\\/schema\\\/logo\\\/image\\\/\"},\"sameAs\":[\"https:\\\/\\\/www.facebook.com\\\/acumenfund\\\/\",\"https:\\\/\\\/x.com\\\/Acumen\",\"https:\\\/\\\/www.instagram.com\\\/acumenorg\\\/\",\"https:\\\/\\\/www.linkedin.com\\\/company\\\/acumen-fund\\\/\",\"https:\\\/\\\/www.youtube.com\\\/channel\\\/UCpuoLfl6gZl2jDa8lAlC8YQ\"],\"description\":\"We invest across the capital continuum to help transformational companies grow from seed to scale. acumen invests patient capital in business models that deliver critical, affordable goods and services to the world's poor, improving the lives of millions. Since 2001, Acumen has invested in businesses that provide access to healthcare, energy, education, water & sanitation, housing, financial services, and agricultural services to low-income customers. Our investments are addressing the problems of poverty in East and West Africa, South Asia, Latin America, and the United States.\",\"telephone\":\"1-212-566-8821\",\"legalName\":\"Acumen Fund, Inc.\",\"taxID\":\"13-4166228\",\"ownershipFundingInfo\":\"https:\\\/\\\/acumen.org\\\/financials\\\/\",\"ethicsPolicy\":\"https:\\\/\\\/acumen.org\\\/anti-corruption-policy\\\/\"},{\"@type\":\"Person\",\"@id\":\"https:\\\/\\\/acumen.org\\\/es\\\/#\\\/schema\\\/person\\\/cc23269de4eed510141e42eae895c0dc\",\"name\":\"Acumen\",\"image\":{\"@type\":\"ImageObject\",\"inLanguage\":\"es-ES\",\"@id\":\"https:\\\/\\\/secure.gravatar.com\\\/avatar\\\/44f8fbe9133793fb949c95942f8d9143ecb31b1d9d2c362c7f6f76de0e43d5ba?s=96&d=mm&r=g\",\"url\":\"https:\\\/\\\/secure.gravatar.com\\\/avatar\\\/44f8fbe9133793fb949c95942f8d9143ecb31b1d9d2c362c7f6f76de0e43d5ba?s=96&d=mm&r=g\",\"contentUrl\":\"https:\\\/\\\/secure.gravatar.com\\\/avatar\\\/44f8fbe9133793fb949c95942f8d9143ecb31b1d9d2c362c7f6f76de0e43d5ba?s=96&d=mm&r=g\",\"caption\":\"Acumen\"}}]}<\/script>\n<!-- \/ Yoast SEO Premium plugin. -->","yoast_head_json":{"title":"De la ciudad al campo: la traves\u00eda de una Fellow en busca de oportunidades de cambio - Acumen","robots":{"index":"index","follow":"follow","max-snippet":"max-snippet:-1","max-image-preview":"max-image-preview:large","max-video-preview":"max-video-preview:-1"},"canonical":"https:\/\/acumen.org\/es\/blog\/de-la-ciudad-al-campo-la-travesia-de-una-fellow-en-busca-de-oportunidades-de-cambio\/","og_locale":"es_ES","og_type":"article","og_title":"De la ciudad al campo: la traves\u00eda de una Fellow en busca de oportunidades de cambio","og_description":"FELLOWS DE ACUMEN EN COLOMBIA: 2019 El mundo est\u00e1 pidiendo un cambio a gritos. Marchas, plantones y representaciones art\u00edsticas han sido los instrumentos de este clamor. En Colombia, un pa\u00eds en donde la desigualdad ha sido la realidad a la que muchos se han enfrentado, existen personas como Nazly Ort\u00edz, que, con deseos de cambio &hellip; Continuado","og_url":"https:\/\/acumen.org\/es\/blog\/de-la-ciudad-al-campo-la-travesia-de-una-fellow-en-busca-de-oportunidades-de-cambio\/","og_site_name":"Acumen","article_publisher":"https:\/\/www.facebook.com\/acumenfund\/","article_published_time":"2020-02-05T19:49:44+00:00","article_modified_time":"2025-05-13T17:25:15+00:00","og_image":[{"width":2200,"height":1467,"url":"https:\/\/acumen.org\/app\/uploads\/2024\/03\/NazlyO.jpg","type":"image\/jpeg"}],"author":"Acumen","twitter_card":"summary_large_image","twitter_creator":"@Acumen","twitter_site":"@Acumen","twitter_misc":{"Escrito por":"Acumen","Tiempo de lectura":"9 minutes"},"schema":{"@context":"https:\/\/schema.org","@graph":[{"@type":"Article","@id":"https:\/\/acumen.org\/es\/blog\/de-la-ciudad-al-campo-la-travesia-de-una-fellow-en-busca-de-oportunidades-de-cambio\/#article","isPartOf":{"@id":"https:\/\/acumen.org\/es\/blog\/de-la-ciudad-al-campo-la-travesia-de-una-fellow-en-busca-de-oportunidades-de-cambio\/"},"author":{"name":"Acumen","@id":"https:\/\/acumen.org\/es\/#\/schema\/person\/cc23269de4eed510141e42eae895c0dc"},"headline":"De la ciudad al campo: la traves\u00eda de una Fellow en busca de oportunidades de cambio","datePublished":"2020-02-05T19:49:44+00:00","dateModified":"2025-05-13T17:25:15+00:00","mainEntityOfPage":{"@id":"https:\/\/acumen.org\/es\/blog\/de-la-ciudad-al-campo-la-travesia-de-una-fellow-en-busca-de-oportunidades-de-cambio\/"},"wordCount":1840,"commentCount":0,"publisher":{"@id":"https:\/\/acumen.org\/es\/#organization"},"image":{"@id":"https:\/\/acumen.org\/es\/blog\/de-la-ciudad-al-campo-la-travesia-de-una-fellow-en-busca-de-oportunidades-de-cambio\/#primaryimage"},"thumbnailUrl":"https:\/\/acumen.org\/wp-content\/uploads\/2024\/03\/NazlyO.jpg","articleSection":["Sin categorizar"],"inLanguage":"es-ES","potentialAction":[{"@type":"CommentAction","name":"Comment","target":["https:\/\/acumen.org\/es\/blog\/de-la-ciudad-al-campo-la-travesia-de-una-fellow-en-busca-de-oportunidades-de-cambio\/#respond"]}]},{"@type":"WebPage","@id":"https:\/\/acumen.org\/es\/blog\/de-la-ciudad-al-campo-la-travesia-de-una-fellow-en-busca-de-oportunidades-de-cambio\/","url":"https:\/\/acumen.org\/es\/blog\/de-la-ciudad-al-campo-la-travesia-de-una-fellow-en-busca-de-oportunidades-de-cambio\/","name":"De la ciudad al campo: la traves\u00eda de una Fellow en busca de oportunidades de cambio - Acumen","isPartOf":{"@id":"https:\/\/acumen.org\/es\/#website"},"primaryImageOfPage":{"@id":"https:\/\/acumen.org\/es\/blog\/de-la-ciudad-al-campo-la-travesia-de-una-fellow-en-busca-de-oportunidades-de-cambio\/#primaryimage"},"image":{"@id":"https:\/\/acumen.org\/es\/blog\/de-la-ciudad-al-campo-la-travesia-de-una-fellow-en-busca-de-oportunidades-de-cambio\/#primaryimage"},"thumbnailUrl":"https:\/\/acumen.org\/wp-content\/uploads\/2024\/03\/NazlyO.jpg","datePublished":"2020-02-05T19:49:44+00:00","dateModified":"2025-05-13T17:25:15+00:00","breadcrumb":{"@id":"https:\/\/acumen.org\/es\/blog\/de-la-ciudad-al-campo-la-travesia-de-una-fellow-en-busca-de-oportunidades-de-cambio\/#breadcrumb"},"inLanguage":"es-ES","potentialAction":[{"@type":"ReadAction","target":["https:\/\/acumen.org\/es\/blog\/de-la-ciudad-al-campo-la-travesia-de-una-fellow-en-busca-de-oportunidades-de-cambio\/"]}]},{"@type":"ImageObject","inLanguage":"es-ES","@id":"https:\/\/acumen.org\/es\/blog\/de-la-ciudad-al-campo-la-travesia-de-una-fellow-en-busca-de-oportunidades-de-cambio\/#primaryimage","url":"https:\/\/acumen.org\/wp-content\/uploads\/2024\/03\/NazlyO.jpg","contentUrl":"https:\/\/acumen.org\/wp-content\/uploads\/2024\/03\/NazlyO.jpg","width":2200,"height":1467},{"@type":"BreadcrumbList","@id":"https:\/\/acumen.org\/es\/blog\/de-la-ciudad-al-campo-la-travesia-de-una-fellow-en-busca-de-oportunidades-de-cambio\/#breadcrumb","itemListElement":[{"@type":"ListItem","position":1,"name":"Home","item":"https:\/\/acumen.org\/es\/"},{"@type":"ListItem","position":2,"name":"De la ciudad al campo: la traves\u00eda de una Fellow en busca de oportunidades de cambio"}]},{"@type":"WebSite","@id":"https:\/\/acumen.org\/es\/#website","url":"https:\/\/acumen.org\/es\/","name":"Acumen","description":"","publisher":{"@id":"https:\/\/acumen.org\/es\/#organization"},"potentialAction":[{"@type":"SearchAction","target":{"@type":"EntryPoint","urlTemplate":"https:\/\/acumen.org\/es\/?s={search_term_string}"},"query-input":{"@type":"PropertyValueSpecification","valueRequired":true,"valueName":"search_term_string"}}],"inLanguage":"es-ES"},{"@type":"Organization","@id":"https:\/\/acumen.org\/es\/#organization","name":"Acumen","url":"https:\/\/acumen.org\/es\/","logo":{"@type":"ImageObject","inLanguage":"es-ES","@id":"https:\/\/acumen.org\/es\/#\/schema\/logo\/image\/","url":"https:\/\/acumen.org\/app\/uploads\/2021\/03\/Acumen.png","contentUrl":"https:\/\/acumen.org\/app\/uploads\/2021\/03\/Acumen.png","width":3334,"height":2480,"caption":"Acumen"},"image":{"@id":"https:\/\/acumen.org\/es\/#\/schema\/logo\/image\/"},"sameAs":["https:\/\/www.facebook.com\/acumenfund\/","https:\/\/x.com\/Acumen","https:\/\/www.instagram.com\/acumenorg\/","https:\/\/www.linkedin.com\/company\/acumen-fund\/","https:\/\/www.youtube.com\/channel\/UCpuoLfl6gZl2jDa8lAlC8YQ"],"description":"We invest across the capital continuum to help transformational companies grow from seed to scale. acumen invests patient capital in business models that deliver critical, affordable goods and services to the world's poor, improving the lives of millions. Since 2001, Acumen has invested in businesses that provide access to healthcare, energy, education, water & sanitation, housing, financial services, and agricultural services to low-income customers. Our investments are addressing the problems of poverty in East and West Africa, South Asia, Latin America, and the United States.","telephone":"1-212-566-8821","legalName":"Acumen Fund, Inc.","taxID":"13-4166228","ownershipFundingInfo":"https:\/\/acumen.org\/financials\/","ethicsPolicy":"https:\/\/acumen.org\/anti-corruption-policy\/"},{"@type":"Person","@id":"https:\/\/acumen.org\/es\/#\/schema\/person\/cc23269de4eed510141e42eae895c0dc","name":"Acumen","image":{"@type":"ImageObject","inLanguage":"es-ES","@id":"https:\/\/secure.gravatar.com\/avatar\/44f8fbe9133793fb949c95942f8d9143ecb31b1d9d2c362c7f6f76de0e43d5ba?s=96&d=mm&r=g","url":"https:\/\/secure.gravatar.com\/avatar\/44f8fbe9133793fb949c95942f8d9143ecb31b1d9d2c362c7f6f76de0e43d5ba?s=96&d=mm&r=g","contentUrl":"https:\/\/secure.gravatar.com\/avatar\/44f8fbe9133793fb949c95942f8d9143ecb31b1d9d2c362c7f6f76de0e43d5ba?s=96&d=mm&r=g","caption":"Acumen"}}]}},"_links":{"self":[{"href":"https:\/\/acumen.org\/es\/wp-json\/wp\/v2\/posts\/10806","targetHints":{"allow":["GET"]}}],"collection":[{"href":"https:\/\/acumen.org\/es\/wp-json\/wp\/v2\/posts"}],"about":[{"href":"https:\/\/acumen.org\/es\/wp-json\/wp\/v2\/types\/post"}],"author":[{"embeddable":true,"href":"https:\/\/acumen.org\/es\/wp-json\/wp\/v2\/users\/30"}],"replies":[{"embeddable":true,"href":"https:\/\/acumen.org\/es\/wp-json\/wp\/v2\/comments?post=10806"}],"version-history":[{"count":0,"href":"https:\/\/acumen.org\/es\/wp-json\/wp\/v2\/posts\/10806\/revisions"}],"wp:featuredmedia":[{"embeddable":true,"href":"https:\/\/acumen.org\/es\/wp-json\/wp\/v2\/media\/7695"}],"wp:attachment":[{"href":"https:\/\/acumen.org\/es\/wp-json\/wp\/v2\/media?parent=10806"}],"wp:term":[{"taxonomy":"category","embeddable":true,"href":"https:\/\/acumen.org\/es\/wp-json\/wp\/v2\/categories?post=10806"},{"taxonomy":"post_tag","embeddable":true,"href":"https:\/\/acumen.org\/es\/wp-json\/wp\/v2\/tags?post=10806"},{"taxonomy":"blog-type","embeddable":true,"href":"https:\/\/acumen.org\/es\/wp-json\/wp\/v2\/blog-type?post=10806"},{"taxonomy":"problem-tax","embeddable":true,"href":"https:\/\/acumen.org\/es\/wp-json\/wp\/v2\/problem?post=10806"},{"taxonomy":"region-tax","embeddable":true,"href":"https:\/\/acumen.org\/es\/wp-json\/wp\/v2\/region?post=10806"},{"taxonomy":"acumen-year","embeddable":true,"href":"https:\/\/acumen.org\/es\/wp-json\/wp\/v2\/year?post=10806"},{"taxonomy":"post-author","embeddable":true,"href":"https:\/\/acumen.org\/es\/wp-json\/wp\/v2\/author?post=10806"},{"taxonomy":"media-format","embeddable":true,"href":"https:\/\/acumen.org\/es\/wp-json\/wp\/v2\/media-format?post=10806"}],"curies":[{"name":"wp","href":"https:\/\/api.w.org\/{rel}","templated":true}]}}