{"id":10810,"date":"2019-06-20T18:55:21","date_gmt":"2019-06-20T22:55:21","guid":{"rendered":"https:\/\/acumenbw.wpenginepowered.com\/blog\/determinacion-el-rasgo-que-los-lideres-deben-tener\/"},"modified":"2025-05-13T13:30:11","modified_gmt":"2025-05-13T17:30:11","slug":"determinacion-el-rasgo-que-los-lideres-deben-tener","status":"publish","type":"post","link":"https:\/\/acumen.org\/es\/blog\/determinacion-el-rasgo-que-los-lideres-deben-tener\/","title":{"rendered":"Determinaci\u00f3n: el rasgo que los l\u00edderes deben tener."},"content":{"rendered":"<p><b>Las 3 estrategias de Angela Duckworth para desarrollar la determinaci\u00f3n y firmeza que hay en ti y en los dem\u00e1s.<\/b><\/p>\n<p><span style=\"font-weight: 400;\">Con frecuencia, se les dice a las personas que trabajan en impacto social que nunca se den por vencidos, incluso cuando se encuentran en momentos dif\u00edciles. El mismo manifiesto de Acumen nos recuerda que abordar los problemas de la pobreza <\/span><a href=\"https:\/\/acumen.org\/latinoamerica\/manifesto\/\"><span style=\"font-weight: 400;\">&#8220;<\/span><span style=\"font-weight: 400;\">exige paciencia y bondad, flexibilidad y tenacidad; una esperanza de hierro.<\/span><span style=\"font-weight: 400;\">&#8220;<\/span><\/a><\/p>\n<p><span style=\"font-weight: 400;\">Con menos frecuencia, a las mismas personas se les ense\u00f1an pasos pr\u00e1cticos para desarrollar realmente la determinaci\u00f3n que requieren. \u00bfC\u00f3mo re\u00fanes el impulso para seguir adelante, particularmente cuando te est\u00e1s enfrentando a problemas enraizados en la historia como la falta de vivienda o el hambre en el mundo?<\/span><\/p>\n<p><span style=\"font-weight: 400;\">Para descubrir maneras concretas de que quienes trabajan en impacto social puedan mantenerse firmes, + Acumen habl\u00f3 con Angela Duckworth, psic\u00f3loga premiada de MacArthur Genius de la Universidad de Pensilvania, y autora del libro<\/span> <a href=\"https:\/\/www.amazon.com\/Grit-Spanish-Angela-Duckworth\/dp\/847953964X\"><i><span style=\"font-weight: 400;\">Grit: The Power of Passion and Perseverance<\/span><\/i><\/a><i><span style=\"font-weight: 400;\"> (El poder de la pasi\u00f3n y la perseverancia)<\/span><\/i><span style=\"font-weight: 400;\">. Ella es la experta a nivel mundial sobre c\u00f3mo las personas pueden combinar la pasi\u00f3<\/span><span style=\"font-weight: 400;\">n y la determinaci\u00f3n para mantenerse comprometidos con sus objetivos a largo plazo.<\/span><\/p>\n<p><span style=\"font-weight: 400;\">Despu\u00e9s de trabajar como escritora de discursos y consultora en gesti\u00f3n de la Casa Blanca, Angela decidi\u00f3 ingresar al aula como maestra de matem\u00e1ticas de secundaria en desafiantes distritos escolares en todo Estados Unidos. Ella observ\u00f3 c\u00f3mo los problemas y retos de la pobreza influyen en los logros de los estudiantes. Esto inspir\u00f3 su misi\u00f3n de vida: ayudar a los ni\u00f1os en condiciones de vulnerabilidad a tener \u00e9xito. A trav\u00e9s de su investigaci\u00f3n, Angela ha descubierto maneras de cultivar su propia determinaci\u00f3n y de ayudar a otros a construir una sensaci\u00f3n similar de persistencia. En este blog Angela comparte tres pr\u00e1cticas espec\u00edficas que cualquier persona que trabaje en temas sociales complejos puede usar para construir esa caracter\u00edstica imprescindible.<\/span><\/p>\n<h3><strong>VISUALIZA TUS METAS EN UNA JERARQU\u00cdA<\/strong><span style=\"font-weight: 400;\"><br \/>\n<\/span><\/h3>\n<p><span style=\"font-weight: 400;\">Gran parte de la investigaci\u00f3n de Angela se centra en c\u00f3mo los expertos de talla mundial se acercan a los objetivos de largo plazo. Para quienes trabajan en impacto social, mantener el foco puede ser complicado. A menudo necesitar\u00e1n girar o adaptar su enfoque o modelo de negocio sin dejar de centrarse en una misi\u00f3n social. Si quieres prepararte para ser valiente y emprendedor, Angela recomienda imaginar metas en una jerarqu\u00eda que consiste en metas de bajo nivel, de nivel medio y un objetivo de alto nivel.<\/span><\/p>\n<p><span style=\"font-weight: 400;\">&#8220;Al final de esta jerarqu\u00eda (bajo nivel) est\u00e1n nuestros objetivos espec\u00edficos o de detalle&#8221;, dice Angela. Estas cosas podr\u00edan ser devolver una llamada telef\u00f3nica a un socio comercial o completar el comunicado de prensa que comenzaste a redactar ayer. &#8220;Estos objetivos de bajo nivel existen simplemente como medios para los fines. Queremos lograrlos solo porque nos ayudan a conseguir algo m\u00e1s grande que queremos &#8220;, dice Angela.<\/span><\/p>\n<p><span style=\"font-weight: 400;\">En el nivel intermedio est\u00e1n objetivos de nivel medio. Estas son las razones por las que tus metas de bajo nivel son importantes. Para identificar tus objetivos de nivel medio, mira todos tus objetivos de bajo nivel y pregunta por qu\u00e9 te interesan. <\/span><\/p>\n<p><strong>Por ejemplo:<\/strong><span style=\"font-weight: 400;\"><br \/>\n<\/span><span style=\"font-weight: 400;\">\u00bfPor qu\u00e9 quieres publicar este comunicado de prensa? Respuesta: porque quieres que tu producto o servicio tenga reconocimiento y ganar tracci\u00f3n en los mercados locales.<\/span><span style=\"font-weight: 400;\"><br \/>\n<\/span><span style=\"font-weight: 400;\">\u00bfPor qu\u00e9 quieres devolver a llamar a tu socio comercial? Respuesta: para poder finalizar el plan de distribuci\u00f3n para tu nuevo producto. <\/span><\/p>\n<p><span style=\"font-weight: 400;\">Si contin\u00faas pregunt\u00e1ndote por qu\u00e9 te interesa, descubrir\u00e1s m\u00e1s y m\u00e1s objetivos de nivel medio. Eventualmente, puedes tropezar con algo donde la respuesta es solo &#8220;\u00a1porque s\u00ed!&#8221;. Esa es una buena indicaci\u00f3n de que has alcanzado un objetivo de nivel superior. &#8220;El objetivo de alto nivel no es un medio para ning\u00fan otro fin&#8221;, dice Angela, &#8220;es en cambio un fin en s\u00ed mismo&#8221;. A algunos psic\u00f3logos les gusta llamar a esto una &#8220;preocupaci\u00f3n fundamental&#8221;.<\/span><\/p>\n<p><span style=\"font-weight: 400;\">En el caso de Angela, ella identific\u00f3 que su principal preocupaci\u00f3n es utilizar la ciencia psicol\u00f3gica para ayudar a los ni\u00f1os a prosperar. Esto significa que cualquier actividad que no est\u00e9 incluida en esta amplia r\u00fabrica es algo que debe examinar cuidadosamente para determinar si a\u00fan vale la pena realizarla. Por supuesto, ella tambi\u00e9n tiene una jerarqu\u00eda separada de objetivos que gobiernan su vida como madre y esposa.<\/span><\/p>\n<p><span style=\"font-weight: 400;\">Si completas tu propia \u00a0jerarqu\u00eda de objetivos, puedes diagnosticar r\u00e1pidamente si has encontrado un conflicto entre ellos. Por ejemplo, puedes encontrar que tienes un mont\u00f3n de objetivos de nivel medio que no corresponden a un objetivo de nivel superior unificador. O es posible que tengas algunas jerarqu\u00edas de objetivos en competencia que no est\u00e9n conectadas entre s\u00ed.<\/span><\/p>\n<p><span style=\"font-weight: 400;\">&#8220;La determinaci\u00f3n consiste en mantener el mismo objetivo de alto nivel durante mucho tiempo&#8221;, dice Angela. Esto significa que puedes cambiar o abandonar tus objetivos de bajo nivel o incluso de nivel medio si encuentras una mejor manera de lograr tu objetivo de nivel superior. En otras palabras, puedes renunciar a algunas cosas y seguir teniendo firmeza y determinaci\u00f3n, siempre y cuando dejar de hacer esas cosas te ayuden a alcanzar tu \u00fanico objetivo de largo plazo. Trabajar a trav\u00e9s del proceso de construcci\u00f3n de una jerarqu\u00eda de objetivos puede ser una manera concreta de obtener claridad sobre el objetivo m\u00e1ximo que desea perseguir. <\/span><\/p>\n<h3><span style=\"font-weight: 400;\">HABLA SOBRE TUS FALLA DE UNA MANERA M\u00c1S INTELIGENTE:<br \/>\n<\/span><\/h3>\n<p><span style=\"font-weight: 400;\">Otra pr\u00e1ctica espec\u00edfica que \u00c1ngela recomienda para construir la determinaci\u00f3n es obs<\/span><span style=\"font-weight: 400;\">ervar de cerca la historia que se cuenta acerca de un fracaso. La pr\u00f3xima vez que encuentres un obst\u00e1culo, ya sea que un posible financiador te rechace o que lances un producto que no funciona bien, t\u00f3mate unos minutos para reflexionar sobre las razones por las que crees que fall\u00f3. Anota todas las causas potenciales detr\u00e1s de tu falla. Ahora, mira cuidadosamente tu lista. Angela cuenta que los empresarios se hacen dos preguntas, basadas en la investigaci\u00f3n sobre optimismo aprendido, conducida por su antiguo asesor, Martin Seligman:<\/span><\/p>\n<p><b>Pregunta de Auto-reflexi\u00f3n 1: \u00bfEstoy enmarcando la falla como temporal o permanente? <\/b><span style=\"font-weight: 400;\">Por ejemplo, c\u00f3mo dices: &#8220;Nuestra campa\u00f1a de marketing m\u00e1s reciente no funcion\u00f3, por lo que el producto fall\u00f3&#8221; o dices: &#8220;Soy malo en los negocios, as\u00ed que nunca tendr\u00e9 los instintos para llevar este producto al mercado&#8221;. Si est\u00e1s definiendo tu falla como temporal (&#8220;esta campa\u00f1a de marketing fue fallida&#8221;) est\u00e1s generando optimismo. Crees que hay cosas que podr\u00edas hacer de manera diferente la pr\u00f3xima vez, esto deber\u00eda darte la esperanza de continuar. Sin embargo, si defiendes las causas de tus fallas en t\u00e9rminos permanentes, tales como: &#8220;Soy malo en los negocios y siempre ser\u00e9 malo en los negocios&#8221;, est\u00e1s demostrando una mentalidad fija. Es decir, est\u00e1s cerrando tu creencia de que las cosas podr\u00edan cambiar, esto te deja poco margen para el optimismo. Una vez que hayas ordenado tu lista de fallas en causas temporales y permanentes, observa espec\u00edficamente cualquiera de las causas que consideraste permanentes. \u00c1ngela aconseja que debes ver si hay formas en que puede re plantearlas como corregibles. &#8220;La capacidad de reparaci\u00f3n motiva a empezar a eliminarlos como problemas&#8221;, dice ella.<\/span><\/p>\n<p><b>Pregunta de Auto-reflexi\u00f3n 2 : \u00bfEstoy enmarcando el fracaso en t\u00e9rminos espec\u00edficos u omnipresentes?<\/b><span style=\"font-weight: 400;\"> Del mismo modo, Angela quiere que veas si est\u00e1s definiendo tus fallas de manera limitada o de manera muy amplia. Qu\u00e9 dices: &#8220;Nunca lo hago bien&#8221; o &#8220;No trabaj\u00e9 eficientemente esta vez porque ten\u00eda distracciones&#8221;. La primera explicaci\u00f3n es muy generalizada, mientras que la segunda es m\u00e1s espec\u00edfica. Intenta que tus explicaciones sobre el fracaso sean lo m\u00e1s concretas posible y luego vincula directamente las medidas que puedes tomar para impulsar el cambio. Esto te ayudar\u00e1 a avanzar no solo hacia pasos m\u00e1s precisos, sino tambi\u00e9n a generar m\u00e1s optimismo y agilidad para continuar.<\/span><\/p>\n<p><b>Enmarca el fracaso concretamente. Esto te ayudar\u00e1 a generar m\u00e1s optimismo para continuar. <\/b><span style=\"font-weight: 400;\">La investigaci\u00f3n de Angela muestra que si quieres ser un emprendedor social valiente y exitoso y seguir con un objetivo complejo a largo plazo, como abordar el hambre en el mundo o enfrentar el calentamiento global, requiere que tengas esperanza. Espec\u00edficamente, necesitas construir los h\u00e1bitos de un \u201coptimista aprendido\u201d, o alguien que puede ver sus fallas como espec\u00edficas, temporales y como obst\u00e1culos que pueden superarse.<\/span><\/p>\n<h3><span style=\"font-weight: 400;\">NO RENUNCIES EN UN D\u00cdA DURO.<br \/>\n<\/span><\/h3>\n<p><span style=\"font-weight: 400;\"><br \/>\n<\/span><span style=\"font-weight: 400;\">&#8220;Definitivamente tengo d\u00edas malos&#8221;, dice Angela. &#8220;Pero con m\u00e1s frecuencia de lo que me gustar\u00eda admitir, recurro a mi esposo y le cuento sobre todas las cosas malas que sucedieron&#8221;. \u00c9l escucha, y \u00e9l le recuerda que no puede renunciar en un mal d\u00eda.<\/span><\/p>\n<p><span style=\"font-weight: 400;\">Angela aconseja que respiren profundamente y regresen al d\u00eda siguiente. Si decides girar o cambiar tus planes, hazlo en un momento en que tengas tiempo y espacio para reflexionar, en lugar de tomar una decisi\u00f3n en \u201ccaliente\u201d y en un mal momento. Esto suena intuitivo, pero hacerlo es dif\u00edcil, por lo que debes recordar su segundo consejo: encuentra a una persona que no te permita abandonar tus objetivos. Busca mentores, seres queridos, colegas y compa\u00f1eros que puedan poner tu trabajo en perspectiva y ayudarte a que no lo abandones.<\/span><\/p>\n<p><span style=\"font-weight: 400;\">Cuando \u00c1ngela analiza los h\u00e1bitos de los estudiantes de alto rendimiento, dice que los que se destacan no s\u00f3lo saben c\u00f3mo aprovechar sus intereses y practican para lograr su enfoque, sino tambi\u00e9n saben c\u00f3mo reclutar a otros para ayudarlos a seguir siendo optimistas y mantenerse firmes en sus objetivos. En otras palabras, no puedes mantener tu determinaci\u00f3n o firmeza de forma aislada o solitaria. &#8220;Encuentra a esa persona en cuyo hombro puedes llorar&#8221;, dice Angela. &#8220;Lo necesitar\u00e1s&#8221;. Pueden ayudarte a clasificar tus objetivos de menor nivel y saber cu\u00e1les puedes abandonar para que puedas concentrarte en alcanzar tu objetivo de mayor nivel. Una vez que encuentres ese prop\u00f3sito superior, las personas que est\u00e9n a tu lado deber\u00edan ayudarte a mantenerte comprometido&#8221;.<\/span><\/p>\n<p><span style=\"font-weight: 400;\">Si tu objetivo se centra en abordar problemas sociales dif\u00edciles, no ayuda golpearse la cabeza contra la pared o lamentarte cuando no haces bien las cosas la primera vez. La construcci\u00f3n de esas \u201cagallas\u201d no se trata solamente de perseguir obstinadamente un objetivo, incluso cuando est\u00e1s triste o frustrado. Para mantenerte efectivo, tambi\u00e9n debes mantenerte optimista. Esto significa crear una mentalidad de crecimiento en el que reconozcas que tanto t\u00fa como las personas con las que est\u00e1s trabajando son capaces de cambiar, inclusive en los momentos m\u00e1s duros del camino. <\/span><\/p>\n<p><strong>C\u00d3MO SE RELACIONA ESTO CON NUESTRO TRABAJO<\/strong><\/p>\n<p><span style=\"font-weight: 400;\">En Acumen le apostamos a crear una masa cr\u00edtica de agentes de cambio social con las habilidades, los valores y el poder de cambiar la narrativa de la regi\u00f3n; y lo hacemos cambiando la forma en que se forman nuestros l\u00edderes y en c\u00f3mo definimos el liderazgo, basado en car\u00e1cter y el \u00e9xito colectivo. Nuestra cultura se basa en <\/span><a href=\"https:\/\/acumen.org\/latinoamerica\/manifesto\/\"><span style=\"font-weight: 400;\">nuestro manifiesto <\/span><\/a><span style=\"font-weight: 400;\">que posiciona la esperanza como un elemento cr\u00edtico para generar cambios sociales. No en vano Angela \u00a0habla de la esperanza como indispensable para desarrollar coraje.<\/span><\/p>\n<p><span style=\"font-weight: 400;\">Tenemos un conjunto de cursos de liderazgo en ingl\u00e9s que abordan los elementos descritos por Angela, en especial el de <\/span><a href=\"https:\/\/www.plusacumen.org\/courses\/angela-duckworth-building-grit\"><span style=\"font-weight: 400;\">desarrollar persistencia<\/span><\/a><span style=\"font-weight: 400;\">. Actualmente, nos encontramos generando m\u00e1s contenido virtual en espa\u00f1ol. Adicionalmente, en Colombia (como un piloto para el resto de Am\u00e9rica Latina) tenemos nuestro <\/span><a href=\"https:\/\/acumen.org\/latinoamerica\/fellowships\/\"><span style=\"font-weight: 400;\">Programa de Fellows <\/span><\/a><span style=\"font-weight: 400;\">que busca proveer a un grupo de l\u00edderes de impacto social con el conocimiento; el laboratorio de pr\u00e1ctica; los sistemas de soporte; y las habilidades para desafiar el statu quo, sacar provecho de la diversidad y lograr movilizar comunidades.<\/span><\/p>\n<p>______<\/p>\n<p>Acumen es una organizaci\u00f3n pionera que busca abordar de una manera disruptiva los retos de la pobreza y la desigualdad a trav\u00e9s de dos grandes apuestas: Por un lado, la gesti\u00f3n de fondos de inversi\u00f3n de impacto dedicados a apoyar el crecimiento de modelos de negocio innovadores que tengan simult\u00e1neamente un alto potencial de mercado e impacto social. Por el otro, le apostamos a crear una masa cr\u00edtica de agentes de cambio social con las habilidades, los valores y el poder de cambiar la narrativa de la regi\u00f3n. Con estas dos l\u00edneas de acci\u00f3n buscamos catalizar la transformaci\u00f3n de nuestra sociedad.<\/p>\n<p>Este art\u00edculo hace parte de nuestra segunda apuesta.<\/p>\n<p>___________<\/p>\n<p>Si quieres saber m\u00e1s sobre el Programa de Fellows de Acumen <a class=\"c-link\" href=\"https:\/\/plusacumen.tfaforms.net\/583\" target=\"_blank\" rel=\"noopener noreferrer\" data-stringify-link=\"https:\/\/docs.google.com\/forms\/d\/e\/1FAIpQLSdw-ahyN02X9z54bHTtF5E6Kl18J2_Bf31lW4po8qzGFR7cIw\/viewform\" data-sk=\"tooltip_parent\" aria-describedby=\"sk-tooltip-36984\">d\u00e9janos tus datos<\/a> y ser\u00e1s de las primeras personas en enterarte de nuestros anuncios.<\/p>\n\n\t\n\t<section class=\"wp-block-share-buttons text-container border-black border-t mt-15 mb-7.5 py-7.5\">\n    <div class=\"py-2.5 flex gap-10 items-center\" animate>\n      <h2 class=\"h4 m-0\">\n        Share\n      <\/h2>\n      <ul class=\"flex gap-2 items-center\" x-data=\"shareButtons('Enlace copiado', 'Lo sentimos, no pudimos copiar el enlace')\">\n\n        \n          <li>\n            <a class=\"h-7 w-7 link-no-underline rounded-full hover:bg-black hover:text-white active:bg-black active:text-white flex items-center justify-center shrink-0\" href=\"https:\/\/www.facebook.com\/sharer.php?t=Determinaci%C3%B3n%3A%20el%20rasgo%20que%20los%20l%C3%ADderes%20deben%20tener.&amp;u=https:\/\/acumen.org\/es\/blog\/determinacion-el-rasgo-que-los-lideres-deben-tener\/\" target=\"_blank\" @click.prevent=\"open($el)\" title=\"Compartir en Facebook\">\n\n      <svg aria-hidden=\"true\" class=\"fill-current w-auto w-3.5 h-auto flex-shrink-0 relative z-5\" width=\"23\" height=\"22\" viewBox=\"0 0 23 22\" fill=\"none\" xmlns=\"http:\/\/www.w3.org\/2000\/svg\">\n<g>\n<path d=\"M12.8719 7.15463V9.12843H15.5091L15.0915 11.7872H12.8719V17.913C12.4269 17.9702 11.9716 18 11.5094 18C10.976 18 10.4521 17.9606 9.94193 17.8845V11.7872H7.50977V9.12843H9.94193V6.71341C9.94193 5.21513 11.2537 4 12.8726 4V4.00127C12.8774 4.00127 12.8815 4 12.8863 4H15.5098V6.29948H13.7955C13.2861 6.29948 12.8726 6.6823 12.8726 7.154L12.8719 7.15463Z\" fill=\"currentColor\"\/>\n<\/g>\n<\/svg>  \n  <span class=\"relative z-5 sr-only\">\n    Compartir en Facebook\n  <\/span>\n\n  <\/a>\n          <\/li>\n\n        \n          <li>\n            <a class=\"h-7 w-7 link-no-underline rounded-full hover:bg-black hover:text-white active:bg-black active:text-white flex items-center justify-center shrink-0\" href=\"https:\/\/twitter.com\/intent\/tweet?text=Determinaci%C3%B3n%3A%20el%20rasgo%20que%20los%20l%C3%ADderes%20deben%20tener.&amp;url=https:\/\/acumen.org\/es\/blog\/determinacion-el-rasgo-que-los-lideres-deben-tener\/\" target=\"_blank\" @click.prevent=\"open($el)\" title=\"Compartir en X\/Twitter\">\n\n      <svg aria-hidden=\"true\" class=\"fill-current w-auto w-3.5 h-auto flex-shrink-0 relative z-5\" width=\"23\" height=\"22\" viewBox=\"0 0 23 22\" fill=\"none\" xmlns=\"http:\/\/www.w3.org\/2000\/svg\">\n<g>\n<path id=\"path1009\" d=\"M4.96324 4.85205L10.0349 11.6348L4.93164 17.1496H6.08052L10.5489 12.3216L14.1589 17.1496H18.0678L12.711 9.98536L17.4614 4.85205H16.3125L12.1978 9.29861L8.87295 4.85205H4.96324ZM6.65225 5.69835H8.44761L16.3772 16.3033H14.5819L6.65225 5.69835Z\" fill=\"currentColor\"\/>\n<\/g>\n<\/svg>  \n  <span class=\"relative z-5 sr-only\">\n    Compartir en X\/Twitter\n  <\/span>\n\n  <\/a>\n          <\/li>\n\n        \n          <li>\n            <a class=\"h-7 w-7 link-no-underline rounded-full hover:bg-black hover:text-white active:bg-black active:text-white flex items-center justify-center shrink-0\" href=\"https:\/\/www.linkedin.com\/shareArticle?title=Determinaci%C3%B3n%3A%20el%20rasgo%20que%20los%20l%C3%ADderes%20deben%20tener.&amp;url=https:\/\/acumen.org\/es\/blog\/determinacion-el-rasgo-que-los-lideres-deben-tener\/\" target=\"_blank\" @click.prevent=\"open($el)\" title=\"Compartir en LinkedIn\">\n\n      <svg aria-hidden=\"true\" class=\"fill-current w-auto w-3.5 h-auto flex-shrink-0 relative z-5\" width=\"23\" height=\"22\" viewBox=\"0 0 23 22\" fill=\"none\" xmlns=\"http:\/\/www.w3.org\/2000\/svg\">\n<g>\n<path id=\"Vector_2\" d=\"M5.73849 7.31219C5.44877 7.04319 5.30469 6.71022 5.30469 6.31405C5.30469 5.91787 5.44954 5.57026 5.73849 5.30049C6.02822 5.03149 6.40116 4.89661 6.85809 4.89661C7.31502 4.89661 7.67333 5.03149 7.96228 5.30049C8.252 5.56949 8.39608 5.90785 8.39608 6.31405C8.39608 6.72024 8.25123 7.04319 7.96228 7.31219C7.67255 7.58118 7.305 7.71607 6.85809 7.71607C6.41118 7.71607 6.02822 7.58118 5.73849 7.31219ZM8.1526 8.85526V17.1025H5.5474V8.85526H8.1526Z\" fill=\"currentColor\"\/>\n<path id=\"Vector_3\" d=\"M16.8257 9.67004C17.3936 10.2867 17.6772 11.133 17.6772 12.2105V16.9569H15.203V12.545C15.203 12.0016 15.062 11.5792 14.7807 11.2786C14.4995 10.978 14.1204 10.827 13.6457 10.827C13.1711 10.827 12.7919 10.9773 12.5107 11.2786C12.2294 11.5792 12.0884 12.0016 12.0884 12.545V16.9569H9.59961V8.83221H12.0884V9.90974C12.3404 9.55057 12.6802 9.26693 13.1071 9.05805C13.534 8.84918 14.014 8.74512 14.548 8.74512C15.4989 8.74512 16.2586 9.05342 16.8257 9.66927V9.67004Z\" fill=\"currentColor\"\/>\n<\/g>\n<\/svg>  \n  <span class=\"relative z-5 sr-only\">\n    Compartir en LinkedIn\n  <\/span>\n\n  <\/a>\n          <\/li>\n\n        \n          <li>\n            <a class=\"h-7 w-7 link-no-underline rounded-full hover:bg-black hover:text-white active:bg-black active:text-white flex items-center justify-center shrink-0\" href=\"https:\/\/pinterest.com\/pin\/create\/button\/?description=Determinaci%C3%B3n%3A%20el%20rasgo%20que%20los%20l%C3%ADderes%20deben%20tener.&amp;url=https:\/\/acumen.org\/es\/blog\/determinacion-el-rasgo-que-los-lideres-deben-tener\/\" target=\"_blank\" @click.prevent=\"open($el)\" title=\"Compartir en Pinterest\">\n\n      <svg aria-hidden=\"true\" class=\"fill-current w-auto w-3.5 h-auto flex-shrink-0 relative z-5\" xmlns=\"http:\/\/www.w3.org\/2000\/svg\" width=\"23\" height=\"23\" viewBox=\"0 0 23 23\" fill=\"none\">\n  <path fill-rule=\"evenodd\" clip-rule=\"evenodd\" d=\"M11.0838 13.9802C11.072 14.0175 11.061 14.0491 11.052 14.0807C10.5302 15.9513 10.4722 16.3668 9.93589 17.2357C9.68019 17.6487 9.39201 18.0401 9.07342 18.4145C9.03748 18.4569 9.00361 18.5112 8.93174 18.498C8.85296 18.4828 8.84674 18.4183 8.83845 18.3601C8.75275 17.7916 8.70507 17.2218 8.7258 16.6476C8.75275 15.9001 8.85365 15.6434 9.90686 11.591C9.92207 11.529 9.90479 11.4778 9.88267 11.4222C9.63043 10.7999 9.58067 10.1682 9.80112 9.52818C10.278 8.14578 11.9905 8.04017 12.2897 9.18036C12.4742 9.88548 11.9863 10.8088 11.6118 12.1735C11.3015 13.2991 12.75 14.0997 13.9877 13.2776C15.1294 12.52 15.5724 10.7038 15.488 9.41624C15.3222 6.84938 12.2462 6.29478 10.2953 7.12131C8.05822 8.06799 7.54958 10.6051 8.55994 11.7649C8.68779 11.9123 8.92898 12.0027 8.88682 12.152C8.82186 12.384 8.7645 12.618 8.69401 12.8488C8.64149 13.0209 8.34225 13.0834 8.1522 13.0126C7.77971 12.8748 7.46941 12.6579 7.21786 12.372C6.36022 11.4 6.11489 9.47758 7.24896 7.84982C8.50535 6.04688 10.8426 5.3171 12.9766 5.53844C15.5254 5.80341 17.1363 7.39703 17.4376 9.20502C17.5751 10.0284 17.4763 12.059 16.213 13.4945C14.7596 15.1438 12.4037 15.2532 11.3167 14.2407C11.233 14.1629 11.166 14.0725 11.0838 13.9795V13.9802Z\" fill=\"currentColor\"\/>\n<\/svg>  \n  <span class=\"relative z-5 sr-only\">\n    Compartir en Pinterest\n  <\/span>\n\n  <\/a>\n          <\/li>\n\n        \n          <li>\n            <a class=\"h-7 w-7 link-no-underline rounded-full hover:bg-black hover:text-white active:bg-black active:text-white flex items-center justify-center shrink-0\" href=\"mailto:?subject=Determinaci%C3%B3n%3A%20el%20rasgo%20que%20los%20l%C3%ADderes%20deben%20tener.&amp;body=https:\/\/acumen.org\/es\/blog\/determinacion-el-rasgo-que-los-lideres-deben-tener\/\" target=\"_blank\" @click.prevent=\"open($el)\" title=\"Compartir via correo electr\u00f3nico\">\n\n      <svg aria-hidden=\"true\" class=\"fill-current w-auto w-3.5 h-auto flex-shrink-0 relative z-5\" xmlns=\"http:\/\/www.w3.org\/2000\/svg\" width=\"23\" height=\"23\" viewBox=\"0 0 23 23\" fill=\"none\">\n  <g>\n      <path d=\"M5.66563 17.1939C5.30938 17.1939 5.0026 17.0652 4.74531 16.8079C4.48802 16.5506 4.35938 16.2439 4.35938 15.8876V7.61265C4.35938 7.2564 4.48802 6.94963 4.74531 6.69233C5.0026 6.43504 5.30938 6.3064 5.66563 6.3064H17.8406C18.2063 6.3064 18.5155 6.43504 18.768 6.69233C19.0206 6.94963 19.1468 7.2564 19.1468 7.61265V15.8876C19.1468 16.2439 19.0206 16.5506 18.768 16.8079C18.5155 17.0652 18.2063 17.1939 17.8406 17.1939H5.66563ZM18.0906 8.63604L12.1078 12.1579C12.0517 12.1933 11.9939 12.2212 11.9344 12.2415C11.8748 12.2618 11.8144 12.272 11.7531 12.272C11.6854 12.272 11.6284 12.2618 11.582 12.2415C11.5357 12.2212 11.4818 12.1954 11.4204 12.164L5.4156 8.63604V15.8876C5.4156 15.9605 5.43905 16.0204 5.48593 16.0673C5.53281 16.1142 5.59271 16.1376 5.66563 16.1376H17.8406C17.9135 16.1376 17.9734 16.1142 18.0203 16.0673C18.0672 16.0204 18.0906 15.9605 18.0906 15.8876V8.63604ZM11.7531 10.9986L17.9453 7.36263H5.58123L11.7531 10.9986ZM5.4156 8.3739V8.54104V7.74231V7.75636V7.73059V8.54276V8.37567V16.1376V8.3739Z\" fill=\"currentColor\"\/>\n  <\/g>\n<\/svg>  \n  <span class=\"relative z-5 sr-only\">\n    Compartir via correo electr\u00f3nico\n  <\/span>\n\n  <\/a>\n          <\/li>\n\n        \n        \n        <li class=\"relative\" x-id=\"['tooltip']\">\n\n          <button class=\"h-7 w-7 link-no-underline rounded-full hover:bg-black hover:text-white active:bg-black active:text-white flex items-center justify-center shrink-0\" @click=\"copyLink()\" x-bind:aria-describedby=\"tooltip &#038;&#038; $id('tooltip')\" title=\"Copy link\">\n\n      <svg aria-hidden=\"true\" class=\"fill-current pr-0.5 w-auto w-3.5 h-auto flex-shrink-0 relative z-5\" xmlns=\"http:\/\/www.w3.org\/2000\/svg\" width=\"23\" height=\"23\" viewBox=\"0 0 23 23\">\n  <g>\n      <path d=\"M15.3387 18.1395C14.7972 18.1395 14.3367 17.9499 13.9572 17.5707C13.5776 17.1915 13.3878 16.7311 13.3878 16.1894C13.3878 16.0891 13.3949 15.9974 13.409 15.9144C13.4231 15.8314 13.4442 15.7381 13.4724 15.6344L9.00773 12.9003C8.84409 13.0985 8.64654 13.2412 8.41507 13.3285C8.18362 13.4157 7.93844 13.4594 7.67952 13.4594C7.13784 13.4594 6.67742 13.2699 6.29825 12.8908C5.91908 12.5118 5.72949 12.0516 5.72949 11.5101C5.72949 10.9687 5.91908 10.5082 6.29825 10.1286C6.67742 9.74909 7.13784 9.55931 7.67952 9.55931C7.93497 9.55931 8.1793 9.6059 8.41249 9.69908C8.64567 9.79227 8.84409 9.93204 9.00773 10.1184L13.4724 7.38425C13.4442 7.28062 13.4231 7.18729 13.409 7.10426C13.3949 7.02125 13.3878 6.92958 13.3878 6.82924C13.3878 6.28756 13.5774 5.82714 13.9564 5.44797C14.3354 5.0688 14.7956 4.87921 15.3371 4.87921C15.8785 4.87921 16.339 5.06872 16.7186 5.44774C17.0981 5.82676 17.2879 6.28699 17.2879 6.82844C17.2879 7.36989 17.0983 7.83039 16.7191 8.20994C16.34 8.58949 15.8795 8.77926 15.3379 8.77926C15.0789 8.77926 14.8338 8.73563 14.6023 8.64836C14.3708 8.56108 14.1733 8.41835 14.0097 8.22017L9.545 10.9543C9.57319 11.058 9.59432 11.1511 9.60841 11.2338C9.6225 11.3165 9.62954 11.4079 9.62954 11.5079C9.62954 11.608 9.6225 11.6998 9.60841 11.7834C9.59432 11.8671 9.57319 11.9607 9.545 12.0644L14.0097 14.7985C14.1733 14.5885 14.3708 14.4428 14.6023 14.3615C14.8338 14.2801 15.0789 14.2394 15.3379 14.2394C15.8795 14.2394 16.34 14.4289 16.7191 14.8079C17.0983 15.187 17.2879 15.6472 17.2879 16.1886C17.2879 16.7301 17.0984 17.1906 16.7194 17.5701C16.3403 17.9497 15.8801 18.1395 15.3387 18.1395ZM15.3379 7.85746C15.6244 7.85746 15.8674 7.75773 16.0669 7.55827C16.2664 7.3588 16.3661 7.11579 16.3661 6.82924C16.3661 6.54269 16.2664 6.29968 16.0669 6.1002C15.8674 5.90074 15.6244 5.80102 15.3379 5.80102C15.0513 5.80102 14.8083 5.90074 14.6088 6.1002C14.4094 6.29968 14.3096 6.54269 14.3096 6.82924C14.3096 7.11579 14.4094 7.3588 14.6088 7.55827C14.8083 7.75773 15.0513 7.85746 15.3379 7.85746ZM7.67952 12.5376C7.96607 12.5376 8.20908 12.4378 8.40855 12.2384C8.60801 12.0389 8.70774 11.7959 8.70774 11.5093C8.70774 11.2228 8.60801 10.9798 8.40855 10.7803C8.20908 10.5808 7.96607 10.4811 7.67952 10.4811C7.39297 10.4811 7.14996 10.5808 6.95048 10.7803C6.75103 10.9798 6.65129 11.2228 6.65129 11.5093C6.65129 11.7959 6.75103 12.0389 6.95048 12.2384C7.14996 12.4378 7.39297 12.5376 7.67952 12.5376ZM15.3379 17.2177C15.6244 17.2177 15.8674 17.1179 16.0669 16.9185C16.2664 16.719 16.3661 16.476 16.3661 16.1894C16.3661 15.9029 16.2664 15.6599 16.0669 15.4604C15.8674 15.261 15.6244 15.1612 15.3379 15.1612C15.0513 15.1612 14.8083 15.261 14.6088 15.4604C14.4094 15.6599 14.3096 15.9029 14.3096 16.1894C14.3096 16.476 14.4094 16.719 14.6088 16.9185C14.8083 17.1179 15.0513 17.2177 15.3379 17.2177Z\" fill=\"currentColor\"\/>\n    <\/g>\n<\/svg>  \n  <span class=\"relative z-5 sr-only\">\n    \n  <\/span>\n\n  <\/button>\n          <div \n            :id=\"$id('tooltip')\" \n            x-show=\"tooltip\"\n            x-text=\"tooltip\"\n            class=\"absolute bg-black text-white rounded-md py-1 px-2 text-sm whitespace-nowrap left-1\/2 -translate-x-1\/2 -top-9\"\n          ><\/div>\n        <\/li>\n      <\/ul>\n    <\/div>\n\n  <\/section>\n\n\t","protected":false},"excerpt":{"rendered":"<p>Las 3 estrategias de Angela Duckworth para desarrollar la determinaci\u00f3n y firmeza que hay en ti y en los dem\u00e1s. Con frecuencia, se les dice a las personas que trabajan en impacto social que nunca se den por vencidos, incluso cuando se encuentran en momentos dif\u00edciles. El mismo manifiesto de Acumen nos recuerda que abordar &hellip; <a href=\"https:\/\/acumen.org\/es\/blog\/determinacion-el-rasgo-que-los-lideres-deben-tener\/\">Continuado<\/a><\/p>\n","protected":false},"author":[],"featured_media":11879,"comment_status":"open","ping_status":"closed","sticky":false,"template":"","format":"standard","meta":{"_acf_changed":false,"content-type":"","_relevanssi_hide_post":"","_relevanssi_hide_content":"","_relevanssi_pin_for_all":"","_relevanssi_pin_keywords":"","_relevanssi_unpin_keywords":"","_relevanssi_related_keywords":"","_relevanssi_related_include_ids":"","_relevanssi_related_exclude_ids":"","_relevanssi_related_no_append":"","_relevanssi_related_not_related":"","_relevanssi_related_posts":"611,606,661,600,607,580","_relevanssi_noindex_reason":"","footnotes":""},"categories":[178],"tags":[],"blog-type":[220],"problem":[],"region":[217],"year":[],"media-format":[213],"class_list":["post-10810","post","type-post","status-publish","format-standard","has-post-thumbnail","hentry","category-sin-categorizar"],"acf":[],"yoast_head":"<!-- This site is optimized with the Yoast SEO Premium plugin v27.5 (Yoast SEO v27.5) - https:\/\/yoast.com\/product\/yoast-seo-premium-wordpress\/ -->\n<title>Determinaci\u00f3n: el rasgo que los l\u00edderes deben tener. - Acumen<\/title>\n<meta name=\"robots\" content=\"index, follow, max-snippet:-1, max-image-preview:large, max-video-preview:-1\" \/>\n<link rel=\"canonical\" href=\"https:\/\/acumen.org\/es\/blog\/determinacion-el-rasgo-que-los-lideres-deben-tener\/\" \/>\n<meta property=\"og:locale\" content=\"es_ES\" \/>\n<meta property=\"og:type\" content=\"article\" \/>\n<meta property=\"og:title\" content=\"Determinaci\u00f3n: el rasgo que los l\u00edderes deben tener.\" \/>\n<meta property=\"og:description\" content=\"Las 3 estrategias de Angela Duckworth para desarrollar la determinaci\u00f3n y firmeza que hay en ti y en los dem\u00e1s. Con frecuencia, se les dice a las personas que trabajan en impacto social que nunca se den por vencidos, incluso cuando se encuentran en momentos dif\u00edciles. El mismo manifiesto de Acumen nos recuerda que abordar &hellip; Continuado\" \/>\n<meta property=\"og:url\" content=\"https:\/\/acumen.org\/es\/blog\/determinacion-el-rasgo-que-los-lideres-deben-tener\/\" \/>\n<meta property=\"og:site_name\" content=\"Acumen\" \/>\n<meta property=\"article:publisher\" content=\"https:\/\/www.facebook.com\/acumenfund\/\" \/>\n<meta property=\"article:published_time\" content=\"2019-06-20T22:55:21+00:00\" \/>\n<meta property=\"article:modified_time\" content=\"2025-05-13T17:30:11+00:00\" \/>\n<meta property=\"og:image\" content=\"https:\/\/acumen.org\/app\/uploads\/2019\/06\/Angela-Duckworth.jpg\" \/>\n\t<meta property=\"og:image:width\" content=\"1800\" \/>\n\t<meta property=\"og:image:height\" content=\"1200\" \/>\n\t<meta property=\"og:image:type\" content=\"image\/jpeg\" \/>\n<meta name=\"author\" content=\"Acumen\" \/>\n<meta name=\"twitter:card\" content=\"summary_large_image\" \/>\n<meta name=\"twitter:creator\" content=\"@Acumen\" \/>\n<meta name=\"twitter:site\" content=\"@Acumen\" \/>\n<meta name=\"twitter:label1\" content=\"Escrito por\" \/>\n\t<meta name=\"twitter:data1\" content=\"Acumen\" \/>\n\t<meta name=\"twitter:label2\" content=\"Tiempo de lectura\" \/>\n\t<meta name=\"twitter:data2\" content=\"10 minutes\" \/>\n<script type=\"application\/ld+json\" class=\"yoast-schema-graph\">{\"@context\":\"https:\\\/\\\/schema.org\",\"@graph\":[{\"@type\":\"Article\",\"@id\":\"https:\\\/\\\/acumen.org\\\/es\\\/blog\\\/determinacion-el-rasgo-que-los-lideres-deben-tener\\\/#article\",\"isPartOf\":{\"@id\":\"https:\\\/\\\/acumen.org\\\/es\\\/blog\\\/determinacion-el-rasgo-que-los-lideres-deben-tener\\\/\"},\"author\":{\"name\":\"Acumen\",\"@id\":\"https:\\\/\\\/acumen.org\\\/es\\\/#\\\/schema\\\/person\\\/cc23269de4eed510141e42eae895c0dc\"},\"headline\":\"Determinaci\u00f3n: el rasgo que los l\u00edderes deben tener.\",\"datePublished\":\"2019-06-20T22:55:21+00:00\",\"dateModified\":\"2025-05-13T17:30:11+00:00\",\"mainEntityOfPage\":{\"@id\":\"https:\\\/\\\/acumen.org\\\/es\\\/blog\\\/determinacion-el-rasgo-que-los-lideres-deben-tener\\\/\"},\"wordCount\":2183,\"commentCount\":0,\"publisher\":{\"@id\":\"https:\\\/\\\/acumen.org\\\/es\\\/#organization\"},\"image\":{\"@id\":\"https:\\\/\\\/acumen.org\\\/es\\\/blog\\\/determinacion-el-rasgo-que-los-lideres-deben-tener\\\/#primaryimage\"},\"thumbnailUrl\":\"https:\\\/\\\/acumen.org\\\/wp-content\\\/uploads\\\/2019\\\/06\\\/Angela-Duckworth.jpg\",\"articleSection\":[\"Sin categorizar\"],\"inLanguage\":\"es-ES\",\"potentialAction\":[{\"@type\":\"CommentAction\",\"name\":\"Comment\",\"target\":[\"https:\\\/\\\/acumen.org\\\/es\\\/blog\\\/determinacion-el-rasgo-que-los-lideres-deben-tener\\\/#respond\"]}]},{\"@type\":\"WebPage\",\"@id\":\"https:\\\/\\\/acumen.org\\\/es\\\/blog\\\/determinacion-el-rasgo-que-los-lideres-deben-tener\\\/\",\"url\":\"https:\\\/\\\/acumen.org\\\/es\\\/blog\\\/determinacion-el-rasgo-que-los-lideres-deben-tener\\\/\",\"name\":\"Determinaci\u00f3n: el rasgo que los l\u00edderes deben tener. - Acumen\",\"isPartOf\":{\"@id\":\"https:\\\/\\\/acumen.org\\\/es\\\/#website\"},\"primaryImageOfPage\":{\"@id\":\"https:\\\/\\\/acumen.org\\\/es\\\/blog\\\/determinacion-el-rasgo-que-los-lideres-deben-tener\\\/#primaryimage\"},\"image\":{\"@id\":\"https:\\\/\\\/acumen.org\\\/es\\\/blog\\\/determinacion-el-rasgo-que-los-lideres-deben-tener\\\/#primaryimage\"},\"thumbnailUrl\":\"https:\\\/\\\/acumen.org\\\/wp-content\\\/uploads\\\/2019\\\/06\\\/Angela-Duckworth.jpg\",\"datePublished\":\"2019-06-20T22:55:21+00:00\",\"dateModified\":\"2025-05-13T17:30:11+00:00\",\"breadcrumb\":{\"@id\":\"https:\\\/\\\/acumen.org\\\/es\\\/blog\\\/determinacion-el-rasgo-que-los-lideres-deben-tener\\\/#breadcrumb\"},\"inLanguage\":\"es-ES\",\"potentialAction\":[{\"@type\":\"ReadAction\",\"target\":[\"https:\\\/\\\/acumen.org\\\/es\\\/blog\\\/determinacion-el-rasgo-que-los-lideres-deben-tener\\\/\"]}]},{\"@type\":\"ImageObject\",\"inLanguage\":\"es-ES\",\"@id\":\"https:\\\/\\\/acumen.org\\\/es\\\/blog\\\/determinacion-el-rasgo-que-los-lideres-deben-tener\\\/#primaryimage\",\"url\":\"https:\\\/\\\/acumen.org\\\/wp-content\\\/uploads\\\/2019\\\/06\\\/Angela-Duckworth.jpg\",\"contentUrl\":\"https:\\\/\\\/acumen.org\\\/wp-content\\\/uploads\\\/2019\\\/06\\\/Angela-Duckworth.jpg\",\"width\":1800,\"height\":1200},{\"@type\":\"BreadcrumbList\",\"@id\":\"https:\\\/\\\/acumen.org\\\/es\\\/blog\\\/determinacion-el-rasgo-que-los-lideres-deben-tener\\\/#breadcrumb\",\"itemListElement\":[{\"@type\":\"ListItem\",\"position\":1,\"name\":\"Home\",\"item\":\"https:\\\/\\\/acumen.org\\\/es\\\/\"},{\"@type\":\"ListItem\",\"position\":2,\"name\":\"Determinaci\u00f3n: el rasgo que los l\u00edderes deben tener.\"}]},{\"@type\":\"WebSite\",\"@id\":\"https:\\\/\\\/acumen.org\\\/es\\\/#website\",\"url\":\"https:\\\/\\\/acumen.org\\\/es\\\/\",\"name\":\"Acumen\",\"description\":\"\",\"publisher\":{\"@id\":\"https:\\\/\\\/acumen.org\\\/es\\\/#organization\"},\"potentialAction\":[{\"@type\":\"SearchAction\",\"target\":{\"@type\":\"EntryPoint\",\"urlTemplate\":\"https:\\\/\\\/acumen.org\\\/es\\\/?s={search_term_string}\"},\"query-input\":{\"@type\":\"PropertyValueSpecification\",\"valueRequired\":true,\"valueName\":\"search_term_string\"}}],\"inLanguage\":\"es-ES\"},{\"@type\":\"Organization\",\"@id\":\"https:\\\/\\\/acumen.org\\\/es\\\/#organization\",\"name\":\"Acumen\",\"url\":\"https:\\\/\\\/acumen.org\\\/es\\\/\",\"logo\":{\"@type\":\"ImageObject\",\"inLanguage\":\"es-ES\",\"@id\":\"https:\\\/\\\/acumen.org\\\/es\\\/#\\\/schema\\\/logo\\\/image\\\/\",\"url\":\"https:\\\/\\\/acumen.org\\\/app\\\/uploads\\\/2021\\\/03\\\/Acumen.png\",\"contentUrl\":\"https:\\\/\\\/acumen.org\\\/app\\\/uploads\\\/2021\\\/03\\\/Acumen.png\",\"width\":3334,\"height\":2480,\"caption\":\"Acumen\"},\"image\":{\"@id\":\"https:\\\/\\\/acumen.org\\\/es\\\/#\\\/schema\\\/logo\\\/image\\\/\"},\"sameAs\":[\"https:\\\/\\\/www.facebook.com\\\/acumenfund\\\/\",\"https:\\\/\\\/x.com\\\/Acumen\",\"https:\\\/\\\/www.instagram.com\\\/acumenorg\\\/\",\"https:\\\/\\\/www.linkedin.com\\\/company\\\/acumen-fund\\\/\",\"https:\\\/\\\/www.youtube.com\\\/channel\\\/UCpuoLfl6gZl2jDa8lAlC8YQ\"],\"description\":\"We invest across the capital continuum to help transformational companies grow from seed to scale. acumen invests patient capital in business models that deliver critical, affordable goods and services to the world's poor, improving the lives of millions. Since 2001, Acumen has invested in businesses that provide access to healthcare, energy, education, water & sanitation, housing, financial services, and agricultural services to low-income customers. Our investments are addressing the problems of poverty in East and West Africa, South Asia, Latin America, and the United States.\",\"telephone\":\"1-212-566-8821\",\"legalName\":\"Acumen Fund, Inc.\",\"taxID\":\"13-4166228\",\"ownershipFundingInfo\":\"https:\\\/\\\/acumen.org\\\/financials\\\/\",\"ethicsPolicy\":\"https:\\\/\\\/acumen.org\\\/anti-corruption-policy\\\/\"},{\"@type\":\"Person\",\"@id\":\"https:\\\/\\\/acumen.org\\\/es\\\/#\\\/schema\\\/person\\\/cc23269de4eed510141e42eae895c0dc\",\"name\":\"Acumen\",\"image\":{\"@type\":\"ImageObject\",\"inLanguage\":\"es-ES\",\"@id\":\"https:\\\/\\\/secure.gravatar.com\\\/avatar\\\/44f8fbe9133793fb949c95942f8d9143ecb31b1d9d2c362c7f6f76de0e43d5ba?s=96&d=mm&r=g\",\"url\":\"https:\\\/\\\/secure.gravatar.com\\\/avatar\\\/44f8fbe9133793fb949c95942f8d9143ecb31b1d9d2c362c7f6f76de0e43d5ba?s=96&d=mm&r=g\",\"contentUrl\":\"https:\\\/\\\/secure.gravatar.com\\\/avatar\\\/44f8fbe9133793fb949c95942f8d9143ecb31b1d9d2c362c7f6f76de0e43d5ba?s=96&d=mm&r=g\",\"caption\":\"Acumen\"}}]}<\/script>\n<!-- \/ Yoast SEO Premium plugin. -->","yoast_head_json":{"title":"Determinaci\u00f3n: el rasgo que los l\u00edderes deben tener. - Acumen","robots":{"index":"index","follow":"follow","max-snippet":"max-snippet:-1","max-image-preview":"max-image-preview:large","max-video-preview":"max-video-preview:-1"},"canonical":"https:\/\/acumen.org\/es\/blog\/determinacion-el-rasgo-que-los-lideres-deben-tener\/","og_locale":"es_ES","og_type":"article","og_title":"Determinaci\u00f3n: el rasgo que los l\u00edderes deben tener.","og_description":"Las 3 estrategias de Angela Duckworth para desarrollar la determinaci\u00f3n y firmeza que hay en ti y en los dem\u00e1s. Con frecuencia, se les dice a las personas que trabajan en impacto social que nunca se den por vencidos, incluso cuando se encuentran en momentos dif\u00edciles. El mismo manifiesto de Acumen nos recuerda que abordar &hellip; Continuado","og_url":"https:\/\/acumen.org\/es\/blog\/determinacion-el-rasgo-que-los-lideres-deben-tener\/","og_site_name":"Acumen","article_publisher":"https:\/\/www.facebook.com\/acumenfund\/","article_published_time":"2019-06-20T22:55:21+00:00","article_modified_time":"2025-05-13T17:30:11+00:00","og_image":[{"width":1800,"height":1200,"url":"https:\/\/acumen.org\/app\/uploads\/2019\/06\/Angela-Duckworth.jpg","type":"image\/jpeg"}],"author":"Acumen","twitter_card":"summary_large_image","twitter_creator":"@Acumen","twitter_site":"@Acumen","twitter_misc":{"Escrito por":"Acumen","Tiempo de lectura":"10 minutes"},"schema":{"@context":"https:\/\/schema.org","@graph":[{"@type":"Article","@id":"https:\/\/acumen.org\/es\/blog\/determinacion-el-rasgo-que-los-lideres-deben-tener\/#article","isPartOf":{"@id":"https:\/\/acumen.org\/es\/blog\/determinacion-el-rasgo-que-los-lideres-deben-tener\/"},"author":{"name":"Acumen","@id":"https:\/\/acumen.org\/es\/#\/schema\/person\/cc23269de4eed510141e42eae895c0dc"},"headline":"Determinaci\u00f3n: el rasgo que los l\u00edderes deben tener.","datePublished":"2019-06-20T22:55:21+00:00","dateModified":"2025-05-13T17:30:11+00:00","mainEntityOfPage":{"@id":"https:\/\/acumen.org\/es\/blog\/determinacion-el-rasgo-que-los-lideres-deben-tener\/"},"wordCount":2183,"commentCount":0,"publisher":{"@id":"https:\/\/acumen.org\/es\/#organization"},"image":{"@id":"https:\/\/acumen.org\/es\/blog\/determinacion-el-rasgo-que-los-lideres-deben-tener\/#primaryimage"},"thumbnailUrl":"https:\/\/acumen.org\/wp-content\/uploads\/2019\/06\/Angela-Duckworth.jpg","articleSection":["Sin categorizar"],"inLanguage":"es-ES","potentialAction":[{"@type":"CommentAction","name":"Comment","target":["https:\/\/acumen.org\/es\/blog\/determinacion-el-rasgo-que-los-lideres-deben-tener\/#respond"]}]},{"@type":"WebPage","@id":"https:\/\/acumen.org\/es\/blog\/determinacion-el-rasgo-que-los-lideres-deben-tener\/","url":"https:\/\/acumen.org\/es\/blog\/determinacion-el-rasgo-que-los-lideres-deben-tener\/","name":"Determinaci\u00f3n: el rasgo que los l\u00edderes deben tener. - Acumen","isPartOf":{"@id":"https:\/\/acumen.org\/es\/#website"},"primaryImageOfPage":{"@id":"https:\/\/acumen.org\/es\/blog\/determinacion-el-rasgo-que-los-lideres-deben-tener\/#primaryimage"},"image":{"@id":"https:\/\/acumen.org\/es\/blog\/determinacion-el-rasgo-que-los-lideres-deben-tener\/#primaryimage"},"thumbnailUrl":"https:\/\/acumen.org\/wp-content\/uploads\/2019\/06\/Angela-Duckworth.jpg","datePublished":"2019-06-20T22:55:21+00:00","dateModified":"2025-05-13T17:30:11+00:00","breadcrumb":{"@id":"https:\/\/acumen.org\/es\/blog\/determinacion-el-rasgo-que-los-lideres-deben-tener\/#breadcrumb"},"inLanguage":"es-ES","potentialAction":[{"@type":"ReadAction","target":["https:\/\/acumen.org\/es\/blog\/determinacion-el-rasgo-que-los-lideres-deben-tener\/"]}]},{"@type":"ImageObject","inLanguage":"es-ES","@id":"https:\/\/acumen.org\/es\/blog\/determinacion-el-rasgo-que-los-lideres-deben-tener\/#primaryimage","url":"https:\/\/acumen.org\/wp-content\/uploads\/2019\/06\/Angela-Duckworth.jpg","contentUrl":"https:\/\/acumen.org\/wp-content\/uploads\/2019\/06\/Angela-Duckworth.jpg","width":1800,"height":1200},{"@type":"BreadcrumbList","@id":"https:\/\/acumen.org\/es\/blog\/determinacion-el-rasgo-que-los-lideres-deben-tener\/#breadcrumb","itemListElement":[{"@type":"ListItem","position":1,"name":"Home","item":"https:\/\/acumen.org\/es\/"},{"@type":"ListItem","position":2,"name":"Determinaci\u00f3n: el rasgo que los l\u00edderes deben tener."}]},{"@type":"WebSite","@id":"https:\/\/acumen.org\/es\/#website","url":"https:\/\/acumen.org\/es\/","name":"Acumen","description":"","publisher":{"@id":"https:\/\/acumen.org\/es\/#organization"},"potentialAction":[{"@type":"SearchAction","target":{"@type":"EntryPoint","urlTemplate":"https:\/\/acumen.org\/es\/?s={search_term_string}"},"query-input":{"@type":"PropertyValueSpecification","valueRequired":true,"valueName":"search_term_string"}}],"inLanguage":"es-ES"},{"@type":"Organization","@id":"https:\/\/acumen.org\/es\/#organization","name":"Acumen","url":"https:\/\/acumen.org\/es\/","logo":{"@type":"ImageObject","inLanguage":"es-ES","@id":"https:\/\/acumen.org\/es\/#\/schema\/logo\/image\/","url":"https:\/\/acumen.org\/app\/uploads\/2021\/03\/Acumen.png","contentUrl":"https:\/\/acumen.org\/app\/uploads\/2021\/03\/Acumen.png","width":3334,"height":2480,"caption":"Acumen"},"image":{"@id":"https:\/\/acumen.org\/es\/#\/schema\/logo\/image\/"},"sameAs":["https:\/\/www.facebook.com\/acumenfund\/","https:\/\/x.com\/Acumen","https:\/\/www.instagram.com\/acumenorg\/","https:\/\/www.linkedin.com\/company\/acumen-fund\/","https:\/\/www.youtube.com\/channel\/UCpuoLfl6gZl2jDa8lAlC8YQ"],"description":"We invest across the capital continuum to help transformational companies grow from seed to scale. acumen invests patient capital in business models that deliver critical, affordable goods and services to the world's poor, improving the lives of millions. Since 2001, Acumen has invested in businesses that provide access to healthcare, energy, education, water & sanitation, housing, financial services, and agricultural services to low-income customers. Our investments are addressing the problems of poverty in East and West Africa, South Asia, Latin America, and the United States.","telephone":"1-212-566-8821","legalName":"Acumen Fund, Inc.","taxID":"13-4166228","ownershipFundingInfo":"https:\/\/acumen.org\/financials\/","ethicsPolicy":"https:\/\/acumen.org\/anti-corruption-policy\/"},{"@type":"Person","@id":"https:\/\/acumen.org\/es\/#\/schema\/person\/cc23269de4eed510141e42eae895c0dc","name":"Acumen","image":{"@type":"ImageObject","inLanguage":"es-ES","@id":"https:\/\/secure.gravatar.com\/avatar\/44f8fbe9133793fb949c95942f8d9143ecb31b1d9d2c362c7f6f76de0e43d5ba?s=96&d=mm&r=g","url":"https:\/\/secure.gravatar.com\/avatar\/44f8fbe9133793fb949c95942f8d9143ecb31b1d9d2c362c7f6f76de0e43d5ba?s=96&d=mm&r=g","contentUrl":"https:\/\/secure.gravatar.com\/avatar\/44f8fbe9133793fb949c95942f8d9143ecb31b1d9d2c362c7f6f76de0e43d5ba?s=96&d=mm&r=g","caption":"Acumen"}}]}},"_links":{"self":[{"href":"https:\/\/acumen.org\/es\/wp-json\/wp\/v2\/posts\/10810","targetHints":{"allow":["GET"]}}],"collection":[{"href":"https:\/\/acumen.org\/es\/wp-json\/wp\/v2\/posts"}],"about":[{"href":"https:\/\/acumen.org\/es\/wp-json\/wp\/v2\/types\/post"}],"author":[{"embeddable":true,"href":"https:\/\/acumen.org\/es\/wp-json\/wp\/v2\/users\/30"}],"replies":[{"embeddable":true,"href":"https:\/\/acumen.org\/es\/wp-json\/wp\/v2\/comments?post=10810"}],"version-history":[{"count":0,"href":"https:\/\/acumen.org\/es\/wp-json\/wp\/v2\/posts\/10810\/revisions"}],"wp:featuredmedia":[{"embeddable":true,"href":"https:\/\/acumen.org\/es\/wp-json\/wp\/v2\/media\/11879"}],"wp:attachment":[{"href":"https:\/\/acumen.org\/es\/wp-json\/wp\/v2\/media?parent=10810"}],"wp:term":[{"taxonomy":"category","embeddable":true,"href":"https:\/\/acumen.org\/es\/wp-json\/wp\/v2\/categories?post=10810"},{"taxonomy":"post_tag","embeddable":true,"href":"https:\/\/acumen.org\/es\/wp-json\/wp\/v2\/tags?post=10810"},{"taxonomy":"blog-type","embeddable":true,"href":"https:\/\/acumen.org\/es\/wp-json\/wp\/v2\/blog-type?post=10810"},{"taxonomy":"problem-tax","embeddable":true,"href":"https:\/\/acumen.org\/es\/wp-json\/wp\/v2\/problem?post=10810"},{"taxonomy":"region-tax","embeddable":true,"href":"https:\/\/acumen.org\/es\/wp-json\/wp\/v2\/region?post=10810"},{"taxonomy":"acumen-year","embeddable":true,"href":"https:\/\/acumen.org\/es\/wp-json\/wp\/v2\/year?post=10810"},{"taxonomy":"post-author","embeddable":true,"href":"https:\/\/acumen.org\/es\/wp-json\/wp\/v2\/author?post=10810"},{"taxonomy":"media-format","embeddable":true,"href":"https:\/\/acumen.org\/es\/wp-json\/wp\/v2\/media-format?post=10810"}],"curies":[{"name":"wp","href":"https:\/\/api.w.org\/{rel}","templated":true}]}}