{"id":10836,"date":"2020-04-03T15:17:18","date_gmt":"2020-04-03T19:17:18","guid":{"rendered":"https:\/\/acumenbw.wpenginepowered.com\/blog\/respuestas-de-las-companias-del-portafolio-y-fellows-de-acumen-para-abordar-los-retos-del-covid-19-en-colombia\/"},"modified":"2025-05-13T13:25:07","modified_gmt":"2025-05-13T17:25:07","slug":"respuestas-de-las-companias-del-portafolio-y-fellows-de-acumen-para-abordar-los-retos-del-covid-19-en-colombia","status":"publish","type":"post","link":"https:\/\/acumen.org\/es\/blog\/respuestas-de-las-companias-del-portafolio-y-fellows-de-acumen-para-abordar-los-retos-del-covid-19-en-colombia\/","title":{"rendered":"Respuestas de las compa\u00f1\u00edas del Portafolio y Fellows de Acumen para abordar los retos del COVID-19 en Colombia"},"content":{"rendered":"<h2><span style=\"font-weight: 400;\">BRINDANDO AYUDA Y RECIBIENDO DONACIONES:<\/span><\/h2>\n<h5><span style=\"font-weight: 400;\"><strong>Diego Benitez CEO de una de las inversiones de Acumen en Colombia y Roc\u00edo Arango- Fellow de Acumen 2019<\/strong><\/span><\/h5>\n<p><span style=\"font-weight: 400;\">Compa\u00f1\u00eda: Siembraviva<br \/>\n<\/span><span style=\"font-weight: 400;\">Ubicaci\u00f3n: Antioquia<br \/>\n<\/span><span style=\"font-weight: 400;\">Enlace: <\/span><a href=\"https:\/\/siembraviva.com\/\"><span style=\"font-weight: 400;\">https:\/\/siembraviva.com\/<\/span><\/a><\/p>\n<p><span style=\"font-weight: 400;\">Diego Benitez, CEO de Siembraviva, una empresa del portafolio de Acumen Latinoam\u00e9rica y Rocio Arango Fellow de Colombia, se encuentran trabajando de la mano para comprar los productos de cientos de agricultores en Antioquia, Colombia; con el fin de garantizar que contin\u00faen teniendo un medio de subsistencia y al mismo tiempo facilitar el acceso de alimentos a familias vulnerables, especialmente personas en condici\u00f3n de discapacidad.\u00a0<\/span><\/p>\n<p><span style=\"font-weight: 400;\">A trav\u00e9s de la plataforma e-commerce de Siembraviva los clientes pueden donar canastas de alimentos a las familias. La empresa asoci\u00e1ndose con 300 peque\u00f1os productores de la regi\u00f3n organiza los mercados y a trav\u00e9s de un veh\u00edculo el\u00e9ctrico se hace la entrega de los productos a las familias priorizadas.<\/span><\/p>\n<p>&nbsp;<\/p>\n<h5><span style=\"font-weight: 400;\"><strong>Silfredo Fuentes- Fellow de Acumen 2019<br \/>\n<\/strong><\/span><\/h5>\n<p><span style=\"font-weight: 400;\">Organizaci\u00f3n: Asoagrocord<br \/>\n<\/span><span style=\"font-weight: 400;\">Ubicaci\u00f3n: Mo\u00f1itos, C\u00f3rdoba<br \/>\n<\/span><span style=\"font-weight: 400;\">Enlace: <\/span><a href=\"https:\/\/www.facebook.com\/Asoagrocord\/\"><span style=\"font-weight: 400;\">https:\/\/www.facebook.com\/Asoagrocord\/<\/span><\/a><\/p>\n<p><span style=\"font-weight: 400;\">La Asociaci\u00f3n de Agricultores de C\u00f3rdoba se han unido para donar 15 toneladas de productos agr\u00edcolas a las familias m\u00e1s vulnerables de esta zona del C\u00f3rdoba.\u00a0<\/span><\/p>\n<h5><strong>Esteban Reyes- Fellow de Acumen 2019<\/strong><\/h5>\n<p><span style=\"font-weight: 400;\">Organizaci\u00f3n: Tiempo de Juego<br \/>\n<\/span><span style=\"font-weight: 400;\">Ubicaci\u00f3n: Soacha<br \/>\n<\/span><span style=\"font-weight: 400;\">Enlace: <\/span><a href=\"https:\/\/tiempodejuego.org\/producto\/kit-alimenticio-ayuda-humanitaria-covid-19\/\"><span style=\"font-weight: 400;\">https:\/\/tiempodejuego.org\/producto\/kit-alimenticio-ayuda-humanitaria-covid-19\/<\/span><\/a><\/p>\n<p><span style=\"font-weight: 400;\">Tiempo de Juego, una organizaci\u00f3n que utiliza el juego como herramienta de transformaci\u00f3n comunitaria, actualmente se encuentra apoyando la crisis coyuntural relacionada con el COVID-19. La organizaci\u00f3n, en conjunto con la Alcald\u00eda Municipal de Soacha ayudar\u00e1 con la recolecci\u00f3n de ayudas humanitarias a trav\u00e9s de la donaci\u00f3n en su p\u00e1gina web o transferencia bancaria. Las donaciones ser\u00e1n dirigidas a familias necesitadas en Soacha, donde la organizaci\u00f3n lleva trabajando m\u00e1s de 15 a\u00f1os.<\/span><\/p>\n<h5><span style=\"font-weight: 400;\">Maria del Pilar Rodriguez- Candidata a Fellow de Acumen 2020<\/span><\/h5>\n<p><span style=\"font-weight: 400;\">Organizaci\u00f3n: Awana Taller<br \/>\n<\/span><span style=\"font-weight: 400;\">Ubicaci\u00f3n: Bogot\u00e1 y zonas ind\u00edgenas de Colombia<br \/>\n<\/span><span style=\"font-weight: 400;\">Enlace: <\/span><a href=\"https:\/\/www.vaki.co\/awanataller\"><span style=\"font-weight: 400;\">www.vaki.co\/awanataller<\/span><\/a><\/p>\n<p><span style=\"font-weight: 400;\">Maria del Pilar es la fundadora y CEO de Awana Taller una empresa social que asocia a familias ind\u00edgenas artesanas de las comunidades Way\u00fau, Embera Cham\u00ed y Kaments\u00e1, con el objetivo de crear lazos para el reconocimiento de las tradiciones artesanales en Colombia a trav\u00e9s de una red de trabajo que se basa en pr\u00e1cticas comerciales justas.\u00a0<\/span><\/p>\n<p><span style=\"font-weight: 400;\">Actualmente 35 familias ind\u00edgenas artesanas aliadas de Awana Taller viven una situaci\u00f3n compleja debido a la escasez de agua y comida en sus territorios, la cuarentena ha hecho que las personas no puedan movilizarse para adquirir alimentos y vender sus productos. En estas comunidades hay adultos mayores, ni\u00f1os y ni\u00f1as que necesitan ayuda, por estas razones Maria del Pilar se encuentra recolectando fondos para poder proveer alimentos y agua a las familias asociadas a Awana Taller.<\/span><\/p>\n<h5><span style=\"font-weight: 400;\">Kattya Roma\u00f1a- Fellow de Acumen 2019<\/span><\/h5>\n<p><span style=\"font-weight: 400;\">Iniciativa: Donat\u00f3n por Choc\u00f3<br \/>\n<\/span><span style=\"font-weight: 400;\">Ubicaci\u00f3n: Quibd\u00f3<br \/>\n<\/span><span style=\"font-weight: 400;\">Contacto: 3137306158<\/span><\/p>\n<p><span style=\"font-weight: 400;\">Kattya Roma\u00f1a, Fellow de Acumen en Colombia, adel\u00e1ntandose a la llegada del COVID-19 a Choc\u00f3, hace parte de la Donat\u00f3n por Choc\u00f3 junto con el Grupo de L\u00edderes Detonante. Estas donaciones servir\u00e1n para comprar mercados a poblaci\u00f3n vulnerable del departamento.\u00a0<\/span><\/p>\n<h5><span style=\"font-weight: 400;\">Andr\u00e9s Felipe Gonzalez- Fellow de Acumen 2019<\/span><\/h5>\n<p><span style=\"font-weight: 400;\">Organizaci\u00f3n: Prisioneros de Esperanza<br \/>\n<\/span><span style=\"font-weight: 400;\">Ubicaci\u00f3n: Cali<br \/>\n<\/span><span style=\"font-weight: 400;\">Telefono: 3116542953<\/span><\/p>\n<p><span style=\"font-weight: 400;\">En la comunidad de Las Minas viven m\u00e1s de 500 familias de caracter\u00edsticas socioecon\u00f3micas de estratos\u00a0 uno y dos, cuyos ingresos provienen de trabajos informales como la construcci\u00f3n, el reciclaje, ventas ambulantes y servicios dom\u00e9sticos por horas, entre otros. A lo largo de seis a\u00f1os se ha intervenido esta poblaci\u00f3n logrando beneficiar a ni\u00f1os, ni\u00f1as, adolescentes y j\u00f3venes de este sector. Es por ello que debido a la emergencia sanitaria se ha intentado gestionar donaciones de alimentos no perecederos e implementos de aseo que permitan disminuir el impacto econ\u00f3mico y emocional que sufren las familias ante la crisis por el Covid-19.\u00a0<\/span><\/p>\n<p><span style=\"font-weight: 400;\">Hasta el momento, Andr\u00e9s Felipe y su organizaci\u00f3n han logrado entregar 20 mercados a la poblaci\u00f3n m\u00e1s vulnerable del sector que no cuenta con ninguna ayuda del gobierno y no hace parte de alg\u00fan grupo donde puedan recibir alg\u00fan tipo de apoyo. Sin embargo, hay priorizadas 250 familias que requieren de manera urgente e inmediata un apoyo que les permita un estado digno durante la cuarentena en sus hogares. Para contribuir pueden comunicarse con Andres y Prisioneros de Esperanza.\u00a0<\/span><\/p>\n<h5>Andrea Escobar- Candidata a Fellow 2020<\/h5>\n<p>Organizaci\u00f3n: SoyDoy<br \/>\nUbicaci\u00f3n: Bogot\u00e1<\/p>\n<p>SoyDoy est\u00e1 enfocado en lograr que la poblaci\u00f3n beneficiaria no baje sus niveles nutricionales, por medio de la entrega de paquetes alimentarios y el trabajo con las madres y padres de los ni\u00f1os en sus emprendimientos, en formaci\u00f3n y desarrollo de sus habilidades por medio de canales de comunicaci\u00f3n digital. La organizaci\u00f3n se encuentra entregando mercados, haciendo seguimiento y apoyando a las familias, escuch\u00e1ndolas en estos momentos que tanto necesitan un acompa\u00f1amiento.<\/p>\n<h5>Martha Cala- Candidata a Fellow 2020<\/h5>\n<p>Organizaci\u00f3n: Fundaci\u00f3n Casa en el \u00c1rbol<br \/>\nUbicaci\u00f3n: Santa Marta<\/p>\n<p>La Fundaci\u00f3n Casa en el \u00c1rbol, el Hotel Zuana y la Constructora Bol\u00edvar donan un plato de comida diario a quienes m\u00e1s lo necesitan. Los ni\u00f1os y adultos mayores son la prioridad.<\/p>\n<h2><span style=\"font-weight: 400;\">INFLUYENDO EN POL\u00cdTICAS P\u00daBLICAS\u00a0<\/span><\/h2>\n<h5><span style=\"font-weight: 400;\">Nazly Ortiz- Fellow de Acumen 2019<\/span><\/h5>\n<p><span style=\"font-weight: 400;\">Organizaci\u00f3n: Planeta Rural<br \/>\n<\/span><span style=\"font-weight: 400;\">Ubicaci\u00f3n: Bogot\u00e1 y Territorios rurales<br \/>\n<\/span><span style=\"font-weight: 400;\">Enlace: <a href=\"https:\/\/www.change.org\/InternetRural\">https:\/\/www.change.org\/InternetRural<\/a><\/span><\/p>\n<p><span style=\"font-weight: 400;\">Nazly desde su organizaci\u00f3n Planeta Rural, y en respuesta a los retos de los territorios de Colombia, ha convocado la creaci\u00f3n de una red de informaci\u00f3n y apoyo para las familias rurales a trav\u00e9s de la alianza con actores nacionales. La organizaci\u00f3n, en conjunto con Silfredo Fuentes (Fellow 2019) y Miguel Angel Salazar (Candidato a Fellow 2020), con el fin de encontrar soluciones r\u00e1pidas frente a las problem\u00e1ticas actuales como los retos de conectividad e informaci\u00f3n de las zonas rurales inici\u00f3 una petici\u00f3n p\u00fablica al gobierno nacional llamada \u201cInternet para Zonas Rurales\u201d, considerando que muchas de las soluciones actuales a nivel informativo y educativo para afrontar la crisis se est\u00e1n abordando desde el acceso a redes e internet.<\/span><\/p>\n<h5><span style=\"font-weight: 400;\">Alejandro Lanz- Candidato a Fellow de Acumen 2020<\/span><\/h5>\n<p><span style=\"font-weight: 400;\">Organizaci\u00f3n: Temblores ONG<br \/>\n<\/span><span style=\"font-weight: 400;\">Ubicaci\u00f3n: Bogot\u00e1<\/span><\/p>\n<p><span style=\"font-weight: 400;\">Alejandro, desde su rol de activista se encuentra monitoreando las acciones de la fuerza p\u00fablica contra la poblaci\u00f3n m\u00e1s vulnerable en el marco del COVID19. Su campa\u00f1a: #PandemiaSinBolillo pretende 1. Sensibilizar y visibilizar ante la ciudadan\u00eda los hechos de violencia policial; 2. Realizar solicitudes espec\u00edficas al Estado para que mitigue el da\u00f1o generado a las poblaciones m\u00e1s vulnerables como consecuencia de la cuarentena obligatoria; 3. Registrar y denunciar los hechos de violencia policial. <\/span><span style=\"font-weight: 400;\">\u00a0<\/span><\/p>\n<h5><span style=\"font-weight: 400;\">Andr\u00e9s Ucr\u00f3s- Fellow de Acumen 2019<\/span><\/h5>\n<p><span style=\"font-weight: 400;\">Organizaci\u00f3n: C\u00e1mara de Comercio de Bogot\u00e1<br \/>\n<\/span><span style=\"font-weight: 400;\">Ubicaci\u00f3n: Bogot\u00e1\u00a0<\/span><\/p>\n<p><span style=\"font-weight: 400;\">Desde la CCB, Andr\u00e9s se encuentra monitoreando constantemente la situaci\u00f3n y proponiendo medidas urgentes al Gobierno Local y Nacional para ayudar a las peque\u00f1as y medianas empresas en la crisis. Actualmente est\u00e1n proponiendo medidas de apoyo a emprendedores y emprendimientos para que puedan sobrevivir durante la crisis sanitaria. Estas medidas se concentran en apoyos de comercializaci\u00f3n y en apoyo para no afectar la caja.<\/span><\/p>\n<p>&nbsp;<\/p>\n<h2><span style=\"font-weight: 400;\">REINVENT\u00c1NDOSE EN LA CRISIS<\/span><\/h2>\n<h5><span style=\"font-weight: 400;\">Daniela Ocampo- Candidata a Fellow de Acumen 2020<\/span><\/h5>\n<p><span style=\"font-weight: 400;\">Organizaci\u00f3n: Amadeus Fundaci\u00f3n<br \/>\n<\/span><span style=\"font-weight: 400;\">Ubicaci\u00f3n: Valle de Aburr\u00e1, Antioquia<\/span><\/p>\n<p><span style=\"font-weight: 400;\">Daniela y Amadeus Fundaci\u00f3n, una organizaci\u00f3n que <\/span><span style=\"font-weight: 400;\">cultiva la genialidad oculta en todos los ni\u00f1os, tanto para la vida, como para la m\u00fasica, han tenido que reinventarse como organizaci\u00f3n. Previendo la cuarentena le hicieron entrega de los instrumentos a los estudiantes y planearon clases a distancia. Considerando que muchos de sus beneficiarios no cuentan con opciones de conectividad y que muchos dependen del uso del celular de sus padres, por medio de WhatsApp, cada profesor y director env\u00eda a los estudiantes diferentes actividades que los estudiantes deben cumplir. Establecieron fechas de entrega por parte de los estudiantes y fechas de retroalimentaci\u00f3n por parte de los maestros. Sus maestros est\u00e1n ampliando sus conocimientos y encontrando nuevas fuentes de inspiraci\u00f3n y creatividad y le est\u00e1n permitiendo a sus estudiantes de continuar con las actividades.\u00a0<\/span><\/p>\n<p><span style=\"font-weight: 400;\">A partir de esta experiencia Amadeus quiere iniciar un proyecto que les permita brindar conexi\u00f3n de internet a las casas de nuestros beneficiarios y dotarlos tambi\u00e9n de computadores o dispositivos m\u00f3viles para que puedan seguir su educaci\u00f3n virtual.\u00a0<\/span><\/p>\n<h5><span style=\"font-weight: 400;\">Yisela Vargas- Candidata a Fellow de Acumen 2020<\/span><\/h5>\n<p><span style=\"font-weight: 400;\">Ubicaci\u00f3n: Planadas, Tolima<\/span><\/p>\n<p>Yisela, nos cuenta c\u00f3mo en Planadas recuerdan sus tiempos de supervivencia para adaptarse a la crisis. Coordinan una agencia de empleo para que las personas que debido al cierre se encuentran sin ingresos actualmente se ofrezcan como recolectores de caf\u00e9. Est\u00e1n organizados entre los l\u00edderes de las Juntas de Acci\u00f3n Comunitaria para vender caf\u00e9 cuando pueden salir de acuerdo con Pico y C\u00e9dula (una estrategia gubernamental en la que las personas pueden salir de acuerdo con el n\u00famero de su identificaci\u00f3n). Las tiendas m\u00e1s grandes del municipio patrocinan a las personas mayores. Los j\u00f3venes estudiantes que no tienen forma de continuar estudiando de manera virtual ayudan a sus padres en sus fincas productoras. Todos volvieron a flexionar los m\u00fasculos que aprendieron a usar debido al conflicto. Una resiliencia aprendida. &#8220;Solo lo vemos como una estrategia para la supervivencia&#8221;, dice Yisela.<\/p>\n\n\t\n\t<section class=\"wp-block-share-buttons text-container border-black border-t mt-15 mb-7.5 py-7.5\">\n    <div class=\"py-2.5 flex gap-10 items-center\" animate>\n      <h2 class=\"h4 m-0\">\n        Share\n      <\/h2>\n      <ul class=\"flex gap-2 items-center\" x-data=\"shareButtons('Enlace copiado', 'Lo sentimos, no pudimos copiar el enlace')\">\n\n        \n          <li>\n            <a class=\"h-7 w-7 link-no-underline rounded-full hover:bg-black hover:text-white active:bg-black active:text-white flex items-center justify-center shrink-0\" href=\"https:\/\/www.facebook.com\/sharer.php?t=Respuestas%20de%20las%20compa%C3%B1%C3%ADas%20del%20Portafolio%20y%20Fellows%20de%20Acumen%20para%20abordar%20los%20retos%20del%20COVID-19%20en%20Colombia&amp;u=https:\/\/acumen.org\/es\/blog\/respuestas-de-las-companias-del-portafolio-y-fellows-de-acumen-para-abordar-los-retos-del-covid-19-en-colombia\/\" target=\"_blank\" @click.prevent=\"open($el)\" title=\"Compartir en Facebook\">\n\n      <svg aria-hidden=\"true\" class=\"fill-current w-auto w-3.5 h-auto flex-shrink-0 relative z-5\" width=\"23\" height=\"22\" viewBox=\"0 0 23 22\" fill=\"none\" xmlns=\"http:\/\/www.w3.org\/2000\/svg\">\n<g>\n<path d=\"M12.8719 7.15463V9.12843H15.5091L15.0915 11.7872H12.8719V17.913C12.4269 17.9702 11.9716 18 11.5094 18C10.976 18 10.4521 17.9606 9.94193 17.8845V11.7872H7.50977V9.12843H9.94193V6.71341C9.94193 5.21513 11.2537 4 12.8726 4V4.00127C12.8774 4.00127 12.8815 4 12.8863 4H15.5098V6.29948H13.7955C13.2861 6.29948 12.8726 6.6823 12.8726 7.154L12.8719 7.15463Z\" fill=\"currentColor\"\/>\n<\/g>\n<\/svg>  \n  <span class=\"relative z-5 sr-only\">\n    Compartir en Facebook\n  <\/span>\n\n  <\/a>\n          <\/li>\n\n        \n          <li>\n            <a class=\"h-7 w-7 link-no-underline rounded-full hover:bg-black hover:text-white active:bg-black active:text-white flex items-center justify-center shrink-0\" href=\"https:\/\/twitter.com\/intent\/tweet?text=Respuestas%20de%20las%20compa%C3%B1%C3%ADas%20del%20Portafolio%20y%20Fellows%20de%20Acumen%20para%20abordar%20los%20retos%20del%20COVID-19%20en%20Colombia&amp;url=https:\/\/acumen.org\/es\/blog\/respuestas-de-las-companias-del-portafolio-y-fellows-de-acumen-para-abordar-los-retos-del-covid-19-en-colombia\/\" target=\"_blank\" @click.prevent=\"open($el)\" title=\"Compartir en X\/Twitter\">\n\n      <svg aria-hidden=\"true\" class=\"fill-current w-auto w-3.5 h-auto flex-shrink-0 relative z-5\" width=\"23\" height=\"22\" viewBox=\"0 0 23 22\" fill=\"none\" xmlns=\"http:\/\/www.w3.org\/2000\/svg\">\n<g>\n<path id=\"path1009\" d=\"M4.96324 4.85205L10.0349 11.6348L4.93164 17.1496H6.08052L10.5489 12.3216L14.1589 17.1496H18.0678L12.711 9.98536L17.4614 4.85205H16.3125L12.1978 9.29861L8.87295 4.85205H4.96324ZM6.65225 5.69835H8.44761L16.3772 16.3033H14.5819L6.65225 5.69835Z\" fill=\"currentColor\"\/>\n<\/g>\n<\/svg>  \n  <span class=\"relative z-5 sr-only\">\n    Compartir en X\/Twitter\n  <\/span>\n\n  <\/a>\n          <\/li>\n\n        \n          <li>\n            <a class=\"h-7 w-7 link-no-underline rounded-full hover:bg-black hover:text-white active:bg-black active:text-white flex items-center justify-center shrink-0\" href=\"https:\/\/www.linkedin.com\/shareArticle?title=Respuestas%20de%20las%20compa%C3%B1%C3%ADas%20del%20Portafolio%20y%20Fellows%20de%20Acumen%20para%20abordar%20los%20retos%20del%20COVID-19%20en%20Colombia&amp;url=https:\/\/acumen.org\/es\/blog\/respuestas-de-las-companias-del-portafolio-y-fellows-de-acumen-para-abordar-los-retos-del-covid-19-en-colombia\/\" target=\"_blank\" @click.prevent=\"open($el)\" title=\"Compartir en LinkedIn\">\n\n      <svg aria-hidden=\"true\" class=\"fill-current w-auto w-3.5 h-auto flex-shrink-0 relative z-5\" width=\"23\" height=\"22\" viewBox=\"0 0 23 22\" fill=\"none\" xmlns=\"http:\/\/www.w3.org\/2000\/svg\">\n<g>\n<path id=\"Vector_2\" d=\"M5.73849 7.31219C5.44877 7.04319 5.30469 6.71022 5.30469 6.31405C5.30469 5.91787 5.44954 5.57026 5.73849 5.30049C6.02822 5.03149 6.40116 4.89661 6.85809 4.89661C7.31502 4.89661 7.67333 5.03149 7.96228 5.30049C8.252 5.56949 8.39608 5.90785 8.39608 6.31405C8.39608 6.72024 8.25123 7.04319 7.96228 7.31219C7.67255 7.58118 7.305 7.71607 6.85809 7.71607C6.41118 7.71607 6.02822 7.58118 5.73849 7.31219ZM8.1526 8.85526V17.1025H5.5474V8.85526H8.1526Z\" fill=\"currentColor\"\/>\n<path id=\"Vector_3\" d=\"M16.8257 9.67004C17.3936 10.2867 17.6772 11.133 17.6772 12.2105V16.9569H15.203V12.545C15.203 12.0016 15.062 11.5792 14.7807 11.2786C14.4995 10.978 14.1204 10.827 13.6457 10.827C13.1711 10.827 12.7919 10.9773 12.5107 11.2786C12.2294 11.5792 12.0884 12.0016 12.0884 12.545V16.9569H9.59961V8.83221H12.0884V9.90974C12.3404 9.55057 12.6802 9.26693 13.1071 9.05805C13.534 8.84918 14.014 8.74512 14.548 8.74512C15.4989 8.74512 16.2586 9.05342 16.8257 9.66927V9.67004Z\" fill=\"currentColor\"\/>\n<\/g>\n<\/svg>  \n  <span class=\"relative z-5 sr-only\">\n    Compartir en LinkedIn\n  <\/span>\n\n  <\/a>\n          <\/li>\n\n        \n          <li>\n            <a class=\"h-7 w-7 link-no-underline rounded-full hover:bg-black hover:text-white active:bg-black active:text-white flex items-center justify-center shrink-0\" href=\"https:\/\/pinterest.com\/pin\/create\/button\/?description=Respuestas%20de%20las%20compa%C3%B1%C3%ADas%20del%20Portafolio%20y%20Fellows%20de%20Acumen%20para%20abordar%20los%20retos%20del%20COVID-19%20en%20Colombia&amp;url=https:\/\/acumen.org\/es\/blog\/respuestas-de-las-companias-del-portafolio-y-fellows-de-acumen-para-abordar-los-retos-del-covid-19-en-colombia\/\" target=\"_blank\" @click.prevent=\"open($el)\" title=\"Compartir en Pinterest\">\n\n      <svg aria-hidden=\"true\" class=\"fill-current w-auto w-3.5 h-auto flex-shrink-0 relative z-5\" xmlns=\"http:\/\/www.w3.org\/2000\/svg\" width=\"23\" height=\"23\" viewBox=\"0 0 23 23\" fill=\"none\">\n  <path fill-rule=\"evenodd\" clip-rule=\"evenodd\" d=\"M11.0838 13.9802C11.072 14.0175 11.061 14.0491 11.052 14.0807C10.5302 15.9513 10.4722 16.3668 9.93589 17.2357C9.68019 17.6487 9.39201 18.0401 9.07342 18.4145C9.03748 18.4569 9.00361 18.5112 8.93174 18.498C8.85296 18.4828 8.84674 18.4183 8.83845 18.3601C8.75275 17.7916 8.70507 17.2218 8.7258 16.6476C8.75275 15.9001 8.85365 15.6434 9.90686 11.591C9.92207 11.529 9.90479 11.4778 9.88267 11.4222C9.63043 10.7999 9.58067 10.1682 9.80112 9.52818C10.278 8.14578 11.9905 8.04017 12.2897 9.18036C12.4742 9.88548 11.9863 10.8088 11.6118 12.1735C11.3015 13.2991 12.75 14.0997 13.9877 13.2776C15.1294 12.52 15.5724 10.7038 15.488 9.41624C15.3222 6.84938 12.2462 6.29478 10.2953 7.12131C8.05822 8.06799 7.54958 10.6051 8.55994 11.7649C8.68779 11.9123 8.92898 12.0027 8.88682 12.152C8.82186 12.384 8.7645 12.618 8.69401 12.8488C8.64149 13.0209 8.34225 13.0834 8.1522 13.0126C7.77971 12.8748 7.46941 12.6579 7.21786 12.372C6.36022 11.4 6.11489 9.47758 7.24896 7.84982C8.50535 6.04688 10.8426 5.3171 12.9766 5.53844C15.5254 5.80341 17.1363 7.39703 17.4376 9.20502C17.5751 10.0284 17.4763 12.059 16.213 13.4945C14.7596 15.1438 12.4037 15.2532 11.3167 14.2407C11.233 14.1629 11.166 14.0725 11.0838 13.9795V13.9802Z\" fill=\"currentColor\"\/>\n<\/svg>  \n  <span class=\"relative z-5 sr-only\">\n    Compartir en Pinterest\n  <\/span>\n\n  <\/a>\n          <\/li>\n\n        \n          <li>\n            <a class=\"h-7 w-7 link-no-underline rounded-full hover:bg-black hover:text-white active:bg-black active:text-white flex items-center justify-center shrink-0\" href=\"mailto:?subject=Respuestas%20de%20las%20compa%C3%B1%C3%ADas%20del%20Portafolio%20y%20Fellows%20de%20Acumen%20para%20abordar%20los%20retos%20del%20COVID-19%20en%20Colombia&amp;body=https:\/\/acumen.org\/es\/blog\/respuestas-de-las-companias-del-portafolio-y-fellows-de-acumen-para-abordar-los-retos-del-covid-19-en-colombia\/\" target=\"_blank\" @click.prevent=\"open($el)\" title=\"Compartir via correo electr\u00f3nico\">\n\n      <svg aria-hidden=\"true\" class=\"fill-current w-auto w-3.5 h-auto flex-shrink-0 relative z-5\" xmlns=\"http:\/\/www.w3.org\/2000\/svg\" width=\"23\" height=\"23\" viewBox=\"0 0 23 23\" fill=\"none\">\n  <g>\n      <path d=\"M5.66563 17.1939C5.30938 17.1939 5.0026 17.0652 4.74531 16.8079C4.48802 16.5506 4.35938 16.2439 4.35938 15.8876V7.61265C4.35938 7.2564 4.48802 6.94963 4.74531 6.69233C5.0026 6.43504 5.30938 6.3064 5.66563 6.3064H17.8406C18.2063 6.3064 18.5155 6.43504 18.768 6.69233C19.0206 6.94963 19.1468 7.2564 19.1468 7.61265V15.8876C19.1468 16.2439 19.0206 16.5506 18.768 16.8079C18.5155 17.0652 18.2063 17.1939 17.8406 17.1939H5.66563ZM18.0906 8.63604L12.1078 12.1579C12.0517 12.1933 11.9939 12.2212 11.9344 12.2415C11.8748 12.2618 11.8144 12.272 11.7531 12.272C11.6854 12.272 11.6284 12.2618 11.582 12.2415C11.5357 12.2212 11.4818 12.1954 11.4204 12.164L5.4156 8.63604V15.8876C5.4156 15.9605 5.43905 16.0204 5.48593 16.0673C5.53281 16.1142 5.59271 16.1376 5.66563 16.1376H17.8406C17.9135 16.1376 17.9734 16.1142 18.0203 16.0673C18.0672 16.0204 18.0906 15.9605 18.0906 15.8876V8.63604ZM11.7531 10.9986L17.9453 7.36263H5.58123L11.7531 10.9986ZM5.4156 8.3739V8.54104V7.74231V7.75636V7.73059V8.54276V8.37567V16.1376V8.3739Z\" fill=\"currentColor\"\/>\n  <\/g>\n<\/svg>  \n  <span class=\"relative z-5 sr-only\">\n    Compartir via correo electr\u00f3nico\n  <\/span>\n\n  <\/a>\n          <\/li>\n\n        \n        \n        <li class=\"relative\" x-id=\"['tooltip']\">\n\n          <button class=\"h-7 w-7 link-no-underline rounded-full hover:bg-black hover:text-white active:bg-black active:text-white flex items-center justify-center shrink-0\" @click=\"copyLink()\" x-bind:aria-describedby=\"tooltip &#038;&#038; $id('tooltip')\" title=\"Copy link\">\n\n      <svg aria-hidden=\"true\" class=\"fill-current pr-0.5 w-auto w-3.5 h-auto flex-shrink-0 relative z-5\" xmlns=\"http:\/\/www.w3.org\/2000\/svg\" width=\"23\" height=\"23\" viewBox=\"0 0 23 23\">\n  <g>\n      <path d=\"M15.3387 18.1395C14.7972 18.1395 14.3367 17.9499 13.9572 17.5707C13.5776 17.1915 13.3878 16.7311 13.3878 16.1894C13.3878 16.0891 13.3949 15.9974 13.409 15.9144C13.4231 15.8314 13.4442 15.7381 13.4724 15.6344L9.00773 12.9003C8.84409 13.0985 8.64654 13.2412 8.41507 13.3285C8.18362 13.4157 7.93844 13.4594 7.67952 13.4594C7.13784 13.4594 6.67742 13.2699 6.29825 12.8908C5.91908 12.5118 5.72949 12.0516 5.72949 11.5101C5.72949 10.9687 5.91908 10.5082 6.29825 10.1286C6.67742 9.74909 7.13784 9.55931 7.67952 9.55931C7.93497 9.55931 8.1793 9.6059 8.41249 9.69908C8.64567 9.79227 8.84409 9.93204 9.00773 10.1184L13.4724 7.38425C13.4442 7.28062 13.4231 7.18729 13.409 7.10426C13.3949 7.02125 13.3878 6.92958 13.3878 6.82924C13.3878 6.28756 13.5774 5.82714 13.9564 5.44797C14.3354 5.0688 14.7956 4.87921 15.3371 4.87921C15.8785 4.87921 16.339 5.06872 16.7186 5.44774C17.0981 5.82676 17.2879 6.28699 17.2879 6.82844C17.2879 7.36989 17.0983 7.83039 16.7191 8.20994C16.34 8.58949 15.8795 8.77926 15.3379 8.77926C15.0789 8.77926 14.8338 8.73563 14.6023 8.64836C14.3708 8.56108 14.1733 8.41835 14.0097 8.22017L9.545 10.9543C9.57319 11.058 9.59432 11.1511 9.60841 11.2338C9.6225 11.3165 9.62954 11.4079 9.62954 11.5079C9.62954 11.608 9.6225 11.6998 9.60841 11.7834C9.59432 11.8671 9.57319 11.9607 9.545 12.0644L14.0097 14.7985C14.1733 14.5885 14.3708 14.4428 14.6023 14.3615C14.8338 14.2801 15.0789 14.2394 15.3379 14.2394C15.8795 14.2394 16.34 14.4289 16.7191 14.8079C17.0983 15.187 17.2879 15.6472 17.2879 16.1886C17.2879 16.7301 17.0984 17.1906 16.7194 17.5701C16.3403 17.9497 15.8801 18.1395 15.3387 18.1395ZM15.3379 7.85746C15.6244 7.85746 15.8674 7.75773 16.0669 7.55827C16.2664 7.3588 16.3661 7.11579 16.3661 6.82924C16.3661 6.54269 16.2664 6.29968 16.0669 6.1002C15.8674 5.90074 15.6244 5.80102 15.3379 5.80102C15.0513 5.80102 14.8083 5.90074 14.6088 6.1002C14.4094 6.29968 14.3096 6.54269 14.3096 6.82924C14.3096 7.11579 14.4094 7.3588 14.6088 7.55827C14.8083 7.75773 15.0513 7.85746 15.3379 7.85746ZM7.67952 12.5376C7.96607 12.5376 8.20908 12.4378 8.40855 12.2384C8.60801 12.0389 8.70774 11.7959 8.70774 11.5093C8.70774 11.2228 8.60801 10.9798 8.40855 10.7803C8.20908 10.5808 7.96607 10.4811 7.67952 10.4811C7.39297 10.4811 7.14996 10.5808 6.95048 10.7803C6.75103 10.9798 6.65129 11.2228 6.65129 11.5093C6.65129 11.7959 6.75103 12.0389 6.95048 12.2384C7.14996 12.4378 7.39297 12.5376 7.67952 12.5376ZM15.3379 17.2177C15.6244 17.2177 15.8674 17.1179 16.0669 16.9185C16.2664 16.719 16.3661 16.476 16.3661 16.1894C16.3661 15.9029 16.2664 15.6599 16.0669 15.4604C15.8674 15.261 15.6244 15.1612 15.3379 15.1612C15.0513 15.1612 14.8083 15.261 14.6088 15.4604C14.4094 15.6599 14.3096 15.9029 14.3096 16.1894C14.3096 16.476 14.4094 16.719 14.6088 16.9185C14.8083 17.1179 15.0513 17.2177 15.3379 17.2177Z\" fill=\"currentColor\"\/>\n    <\/g>\n<\/svg>  \n  <span class=\"relative z-5 sr-only\">\n    \n  <\/span>\n\n  <\/button>\n          <div \n            :id=\"$id('tooltip')\" \n            x-show=\"tooltip\"\n            x-text=\"tooltip\"\n            class=\"absolute bg-black text-white rounded-md py-1 px-2 text-sm whitespace-nowrap left-1\/2 -translate-x-1\/2 -top-9\"\n          ><\/div>\n        <\/li>\n      <\/ul>\n    <\/div>\n\n  <\/section>\n\n\t","protected":false},"excerpt":{"rendered":"<p>BRINDANDO AYUDA Y RECIBIENDO DONACIONES: Diego Benitez CEO de una de las inversiones de Acumen en Colombia y Roc\u00edo Arango- Fellow de Acumen 2019 Compa\u00f1\u00eda: Siembraviva Ubicaci\u00f3n: Antioquia Enlace: https:\/\/siembraviva.com\/ Diego Benitez, CEO de Siembraviva, una empresa del portafolio de Acumen Latinoam\u00e9rica y Rocio Arango Fellow de Colombia, se encuentran trabajando de la mano para &hellip; <a href=\"https:\/\/acumen.org\/es\/blog\/respuestas-de-las-companias-del-portafolio-y-fellows-de-acumen-para-abordar-los-retos-del-covid-19-en-colombia\/\">Continuado<\/a><\/p>\n","protected":false},"author":[],"featured_media":8337,"comment_status":"open","ping_status":"closed","sticky":false,"template":"","format":"standard","meta":{"_acf_changed":true,"content-type":"","_relevanssi_hide_post":"","_relevanssi_hide_content":"","_relevanssi_pin_for_all":"","_relevanssi_pin_keywords":"","_relevanssi_unpin_keywords":"","_relevanssi_related_keywords":"","_relevanssi_related_include_ids":"","_relevanssi_related_exclude_ids":"","_relevanssi_related_no_append":"","_relevanssi_related_not_related":"","_relevanssi_related_posts":"661,611,606,10817,607,636","_relevanssi_noindex_reason":"","footnotes":""},"categories":[178],"tags":[],"blog-type":[214],"problem":[189],"region":[188],"year":[],"media-format":[213],"class_list":["post-10836","post","type-post","status-publish","format-standard","has-post-thumbnail","hentry","category-sin-categorizar"],"acf":[],"yoast_head":"<!-- This site is optimized with the Yoast SEO Premium plugin v27.4 (Yoast SEO v27.4) - https:\/\/yoast.com\/product\/yoast-seo-premium-wordpress\/ -->\n<title>Respuestas de las compa\u00f1\u00edas del Portafolio y Fellows de Acumen para abordar los retos del COVID-19 en Colombia - Acumen<\/title>\n<meta name=\"robots\" content=\"index, follow, max-snippet:-1, max-image-preview:large, max-video-preview:-1\" \/>\n<link rel=\"canonical\" href=\"https:\/\/acumen.org\/es\/blog\/respuestas-de-las-companias-del-portafolio-y-fellows-de-acumen-para-abordar-los-retos-del-covid-19-en-colombia\/\" \/>\n<meta property=\"og:locale\" content=\"es_ES\" \/>\n<meta property=\"og:type\" content=\"article\" \/>\n<meta property=\"og:title\" content=\"Respuestas de las compa\u00f1\u00edas del Portafolio y Fellows de Acumen para abordar los retos del COVID-19 en Colombia\" \/>\n<meta property=\"og:description\" content=\"BRINDANDO AYUDA Y RECIBIENDO DONACIONES: Diego Benitez CEO de una de las inversiones de Acumen en Colombia y Roc\u00edo Arango- Fellow de Acumen 2019 Compa\u00f1\u00eda: Siembraviva Ubicaci\u00f3n: Antioquia Enlace: https:\/\/siembraviva.com\/ Diego Benitez, CEO de Siembraviva, una empresa del portafolio de Acumen Latinoam\u00e9rica y Rocio Arango Fellow de Colombia, se encuentran trabajando de la mano para &hellip; Continuado\" \/>\n<meta property=\"og:url\" content=\"https:\/\/acumen.org\/es\/blog\/respuestas-de-las-companias-del-portafolio-y-fellows-de-acumen-para-abordar-los-retos-del-covid-19-en-colombia\/\" \/>\n<meta property=\"og:site_name\" content=\"Acumen\" \/>\n<meta property=\"article:publisher\" content=\"https:\/\/www.facebook.com\/acumenfund\/\" \/>\n<meta property=\"article:published_time\" content=\"2020-04-03T19:17:18+00:00\" \/>\n<meta property=\"article:modified_time\" content=\"2025-05-13T17:25:07+00:00\" \/>\n<meta property=\"og:image\" content=\"https:\/\/acumen.org\/app\/uploads\/2024\/03\/Azahar_Agri_LatAm-8.jpg\" \/>\n\t<meta property=\"og:image:width\" content=\"2000\" \/>\n\t<meta property=\"og:image:height\" content=\"1333\" \/>\n\t<meta property=\"og:image:type\" content=\"image\/jpeg\" \/>\n<meta name=\"author\" content=\"Acumen\" \/>\n<meta name=\"twitter:card\" content=\"summary_large_image\" \/>\n<meta name=\"twitter:creator\" content=\"@Acumen\" \/>\n<meta name=\"twitter:site\" content=\"@Acumen\" \/>\n<meta name=\"twitter:label1\" content=\"Escrito por\" \/>\n\t<meta name=\"twitter:data1\" content=\"Acumen\" \/>\n\t<meta name=\"twitter:label2\" content=\"Tiempo de lectura\" \/>\n\t<meta name=\"twitter:data2\" content=\"7 minutes\" \/>\n<script type=\"application\/ld+json\" class=\"yoast-schema-graph\">{\"@context\":\"https:\\\/\\\/schema.org\",\"@graph\":[{\"@type\":\"Article\",\"@id\":\"https:\\\/\\\/acumen.org\\\/es\\\/blog\\\/respuestas-de-las-companias-del-portafolio-y-fellows-de-acumen-para-abordar-los-retos-del-covid-19-en-colombia\\\/#article\",\"isPartOf\":{\"@id\":\"https:\\\/\\\/acumen.org\\\/es\\\/blog\\\/respuestas-de-las-companias-del-portafolio-y-fellows-de-acumen-para-abordar-los-retos-del-covid-19-en-colombia\\\/\"},\"author\":{\"name\":\"Acumen\",\"@id\":\"https:\\\/\\\/acumen.org\\\/es\\\/#\\\/schema\\\/person\\\/cc23269de4eed510141e42eae895c0dc\"},\"headline\":\"Respuestas de las compa\u00f1\u00edas del Portafolio y Fellows de Acumen para abordar los retos del COVID-19 en Colombia\",\"datePublished\":\"2020-04-03T19:17:18+00:00\",\"dateModified\":\"2025-05-13T17:25:07+00:00\",\"mainEntityOfPage\":{\"@id\":\"https:\\\/\\\/acumen.org\\\/es\\\/blog\\\/respuestas-de-las-companias-del-portafolio-y-fellows-de-acumen-para-abordar-los-retos-del-covid-19-en-colombia\\\/\"},\"wordCount\":1612,\"commentCount\":0,\"publisher\":{\"@id\":\"https:\\\/\\\/acumen.org\\\/es\\\/#organization\"},\"image\":{\"@id\":\"https:\\\/\\\/acumen.org\\\/es\\\/blog\\\/respuestas-de-las-companias-del-portafolio-y-fellows-de-acumen-para-abordar-los-retos-del-covid-19-en-colombia\\\/#primaryimage\"},\"thumbnailUrl\":\"https:\\\/\\\/acumen.org\\\/wp-content\\\/uploads\\\/2024\\\/03\\\/Azahar_Agri_LatAm-8.jpg\",\"articleSection\":[\"Sin categorizar\"],\"inLanguage\":\"es-ES\",\"potentialAction\":[{\"@type\":\"CommentAction\",\"name\":\"Comment\",\"target\":[\"https:\\\/\\\/acumen.org\\\/es\\\/blog\\\/respuestas-de-las-companias-del-portafolio-y-fellows-de-acumen-para-abordar-los-retos-del-covid-19-en-colombia\\\/#respond\"]}]},{\"@type\":\"WebPage\",\"@id\":\"https:\\\/\\\/acumen.org\\\/es\\\/blog\\\/respuestas-de-las-companias-del-portafolio-y-fellows-de-acumen-para-abordar-los-retos-del-covid-19-en-colombia\\\/\",\"url\":\"https:\\\/\\\/acumen.org\\\/es\\\/blog\\\/respuestas-de-las-companias-del-portafolio-y-fellows-de-acumen-para-abordar-los-retos-del-covid-19-en-colombia\\\/\",\"name\":\"Respuestas de las compa\u00f1\u00edas del Portafolio y Fellows de Acumen para abordar los retos del COVID-19 en Colombia - Acumen\",\"isPartOf\":{\"@id\":\"https:\\\/\\\/acumen.org\\\/es\\\/#website\"},\"primaryImageOfPage\":{\"@id\":\"https:\\\/\\\/acumen.org\\\/es\\\/blog\\\/respuestas-de-las-companias-del-portafolio-y-fellows-de-acumen-para-abordar-los-retos-del-covid-19-en-colombia\\\/#primaryimage\"},\"image\":{\"@id\":\"https:\\\/\\\/acumen.org\\\/es\\\/blog\\\/respuestas-de-las-companias-del-portafolio-y-fellows-de-acumen-para-abordar-los-retos-del-covid-19-en-colombia\\\/#primaryimage\"},\"thumbnailUrl\":\"https:\\\/\\\/acumen.org\\\/wp-content\\\/uploads\\\/2024\\\/03\\\/Azahar_Agri_LatAm-8.jpg\",\"datePublished\":\"2020-04-03T19:17:18+00:00\",\"dateModified\":\"2025-05-13T17:25:07+00:00\",\"breadcrumb\":{\"@id\":\"https:\\\/\\\/acumen.org\\\/es\\\/blog\\\/respuestas-de-las-companias-del-portafolio-y-fellows-de-acumen-para-abordar-los-retos-del-covid-19-en-colombia\\\/#breadcrumb\"},\"inLanguage\":\"es-ES\",\"potentialAction\":[{\"@type\":\"ReadAction\",\"target\":[\"https:\\\/\\\/acumen.org\\\/es\\\/blog\\\/respuestas-de-las-companias-del-portafolio-y-fellows-de-acumen-para-abordar-los-retos-del-covid-19-en-colombia\\\/\"]}]},{\"@type\":\"ImageObject\",\"inLanguage\":\"es-ES\",\"@id\":\"https:\\\/\\\/acumen.org\\\/es\\\/blog\\\/respuestas-de-las-companias-del-portafolio-y-fellows-de-acumen-para-abordar-los-retos-del-covid-19-en-colombia\\\/#primaryimage\",\"url\":\"https:\\\/\\\/acumen.org\\\/wp-content\\\/uploads\\\/2024\\\/03\\\/Azahar_Agri_LatAm-8.jpg\",\"contentUrl\":\"https:\\\/\\\/acumen.org\\\/wp-content\\\/uploads\\\/2024\\\/03\\\/Azahar_Agri_LatAm-8.jpg\",\"width\":2000,\"height\":1333,\"caption\":\"Three female farmers pose happily in a farm grove\"},{\"@type\":\"BreadcrumbList\",\"@id\":\"https:\\\/\\\/acumen.org\\\/es\\\/blog\\\/respuestas-de-las-companias-del-portafolio-y-fellows-de-acumen-para-abordar-los-retos-del-covid-19-en-colombia\\\/#breadcrumb\",\"itemListElement\":[{\"@type\":\"ListItem\",\"position\":1,\"name\":\"Home\",\"item\":\"https:\\\/\\\/acumen.org\\\/es\\\/\"},{\"@type\":\"ListItem\",\"position\":2,\"name\":\"Respuestas de las compa\u00f1\u00edas del Portafolio y Fellows de Acumen para abordar los retos del COVID-19 en Colombia\"}]},{\"@type\":\"WebSite\",\"@id\":\"https:\\\/\\\/acumen.org\\\/es\\\/#website\",\"url\":\"https:\\\/\\\/acumen.org\\\/es\\\/\",\"name\":\"Acumen\",\"description\":\"\",\"publisher\":{\"@id\":\"https:\\\/\\\/acumen.org\\\/es\\\/#organization\"},\"potentialAction\":[{\"@type\":\"SearchAction\",\"target\":{\"@type\":\"EntryPoint\",\"urlTemplate\":\"https:\\\/\\\/acumen.org\\\/es\\\/?s={search_term_string}\"},\"query-input\":{\"@type\":\"PropertyValueSpecification\",\"valueRequired\":true,\"valueName\":\"search_term_string\"}}],\"inLanguage\":\"es-ES\"},{\"@type\":\"Organization\",\"@id\":\"https:\\\/\\\/acumen.org\\\/es\\\/#organization\",\"name\":\"Acumen\",\"url\":\"https:\\\/\\\/acumen.org\\\/es\\\/\",\"logo\":{\"@type\":\"ImageObject\",\"inLanguage\":\"es-ES\",\"@id\":\"https:\\\/\\\/acumen.org\\\/es\\\/#\\\/schema\\\/logo\\\/image\\\/\",\"url\":\"https:\\\/\\\/acumen.org\\\/app\\\/uploads\\\/2021\\\/03\\\/Acumen.png\",\"contentUrl\":\"https:\\\/\\\/acumen.org\\\/app\\\/uploads\\\/2021\\\/03\\\/Acumen.png\",\"width\":3334,\"height\":2480,\"caption\":\"Acumen\"},\"image\":{\"@id\":\"https:\\\/\\\/acumen.org\\\/es\\\/#\\\/schema\\\/logo\\\/image\\\/\"},\"sameAs\":[\"https:\\\/\\\/www.facebook.com\\\/acumenfund\\\/\",\"https:\\\/\\\/x.com\\\/Acumen\",\"https:\\\/\\\/www.instagram.com\\\/acumenorg\\\/\",\"https:\\\/\\\/www.linkedin.com\\\/company\\\/acumen-fund\\\/\",\"https:\\\/\\\/www.youtube.com\\\/channel\\\/UCpuoLfl6gZl2jDa8lAlC8YQ\"],\"description\":\"We invest across the capital continuum to help transformational companies grow from seed to scale. acumen invests patient capital in business models that deliver critical, affordable goods and services to the world's poor, improving the lives of millions. Since 2001, Acumen has invested in businesses that provide access to healthcare, energy, education, water & sanitation, housing, financial services, and agricultural services to low-income customers. Our investments are addressing the problems of poverty in East and West Africa, South Asia, Latin America, and the United States.\",\"telephone\":\"1-212-566-8821\",\"legalName\":\"Acumen Fund, Inc.\",\"taxID\":\"13-4166228\",\"ownershipFundingInfo\":\"https:\\\/\\\/acumen.org\\\/financials\\\/\",\"ethicsPolicy\":\"https:\\\/\\\/acumen.org\\\/anti-corruption-policy\\\/\"},{\"@type\":\"Person\",\"@id\":\"https:\\\/\\\/acumen.org\\\/es\\\/#\\\/schema\\\/person\\\/cc23269de4eed510141e42eae895c0dc\",\"name\":\"Acumen\",\"image\":{\"@type\":\"ImageObject\",\"inLanguage\":\"es-ES\",\"@id\":\"https:\\\/\\\/secure.gravatar.com\\\/avatar\\\/44f8fbe9133793fb949c95942f8d9143ecb31b1d9d2c362c7f6f76de0e43d5ba?s=96&d=mm&r=g\",\"url\":\"https:\\\/\\\/secure.gravatar.com\\\/avatar\\\/44f8fbe9133793fb949c95942f8d9143ecb31b1d9d2c362c7f6f76de0e43d5ba?s=96&d=mm&r=g\",\"contentUrl\":\"https:\\\/\\\/secure.gravatar.com\\\/avatar\\\/44f8fbe9133793fb949c95942f8d9143ecb31b1d9d2c362c7f6f76de0e43d5ba?s=96&d=mm&r=g\",\"caption\":\"Acumen\"}}]}<\/script>\n<!-- \/ Yoast SEO Premium plugin. -->","yoast_head_json":{"title":"Respuestas de las compa\u00f1\u00edas del Portafolio y Fellows de Acumen para abordar los retos del COVID-19 en Colombia - Acumen","robots":{"index":"index","follow":"follow","max-snippet":"max-snippet:-1","max-image-preview":"max-image-preview:large","max-video-preview":"max-video-preview:-1"},"canonical":"https:\/\/acumen.org\/es\/blog\/respuestas-de-las-companias-del-portafolio-y-fellows-de-acumen-para-abordar-los-retos-del-covid-19-en-colombia\/","og_locale":"es_ES","og_type":"article","og_title":"Respuestas de las compa\u00f1\u00edas del Portafolio y Fellows de Acumen para abordar los retos del COVID-19 en Colombia","og_description":"BRINDANDO AYUDA Y RECIBIENDO DONACIONES: Diego Benitez CEO de una de las inversiones de Acumen en Colombia y Roc\u00edo Arango- Fellow de Acumen 2019 Compa\u00f1\u00eda: Siembraviva Ubicaci\u00f3n: Antioquia Enlace: https:\/\/siembraviva.com\/ Diego Benitez, CEO de Siembraviva, una empresa del portafolio de Acumen Latinoam\u00e9rica y Rocio Arango Fellow de Colombia, se encuentran trabajando de la mano para &hellip; Continuado","og_url":"https:\/\/acumen.org\/es\/blog\/respuestas-de-las-companias-del-portafolio-y-fellows-de-acumen-para-abordar-los-retos-del-covid-19-en-colombia\/","og_site_name":"Acumen","article_publisher":"https:\/\/www.facebook.com\/acumenfund\/","article_published_time":"2020-04-03T19:17:18+00:00","article_modified_time":"2025-05-13T17:25:07+00:00","og_image":[{"width":2000,"height":1333,"url":"https:\/\/acumen.org\/app\/uploads\/2024\/03\/Azahar_Agri_LatAm-8.jpg","type":"image\/jpeg"}],"author":"Acumen","twitter_card":"summary_large_image","twitter_creator":"@Acumen","twitter_site":"@Acumen","twitter_misc":{"Escrito por":"Acumen","Tiempo de lectura":"7 minutes"},"schema":{"@context":"https:\/\/schema.org","@graph":[{"@type":"Article","@id":"https:\/\/acumen.org\/es\/blog\/respuestas-de-las-companias-del-portafolio-y-fellows-de-acumen-para-abordar-los-retos-del-covid-19-en-colombia\/#article","isPartOf":{"@id":"https:\/\/acumen.org\/es\/blog\/respuestas-de-las-companias-del-portafolio-y-fellows-de-acumen-para-abordar-los-retos-del-covid-19-en-colombia\/"},"author":{"name":"Acumen","@id":"https:\/\/acumen.org\/es\/#\/schema\/person\/cc23269de4eed510141e42eae895c0dc"},"headline":"Respuestas de las compa\u00f1\u00edas del Portafolio y Fellows de Acumen para abordar los retos del COVID-19 en Colombia","datePublished":"2020-04-03T19:17:18+00:00","dateModified":"2025-05-13T17:25:07+00:00","mainEntityOfPage":{"@id":"https:\/\/acumen.org\/es\/blog\/respuestas-de-las-companias-del-portafolio-y-fellows-de-acumen-para-abordar-los-retos-del-covid-19-en-colombia\/"},"wordCount":1612,"commentCount":0,"publisher":{"@id":"https:\/\/acumen.org\/es\/#organization"},"image":{"@id":"https:\/\/acumen.org\/es\/blog\/respuestas-de-las-companias-del-portafolio-y-fellows-de-acumen-para-abordar-los-retos-del-covid-19-en-colombia\/#primaryimage"},"thumbnailUrl":"https:\/\/acumen.org\/wp-content\/uploads\/2024\/03\/Azahar_Agri_LatAm-8.jpg","articleSection":["Sin categorizar"],"inLanguage":"es-ES","potentialAction":[{"@type":"CommentAction","name":"Comment","target":["https:\/\/acumen.org\/es\/blog\/respuestas-de-las-companias-del-portafolio-y-fellows-de-acumen-para-abordar-los-retos-del-covid-19-en-colombia\/#respond"]}]},{"@type":"WebPage","@id":"https:\/\/acumen.org\/es\/blog\/respuestas-de-las-companias-del-portafolio-y-fellows-de-acumen-para-abordar-los-retos-del-covid-19-en-colombia\/","url":"https:\/\/acumen.org\/es\/blog\/respuestas-de-las-companias-del-portafolio-y-fellows-de-acumen-para-abordar-los-retos-del-covid-19-en-colombia\/","name":"Respuestas de las compa\u00f1\u00edas del Portafolio y Fellows de Acumen para abordar los retos del COVID-19 en Colombia - Acumen","isPartOf":{"@id":"https:\/\/acumen.org\/es\/#website"},"primaryImageOfPage":{"@id":"https:\/\/acumen.org\/es\/blog\/respuestas-de-las-companias-del-portafolio-y-fellows-de-acumen-para-abordar-los-retos-del-covid-19-en-colombia\/#primaryimage"},"image":{"@id":"https:\/\/acumen.org\/es\/blog\/respuestas-de-las-companias-del-portafolio-y-fellows-de-acumen-para-abordar-los-retos-del-covid-19-en-colombia\/#primaryimage"},"thumbnailUrl":"https:\/\/acumen.org\/wp-content\/uploads\/2024\/03\/Azahar_Agri_LatAm-8.jpg","datePublished":"2020-04-03T19:17:18+00:00","dateModified":"2025-05-13T17:25:07+00:00","breadcrumb":{"@id":"https:\/\/acumen.org\/es\/blog\/respuestas-de-las-companias-del-portafolio-y-fellows-de-acumen-para-abordar-los-retos-del-covid-19-en-colombia\/#breadcrumb"},"inLanguage":"es-ES","potentialAction":[{"@type":"ReadAction","target":["https:\/\/acumen.org\/es\/blog\/respuestas-de-las-companias-del-portafolio-y-fellows-de-acumen-para-abordar-los-retos-del-covid-19-en-colombia\/"]}]},{"@type":"ImageObject","inLanguage":"es-ES","@id":"https:\/\/acumen.org\/es\/blog\/respuestas-de-las-companias-del-portafolio-y-fellows-de-acumen-para-abordar-los-retos-del-covid-19-en-colombia\/#primaryimage","url":"https:\/\/acumen.org\/wp-content\/uploads\/2024\/03\/Azahar_Agri_LatAm-8.jpg","contentUrl":"https:\/\/acumen.org\/wp-content\/uploads\/2024\/03\/Azahar_Agri_LatAm-8.jpg","width":2000,"height":1333,"caption":"Three female farmers pose happily in a farm grove"},{"@type":"BreadcrumbList","@id":"https:\/\/acumen.org\/es\/blog\/respuestas-de-las-companias-del-portafolio-y-fellows-de-acumen-para-abordar-los-retos-del-covid-19-en-colombia\/#breadcrumb","itemListElement":[{"@type":"ListItem","position":1,"name":"Home","item":"https:\/\/acumen.org\/es\/"},{"@type":"ListItem","position":2,"name":"Respuestas de las compa\u00f1\u00edas del Portafolio y Fellows de Acumen para abordar los retos del COVID-19 en Colombia"}]},{"@type":"WebSite","@id":"https:\/\/acumen.org\/es\/#website","url":"https:\/\/acumen.org\/es\/","name":"Acumen","description":"","publisher":{"@id":"https:\/\/acumen.org\/es\/#organization"},"potentialAction":[{"@type":"SearchAction","target":{"@type":"EntryPoint","urlTemplate":"https:\/\/acumen.org\/es\/?s={search_term_string}"},"query-input":{"@type":"PropertyValueSpecification","valueRequired":true,"valueName":"search_term_string"}}],"inLanguage":"es-ES"},{"@type":"Organization","@id":"https:\/\/acumen.org\/es\/#organization","name":"Acumen","url":"https:\/\/acumen.org\/es\/","logo":{"@type":"ImageObject","inLanguage":"es-ES","@id":"https:\/\/acumen.org\/es\/#\/schema\/logo\/image\/","url":"https:\/\/acumen.org\/app\/uploads\/2021\/03\/Acumen.png","contentUrl":"https:\/\/acumen.org\/app\/uploads\/2021\/03\/Acumen.png","width":3334,"height":2480,"caption":"Acumen"},"image":{"@id":"https:\/\/acumen.org\/es\/#\/schema\/logo\/image\/"},"sameAs":["https:\/\/www.facebook.com\/acumenfund\/","https:\/\/x.com\/Acumen","https:\/\/www.instagram.com\/acumenorg\/","https:\/\/www.linkedin.com\/company\/acumen-fund\/","https:\/\/www.youtube.com\/channel\/UCpuoLfl6gZl2jDa8lAlC8YQ"],"description":"We invest across the capital continuum to help transformational companies grow from seed to scale. acumen invests patient capital in business models that deliver critical, affordable goods and services to the world's poor, improving the lives of millions. Since 2001, Acumen has invested in businesses that provide access to healthcare, energy, education, water & sanitation, housing, financial services, and agricultural services to low-income customers. Our investments are addressing the problems of poverty in East and West Africa, South Asia, Latin America, and the United States.","telephone":"1-212-566-8821","legalName":"Acumen Fund, Inc.","taxID":"13-4166228","ownershipFundingInfo":"https:\/\/acumen.org\/financials\/","ethicsPolicy":"https:\/\/acumen.org\/anti-corruption-policy\/"},{"@type":"Person","@id":"https:\/\/acumen.org\/es\/#\/schema\/person\/cc23269de4eed510141e42eae895c0dc","name":"Acumen","image":{"@type":"ImageObject","inLanguage":"es-ES","@id":"https:\/\/secure.gravatar.com\/avatar\/44f8fbe9133793fb949c95942f8d9143ecb31b1d9d2c362c7f6f76de0e43d5ba?s=96&d=mm&r=g","url":"https:\/\/secure.gravatar.com\/avatar\/44f8fbe9133793fb949c95942f8d9143ecb31b1d9d2c362c7f6f76de0e43d5ba?s=96&d=mm&r=g","contentUrl":"https:\/\/secure.gravatar.com\/avatar\/44f8fbe9133793fb949c95942f8d9143ecb31b1d9d2c362c7f6f76de0e43d5ba?s=96&d=mm&r=g","caption":"Acumen"}}]}},"_links":{"self":[{"href":"https:\/\/acumen.org\/es\/wp-json\/wp\/v2\/posts\/10836","targetHints":{"allow":["GET"]}}],"collection":[{"href":"https:\/\/acumen.org\/es\/wp-json\/wp\/v2\/posts"}],"about":[{"href":"https:\/\/acumen.org\/es\/wp-json\/wp\/v2\/types\/post"}],"author":[{"embeddable":true,"href":"https:\/\/acumen.org\/es\/wp-json\/wp\/v2\/users\/30"}],"replies":[{"embeddable":true,"href":"https:\/\/acumen.org\/es\/wp-json\/wp\/v2\/comments?post=10836"}],"version-history":[{"count":0,"href":"https:\/\/acumen.org\/es\/wp-json\/wp\/v2\/posts\/10836\/revisions"}],"wp:featuredmedia":[{"embeddable":true,"href":"https:\/\/acumen.org\/es\/wp-json\/wp\/v2\/media\/8337"}],"wp:attachment":[{"href":"https:\/\/acumen.org\/es\/wp-json\/wp\/v2\/media?parent=10836"}],"wp:term":[{"taxonomy":"category","embeddable":true,"href":"https:\/\/acumen.org\/es\/wp-json\/wp\/v2\/categories?post=10836"},{"taxonomy":"post_tag","embeddable":true,"href":"https:\/\/acumen.org\/es\/wp-json\/wp\/v2\/tags?post=10836"},{"taxonomy":"blog-type","embeddable":true,"href":"https:\/\/acumen.org\/es\/wp-json\/wp\/v2\/blog-type?post=10836"},{"taxonomy":"problem-tax","embeddable":true,"href":"https:\/\/acumen.org\/es\/wp-json\/wp\/v2\/problem?post=10836"},{"taxonomy":"region-tax","embeddable":true,"href":"https:\/\/acumen.org\/es\/wp-json\/wp\/v2\/region?post=10836"},{"taxonomy":"acumen-year","embeddable":true,"href":"https:\/\/acumen.org\/es\/wp-json\/wp\/v2\/year?post=10836"},{"taxonomy":"post-author","embeddable":true,"href":"https:\/\/acumen.org\/es\/wp-json\/wp\/v2\/author?post=10836"},{"taxonomy":"media-format","embeddable":true,"href":"https:\/\/acumen.org\/es\/wp-json\/wp\/v2\/media-format?post=10836"}],"curies":[{"name":"wp","href":"https:\/\/api.w.org\/{rel}","templated":true}]}}