{"id":10843,"date":"2019-11-06T15:44:14","date_gmt":"2019-11-06T19:44:14","guid":{"rendered":"https:\/\/acumenbw.wpenginepowered.com\/blog\/en-palabras-de-los-fellows-colombianos-el-primer-ano-del-programa-de-fellows-y-la-importancia-del-liderazgo-colectivo\/"},"modified":"2025-05-13T13:25:24","modified_gmt":"2025-05-13T17:25:24","slug":"en-palabras-de-los-fellows-colombianos-el-primer-ano-del-programa-de-fellows-y-la-importancia-del-liderazgo-colectivo","status":"publish","type":"post","link":"https:\/\/acumen.org\/es\/blog\/en-palabras-de-los-fellows-colombianos-el-primer-ano-del-programa-de-fellows-y-la-importancia-del-liderazgo-colectivo\/","title":{"rendered":"EN PALABRAS DE LOS FELLOWS: La importancia del liderazgo colectivo"},"content":{"rendered":"<p>Jacqueline Novogratz, CEO y fundadora de Acumen cree que es posible que el t\u00e9rmino <i>l\u00edder <\/i>\u201ccause rechazo hoy en d\u00eda porque se ven muchos l\u00edderes que lo que buscan es fama y poder, que emplean un lenguaje divisivo y que, en vez de hacer aflorar lo mejor que hay en cada uno de nosotros, explotan nuestros temores y sensaci\u00f3n de inseguridad\u201d. Si hay algo com\u00fan que hemos visto despu\u00e9s de 13 a\u00f1os de llevar el Programa de Fellows de Acumen a diferentes lugares del mundo, es que la mayor\u00eda de los agentes de cambio se sienten inc\u00f3modos auto &#8211; reconoci\u00e9ndose como l\u00edderes. Es com\u00fan pensar que las organizaciones e instituciones exitosas tienen como un ingrediente esencial de su &lt;&lt;f\u00f3rmula secreta&gt;&gt; el hecho de contar con un l\u00edder excepcional poseedor de una sabidur\u00eda, personalidad, habilidades de comunicaci\u00f3n para transmitirlas a sus equipos. Sin embargo, en palabras de la antrop\u00f3loga Margaret Mead, generar cambio social requiere de un grupo de personas reflexivas y comprometidas; y para Acumen: interconectadas y articuladas. Dieciocho a\u00f1os como un laboratorio para el impacto social nos han ense\u00f1ado que para cambiar la forma en la que el mundo aborda la pobreza y la desigualdad se requiere del esfuerzo de <b>todos nosotros<\/b>.<\/p>\n<p>Esto no fue ajeno al proceso de la cohorte pionera de Fellows de Acumen en Colombia que ha pasado 11 meses en una inmersi\u00f3n profunda redescubriendo qu\u00e9 significa ejercer acciones de liderazgo y c\u00f3mo trabajar en colectivo, incluso en un grupo extremadamente diverso. La mejor manera de entender a profundidad en qu\u00e9 consiste el Programa es a trav\u00e9s de esas voces que hoy tienen el privilegio de llamarse Fellows de Acumen en Colombia. Estos son algunos de los aprendizajes y reflexiones que les ha dejado este primer a\u00f1o de formaci\u00f3n:<\/p>\n<p>-Una de las cosas que he aprendido durante este a\u00f1o, es que el impacto social s\u00ed requiere de un Liderazgo Diferente. Antes de entrar al Programa de Fellows de Acumen, pensaba que el liderazgo era una pr\u00e1ctica que se pod\u00eda utilizar en cualquier contexto por igual. Es decir, que no se necesitaba un tipo espec\u00edfico de liderazgo, para un tipo espec\u00edfico de sector.Sin embargo, luego de este a\u00f1o lleno de experiencias y aprendizajes me queda totalmente claro, que si queremos ser catalizadores de cambio social y de transformaciones profundas en Colombia y en el mundo, requerimos de un conjunto muy espec\u00edfico de herramientas de liderazgo, pues los retos a nivel personal y a nivel colectivo son muy grandes. Acumen ha hecho una apuesta muy completa y visionaria, para ofrecerle a l\u00edderes del mundo interesados en el impacto social, un programa de talla mundial que sin duda acelera el cambio social basado en los valores de la dignidad, la diversidad y la humanidad. Sin duda alguna, este a\u00f1o en el Programa de Fellows de Acumen ha sido una experiencia maravillosa llena de aprendizajes extraordinarios. El solo hecho de compartir con personas comprometidas con sus iniciativas es algo que me ha impactado mucho.\u00a0 &#8211;<strong>ANDRES UCR\u00d3S<\/strong><\/p>\n<p>-Antes de entrar al Programa de Fellows de Acumen mi cabeza daba muchas vueltas pensando que ser\u00e1 de mi vida en 5 o 10 a\u00f1os, qui\u00e9nes ser\u00e1n mi compa\u00f1\u00eda en esta locura llamada cambio social. En ese momento solo sent\u00eda incertidumbre y despu\u00e9s de varios encuentros con mi cohorte sent\u00ed que resolv\u00ed esa pregunta, es la sensaci\u00f3n mas hermosa de todas, sentir que nunca m\u00e1s me sentir\u00e9 solo, sentir que en 5 o 10 a\u00f1os estar\u00e9 con ustedes, mis Fellow! saber que tengo un apoyo sin pensar en que el tiempo, ni siquiera los a\u00f1os podr\u00e1n de debilitar esa compa\u00f1\u00eda. &#8211;<strong>CRISTIAN AMADO<\/strong><\/p>\n<p>-Este primer a\u00f1o en el Programa de Fellows de Acumen me ha demostrado que \u00a1no estoy s\u00f3lo! Cuando se est\u00e1 intentando cambiar el estado actual de las cosas, es bonito sentir esas 22 pares de manos de las personas que conoc\u00ed y que hacen parte de mi cohorte. Unas manos valientes que est\u00e1n ah\u00ed pa&#8217; empujarnos a ser mejores, pero tambi\u00e9n unas manos protectoras, pa&#8217; abrazarnos y sentirnos m\u00e1s seguros en medio de la acci\u00f3n. Entend\u00ed en este a\u00f1o que ese es el poder del liderazgo colectivo, esa combinaci\u00f3n entre valent\u00eda y protecci\u00f3n hace que ir m\u00e1s all\u00e1 del deber sea m\u00e1s divertido y a la vez m\u00e1s poderoso.- <strong>DAVID SALAS<\/strong><\/p>\n<p>&#8211; El Programa de Fellows de Acumen ha sido el espacio vital para co-construir y generar cambios significativos no s\u00f3lo en mi vida personal sino tambi\u00e9n como agente social; un espacio en el que hemos podido crear redes y forjar sue\u00f1os colectivos de un mejor pa\u00eds, un espacio donde he aprendido que somos m\u00e1s los que trabajamos en impacto social, que queremos y aportamos d\u00eda a d\u00eda con valent\u00eda a la transformaci\u00f3n de una nueva Colombia. <strong>-ISABEL CRISTINA RIVAS<\/strong><\/p>\n<p>-Es interesante c\u00f3mo construimos nuestra propia identidad y definimos la del otro desde lo que nos diferencia y no desde nuestras similitudes. Este a\u00f1o el Programa de Fellows de Acumen me ense\u00f1\u00f3 a entender que lo que percibimos de quien nos rodea es el reflejo de una sociedad, (o bien el reflejo propio) y a trav\u00e9s de eso podemos entender, conectar y sentir en un nivel m\u00e1s profundo y genuino.- <strong>LILIANA CORZO<\/strong><\/p>\n<p><img loading=\"lazy\" decoding=\"async\" class=\"alignnone wp-image-29256\" src=\"https:\/\/acumen.org\/app\/uploads\/2024\/03\/Felipe-lsp-es.png\" alt=\"\" width=\"854\" height=\"427\" \/><\/p>\n<p>-Cada persona que camin\u00f3 este a\u00f1o conmigo fue un espejo y un sost\u00e9n. Un espejo en el cual vi mi reflejo cuando me costaba ver mis capacidades, un sost\u00e9n cuando necesitaba un poco de apoyo para seguir adelante, y un reflejo para ver en otros, aquello que quiero trabajar en mi. Y es que no hay mayor crecimiento que el que se da en el contacto con el otro, en el acto humilde y empoderador de ser siempre un maestro y un aprendiz. Esto fue para mi el primer a\u00f1o del Programa de Fellows de Acumen: un liderazgo diferente.- <strong>NATALIA LE\u00d3N<\/strong><\/p>\n<p>-La ara\u00f1a, solitaria, silenciosa y constante parece ser quien teje, quien construye realidades. Sin embargo, al observar con mayor detenimiento, calma y reflexi\u00f3n, se logra comprender que el tejido lo logra en colaboraci\u00f3n y simbiosis con otros, los puntos de apoyo, y el entorno ecosist\u00e9mico que la rodea son los que permiten la materializaci\u00f3n del tejido.\u00a0 El Programa de Fellows de Acumen me ha llevado a ver el valor real de la colaboraci\u00f3n y c\u00f3mo la confianza y comprensi\u00f3n de la diversidad e igualdad son la base lograr construcci\u00f3n colectiva de la realidad que imaginamos. &#8211; <strong>SANTIAGO APARICIO<\/strong><\/p>\n<p>-El Programa de Fellows de Acumen me ayud\u00f3 a hacer una inmersi\u00f3n total y darle sentido al liderazgo social. Me ha dado herramientas para pasar de ser un observador a tomar m\u00e1s acciones, ser cr\u00edtico, seguir construyendo relaciones y unir esfuerzos en colectivo. Me ense\u00f1\u00f3 sobre la articulaci\u00f3n entre actores y sistemas, en que se debe lograr un equilibrio entre lo que somos y lo que queremos y que debemos retarnos y aprender a confiar en los dem\u00e1s, esto es fundamental para seguir generando el impacto que deseamos. &#8211; <strong>SILFREDO FUENTES<\/strong><\/p>\n<p><i>\u201cPor otra parte, no podemos quedarnos aguardando a que venga alg\u00fan l\u00edder a salvarnos. Quiz\u00e1s ha llegado el momento de aceptar que nosotros mismos somos juntos los l\u00edderes que hemos estado esperando\u201d. &#8211; Jacqueline Novogratz<\/i><\/p>\n<p>En Acumen le apostamos a un liderazgo diferente. Si quieres leer m\u00e1s reflexiones de la cohorte pionera mira lo que tienen que decir acerca del <a href=\"https:\/\/acumen.org\/acumen-blog-spanish\/en-palabras-de-los-fellows-colombianos-el-primer-ano-del-programa-de-fellows-y-una-vida-de-constante-aprendizaje\/\">aprendizaje constante<\/a>\u00a0 y del <a href=\"https:\/\/acumen.org\/acumen-blog-spanish\/en-palabras-de-los-fellows-colombianos-el-primer-ano-del-programa-de-fellows-y-el-significado-de-ejercer-liderazgo\/\">significado del liderazgo.<\/a><\/p>\n<p>___________<\/p>\n<p>Si quieres saber m\u00e1s sobre el Programa de Fellows de Acumen <a class=\"c-link\" href=\"https:\/\/plusacumen.tfaforms.net\/583\" target=\"_blank\" rel=\"noopener noreferrer\" data-stringify-link=\"https:\/\/docs.google.com\/forms\/d\/e\/1FAIpQLSdw-ahyN02X9z54bHTtF5E6Kl18J2_Bf31lW4po8qzGFR7cIw\/viewform\" data-sk=\"tooltip_parent\" aria-describedby=\"sk-tooltip-36984\">d\u00e9janos tus datos<\/a> y ser\u00e1s de las primeras personas en enterarte de nuestros anuncios.<\/p>\n\n\t\n\t<section class=\"wp-block-share-buttons text-container border-black border-t mt-15 mb-7.5 py-7.5\">\n    <div class=\"py-2.5 flex gap-10 items-center\" animate>\n      <h2 class=\"h4 m-0\">\n        Share\n      <\/h2>\n      <ul class=\"flex gap-2 items-center\" x-data=\"shareButtons('Enlace copiado', 'Lo sentimos, no pudimos copiar el enlace')\">\n\n        \n          <li>\n            <a class=\"h-7 w-7 link-no-underline rounded-full hover:bg-black hover:text-white active:bg-black active:text-white flex items-center justify-center shrink-0\" href=\"https:\/\/www.facebook.com\/sharer.php?t=EN%20PALABRAS%20DE%20LOS%20FELLOWS%3A%20La%20importancia%20del%20liderazgo%20colectivo&amp;u=https:\/\/acumen.org\/es\/blog\/en-palabras-de-los-fellows-colombianos-el-primer-ano-del-programa-de-fellows-y-la-importancia-del-liderazgo-colectivo\/\" target=\"_blank\" @click.prevent=\"open($el)\" title=\"Compartir en Facebook\">\n\n      <svg aria-hidden=\"true\" class=\"fill-current w-auto w-3.5 h-auto flex-shrink-0 relative z-5\" width=\"23\" height=\"22\" viewBox=\"0 0 23 22\" fill=\"none\" xmlns=\"http:\/\/www.w3.org\/2000\/svg\">\n<g>\n<path d=\"M12.8719 7.15463V9.12843H15.5091L15.0915 11.7872H12.8719V17.913C12.4269 17.9702 11.9716 18 11.5094 18C10.976 18 10.4521 17.9606 9.94193 17.8845V11.7872H7.50977V9.12843H9.94193V6.71341C9.94193 5.21513 11.2537 4 12.8726 4V4.00127C12.8774 4.00127 12.8815 4 12.8863 4H15.5098V6.29948H13.7955C13.2861 6.29948 12.8726 6.6823 12.8726 7.154L12.8719 7.15463Z\" fill=\"currentColor\"\/>\n<\/g>\n<\/svg>  \n  <span class=\"relative z-5 sr-only\">\n    Compartir en Facebook\n  <\/span>\n\n  <\/a>\n          <\/li>\n\n        \n          <li>\n            <a class=\"h-7 w-7 link-no-underline rounded-full hover:bg-black hover:text-white active:bg-black active:text-white flex items-center justify-center shrink-0\" href=\"https:\/\/twitter.com\/intent\/tweet?text=EN%20PALABRAS%20DE%20LOS%20FELLOWS%3A%20La%20importancia%20del%20liderazgo%20colectivo&amp;url=https:\/\/acumen.org\/es\/blog\/en-palabras-de-los-fellows-colombianos-el-primer-ano-del-programa-de-fellows-y-la-importancia-del-liderazgo-colectivo\/\" target=\"_blank\" @click.prevent=\"open($el)\" title=\"Compartir en X\/Twitter\">\n\n      <svg aria-hidden=\"true\" class=\"fill-current w-auto w-3.5 h-auto flex-shrink-0 relative z-5\" width=\"23\" height=\"22\" viewBox=\"0 0 23 22\" fill=\"none\" xmlns=\"http:\/\/www.w3.org\/2000\/svg\">\n<g>\n<path id=\"path1009\" d=\"M4.96324 4.85205L10.0349 11.6348L4.93164 17.1496H6.08052L10.5489 12.3216L14.1589 17.1496H18.0678L12.711 9.98536L17.4614 4.85205H16.3125L12.1978 9.29861L8.87295 4.85205H4.96324ZM6.65225 5.69835H8.44761L16.3772 16.3033H14.5819L6.65225 5.69835Z\" fill=\"currentColor\"\/>\n<\/g>\n<\/svg>  \n  <span class=\"relative z-5 sr-only\">\n    Compartir en X\/Twitter\n  <\/span>\n\n  <\/a>\n          <\/li>\n\n        \n          <li>\n            <a class=\"h-7 w-7 link-no-underline rounded-full hover:bg-black hover:text-white active:bg-black active:text-white flex items-center justify-center shrink-0\" href=\"https:\/\/www.linkedin.com\/shareArticle?title=EN%20PALABRAS%20DE%20LOS%20FELLOWS%3A%20La%20importancia%20del%20liderazgo%20colectivo&amp;url=https:\/\/acumen.org\/es\/blog\/en-palabras-de-los-fellows-colombianos-el-primer-ano-del-programa-de-fellows-y-la-importancia-del-liderazgo-colectivo\/\" target=\"_blank\" @click.prevent=\"open($el)\" title=\"Compartir en LinkedIn\">\n\n      <svg aria-hidden=\"true\" class=\"fill-current w-auto w-3.5 h-auto flex-shrink-0 relative z-5\" width=\"23\" height=\"22\" viewBox=\"0 0 23 22\" fill=\"none\" xmlns=\"http:\/\/www.w3.org\/2000\/svg\">\n<g>\n<path id=\"Vector_2\" d=\"M5.73849 7.31219C5.44877 7.04319 5.30469 6.71022 5.30469 6.31405C5.30469 5.91787 5.44954 5.57026 5.73849 5.30049C6.02822 5.03149 6.40116 4.89661 6.85809 4.89661C7.31502 4.89661 7.67333 5.03149 7.96228 5.30049C8.252 5.56949 8.39608 5.90785 8.39608 6.31405C8.39608 6.72024 8.25123 7.04319 7.96228 7.31219C7.67255 7.58118 7.305 7.71607 6.85809 7.71607C6.41118 7.71607 6.02822 7.58118 5.73849 7.31219ZM8.1526 8.85526V17.1025H5.5474V8.85526H8.1526Z\" fill=\"currentColor\"\/>\n<path id=\"Vector_3\" d=\"M16.8257 9.67004C17.3936 10.2867 17.6772 11.133 17.6772 12.2105V16.9569H15.203V12.545C15.203 12.0016 15.062 11.5792 14.7807 11.2786C14.4995 10.978 14.1204 10.827 13.6457 10.827C13.1711 10.827 12.7919 10.9773 12.5107 11.2786C12.2294 11.5792 12.0884 12.0016 12.0884 12.545V16.9569H9.59961V8.83221H12.0884V9.90974C12.3404 9.55057 12.6802 9.26693 13.1071 9.05805C13.534 8.84918 14.014 8.74512 14.548 8.74512C15.4989 8.74512 16.2586 9.05342 16.8257 9.66927V9.67004Z\" fill=\"currentColor\"\/>\n<\/g>\n<\/svg>  \n  <span class=\"relative z-5 sr-only\">\n    Compartir en LinkedIn\n  <\/span>\n\n  <\/a>\n          <\/li>\n\n        \n          <li>\n            <a class=\"h-7 w-7 link-no-underline rounded-full hover:bg-black hover:text-white active:bg-black active:text-white flex items-center justify-center shrink-0\" href=\"https:\/\/pinterest.com\/pin\/create\/button\/?description=EN%20PALABRAS%20DE%20LOS%20FELLOWS%3A%20La%20importancia%20del%20liderazgo%20colectivo&amp;url=https:\/\/acumen.org\/es\/blog\/en-palabras-de-los-fellows-colombianos-el-primer-ano-del-programa-de-fellows-y-la-importancia-del-liderazgo-colectivo\/\" target=\"_blank\" @click.prevent=\"open($el)\" title=\"Compartir en Pinterest\">\n\n      <svg aria-hidden=\"true\" class=\"fill-current w-auto w-3.5 h-auto flex-shrink-0 relative z-5\" xmlns=\"http:\/\/www.w3.org\/2000\/svg\" width=\"23\" height=\"23\" viewBox=\"0 0 23 23\" fill=\"none\">\n  <path fill-rule=\"evenodd\" clip-rule=\"evenodd\" d=\"M11.0838 13.9802C11.072 14.0175 11.061 14.0491 11.052 14.0807C10.5302 15.9513 10.4722 16.3668 9.93589 17.2357C9.68019 17.6487 9.39201 18.0401 9.07342 18.4145C9.03748 18.4569 9.00361 18.5112 8.93174 18.498C8.85296 18.4828 8.84674 18.4183 8.83845 18.3601C8.75275 17.7916 8.70507 17.2218 8.7258 16.6476C8.75275 15.9001 8.85365 15.6434 9.90686 11.591C9.92207 11.529 9.90479 11.4778 9.88267 11.4222C9.63043 10.7999 9.58067 10.1682 9.80112 9.52818C10.278 8.14578 11.9905 8.04017 12.2897 9.18036C12.4742 9.88548 11.9863 10.8088 11.6118 12.1735C11.3015 13.2991 12.75 14.0997 13.9877 13.2776C15.1294 12.52 15.5724 10.7038 15.488 9.41624C15.3222 6.84938 12.2462 6.29478 10.2953 7.12131C8.05822 8.06799 7.54958 10.6051 8.55994 11.7649C8.68779 11.9123 8.92898 12.0027 8.88682 12.152C8.82186 12.384 8.7645 12.618 8.69401 12.8488C8.64149 13.0209 8.34225 13.0834 8.1522 13.0126C7.77971 12.8748 7.46941 12.6579 7.21786 12.372C6.36022 11.4 6.11489 9.47758 7.24896 7.84982C8.50535 6.04688 10.8426 5.3171 12.9766 5.53844C15.5254 5.80341 17.1363 7.39703 17.4376 9.20502C17.5751 10.0284 17.4763 12.059 16.213 13.4945C14.7596 15.1438 12.4037 15.2532 11.3167 14.2407C11.233 14.1629 11.166 14.0725 11.0838 13.9795V13.9802Z\" fill=\"currentColor\"\/>\n<\/svg>  \n  <span class=\"relative z-5 sr-only\">\n    Compartir en Pinterest\n  <\/span>\n\n  <\/a>\n          <\/li>\n\n        \n          <li>\n            <a class=\"h-7 w-7 link-no-underline rounded-full hover:bg-black hover:text-white active:bg-black active:text-white flex items-center justify-center shrink-0\" href=\"mailto:?subject=EN%20PALABRAS%20DE%20LOS%20FELLOWS%3A%20La%20importancia%20del%20liderazgo%20colectivo&amp;body=https:\/\/acumen.org\/es\/blog\/en-palabras-de-los-fellows-colombianos-el-primer-ano-del-programa-de-fellows-y-la-importancia-del-liderazgo-colectivo\/\" target=\"_blank\" @click.prevent=\"open($el)\" title=\"Compartir via correo electr\u00f3nico\">\n\n      <svg aria-hidden=\"true\" class=\"fill-current w-auto w-3.5 h-auto flex-shrink-0 relative z-5\" xmlns=\"http:\/\/www.w3.org\/2000\/svg\" width=\"23\" height=\"23\" viewBox=\"0 0 23 23\" fill=\"none\">\n  <g>\n      <path d=\"M5.66563 17.1939C5.30938 17.1939 5.0026 17.0652 4.74531 16.8079C4.48802 16.5506 4.35938 16.2439 4.35938 15.8876V7.61265C4.35938 7.2564 4.48802 6.94963 4.74531 6.69233C5.0026 6.43504 5.30938 6.3064 5.66563 6.3064H17.8406C18.2063 6.3064 18.5155 6.43504 18.768 6.69233C19.0206 6.94963 19.1468 7.2564 19.1468 7.61265V15.8876C19.1468 16.2439 19.0206 16.5506 18.768 16.8079C18.5155 17.0652 18.2063 17.1939 17.8406 17.1939H5.66563ZM18.0906 8.63604L12.1078 12.1579C12.0517 12.1933 11.9939 12.2212 11.9344 12.2415C11.8748 12.2618 11.8144 12.272 11.7531 12.272C11.6854 12.272 11.6284 12.2618 11.582 12.2415C11.5357 12.2212 11.4818 12.1954 11.4204 12.164L5.4156 8.63604V15.8876C5.4156 15.9605 5.43905 16.0204 5.48593 16.0673C5.53281 16.1142 5.59271 16.1376 5.66563 16.1376H17.8406C17.9135 16.1376 17.9734 16.1142 18.0203 16.0673C18.0672 16.0204 18.0906 15.9605 18.0906 15.8876V8.63604ZM11.7531 10.9986L17.9453 7.36263H5.58123L11.7531 10.9986ZM5.4156 8.3739V8.54104V7.74231V7.75636V7.73059V8.54276V8.37567V16.1376V8.3739Z\" fill=\"currentColor\"\/>\n  <\/g>\n<\/svg>  \n  <span class=\"relative z-5 sr-only\">\n    Compartir via correo electr\u00f3nico\n  <\/span>\n\n  <\/a>\n          <\/li>\n\n        \n        \n        <li class=\"relative\" x-id=\"['tooltip']\">\n\n          <button class=\"h-7 w-7 link-no-underline rounded-full hover:bg-black hover:text-white active:bg-black active:text-white flex items-center justify-center shrink-0\" @click=\"copyLink()\" x-bind:aria-describedby=\"tooltip &#038;&#038; $id('tooltip')\" title=\"Copy link\">\n\n      <svg aria-hidden=\"true\" class=\"fill-current pr-0.5 w-auto w-3.5 h-auto flex-shrink-0 relative z-5\" xmlns=\"http:\/\/www.w3.org\/2000\/svg\" width=\"23\" height=\"23\" viewBox=\"0 0 23 23\">\n  <g>\n      <path d=\"M15.3387 18.1395C14.7972 18.1395 14.3367 17.9499 13.9572 17.5707C13.5776 17.1915 13.3878 16.7311 13.3878 16.1894C13.3878 16.0891 13.3949 15.9974 13.409 15.9144C13.4231 15.8314 13.4442 15.7381 13.4724 15.6344L9.00773 12.9003C8.84409 13.0985 8.64654 13.2412 8.41507 13.3285C8.18362 13.4157 7.93844 13.4594 7.67952 13.4594C7.13784 13.4594 6.67742 13.2699 6.29825 12.8908C5.91908 12.5118 5.72949 12.0516 5.72949 11.5101C5.72949 10.9687 5.91908 10.5082 6.29825 10.1286C6.67742 9.74909 7.13784 9.55931 7.67952 9.55931C7.93497 9.55931 8.1793 9.6059 8.41249 9.69908C8.64567 9.79227 8.84409 9.93204 9.00773 10.1184L13.4724 7.38425C13.4442 7.28062 13.4231 7.18729 13.409 7.10426C13.3949 7.02125 13.3878 6.92958 13.3878 6.82924C13.3878 6.28756 13.5774 5.82714 13.9564 5.44797C14.3354 5.0688 14.7956 4.87921 15.3371 4.87921C15.8785 4.87921 16.339 5.06872 16.7186 5.44774C17.0981 5.82676 17.2879 6.28699 17.2879 6.82844C17.2879 7.36989 17.0983 7.83039 16.7191 8.20994C16.34 8.58949 15.8795 8.77926 15.3379 8.77926C15.0789 8.77926 14.8338 8.73563 14.6023 8.64836C14.3708 8.56108 14.1733 8.41835 14.0097 8.22017L9.545 10.9543C9.57319 11.058 9.59432 11.1511 9.60841 11.2338C9.6225 11.3165 9.62954 11.4079 9.62954 11.5079C9.62954 11.608 9.6225 11.6998 9.60841 11.7834C9.59432 11.8671 9.57319 11.9607 9.545 12.0644L14.0097 14.7985C14.1733 14.5885 14.3708 14.4428 14.6023 14.3615C14.8338 14.2801 15.0789 14.2394 15.3379 14.2394C15.8795 14.2394 16.34 14.4289 16.7191 14.8079C17.0983 15.187 17.2879 15.6472 17.2879 16.1886C17.2879 16.7301 17.0984 17.1906 16.7194 17.5701C16.3403 17.9497 15.8801 18.1395 15.3387 18.1395ZM15.3379 7.85746C15.6244 7.85746 15.8674 7.75773 16.0669 7.55827C16.2664 7.3588 16.3661 7.11579 16.3661 6.82924C16.3661 6.54269 16.2664 6.29968 16.0669 6.1002C15.8674 5.90074 15.6244 5.80102 15.3379 5.80102C15.0513 5.80102 14.8083 5.90074 14.6088 6.1002C14.4094 6.29968 14.3096 6.54269 14.3096 6.82924C14.3096 7.11579 14.4094 7.3588 14.6088 7.55827C14.8083 7.75773 15.0513 7.85746 15.3379 7.85746ZM7.67952 12.5376C7.96607 12.5376 8.20908 12.4378 8.40855 12.2384C8.60801 12.0389 8.70774 11.7959 8.70774 11.5093C8.70774 11.2228 8.60801 10.9798 8.40855 10.7803C8.20908 10.5808 7.96607 10.4811 7.67952 10.4811C7.39297 10.4811 7.14996 10.5808 6.95048 10.7803C6.75103 10.9798 6.65129 11.2228 6.65129 11.5093C6.65129 11.7959 6.75103 12.0389 6.95048 12.2384C7.14996 12.4378 7.39297 12.5376 7.67952 12.5376ZM15.3379 17.2177C15.6244 17.2177 15.8674 17.1179 16.0669 16.9185C16.2664 16.719 16.3661 16.476 16.3661 16.1894C16.3661 15.9029 16.2664 15.6599 16.0669 15.4604C15.8674 15.261 15.6244 15.1612 15.3379 15.1612C15.0513 15.1612 14.8083 15.261 14.6088 15.4604C14.4094 15.6599 14.3096 15.9029 14.3096 16.1894C14.3096 16.476 14.4094 16.719 14.6088 16.9185C14.8083 17.1179 15.0513 17.2177 15.3379 17.2177Z\" fill=\"currentColor\"\/>\n    <\/g>\n<\/svg>  \n  <span class=\"relative z-5 sr-only\">\n    \n  <\/span>\n\n  <\/button>\n          <div \n            :id=\"$id('tooltip')\" \n            x-show=\"tooltip\"\n            x-text=\"tooltip\"\n            class=\"absolute bg-black text-white rounded-md py-1 px-2 text-sm whitespace-nowrap left-1\/2 -translate-x-1\/2 -top-9\"\n          ><\/div>\n        <\/li>\n      <\/ul>\n    <\/div>\n\n  <\/section>\n\n\t","protected":false},"excerpt":{"rendered":"<p>Jacqueline Novogratz, CEO y fundadora de Acumen cree que es posible que el t\u00e9rmino l\u00edder \u201ccause rechazo hoy en d\u00eda porque se ven muchos l\u00edderes que lo que buscan es fama y poder, que emplean un lenguaje divisivo y que, en vez de hacer aflorar lo mejor que hay en cada uno de nosotros, explotan &hellip; <a href=\"https:\/\/acumen.org\/es\/blog\/en-palabras-de-los-fellows-colombianos-el-primer-ano-del-programa-de-fellows-y-la-importancia-del-liderazgo-colectivo\/\">Continuado<\/a><\/p>\n","protected":false},"author":[],"featured_media":7685,"comment_status":"open","ping_status":"closed","sticky":false,"template":"","format":"standard","meta":{"_acf_changed":false,"content-type":"","_relevanssi_hide_post":"","_relevanssi_hide_content":"","_relevanssi_pin_for_all":"","_relevanssi_pin_keywords":"","_relevanssi_unpin_keywords":"","_relevanssi_related_keywords":"","_relevanssi_related_include_ids":"","_relevanssi_related_exclude_ids":"","_relevanssi_related_no_append":"","_relevanssi_related_not_related":"","_relevanssi_related_posts":"661,611,606,607,575,629","_relevanssi_noindex_reason":"","footnotes":""},"categories":[178],"tags":[],"blog-type":[218],"problem":[],"region":[188],"year":[],"media-format":[213],"class_list":["post-10843","post","type-post","status-publish","format-standard","has-post-thumbnail","hentry","category-sin-categorizar"],"acf":[],"yoast_head":"<!-- This site is optimized with the Yoast SEO Premium plugin v27.4 (Yoast SEO v27.4) - https:\/\/yoast.com\/product\/yoast-seo-premium-wordpress\/ -->\n<title>EN PALABRAS DE LOS FELLOWS: La importancia del liderazgo colectivo - Acumen<\/title>\n<meta name=\"robots\" content=\"index, follow, max-snippet:-1, max-image-preview:large, max-video-preview:-1\" \/>\n<link rel=\"canonical\" href=\"https:\/\/acumen.org\/es\/blog\/en-palabras-de-los-fellows-colombianos-el-primer-ano-del-programa-de-fellows-y-la-importancia-del-liderazgo-colectivo\/\" \/>\n<meta property=\"og:locale\" content=\"es_ES\" \/>\n<meta property=\"og:type\" content=\"article\" \/>\n<meta property=\"og:title\" content=\"EN PALABRAS DE LOS FELLOWS: La importancia del liderazgo colectivo\" \/>\n<meta property=\"og:description\" content=\"Jacqueline Novogratz, CEO y fundadora de Acumen cree que es posible que el t\u00e9rmino l\u00edder \u201ccause rechazo hoy en d\u00eda porque se ven muchos l\u00edderes que lo que buscan es fama y poder, que emplean un lenguaje divisivo y que, en vez de hacer aflorar lo mejor que hay en cada uno de nosotros, explotan &hellip; Continuado\" \/>\n<meta property=\"og:url\" content=\"https:\/\/acumen.org\/es\/blog\/en-palabras-de-los-fellows-colombianos-el-primer-ano-del-programa-de-fellows-y-la-importancia-del-liderazgo-colectivo\/\" \/>\n<meta property=\"og:site_name\" content=\"Acumen\" \/>\n<meta property=\"article:publisher\" content=\"https:\/\/www.facebook.com\/acumenfund\/\" \/>\n<meta property=\"article:published_time\" content=\"2019-11-06T19:44:14+00:00\" \/>\n<meta property=\"article:modified_time\" content=\"2025-05-13T17:25:24+00:00\" \/>\n<meta property=\"og:image\" content=\"https:\/\/acumen.org\/app\/uploads\/2024\/03\/48434278282_6b5fb8c098_k.jpg\" \/>\n\t<meta property=\"og:image:width\" content=\"2048\" \/>\n\t<meta property=\"og:image:height\" content=\"1365\" \/>\n\t<meta property=\"og:image:type\" content=\"image\/jpeg\" \/>\n<meta name=\"author\" content=\"Acumen\" \/>\n<meta name=\"twitter:card\" content=\"summary_large_image\" \/>\n<meta name=\"twitter:creator\" content=\"@Acumen\" \/>\n<meta name=\"twitter:site\" content=\"@Acumen\" \/>\n<meta name=\"twitter:label1\" content=\"Escrito por\" \/>\n\t<meta name=\"twitter:data1\" content=\"Acumen\" \/>\n\t<meta name=\"twitter:label2\" content=\"Tiempo de lectura\" \/>\n\t<meta name=\"twitter:data2\" content=\"6 minutes\" \/>\n<script type=\"application\/ld+json\" class=\"yoast-schema-graph\">{\"@context\":\"https:\\\/\\\/schema.org\",\"@graph\":[{\"@type\":\"Article\",\"@id\":\"https:\\\/\\\/acumen.org\\\/es\\\/blog\\\/en-palabras-de-los-fellows-colombianos-el-primer-ano-del-programa-de-fellows-y-la-importancia-del-liderazgo-colectivo\\\/#article\",\"isPartOf\":{\"@id\":\"https:\\\/\\\/acumen.org\\\/es\\\/blog\\\/en-palabras-de-los-fellows-colombianos-el-primer-ano-del-programa-de-fellows-y-la-importancia-del-liderazgo-colectivo\\\/\"},\"author\":{\"name\":\"Acumen\",\"@id\":\"https:\\\/\\\/acumen.org\\\/es\\\/#\\\/schema\\\/person\\\/cc23269de4eed510141e42eae895c0dc\"},\"headline\":\"EN PALABRAS DE LOS FELLOWS: La importancia del liderazgo colectivo\",\"datePublished\":\"2019-11-06T19:44:14+00:00\",\"dateModified\":\"2025-05-13T17:25:24+00:00\",\"mainEntityOfPage\":{\"@id\":\"https:\\\/\\\/acumen.org\\\/es\\\/blog\\\/en-palabras-de-los-fellows-colombianos-el-primer-ano-del-programa-de-fellows-y-la-importancia-del-liderazgo-colectivo\\\/\"},\"wordCount\":1348,\"commentCount\":0,\"publisher\":{\"@id\":\"https:\\\/\\\/acumen.org\\\/es\\\/#organization\"},\"image\":{\"@id\":\"https:\\\/\\\/acumen.org\\\/es\\\/blog\\\/en-palabras-de-los-fellows-colombianos-el-primer-ano-del-programa-de-fellows-y-la-importancia-del-liderazgo-colectivo\\\/#primaryimage\"},\"thumbnailUrl\":\"https:\\\/\\\/acumen.org\\\/wp-content\\\/uploads\\\/2024\\\/03\\\/48434278282_6b5fb8c098_k.jpg\",\"articleSection\":[\"Sin categorizar\"],\"inLanguage\":\"es-ES\",\"potentialAction\":[{\"@type\":\"CommentAction\",\"name\":\"Comment\",\"target\":[\"https:\\\/\\\/acumen.org\\\/es\\\/blog\\\/en-palabras-de-los-fellows-colombianos-el-primer-ano-del-programa-de-fellows-y-la-importancia-del-liderazgo-colectivo\\\/#respond\"]}]},{\"@type\":\"WebPage\",\"@id\":\"https:\\\/\\\/acumen.org\\\/es\\\/blog\\\/en-palabras-de-los-fellows-colombianos-el-primer-ano-del-programa-de-fellows-y-la-importancia-del-liderazgo-colectivo\\\/\",\"url\":\"https:\\\/\\\/acumen.org\\\/es\\\/blog\\\/en-palabras-de-los-fellows-colombianos-el-primer-ano-del-programa-de-fellows-y-la-importancia-del-liderazgo-colectivo\\\/\",\"name\":\"EN PALABRAS DE LOS FELLOWS: La importancia del liderazgo colectivo - Acumen\",\"isPartOf\":{\"@id\":\"https:\\\/\\\/acumen.org\\\/es\\\/#website\"},\"primaryImageOfPage\":{\"@id\":\"https:\\\/\\\/acumen.org\\\/es\\\/blog\\\/en-palabras-de-los-fellows-colombianos-el-primer-ano-del-programa-de-fellows-y-la-importancia-del-liderazgo-colectivo\\\/#primaryimage\"},\"image\":{\"@id\":\"https:\\\/\\\/acumen.org\\\/es\\\/blog\\\/en-palabras-de-los-fellows-colombianos-el-primer-ano-del-programa-de-fellows-y-la-importancia-del-liderazgo-colectivo\\\/#primaryimage\"},\"thumbnailUrl\":\"https:\\\/\\\/acumen.org\\\/wp-content\\\/uploads\\\/2024\\\/03\\\/48434278282_6b5fb8c098_k.jpg\",\"datePublished\":\"2019-11-06T19:44:14+00:00\",\"dateModified\":\"2025-05-13T17:25:24+00:00\",\"breadcrumb\":{\"@id\":\"https:\\\/\\\/acumen.org\\\/es\\\/blog\\\/en-palabras-de-los-fellows-colombianos-el-primer-ano-del-programa-de-fellows-y-la-importancia-del-liderazgo-colectivo\\\/#breadcrumb\"},\"inLanguage\":\"es-ES\",\"potentialAction\":[{\"@type\":\"ReadAction\",\"target\":[\"https:\\\/\\\/acumen.org\\\/es\\\/blog\\\/en-palabras-de-los-fellows-colombianos-el-primer-ano-del-programa-de-fellows-y-la-importancia-del-liderazgo-colectivo\\\/\"]}]},{\"@type\":\"ImageObject\",\"inLanguage\":\"es-ES\",\"@id\":\"https:\\\/\\\/acumen.org\\\/es\\\/blog\\\/en-palabras-de-los-fellows-colombianos-el-primer-ano-del-programa-de-fellows-y-la-importancia-del-liderazgo-colectivo\\\/#primaryimage\",\"url\":\"https:\\\/\\\/acumen.org\\\/wp-content\\\/uploads\\\/2024\\\/03\\\/48434278282_6b5fb8c098_k.jpg\",\"contentUrl\":\"https:\\\/\\\/acumen.org\\\/wp-content\\\/uploads\\\/2024\\\/03\\\/48434278282_6b5fb8c098_k.jpg\",\"width\":2048,\"height\":1365},{\"@type\":\"BreadcrumbList\",\"@id\":\"https:\\\/\\\/acumen.org\\\/es\\\/blog\\\/en-palabras-de-los-fellows-colombianos-el-primer-ano-del-programa-de-fellows-y-la-importancia-del-liderazgo-colectivo\\\/#breadcrumb\",\"itemListElement\":[{\"@type\":\"ListItem\",\"position\":1,\"name\":\"Home\",\"item\":\"https:\\\/\\\/acumen.org\\\/es\\\/\"},{\"@type\":\"ListItem\",\"position\":2,\"name\":\"EN PALABRAS DE LOS FELLOWS: La importancia del liderazgo colectivo\"}]},{\"@type\":\"WebSite\",\"@id\":\"https:\\\/\\\/acumen.org\\\/es\\\/#website\",\"url\":\"https:\\\/\\\/acumen.org\\\/es\\\/\",\"name\":\"Acumen\",\"description\":\"\",\"publisher\":{\"@id\":\"https:\\\/\\\/acumen.org\\\/es\\\/#organization\"},\"potentialAction\":[{\"@type\":\"SearchAction\",\"target\":{\"@type\":\"EntryPoint\",\"urlTemplate\":\"https:\\\/\\\/acumen.org\\\/es\\\/?s={search_term_string}\"},\"query-input\":{\"@type\":\"PropertyValueSpecification\",\"valueRequired\":true,\"valueName\":\"search_term_string\"}}],\"inLanguage\":\"es-ES\"},{\"@type\":\"Organization\",\"@id\":\"https:\\\/\\\/acumen.org\\\/es\\\/#organization\",\"name\":\"Acumen\",\"url\":\"https:\\\/\\\/acumen.org\\\/es\\\/\",\"logo\":{\"@type\":\"ImageObject\",\"inLanguage\":\"es-ES\",\"@id\":\"https:\\\/\\\/acumen.org\\\/es\\\/#\\\/schema\\\/logo\\\/image\\\/\",\"url\":\"https:\\\/\\\/acumen.org\\\/app\\\/uploads\\\/2021\\\/03\\\/Acumen.png\",\"contentUrl\":\"https:\\\/\\\/acumen.org\\\/app\\\/uploads\\\/2021\\\/03\\\/Acumen.png\",\"width\":3334,\"height\":2480,\"caption\":\"Acumen\"},\"image\":{\"@id\":\"https:\\\/\\\/acumen.org\\\/es\\\/#\\\/schema\\\/logo\\\/image\\\/\"},\"sameAs\":[\"https:\\\/\\\/www.facebook.com\\\/acumenfund\\\/\",\"https:\\\/\\\/x.com\\\/Acumen\",\"https:\\\/\\\/www.instagram.com\\\/acumenorg\\\/\",\"https:\\\/\\\/www.linkedin.com\\\/company\\\/acumen-fund\\\/\",\"https:\\\/\\\/www.youtube.com\\\/channel\\\/UCpuoLfl6gZl2jDa8lAlC8YQ\"],\"description\":\"We invest across the capital continuum to help transformational companies grow from seed to scale. acumen invests patient capital in business models that deliver critical, affordable goods and services to the world's poor, improving the lives of millions. Since 2001, Acumen has invested in businesses that provide access to healthcare, energy, education, water & sanitation, housing, financial services, and agricultural services to low-income customers. Our investments are addressing the problems of poverty in East and West Africa, South Asia, Latin America, and the United States.\",\"telephone\":\"1-212-566-8821\",\"legalName\":\"Acumen Fund, Inc.\",\"taxID\":\"13-4166228\",\"ownershipFundingInfo\":\"https:\\\/\\\/acumen.org\\\/financials\\\/\",\"ethicsPolicy\":\"https:\\\/\\\/acumen.org\\\/anti-corruption-policy\\\/\"},{\"@type\":\"Person\",\"@id\":\"https:\\\/\\\/acumen.org\\\/es\\\/#\\\/schema\\\/person\\\/cc23269de4eed510141e42eae895c0dc\",\"name\":\"Acumen\",\"image\":{\"@type\":\"ImageObject\",\"inLanguage\":\"es-ES\",\"@id\":\"https:\\\/\\\/secure.gravatar.com\\\/avatar\\\/44f8fbe9133793fb949c95942f8d9143ecb31b1d9d2c362c7f6f76de0e43d5ba?s=96&d=mm&r=g\",\"url\":\"https:\\\/\\\/secure.gravatar.com\\\/avatar\\\/44f8fbe9133793fb949c95942f8d9143ecb31b1d9d2c362c7f6f76de0e43d5ba?s=96&d=mm&r=g\",\"contentUrl\":\"https:\\\/\\\/secure.gravatar.com\\\/avatar\\\/44f8fbe9133793fb949c95942f8d9143ecb31b1d9d2c362c7f6f76de0e43d5ba?s=96&d=mm&r=g\",\"caption\":\"Acumen\"}}]}<\/script>\n<!-- \/ Yoast SEO Premium plugin. -->","yoast_head_json":{"title":"EN PALABRAS DE LOS FELLOWS: La importancia del liderazgo colectivo - Acumen","robots":{"index":"index","follow":"follow","max-snippet":"max-snippet:-1","max-image-preview":"max-image-preview:large","max-video-preview":"max-video-preview:-1"},"canonical":"https:\/\/acumen.org\/es\/blog\/en-palabras-de-los-fellows-colombianos-el-primer-ano-del-programa-de-fellows-y-la-importancia-del-liderazgo-colectivo\/","og_locale":"es_ES","og_type":"article","og_title":"EN PALABRAS DE LOS FELLOWS: La importancia del liderazgo colectivo","og_description":"Jacqueline Novogratz, CEO y fundadora de Acumen cree que es posible que el t\u00e9rmino l\u00edder \u201ccause rechazo hoy en d\u00eda porque se ven muchos l\u00edderes que lo que buscan es fama y poder, que emplean un lenguaje divisivo y que, en vez de hacer aflorar lo mejor que hay en cada uno de nosotros, explotan &hellip; Continuado","og_url":"https:\/\/acumen.org\/es\/blog\/en-palabras-de-los-fellows-colombianos-el-primer-ano-del-programa-de-fellows-y-la-importancia-del-liderazgo-colectivo\/","og_site_name":"Acumen","article_publisher":"https:\/\/www.facebook.com\/acumenfund\/","article_published_time":"2019-11-06T19:44:14+00:00","article_modified_time":"2025-05-13T17:25:24+00:00","og_image":[{"width":2048,"height":1365,"url":"https:\/\/acumen.org\/app\/uploads\/2024\/03\/48434278282_6b5fb8c098_k.jpg","type":"image\/jpeg"}],"author":"Acumen","twitter_card":"summary_large_image","twitter_creator":"@Acumen","twitter_site":"@Acumen","twitter_misc":{"Escrito por":"Acumen","Tiempo de lectura":"6 minutes"},"schema":{"@context":"https:\/\/schema.org","@graph":[{"@type":"Article","@id":"https:\/\/acumen.org\/es\/blog\/en-palabras-de-los-fellows-colombianos-el-primer-ano-del-programa-de-fellows-y-la-importancia-del-liderazgo-colectivo\/#article","isPartOf":{"@id":"https:\/\/acumen.org\/es\/blog\/en-palabras-de-los-fellows-colombianos-el-primer-ano-del-programa-de-fellows-y-la-importancia-del-liderazgo-colectivo\/"},"author":{"name":"Acumen","@id":"https:\/\/acumen.org\/es\/#\/schema\/person\/cc23269de4eed510141e42eae895c0dc"},"headline":"EN PALABRAS DE LOS FELLOWS: La importancia del liderazgo colectivo","datePublished":"2019-11-06T19:44:14+00:00","dateModified":"2025-05-13T17:25:24+00:00","mainEntityOfPage":{"@id":"https:\/\/acumen.org\/es\/blog\/en-palabras-de-los-fellows-colombianos-el-primer-ano-del-programa-de-fellows-y-la-importancia-del-liderazgo-colectivo\/"},"wordCount":1348,"commentCount":0,"publisher":{"@id":"https:\/\/acumen.org\/es\/#organization"},"image":{"@id":"https:\/\/acumen.org\/es\/blog\/en-palabras-de-los-fellows-colombianos-el-primer-ano-del-programa-de-fellows-y-la-importancia-del-liderazgo-colectivo\/#primaryimage"},"thumbnailUrl":"https:\/\/acumen.org\/wp-content\/uploads\/2024\/03\/48434278282_6b5fb8c098_k.jpg","articleSection":["Sin categorizar"],"inLanguage":"es-ES","potentialAction":[{"@type":"CommentAction","name":"Comment","target":["https:\/\/acumen.org\/es\/blog\/en-palabras-de-los-fellows-colombianos-el-primer-ano-del-programa-de-fellows-y-la-importancia-del-liderazgo-colectivo\/#respond"]}]},{"@type":"WebPage","@id":"https:\/\/acumen.org\/es\/blog\/en-palabras-de-los-fellows-colombianos-el-primer-ano-del-programa-de-fellows-y-la-importancia-del-liderazgo-colectivo\/","url":"https:\/\/acumen.org\/es\/blog\/en-palabras-de-los-fellows-colombianos-el-primer-ano-del-programa-de-fellows-y-la-importancia-del-liderazgo-colectivo\/","name":"EN PALABRAS DE LOS FELLOWS: La importancia del liderazgo colectivo - Acumen","isPartOf":{"@id":"https:\/\/acumen.org\/es\/#website"},"primaryImageOfPage":{"@id":"https:\/\/acumen.org\/es\/blog\/en-palabras-de-los-fellows-colombianos-el-primer-ano-del-programa-de-fellows-y-la-importancia-del-liderazgo-colectivo\/#primaryimage"},"image":{"@id":"https:\/\/acumen.org\/es\/blog\/en-palabras-de-los-fellows-colombianos-el-primer-ano-del-programa-de-fellows-y-la-importancia-del-liderazgo-colectivo\/#primaryimage"},"thumbnailUrl":"https:\/\/acumen.org\/wp-content\/uploads\/2024\/03\/48434278282_6b5fb8c098_k.jpg","datePublished":"2019-11-06T19:44:14+00:00","dateModified":"2025-05-13T17:25:24+00:00","breadcrumb":{"@id":"https:\/\/acumen.org\/es\/blog\/en-palabras-de-los-fellows-colombianos-el-primer-ano-del-programa-de-fellows-y-la-importancia-del-liderazgo-colectivo\/#breadcrumb"},"inLanguage":"es-ES","potentialAction":[{"@type":"ReadAction","target":["https:\/\/acumen.org\/es\/blog\/en-palabras-de-los-fellows-colombianos-el-primer-ano-del-programa-de-fellows-y-la-importancia-del-liderazgo-colectivo\/"]}]},{"@type":"ImageObject","inLanguage":"es-ES","@id":"https:\/\/acumen.org\/es\/blog\/en-palabras-de-los-fellows-colombianos-el-primer-ano-del-programa-de-fellows-y-la-importancia-del-liderazgo-colectivo\/#primaryimage","url":"https:\/\/acumen.org\/wp-content\/uploads\/2024\/03\/48434278282_6b5fb8c098_k.jpg","contentUrl":"https:\/\/acumen.org\/wp-content\/uploads\/2024\/03\/48434278282_6b5fb8c098_k.jpg","width":2048,"height":1365},{"@type":"BreadcrumbList","@id":"https:\/\/acumen.org\/es\/blog\/en-palabras-de-los-fellows-colombianos-el-primer-ano-del-programa-de-fellows-y-la-importancia-del-liderazgo-colectivo\/#breadcrumb","itemListElement":[{"@type":"ListItem","position":1,"name":"Home","item":"https:\/\/acumen.org\/es\/"},{"@type":"ListItem","position":2,"name":"EN PALABRAS DE LOS FELLOWS: La importancia del liderazgo colectivo"}]},{"@type":"WebSite","@id":"https:\/\/acumen.org\/es\/#website","url":"https:\/\/acumen.org\/es\/","name":"Acumen","description":"","publisher":{"@id":"https:\/\/acumen.org\/es\/#organization"},"potentialAction":[{"@type":"SearchAction","target":{"@type":"EntryPoint","urlTemplate":"https:\/\/acumen.org\/es\/?s={search_term_string}"},"query-input":{"@type":"PropertyValueSpecification","valueRequired":true,"valueName":"search_term_string"}}],"inLanguage":"es-ES"},{"@type":"Organization","@id":"https:\/\/acumen.org\/es\/#organization","name":"Acumen","url":"https:\/\/acumen.org\/es\/","logo":{"@type":"ImageObject","inLanguage":"es-ES","@id":"https:\/\/acumen.org\/es\/#\/schema\/logo\/image\/","url":"https:\/\/acumen.org\/app\/uploads\/2021\/03\/Acumen.png","contentUrl":"https:\/\/acumen.org\/app\/uploads\/2021\/03\/Acumen.png","width":3334,"height":2480,"caption":"Acumen"},"image":{"@id":"https:\/\/acumen.org\/es\/#\/schema\/logo\/image\/"},"sameAs":["https:\/\/www.facebook.com\/acumenfund\/","https:\/\/x.com\/Acumen","https:\/\/www.instagram.com\/acumenorg\/","https:\/\/www.linkedin.com\/company\/acumen-fund\/","https:\/\/www.youtube.com\/channel\/UCpuoLfl6gZl2jDa8lAlC8YQ"],"description":"We invest across the capital continuum to help transformational companies grow from seed to scale. acumen invests patient capital in business models that deliver critical, affordable goods and services to the world's poor, improving the lives of millions. Since 2001, Acumen has invested in businesses that provide access to healthcare, energy, education, water & sanitation, housing, financial services, and agricultural services to low-income customers. Our investments are addressing the problems of poverty in East and West Africa, South Asia, Latin America, and the United States.","telephone":"1-212-566-8821","legalName":"Acumen Fund, Inc.","taxID":"13-4166228","ownershipFundingInfo":"https:\/\/acumen.org\/financials\/","ethicsPolicy":"https:\/\/acumen.org\/anti-corruption-policy\/"},{"@type":"Person","@id":"https:\/\/acumen.org\/es\/#\/schema\/person\/cc23269de4eed510141e42eae895c0dc","name":"Acumen","image":{"@type":"ImageObject","inLanguage":"es-ES","@id":"https:\/\/secure.gravatar.com\/avatar\/44f8fbe9133793fb949c95942f8d9143ecb31b1d9d2c362c7f6f76de0e43d5ba?s=96&d=mm&r=g","url":"https:\/\/secure.gravatar.com\/avatar\/44f8fbe9133793fb949c95942f8d9143ecb31b1d9d2c362c7f6f76de0e43d5ba?s=96&d=mm&r=g","contentUrl":"https:\/\/secure.gravatar.com\/avatar\/44f8fbe9133793fb949c95942f8d9143ecb31b1d9d2c362c7f6f76de0e43d5ba?s=96&d=mm&r=g","caption":"Acumen"}}]}},"_links":{"self":[{"href":"https:\/\/acumen.org\/es\/wp-json\/wp\/v2\/posts\/10843","targetHints":{"allow":["GET"]}}],"collection":[{"href":"https:\/\/acumen.org\/es\/wp-json\/wp\/v2\/posts"}],"about":[{"href":"https:\/\/acumen.org\/es\/wp-json\/wp\/v2\/types\/post"}],"author":[{"embeddable":true,"href":"https:\/\/acumen.org\/es\/wp-json\/wp\/v2\/users\/30"}],"replies":[{"embeddable":true,"href":"https:\/\/acumen.org\/es\/wp-json\/wp\/v2\/comments?post=10843"}],"version-history":[{"count":0,"href":"https:\/\/acumen.org\/es\/wp-json\/wp\/v2\/posts\/10843\/revisions"}],"wp:featuredmedia":[{"embeddable":true,"href":"https:\/\/acumen.org\/es\/wp-json\/wp\/v2\/media\/7685"}],"wp:attachment":[{"href":"https:\/\/acumen.org\/es\/wp-json\/wp\/v2\/media?parent=10843"}],"wp:term":[{"taxonomy":"category","embeddable":true,"href":"https:\/\/acumen.org\/es\/wp-json\/wp\/v2\/categories?post=10843"},{"taxonomy":"post_tag","embeddable":true,"href":"https:\/\/acumen.org\/es\/wp-json\/wp\/v2\/tags?post=10843"},{"taxonomy":"blog-type","embeddable":true,"href":"https:\/\/acumen.org\/es\/wp-json\/wp\/v2\/blog-type?post=10843"},{"taxonomy":"problem-tax","embeddable":true,"href":"https:\/\/acumen.org\/es\/wp-json\/wp\/v2\/problem?post=10843"},{"taxonomy":"region-tax","embeddable":true,"href":"https:\/\/acumen.org\/es\/wp-json\/wp\/v2\/region?post=10843"},{"taxonomy":"acumen-year","embeddable":true,"href":"https:\/\/acumen.org\/es\/wp-json\/wp\/v2\/year?post=10843"},{"taxonomy":"post-author","embeddable":true,"href":"https:\/\/acumen.org\/es\/wp-json\/wp\/v2\/author?post=10843"},{"taxonomy":"media-format","embeddable":true,"href":"https:\/\/acumen.org\/es\/wp-json\/wp\/v2\/media-format?post=10843"}],"curies":[{"name":"wp","href":"https:\/\/api.w.org\/{rel}","templated":true}]}}