{"id":10858,"date":"2019-08-05T02:09:55","date_gmt":"2019-08-05T06:09:55","guid":{"rendered":"https:\/\/acumenbw.wpenginepowered.com\/blog\/generar-cambio-escalable-desde-y-al-interior-de-las-organizaciones-publicas\/"},"modified":"2025-05-13T13:26:26","modified_gmt":"2025-05-13T17:26:26","slug":"generar-cambio-escalable-desde-y-al-interior-de-las-organizaciones-publicas","status":"publish","type":"post","link":"https:\/\/acumen.org\/es\/blog\/generar-cambio-escalable-desde-y-al-interior-de-las-organizaciones-publicas\/","title":{"rendered":"Generar cambio escalable desde y al interior de las organizaciones p\u00fablicas"},"content":{"rendered":"<p><b>Descubre c\u00f3mo el gobierno est\u00e1 trabajando y aprendiendo del sector privado sobre c\u00f3mo abordar\u00a0 retos sist\u00e9micos complejos.<\/b><\/p>\n<p><i><span style=\"font-weight: 400;\">La escuela siempre fue la primera parada del d\u00eda del magistrado del distrito: le gustaba ver por s\u00ed mismo el impacto de su plan de educaci\u00f3n, un programa que proporcionaba educaci\u00f3n gratuita para los ni\u00f1os de las zonas rurales de Tamil Nadu, en India. Ten\u00eda la rutina de visitar la biblioteca, de ense\u00f1arles a los ni\u00f1os c\u00f3mo escribir su nombre con tiza en el tablero y conversaba con los maestros.<\/span><\/i><\/p>\n<p><i><span style=\"font-weight: 400;\">Cada vez que el magistrado estaba en la ciudad, Alex, de seis a\u00f1os, se apuraba para ponerse las sandalias y se abotonaba su camisa m\u00e1s limpia mientras corr\u00eda al sal\u00f3n de clases de su padre. Sin aliento, observaba con asombro c\u00f3mo su padre, quien era maestro, intercambiaba bromas con este hombre poderoso. Mientras el magistrado era escoltado de la casa escolar a los negocios locales, Alex lo segu\u00eda unos metros atr\u00e1s. El magistrado era magn\u00e9tico, y como un ni\u00f1o de una familia de \u201cintocables\u201d, una de las castas m\u00e1s bajas de la India, Alex so\u00f1aba con estar en su lugar, creando programas para capacitar a ni\u00f1os como \u00e9l.<\/span><\/i><\/p>\n<p><span style=\"font-weight: 400;\">Las necesidades de los individuos y las exigencias que se hacen a los gobiernos actualmente se est\u00e1n diversificando, profundizando y acelerando.<\/span><\/p>\n<p><span style=\"font-weight: 400;\">Con el aumento de la tecnolog\u00eda y la r\u00e1pida globalizaci\u00f3n, el gobierno puede verse a veces como un sistema lento e inefectivo. Es tentador convertirlo en el villano, verlo como una burocracia que impide el cambio, y descartar sus procesos favoreciendo la velocidad y la innovaci\u00f3n del sector privado, o el impulso y la pasi\u00f3n de las organizaciones de base. Pero a pesar de todos sus desaf\u00edos, el gobierno es el due\u00f1o de recursos y capacidades cruciales para hacer cambios a una escala que no est\u00e1 disponible en otras partes.<\/span><\/p>\n<p><span style=\"font-weight: 400;\">Alex reconoci\u00f3 a una edad temprana que el gobierno puede crear un impacto positivo a largo plazo en una comunidad. Aunque cada gobierno opera de manera diferente, desde la India a Colombia, Pakist\u00e1n o Estados Unidos, cada entidad gubernamental tiene fondos, funciones y funcionarios comprometidos a servir por el bien p\u00fablico.<\/span><\/p>\n<p><span style=\"font-weight: 400;\">Alex, quien es un Fellow de Acumen en India, se convirti\u00f3 en un magistrado de distrito, y decidi\u00f3 operar como un \u201crebelde dentro del sistema\u201d para poder generar cambio sist\u00e9mico con una escala que un individuo por s\u00ed mismo no podr\u00eda alcanzar. Estando ahora en una posici\u00f3n dentro del gobierno, Alex tiene recursos financieros, y recursos humanos, que pueden impactar la vida p\u00fablica de una manera trascendental y por eso escogi\u00f3 un cargo p\u00fablico como el medio para generar el cambio que a\u00fan sue\u00f1a con ver en India.<\/span><\/p>\n<p><span style=\"font-weight: 400;\">Recientemente, hemos visto surgir un nuevo modelo de colaboraci\u00f3n en el que l\u00edderes del sector p\u00fablico\u00a0 est\u00e1n integrando pr\u00e1cticas y atrayendo diferentes grupos interesados (stakeholders) de otros sectores para mantenerse al d\u00eda con la velocidad y la complejidad del mundo actual.<\/span><\/p>\n<p><span style=\"font-weight: 400;\">En este art\u00edculo, examinamos algunos de los m\u00e9todos que permitieron a estos innovadores aprovechar la escala del gobierno, la velocidad de toma de decisiones de las empresas privadas y el poder de movilizaci\u00f3n de las organizaciones de base para impulsar el cambio.<\/span><\/p>\n<p><span style=\"font-weight: 400;\">Tambi\u00e9n compartiremos ideas de los Fellows de Acumen y personas que han tomado cursos de +Acumen sobre c\u00f3mo establecer estrategias colaborativas para lograr el m\u00e1ximo impacto, ya sea trabajando desde dentro o asoci\u00e1ndose con el gobierno.<\/span><\/p>\n<h4><b>ADOPTANDO UNA MENTALIDAD \u00c1GIL\u00a0<\/b><\/h4>\n<p><span style=\"font-weight: 400;\">La innovaci\u00f3n es disruptiva por naturaleza. Esto se celebra en el mundo de las startups de tecnolog\u00eda; El mantra de Facebook durante los primeros ocho a\u00f1os fue \u201cMu\u00e9vete r\u00e1pido y quebranta las cosas\u201d.<\/span><\/p>\n<p><span style=\"font-weight: 400;\">Sin embargo, cuando se trata de la formulaci\u00f3n de pol\u00edticas p\u00fablicas, ser disruptivos no es algo tradicionalmente aceptado. Dado que las pol\u00edticas y los programas gubernamentales tienen la intenci\u00f3n de servir al bien p\u00fablico de todos los ciudadanos, el gobierno generalmente toma un enfoque de construcci\u00f3n de consenso. Sin embargo, los procesos, los diferentes puntos de control y la cantidad de aprobaciones para coordinar pol\u00edticas de gran alcance pueden impedir el progreso, y esa lentitud, o la desaceleraci\u00f3n del impulso se siente a leguas en el mundo acelerado de hoy.<\/span><\/p>\n<p><span style=\"font-weight: 400;\">Los gigantes del sector con fines de lucro, o el sector privado, experimentaron en el pasado una situaci\u00f3n similar: creaban servicios que no cumpl\u00edan las expectativas, productos que fallaban y que, por el contrario, consum\u00edan recursos valiosos en el proceso. La b\u00fasqueda de una forma m\u00e1s eficiente de crear productos y servicios que la gente realmente necesitara y tuviera el inter\u00e9s de adquirir inspir\u00f3 un nuevo enfoque para construir negocios: la metodolog\u00eda \u201cLean Startup\u201d.<\/span><\/p>\n<p><span style=\"font-weight: 400;\">El concepto de \u201cLean Startup\u201dha tomado por asalto al sector privado, defendido por compa\u00f1\u00edas exitosas y de r\u00e1pida escala que salieron de Silicon Valley en la \u00faltima d\u00e9cada. Los innovadores dentro del gobierno est\u00e1n reconociendo el poder de la mentalidad \u201cLean\u201d, o \u201c\u00e1gil\u201d y los m\u00e9todos para acelerar el aprendizaje y eliminar los recursos desperdiciados.<\/span><\/p>\n<p><strong>\u00bfQu\u00e9 es la metodolog\u00eda \u201cLean Startup\u201d?<\/strong><\/p>\n<p><span style=\"font-weight: 400;\">Seg\u00fan Steve Blank, uno de los pioneros del movimiento, un enfoque Lean o \u00e1gil tiene tres caracter\u00edsticas distintivas:<\/span><\/p>\n<ol>\n<li style=\"font-weight: 400;\"><span style=\"font-weight: 400;\">Favorece la experimentaci\u00f3n sobre una planificaci\u00f3n elaborada.<\/span><\/li>\n<li style=\"font-weight: 400;\"><span style=\"font-weight: 400;\">Prioriza la retroalimentaci\u00f3n de los clientes sobre la intuici\u00f3n.<\/span><\/li>\n<li style=\"font-weight: 400;\"><span style=\"font-weight: 400;\">Enfatiza el dise\u00f1o iterativo en lugar del tradicional plan de negocios que dise\u00f1a por adelantado todos los elementos de un negocio antes de ir a la implementaci\u00f3n.<\/span><\/li>\n<\/ol>\n<p><span style=\"font-weight: 400;\">Eric Ries, otro antecesor de la metodolog\u00eda\u201cLean Startup\u201d, populariz\u00f3 estos conceptos en el ciclo Construye- Mide- Aprende:\u00a0<\/span><\/p>\n<figure id=\"attachment_28733\" class=\"wp-caption aligncenter\" style=\"width: 709px;\" aria-describedby=\"caption-attachment-28733\"><img loading=\"lazy\" decoding=\"async\" class=\"wp-image-28733\" src=\"https:\/\/acumen.org\/app\/uploads\/2024\/03\/imagenblog1.jpg\" alt=\"\" width=\"709\" height=\"600\" \/>\n<figcaption id=\"caption-attachment-28733\" class=\"wp-caption-text\">Figura del curso \u201cLean Startup Principles for the Social Sector\u201d de Plus Acumen.<\/figcaption>\n<\/figure>\n<p><span style=\"font-weight: 400;\">El aprendizaje r\u00e1pido y la iteraci\u00f3n chocan con la formulaci\u00f3n tradicional de pol\u00edticas p\u00fablicas. Los sistemas actuales requieren una previsi\u00f3n financiera intensiva, informes y gesti\u00f3n del programa. La necesidad de supervisi\u00f3n evolucion\u00f3 como un medio para proteger el bien p\u00fablico, pero tambi\u00e9n cre\u00f3 un c\u00edrculo vicioso. En medio de\u00a0 exigencias tan rigurosas, hay poco espacio para realizar pruebas en lotes peque\u00f1os o iterar a medida que se avanza.<\/span><\/p>\n<p><span style=\"font-weight: 400;\">No es f\u00e1cil retar y quebrantar el statu quo.<\/span><\/p>\n<p><span style=\"font-weight: 400;\">Virginia Hamilton, una experimentada experta en el gobierno y quien ha tomado cursos de\u00a0 +Acumen, explica: \u201cEl gobierno no obtiene fondos para llevar a las partes interesadas a la mesa y crear un foro abierto para el debate. Obtiene fondos para la prestaci\u00f3n de servicios\u201d.<\/span><\/p>\n<p><span style=\"font-weight: 400;\">Por el otro lado, Marlies, defensora de enfoques m\u00e1s innovadores en el cuidado de la salud, reconoce que es una conversaci\u00f3n delicada: \u201cLa gente le tiene miedo a \u201cfallar r\u00e1pido \u201c, por eso continuamente debemos aclarar que al tomar enfoques innovadores no le estamos fallando a los pacientes. La falla ocurre en las pruebas, en el dise\u00f1o, en el proceso, de modo que la soluci\u00f3n final para el paciente sea \u00f3ptima \u201c.<\/span><\/p>\n<p><span style=\"font-weight: 400;\">Todos los innovadores con los que hablamos coincidieron en que deben comenzar por encontrar a otros que piensen creativamente y tengan una mentalidad similar a la suya. Esto no significa que las personas est\u00e9n atadas a la misma soluci\u00f3n o resultado, sino en realidad todo lo contrario: se quiere que las personas no est\u00e9n vinculadas ni apegadas a ninguna soluci\u00f3n espec\u00edfica. La mentalidad que buscamos tiene que ver con el deseo de abordar el problema de manera diferente, el deseo de ver el cambio y mantener las cosas en movimiento, y la voluntad de correr riesgos.<\/span><\/p>\n<p><span style=\"font-weight: 400;\">Una vez que haya encontrado gente creativa y con mentalidad innovadora, debe abogar por un enfoque \u00e1gil para su proyecto. Marlies se\u00f1al\u00f3 que es igualmente importante encontrar un gerente o una autoridad con influencia que pueda generar apoyo \u201cNecesitamos proteger el trabajo para que pueda evolucionar y ser introducido acorde a esto\u201d. Alex, Fellow de Acumen en India de quien hemos venido hablando, tambi\u00e9n confirm\u00f3 esta misma perspectiva, se\u00f1alando que, como uno de los funcionarios m\u00e1s senior de su distrito, intenta desempe\u00f1ar este papel con los miembros m\u00e1s j\u00f3venes, apasionados y optimistas de su equipo.\u00a0<\/span><\/p>\n<h4><b>ACERC\u00c1RSE AL CLIENTE<\/b><b>\u00a0<\/b><\/h4>\n<p><span style=\"font-weight: 400;\">Entonces, \u00bfc\u00f3mo se ve un enfoque \u201c\u00e1gil\u201d en el sector p\u00fablico?<\/span><\/p>\n<p><span style=\"font-weight: 400;\">Un principio b\u00e1sico de la metodolog\u00eda Lean Startup es priorizar los comentarios de los clientes y beneficiarios. Y aunque parece intuitivo que las pol\u00edticas p\u00fablicas y los servicios gubernamentales deben comenzar con las necesidades de los ciudadanos, las personas pueden perderse f\u00e1cilmente en medio del papeleo y la burocracia.<\/span><\/p>\n<p><span style=\"font-weight: 400;\">En los \u00faltimos a\u00f1os, hemos visto a los innovadores gubernamentales y los dise\u00f1adores de pol\u00edticas p\u00fablicas que se concentran en el impacto, desafiar los reportes y el modelo tradicional basado en consultar expertos. Por el contrario, estos agentes de cambio dentro del gobierno abogan por un proceso que involucre a la comunidad en cada paso del camino.<\/span><\/p>\n<p><strong>\u00bfQu\u00e9 es el dise\u00f1o centrado en el ser humano?<\/strong><\/p>\n<p><span style=\"font-weight: 400;\">El dise\u00f1o centrado en el ser humano es un enfoque creativo para la resoluci\u00f3n de problemas iniciada por nuestros aliados en IDEO. Es un proceso que comienza con las personas que dise\u00f1an y termina con nuevas soluciones que est\u00e1n hechas a la medida para satisfacer sus necesidades. Esta creativa metodolog\u00eda para resolver problemas tiene como principio que cuando se entiende a las personas que se quiere servir y se dise\u00f1a desde su perspectiva, se termina con ideas que ellos van a tomar y aprovechar, y soluciones a la medida y, por lo general, inesperadas. Es un proceso que consiste en tres fases: inspiraci\u00f3n, ideaci\u00f3n y experimentaci\u00f3n [En caso de estar interesado en esta metodolog\u00eda, nuestro curso en ingl\u00e9s <\/span><a href=\"https:\/\/www.plusacumen.org\/courses\/introduction-human-centered-design\"><span style=\"font-weight: 400;\">Introduction to Human centered Design <\/span><\/a><span style=\"font-weight: 400;\">puede ser interesante]<\/span><\/p>\n<p><img loading=\"lazy\" decoding=\"async\" class=\"wp-image-28734 aligncenter\" src=\"https:\/\/acumen.org\/app\/uploads\/2024\/03\/Government-hero.jpg\" alt=\"\" width=\"868\" height=\"434\" \/><\/p>\n<p><span style=\"font-weight: 400;\">Con casi dos d\u00e9cadas de servicio gubernamental en su curr\u00edculum, Virginia Hamilton sabe c\u00f3mo navegar el sistema p\u00fablico. Como administradora regional en el Departamento de Trabajo de Estados Unidos, aprendi\u00f3 sobre el dise\u00f1o centrado en el ser humano e inmediatamente vio el potencial para ponerlo en pr\u00e1ctica en el contexto de la formulaci\u00f3n de pol\u00edticas.<\/span><\/p>\n<p><span style=\"font-weight: 400;\">\u201cMi compromiso era hacer que el gobierno funcionara mejor para las personas que lo necesitan. Me he apasionado por entender e implementar estrategias para la innovaci\u00f3n y la mejora en el gobierno\u201d.<\/span><\/p>\n<p><span style=\"font-weight: 400;\">Para que el redise\u00f1o de un servicio gubernamental sea efectivo, debe ser considerado de principio a fin; desde c\u00f3mo se env\u00eda hasta c\u00f3mo se entrega. Esto comienza con la construcci\u00f3n de una comprensi\u00f3n profunda de la gente que ser\u00e1 atendida, no solo lo que necesitan y desean, sino tambi\u00e9n las limitaciones que enfrentan, lo que los motiva y lo que es importante para ellos.<\/span><\/p>\n<p><span style=\"font-weight: 400;\">Como Virginia Hamilton y otros innovadores han se\u00f1alado, uno de los beneficios de impulsar el cambio dentro del gobierno es que generalmente hay un pu\u00f1ado de intentos de intervenci\u00f3n o servicios existentes que abordan problemas espec\u00edficos. El beneficio es que el dise\u00f1o del servicio gubernamental casi nunca tiene que empezar desde cero; hay datos suficientes para revisar en busca de pistas, pero lo que es m\u00e1s importante, hay usuarios existentes con los que se puede hablar.\u00a0<\/span><\/p>\n<p><span style=\"font-weight: 400;\">Este enfoque centrado en el ser humano no solo da como resultado pol\u00edticas y programas m\u00e1s impactantes, sino que tambi\u00e9n conecta a los innovadores gubernamentales m\u00e1s estrechamente con su trabajo.<\/span><\/p>\n<h4><b>HACIENDO PROTOTIPOS DE NUEVAS IDEAS AL INTERIOR DEL GOBIERNO<\/b><\/h4>\n<p><span style=\"font-weight: 400;\">Construir un di\u00e1logo m\u00e1s fuerte con los clientes es solo el primer paso; lo que realmente hace la diferencia es c\u00f3mo se utilizan las conversaciones y los aprendizajes.<\/span><\/p>\n<p><span style=\"font-weight: 400;\">Marlies explica: \u201cEl objetivo final, obviamente, es cambiar completamente la forma en que trabaja la gente, pero mientras tanto, debemos asegurarnos de que los equipos m\u00e1s peque\u00f1os que emplean nuevas ideas no sean descartados\u201d.<\/span><\/p>\n<p><span style=\"font-weight: 400;\">\u00bfCu\u00e1l es la mejor manera de hacer esto? Crear resultados. Marlies deja claro que ning\u00fan funcionario gubernamental o actores del sistema le va a dar la espalda a los resultados.<\/span><\/p>\n<p><span style=\"font-weight: 400;\">Marlies comparti\u00f3 este ejemplo de un dise\u00f1o exitoso que permiti\u00f3 a un equipo crear prototipos de nuevas soluciones r\u00e1pidamente y cre\u00f3 una mayor aceptaci\u00f3n para un enfoque \u00e1gil.<\/span><\/p>\n<hr \/>\n<p><em><strong>\u00bfC\u00f3mo podr\u00edamos brindar apoyo a los adultos mayores que ingresan a la sala de emergencias, pero en realidad no necesitan ser admitidos?<\/strong><\/em><\/p>\n<p><span style=\"font-weight: 400;\">Marlies y su equipo comenzaron este proceso bas\u00e1ndose en la empat\u00eda, una tarea que se hizo mucho m\u00e1s f\u00e1cil al traer pacientes a la sala. Al hacer esto, el estado de \u00e1nimo cambi\u00f3 instant\u00e1neamente y se volvi\u00f3 a priorizar la conversaci\u00f3n alrededor del usuario. Despu\u00e9s de hablar con un grupo de personas mayores para escuchar sus necesidades y sus preocupaciones, el equipo escuch\u00f3 las charlas de los expertos sobre diversos temas, como el protocolo de la sala de emergencias, la capacidad cognitiva de los ancianos y los servicios sociales disponibles para las personas mayores.<\/span><\/p>\n<p><span style=\"font-weight: 400;\">A lo largo de esta fase de tratar de entender el problema, su equipo traz\u00f3 puntos de dolor de los usuarios para entender d\u00f3nde estaban fallando los servicios existentes para las personas mayores. Despu\u00e9s de un descanso para almorzar, el equipo volvi\u00f3 a reunirse para sintetizar sus aprendizajes y ponerlos en contexto con los datos existentes. Despu\u00e9s de todo, \u00a1la cuesti\u00f3n de apoyar a quienes son m\u00e1s fr\u00e1giles y a los adultos mayores ha existido durante cientos de a\u00f1os! A partir de ah\u00ed, el equipo decidi\u00f3 establecer \u00e1reas prioritarias para enfocar sus soluciones.<\/span><\/p>\n<p><span style=\"font-weight: 400;\">Al d\u00eda siguiente, el equipo comenz\u00f3 a construir prototipos, o modelos de c\u00f3mo deber\u00eda verse y sentirse su servicio. Esto form\u00f3 la base para obtener retroalimentaci\u00f3n r\u00e1pida para mejorar, o incluso abandonar, cada idea.\u00a0<\/span><\/p>\n<p><span style=\"font-weight: 400;\">Cuando se crea un prototipo de una idea, se aprende desde el principio del proceso en lugar de pasar a\u00f1os redactando propuestas y negociando pol\u00edticas. Marlies se\u00f1ala que los innovadores gubernamentales que participan en los \u201csprints de dise\u00f1o\u201d, o en \u201cdise\u00f1os r\u00e1pidos\u201d generalmente disfrutan de los prototipos porque est\u00e1n \u201cintentando algo y haciendo algo, la sensaci\u00f3n de movimiento y acci\u00f3n es atractiva\u201d.<\/span><\/p>\n<p><span style=\"font-weight: 400;\">Finalmente, el equipo pas\u00f3 la segunda mitad del segundo d\u00eda obteniendo comentarios de los usuarios al reunirse con adultos mayores voluntarios en un restaurante cercano para tomar un caf\u00e9. Con esta informaci\u00f3n, el equipo pas\u00f3 una semana refinando tres prototipos y planificando pasos para la acci\u00f3n. El prototipo m\u00e1s prometedor resultante del \u201csprint\u201d fue un equipo de respuesta de atenci\u00f3n domiciliaria las 24 horas. Este equipo de respuesta de 24 horas atender\u00e1 las llamadas del departamento de emergencias y garantizar\u00e1 que las personas mayores reciban el apoyo adecuado en la comunidad en lugar del hospital, donde es m\u00e1s probable que experimenten un deterioro.<\/span><\/p>\n<hr \/>\n<p><span style=\"font-weight: 400;\">Curiosamente, Marlies se\u00f1ala que el pensamiento de dise\u00f1o como una herramienta para la creaci\u00f3n de pol\u00edticas funciona mejor en temas donde hay polarizaci\u00f3n. Puede ser imposible avanzar en temas de divisi\u00f3n usando los enfoques tradicionales porque el consenso es esencialmente imposible. Marlies ha descubierto que un enfoque \u201c\u00e1gil\u201d en realidad es bastante atractivo para los empleados del gobierno porque \u201ces inclusivo sin requerir un consenso. Seguimos movi\u00e9ndonos y tomamos decisiones\u201d.<\/span><\/p>\n<h4><b>LIDERAZGO COLABORATIVO<\/b><\/h4>\n<p><span style=\"font-weight: 400;\">Hemos visto c\u00f3mo los innovadores gubernamentales est\u00e1n:<\/span><\/p>\n<ol>\n<li style=\"font-weight: 400;\"><span style=\"font-weight: 400;\">Uniendo diferentes perspectivas internas en torno a los sprints \u00e1giles de dise\u00f1o<\/span><\/li>\n<li style=\"font-weight: 400;\"><span style=\"font-weight: 400;\">Acerc\u00e1ndose al usuario o al beneficiario\u00a0<\/span><\/li>\n<li style=\"font-weight: 400;\"><span style=\"font-weight: 400;\">Co-dise\u00f1ando servicios con la comunidad.<\/span><\/li>\n<\/ol>\n<p><span style=\"font-weight: 400;\">La colaboraci\u00f3n est\u00e1 ocurriendo en una escala a\u00fan mayor. Los gobiernos est\u00e1n buscando asociaciones con l\u00edderes y organizaciones en diferentes sectores. Esto se debe a un reconocimiento de la complejidad de los problemas actuales y al deseo de adoptar un enfoque sist\u00e9mico para la resoluci\u00f3n de problemas.<\/span><\/p>\n<p><span style=\"font-weight: 400;\">Andr\u00e9s Ucr\u00f3s Maldonado, Fellow de Acumen en Colombia, tiene m\u00e1s de una d\u00e9cada de experiencia tanto en el sector privado como en el p\u00fablico. Ha trabajado como investigador y asesor en el proceso de paz en Colombia y actualmente es Director de Construcci\u00f3n de Paz de la C\u00e1mara de Comercio de Bogot\u00e1. En su rol actual, se dedica a conectar y alinear al gobierno y al sector privado para crear condiciones para el desarrollo sostenible.<\/span><\/p>\n<figure id=\"attachment_28735\" class=\"wp-caption alignnone\" style=\"width: 892px;\" aria-describedby=\"caption-attachment-28735\"><img loading=\"lazy\" decoding=\"async\" class=\"wp-image-28735\" src=\"https:\/\/acumen.org\/app\/uploads\/2024\/03\/Andres-Ucros-Maldonado.jpg\" alt=\"\" width=\"892\" height=\"260\" \/>\n<figcaption id=\"caption-attachment-28735\" class=\"wp-caption-text\">Andr\u00e9s Ucr\u00f3s (cuarto a la derecha) reunido con diferentes stakeholders.<\/figcaption>\n<\/figure>\n<p><span style=\"font-weight: 400;\">Al tener una experiencia profunda en ambos lados de la mesa, Andr\u00e9s cree que tener diversas perspectivas presentes en el proceso de toma de decisiones se traduce en una pol\u00edtica p\u00fablica responsable, sostenible y, sobre todo, efectiva. Cuanto mejores sean los insumos y m\u00e1s inclusivo sea el proceso, mejores ser\u00e1n los productos y su implementaci\u00f3n.<\/span><\/p>\n<p><span style=\"font-weight: 400;\">Sin embargo, la coordinaci\u00f3n de un enfoque de m\u00faltiples partes interesadas no es una tarea f\u00e1cil. Piense en lo dif\u00edcil que puede ser acordar los planes de la cena con un grupo de amigos, \u00bfA qui\u00e9n invitar? \u00bfQu\u00e9 hay en el men\u00fa? \u00bfCu\u00e1nto dinero desea gastar? \u00bfA qu\u00e9 hora deben comer?<\/span><\/p>\n<p><span style=\"font-weight: 400;\">Para Andr\u00e9s, comienza con tener a bordo a las personas adecuadas. \u201cIdentificamos actores clave en el ecosistema que queremos intervenir, de modo que incluso si una determinada persona ya no est\u00e1 en la oficina p\u00fablica al momento de implementar, el proyecto es a\u00fan sostenible\u201d.<\/span><\/p>\n<p><span style=\"font-weight: 400;\">A partir de ah\u00ed, se trata de mostrar claramente c\u00f3mo se alinean los diferentes valores y tiempos para crear las condiciones que permite la evoluci\u00f3n de los mercados y que el esp\u00edritu social empresarial prospere. Esto requiere la capacidad de pensar sist\u00e9micamente, comunicarse de manera efectiva y liderar de manera adaptativa.<\/span><\/p>\n<p><span style=\"font-weight: 400;\">Andr\u00e9s explica que gran parte de su papel como puente entre el sector p\u00fablico y el privado implica brindar una perspectiva clara en medio de la acci\u00f3n y la incertidumbre, dando sentido a signos y datos complejos, a menudo conflictivos. \u00c9l disfruta el desaf\u00edo intelectual de analizar lo que es m\u00e1s importante, comprender lo que est\u00e1 en juego e identificar qui\u00e9n apoyar\u00e1 o se resistir\u00e1 al cambio.\u00a0<\/span><\/p>\n<p><span style=\"font-weight: 400;\">La buena noticia es que todos pueden aprender a pensar de manera sist\u00e9mica y guiar a las personas a trav\u00e9s del cambio adaptativo. Eric Martin, uno de nuestros aliados de Adaptive Change Advisors utiliza una pr\u00e1ctica simple y cotidiana llamada \u201csubir al balc\u00f3n\u201d: es una idea antigua, de lograr reflexi\u00f3n en medio de la acci\u00f3n. Es algo que hacen los deportistas de alto rendimiento y los militares y consiste en lograr distanciarse de las acciones y decisiones del d\u00eda a d\u00eda (&lt;&lt;la pista de baile&gt;&gt;), verse en acci\u00f3n, como desde afuera, y ser estrat\u00e9gico de c\u00f3mo nos mostramos y c\u00f3mo hacemos las cosas con intencionalidad.<\/span><\/p>\n<p><span style=\"font-weight: 400;\">Cuando se trata del gobierno, probar algo nuevo tiene consecuencias impredecibles que pueden llevar a una sensaci\u00f3n de p\u00e9rdida para algunos actores del sistema. Para Andr\u00e9s y otros innovadores del sector p\u00fablico, esto significa reconocer que lo que podr\u00eda parecer disfuncional para una persona podr\u00eda funcionar bien para otros en el sistema. Para esto es \u00fatil desviar la atenci\u00f3n de la intenci\u00f3n de\u00a0 convencerlos de que una causa espec\u00edfica es la correcta, y optar mejor por movilizarlos incluso a partir de los riesgos tangentes.\u00a0<\/span><\/p>\n<p><span style=\"font-weight: 400;\">En la medida en que su enfoque se vuelca menos sobre el \u201cproblema\u201d y m\u00e1s sobre la relaci\u00f3n de otras personas con el problema, surgen nuevas estrategias, a menudo pasadas por alto, sobre c\u00f3mo involucrar a las partes interesadas. Las nuevas estrategias requieren algo m\u00e1s que una clara propuesta de valor y un prop\u00f3sito compartido. Implican avanzar en medio de estas motivaciones competitivas y, a veces, irreconciliables.<\/span><\/p>\n<p><span style=\"font-weight: 400;\">Recientemente, Andr\u00e9s ha estado trabajando para llevar al sector privado a involucrarse con el proceso de construcci\u00f3n de paz. Hace cuatro a\u00f1os, Colombia firm\u00f3 un acuerdo de paz entre la guerrilla de las FARC y el gobierno, y el \u00e9xito de este depende de que todos los actores de la sociedad colombiana participen en el proceso de manera productiva, incluso el sector privado. Andr\u00e9s ha ayudado a facilitar las estrategias de inversi\u00f3n en las regiones afectadas con el fin de garantizar que los l\u00edderes a nivel local y nacional trabajen por la paz.<\/span><\/p>\n<p><img loading=\"lazy\" decoding=\"async\" class=\"wp-image-28736 aligncenter\" src=\"https:\/\/acumen.org\/app\/uploads\/2024\/03\/IMG_3410-scaled.jpg\" alt=\"\" width=\"865\" height=\"577\" \/><\/p>\n<p><span style=\"font-weight: 400;\">Una de las iniciativas exitosas de Andr\u00e9s fue la Cumbre Mundial de los Premios Nobel de la Paz 2017 en Bogot\u00e1. El evento se realiz\u00f3 despu\u00e9s del plebiscito (un proceso que depend\u00eda del voto directo del electorado, y en la cual el pa\u00eds vot\u00f3 por rechazar el acuerdo). Claramente, los tiempos eran tensos y el gobierno necesitaba apoyo. Andr\u00e9s y su equipo trajeron a Colombia a 28 ganadores del Premio Nobel de la Paz a durante una semana de charlas, debates y presentaciones sobre la importancia de la construcci\u00f3n de la paz y el desarrollo nacional.<\/span><\/p>\n<p><span style=\"font-weight: 400;\">Para Andr\u00e9s y su equipo, la parte m\u00e1s importante de esta iniciativa no fue el evento en s\u00ed, sino el concepto detr\u00e1s del evento: reunir a actores y partes interesadas \u200b\u200bde todos los sectores y regiones del pa\u00eds para aprender juntos.<\/span><\/p>\n<hr \/>\n<p><i><span style=\"font-weight: 400;\">Alex se sec\u00f3 las palmas sudorosas a los lados de los pantalones y se quit\u00f3 el pelo de la frente. Estaba a punto de comenzar la tercera y \u00faltima etapa de los ex\u00e1menes para convertirse en parte de los Servicios Administrativos de la India (IAS), el servicio civil de la India. Los meses que pas\u00f3 estudiando minuciosamente los libros de texto lo ayudaron en las dos primeras etapas del proceso altamente competitivo, pero esta etapa final era diferente: se trataba de una prueba de personalidad.<\/span><\/i><\/p>\n<p><i><span style=\"font-weight: 400;\">No estaba seguro de c\u00f3mo su estatus social afectar\u00eda esa primera impresi\u00f3n del entrevistador, pero estaba seguro de que ten\u00eda la pasi\u00f3n por la justicia y el compromiso con su comunidad para ser un excelente magistrado de distrito.<\/span><\/i><\/p>\n<p><i><span style=\"font-weight: 400;\">El entrevistador reconoci\u00f3 estos rasgos. Alex es ahora el Director General en Chhattisgarh, donde ha sido una fuerza que ha impulsado los planes que han sacado a las comunidades rurales y tribales de la pobreza.<\/span><\/i><\/p>\n<p><span style=\"font-weight: 400;\">Las historias de estos innovadores y su deseo de abordar la resoluci\u00f3n de problemas a escala de una manera nueva y colaborativa, nos brindan confianza y un optimismo renovado, demostr\u00e1ndonos que cuando las instituciones no gubernamentales se asocian con agencias p\u00fablicas, juntas, pueden lograr lo que ha resultado dif\u00edcil para el gobierno hacer solo.<\/span><\/p>\n<p>\u00bfY t\u00fa, te identificas con ellos? \u00bfConsideras que eres un puente entre entidades y buscas transformar comunidades? Conoce m\u00e1s en: www.acumen.org\/latinoamerica<\/p>\n<p>______<\/p>\n<p>Acerca de Acumen:<\/p>\n<p>Acumen es una organizaci\u00f3n pionera que busca abordar de una manera disruptiva los retos de la pobreza y la desigualdad a trav\u00e9s de dos grandes apuestas: Por un lado, la gesti\u00f3n de fondos de inversi\u00f3n de impacto dedicados a apoyar el crecimiento de modelos de negocio innovadores que tengan simult\u00e1neamente un alto potencial de mercado e impacto social. Por el otro, le apostamos a crear una masa cr\u00edtica de agentes de cambio social con las habilidades, los valores y el poder de cambiar la narrativa de la regi\u00f3n. Con estas dos l\u00edneas de acci\u00f3n buscamos catalizar la transformaci\u00f3n de nuestra sociedad.<\/p>\n<p>El Programa de Fellows hace parte de la segunda apuesta.<\/p>\n\n<section class=\"wp-block-share-buttons text-container border-black border-t mt-15 mb-7.5 py-7.5\">\n    <div class=\"py-2.5 flex gap-10 items-center\" animate>\n      <h2 class=\"h4 m-0\">\n        Share\n      <\/h2>\n      <ul class=\"flex gap-2 items-center\" x-data=\"shareButtons('Enlace copiado', 'Lo sentimos, no pudimos copiar el enlace')\">\n\n        \n          <li>\n            <a class=\"h-7 w-7 link-no-underline rounded-full hover:bg-black hover:text-white active:bg-black active:text-white flex items-center justify-center shrink-0\" href=\"https:\/\/www.facebook.com\/sharer.php?t=Generar%20cambio%20escalable%20desde%20y%20al%20interior%20de%20las%20organizaciones%20p%C3%BAblicas&amp;u=https:\/\/acumen.org\/es\/blog\/generar-cambio-escalable-desde-y-al-interior-de-las-organizaciones-publicas\/\" target=\"_blank\" @click.prevent=\"open($el)\" title=\"Compartir en Facebook\">\n\n      <svg aria-hidden=\"true\" class=\"fill-current w-auto w-3.5 h-auto flex-shrink-0 relative z-5\" width=\"23\" height=\"22\" viewBox=\"0 0 23 22\" fill=\"none\" xmlns=\"http:\/\/www.w3.org\/2000\/svg\">\n<g>\n<path d=\"M12.8719 7.15463V9.12843H15.5091L15.0915 11.7872H12.8719V17.913C12.4269 17.9702 11.9716 18 11.5094 18C10.976 18 10.4521 17.9606 9.94193 17.8845V11.7872H7.50977V9.12843H9.94193V6.71341C9.94193 5.21513 11.2537 4 12.8726 4V4.00127C12.8774 4.00127 12.8815 4 12.8863 4H15.5098V6.29948H13.7955C13.2861 6.29948 12.8726 6.6823 12.8726 7.154L12.8719 7.15463Z\" fill=\"currentColor\"\/>\n<\/g>\n<\/svg>  \n  <span class=\"relative z-5 sr-only\">\n    Compartir en Facebook\n  <\/span>\n\n  <\/a>\n          <\/li>\n\n        \n          <li>\n            <a class=\"h-7 w-7 link-no-underline rounded-full hover:bg-black hover:text-white active:bg-black active:text-white flex items-center justify-center shrink-0\" href=\"https:\/\/twitter.com\/intent\/tweet?text=Generar%20cambio%20escalable%20desde%20y%20al%20interior%20de%20las%20organizaciones%20p%C3%BAblicas&amp;url=https:\/\/acumen.org\/es\/blog\/generar-cambio-escalable-desde-y-al-interior-de-las-organizaciones-publicas\/\" target=\"_blank\" @click.prevent=\"open($el)\" title=\"Compartir en X\/Twitter\">\n\n      <svg aria-hidden=\"true\" class=\"fill-current w-auto w-3.5 h-auto flex-shrink-0 relative z-5\" width=\"23\" height=\"22\" viewBox=\"0 0 23 22\" fill=\"none\" xmlns=\"http:\/\/www.w3.org\/2000\/svg\">\n<g>\n<path id=\"path1009\" d=\"M4.96324 4.85205L10.0349 11.6348L4.93164 17.1496H6.08052L10.5489 12.3216L14.1589 17.1496H18.0678L12.711 9.98536L17.4614 4.85205H16.3125L12.1978 9.29861L8.87295 4.85205H4.96324ZM6.65225 5.69835H8.44761L16.3772 16.3033H14.5819L6.65225 5.69835Z\" fill=\"currentColor\"\/>\n<\/g>\n<\/svg>  \n  <span class=\"relative z-5 sr-only\">\n    Compartir en X\/Twitter\n  <\/span>\n\n  <\/a>\n          <\/li>\n\n        \n          <li>\n            <a class=\"h-7 w-7 link-no-underline rounded-full hover:bg-black hover:text-white active:bg-black active:text-white flex items-center justify-center shrink-0\" href=\"https:\/\/www.linkedin.com\/shareArticle?title=Generar%20cambio%20escalable%20desde%20y%20al%20interior%20de%20las%20organizaciones%20p%C3%BAblicas&amp;url=https:\/\/acumen.org\/es\/blog\/generar-cambio-escalable-desde-y-al-interior-de-las-organizaciones-publicas\/\" target=\"_blank\" @click.prevent=\"open($el)\" title=\"Compartir en LinkedIn\">\n\n      <svg aria-hidden=\"true\" class=\"fill-current w-auto w-3.5 h-auto flex-shrink-0 relative z-5\" width=\"23\" height=\"22\" viewBox=\"0 0 23 22\" fill=\"none\" xmlns=\"http:\/\/www.w3.org\/2000\/svg\">\n<g>\n<path id=\"Vector_2\" d=\"M5.73849 7.31219C5.44877 7.04319 5.30469 6.71022 5.30469 6.31405C5.30469 5.91787 5.44954 5.57026 5.73849 5.30049C6.02822 5.03149 6.40116 4.89661 6.85809 4.89661C7.31502 4.89661 7.67333 5.03149 7.96228 5.30049C8.252 5.56949 8.39608 5.90785 8.39608 6.31405C8.39608 6.72024 8.25123 7.04319 7.96228 7.31219C7.67255 7.58118 7.305 7.71607 6.85809 7.71607C6.41118 7.71607 6.02822 7.58118 5.73849 7.31219ZM8.1526 8.85526V17.1025H5.5474V8.85526H8.1526Z\" fill=\"currentColor\"\/>\n<path id=\"Vector_3\" d=\"M16.8257 9.67004C17.3936 10.2867 17.6772 11.133 17.6772 12.2105V16.9569H15.203V12.545C15.203 12.0016 15.062 11.5792 14.7807 11.2786C14.4995 10.978 14.1204 10.827 13.6457 10.827C13.1711 10.827 12.7919 10.9773 12.5107 11.2786C12.2294 11.5792 12.0884 12.0016 12.0884 12.545V16.9569H9.59961V8.83221H12.0884V9.90974C12.3404 9.55057 12.6802 9.26693 13.1071 9.05805C13.534 8.84918 14.014 8.74512 14.548 8.74512C15.4989 8.74512 16.2586 9.05342 16.8257 9.66927V9.67004Z\" fill=\"currentColor\"\/>\n<\/g>\n<\/svg>  \n  <span class=\"relative z-5 sr-only\">\n    Compartir en LinkedIn\n  <\/span>\n\n  <\/a>\n          <\/li>\n\n        \n          <li>\n            <a class=\"h-7 w-7 link-no-underline rounded-full hover:bg-black hover:text-white active:bg-black active:text-white flex items-center justify-center shrink-0\" href=\"https:\/\/pinterest.com\/pin\/create\/button\/?description=Generar%20cambio%20escalable%20desde%20y%20al%20interior%20de%20las%20organizaciones%20p%C3%BAblicas&amp;url=https:\/\/acumen.org\/es\/blog\/generar-cambio-escalable-desde-y-al-interior-de-las-organizaciones-publicas\/\" target=\"_blank\" @click.prevent=\"open($el)\" title=\"Compartir en Pinterest\">\n\n      <svg aria-hidden=\"true\" class=\"fill-current w-auto w-3.5 h-auto flex-shrink-0 relative z-5\" xmlns=\"http:\/\/www.w3.org\/2000\/svg\" width=\"23\" height=\"23\" viewBox=\"0 0 23 23\" fill=\"none\">\n  <path fill-rule=\"evenodd\" clip-rule=\"evenodd\" d=\"M11.0838 13.9802C11.072 14.0175 11.061 14.0491 11.052 14.0807C10.5302 15.9513 10.4722 16.3668 9.93589 17.2357C9.68019 17.6487 9.39201 18.0401 9.07342 18.4145C9.03748 18.4569 9.00361 18.5112 8.93174 18.498C8.85296 18.4828 8.84674 18.4183 8.83845 18.3601C8.75275 17.7916 8.70507 17.2218 8.7258 16.6476C8.75275 15.9001 8.85365 15.6434 9.90686 11.591C9.92207 11.529 9.90479 11.4778 9.88267 11.4222C9.63043 10.7999 9.58067 10.1682 9.80112 9.52818C10.278 8.14578 11.9905 8.04017 12.2897 9.18036C12.4742 9.88548 11.9863 10.8088 11.6118 12.1735C11.3015 13.2991 12.75 14.0997 13.9877 13.2776C15.1294 12.52 15.5724 10.7038 15.488 9.41624C15.3222 6.84938 12.2462 6.29478 10.2953 7.12131C8.05822 8.06799 7.54958 10.6051 8.55994 11.7649C8.68779 11.9123 8.92898 12.0027 8.88682 12.152C8.82186 12.384 8.7645 12.618 8.69401 12.8488C8.64149 13.0209 8.34225 13.0834 8.1522 13.0126C7.77971 12.8748 7.46941 12.6579 7.21786 12.372C6.36022 11.4 6.11489 9.47758 7.24896 7.84982C8.50535 6.04688 10.8426 5.3171 12.9766 5.53844C15.5254 5.80341 17.1363 7.39703 17.4376 9.20502C17.5751 10.0284 17.4763 12.059 16.213 13.4945C14.7596 15.1438 12.4037 15.2532 11.3167 14.2407C11.233 14.1629 11.166 14.0725 11.0838 13.9795V13.9802Z\" fill=\"currentColor\"\/>\n<\/svg>  \n  <span class=\"relative z-5 sr-only\">\n    Compartir en Pinterest\n  <\/span>\n\n  <\/a>\n          <\/li>\n\n        \n          <li>\n            <a class=\"h-7 w-7 link-no-underline rounded-full hover:bg-black hover:text-white active:bg-black active:text-white flex items-center justify-center shrink-0\" href=\"mailto:?subject=Generar%20cambio%20escalable%20desde%20y%20al%20interior%20de%20las%20organizaciones%20p%C3%BAblicas&amp;body=https:\/\/acumen.org\/es\/blog\/generar-cambio-escalable-desde-y-al-interior-de-las-organizaciones-publicas\/\" target=\"_blank\" @click.prevent=\"open($el)\" title=\"Compartir via correo electr\u00f3nico\">\n\n      <svg aria-hidden=\"true\" class=\"fill-current w-auto w-3.5 h-auto flex-shrink-0 relative z-5\" xmlns=\"http:\/\/www.w3.org\/2000\/svg\" width=\"23\" height=\"23\" viewBox=\"0 0 23 23\" fill=\"none\">\n  <g>\n      <path d=\"M5.66563 17.1939C5.30938 17.1939 5.0026 17.0652 4.74531 16.8079C4.48802 16.5506 4.35938 16.2439 4.35938 15.8876V7.61265C4.35938 7.2564 4.48802 6.94963 4.74531 6.69233C5.0026 6.43504 5.30938 6.3064 5.66563 6.3064H17.8406C18.2063 6.3064 18.5155 6.43504 18.768 6.69233C19.0206 6.94963 19.1468 7.2564 19.1468 7.61265V15.8876C19.1468 16.2439 19.0206 16.5506 18.768 16.8079C18.5155 17.0652 18.2063 17.1939 17.8406 17.1939H5.66563ZM18.0906 8.63604L12.1078 12.1579C12.0517 12.1933 11.9939 12.2212 11.9344 12.2415C11.8748 12.2618 11.8144 12.272 11.7531 12.272C11.6854 12.272 11.6284 12.2618 11.582 12.2415C11.5357 12.2212 11.4818 12.1954 11.4204 12.164L5.4156 8.63604V15.8876C5.4156 15.9605 5.43905 16.0204 5.48593 16.0673C5.53281 16.1142 5.59271 16.1376 5.66563 16.1376H17.8406C17.9135 16.1376 17.9734 16.1142 18.0203 16.0673C18.0672 16.0204 18.0906 15.9605 18.0906 15.8876V8.63604ZM11.7531 10.9986L17.9453 7.36263H5.58123L11.7531 10.9986ZM5.4156 8.3739V8.54104V7.74231V7.75636V7.73059V8.54276V8.37567V16.1376V8.3739Z\" fill=\"currentColor\"\/>\n  <\/g>\n<\/svg>  \n  <span class=\"relative z-5 sr-only\">\n    Compartir via correo electr\u00f3nico\n  <\/span>\n\n  <\/a>\n          <\/li>\n\n        \n        \n        <li class=\"relative\" x-id=\"['tooltip']\">\n\n          <button class=\"h-7 w-7 link-no-underline rounded-full hover:bg-black hover:text-white active:bg-black active:text-white flex items-center justify-center shrink-0\" @click=\"copyLink()\" x-bind:aria-describedby=\"tooltip &#038;&#038; $id('tooltip')\" title=\"Copy link\">\n\n      <svg aria-hidden=\"true\" class=\"fill-current pr-0.5 w-auto w-3.5 h-auto flex-shrink-0 relative z-5\" xmlns=\"http:\/\/www.w3.org\/2000\/svg\" width=\"23\" height=\"23\" viewBox=\"0 0 23 23\">\n  <g>\n      <path d=\"M15.3387 18.1395C14.7972 18.1395 14.3367 17.9499 13.9572 17.5707C13.5776 17.1915 13.3878 16.7311 13.3878 16.1894C13.3878 16.0891 13.3949 15.9974 13.409 15.9144C13.4231 15.8314 13.4442 15.7381 13.4724 15.6344L9.00773 12.9003C8.84409 13.0985 8.64654 13.2412 8.41507 13.3285C8.18362 13.4157 7.93844 13.4594 7.67952 13.4594C7.13784 13.4594 6.67742 13.2699 6.29825 12.8908C5.91908 12.5118 5.72949 12.0516 5.72949 11.5101C5.72949 10.9687 5.91908 10.5082 6.29825 10.1286C6.67742 9.74909 7.13784 9.55931 7.67952 9.55931C7.93497 9.55931 8.1793 9.6059 8.41249 9.69908C8.64567 9.79227 8.84409 9.93204 9.00773 10.1184L13.4724 7.38425C13.4442 7.28062 13.4231 7.18729 13.409 7.10426C13.3949 7.02125 13.3878 6.92958 13.3878 6.82924C13.3878 6.28756 13.5774 5.82714 13.9564 5.44797C14.3354 5.0688 14.7956 4.87921 15.3371 4.87921C15.8785 4.87921 16.339 5.06872 16.7186 5.44774C17.0981 5.82676 17.2879 6.28699 17.2879 6.82844C17.2879 7.36989 17.0983 7.83039 16.7191 8.20994C16.34 8.58949 15.8795 8.77926 15.3379 8.77926C15.0789 8.77926 14.8338 8.73563 14.6023 8.64836C14.3708 8.56108 14.1733 8.41835 14.0097 8.22017L9.545 10.9543C9.57319 11.058 9.59432 11.1511 9.60841 11.2338C9.6225 11.3165 9.62954 11.4079 9.62954 11.5079C9.62954 11.608 9.6225 11.6998 9.60841 11.7834C9.59432 11.8671 9.57319 11.9607 9.545 12.0644L14.0097 14.7985C14.1733 14.5885 14.3708 14.4428 14.6023 14.3615C14.8338 14.2801 15.0789 14.2394 15.3379 14.2394C15.8795 14.2394 16.34 14.4289 16.7191 14.8079C17.0983 15.187 17.2879 15.6472 17.2879 16.1886C17.2879 16.7301 17.0984 17.1906 16.7194 17.5701C16.3403 17.9497 15.8801 18.1395 15.3387 18.1395ZM15.3379 7.85746C15.6244 7.85746 15.8674 7.75773 16.0669 7.55827C16.2664 7.3588 16.3661 7.11579 16.3661 6.82924C16.3661 6.54269 16.2664 6.29968 16.0669 6.1002C15.8674 5.90074 15.6244 5.80102 15.3379 5.80102C15.0513 5.80102 14.8083 5.90074 14.6088 6.1002C14.4094 6.29968 14.3096 6.54269 14.3096 6.82924C14.3096 7.11579 14.4094 7.3588 14.6088 7.55827C14.8083 7.75773 15.0513 7.85746 15.3379 7.85746ZM7.67952 12.5376C7.96607 12.5376 8.20908 12.4378 8.40855 12.2384C8.60801 12.0389 8.70774 11.7959 8.70774 11.5093C8.70774 11.2228 8.60801 10.9798 8.40855 10.7803C8.20908 10.5808 7.96607 10.4811 7.67952 10.4811C7.39297 10.4811 7.14996 10.5808 6.95048 10.7803C6.75103 10.9798 6.65129 11.2228 6.65129 11.5093C6.65129 11.7959 6.75103 12.0389 6.95048 12.2384C7.14996 12.4378 7.39297 12.5376 7.67952 12.5376ZM15.3379 17.2177C15.6244 17.2177 15.8674 17.1179 16.0669 16.9185C16.2664 16.719 16.3661 16.476 16.3661 16.1894C16.3661 15.9029 16.2664 15.6599 16.0669 15.4604C15.8674 15.261 15.6244 15.1612 15.3379 15.1612C15.0513 15.1612 14.8083 15.261 14.6088 15.4604C14.4094 15.6599 14.3096 15.9029 14.3096 16.1894C14.3096 16.476 14.4094 16.719 14.6088 16.9185C14.8083 17.1179 15.0513 17.2177 15.3379 17.2177Z\" fill=\"currentColor\"\/>\n    <\/g>\n<\/svg>  \n  <span class=\"relative z-5 sr-only\">\n    \n  <\/span>\n\n  <\/button>\n          <div \n            :id=\"$id('tooltip')\" \n            x-show=\"tooltip\"\n            x-text=\"tooltip\"\n            class=\"absolute bg-black text-white rounded-md py-1 px-2 text-sm whitespace-nowrap left-1\/2 -translate-x-1\/2 -top-9\"\n          ><\/div>\n        <\/li>\n      <\/ul>\n    <\/div>\n\n  <\/section>\n","protected":false},"excerpt":{"rendered":"<p>Descubre c\u00f3mo el gobierno est\u00e1 trabajando y aprendiendo del sector privado sobre c\u00f3mo abordar\u00a0 retos sist\u00e9micos complejos. La escuela siempre fue la primera parada del d\u00eda del magistrado del distrito: le gustaba ver por s\u00ed mismo el impacto de su plan de educaci\u00f3n, un programa que proporcionaba educaci\u00f3n gratuita para los ni\u00f1os de las zonas &hellip; <a href=\"https:\/\/acumen.org\/es\/blog\/generar-cambio-escalable-desde-y-al-interior-de-las-organizaciones-publicas\/\">Continuado<\/a><\/p>\n","protected":false},"author":[],"featured_media":11823,"comment_status":"open","ping_status":"closed","sticky":false,"template":"","format":"standard","meta":{"_acf_changed":true,"content-type":"","_relevanssi_hide_post":"","_relevanssi_hide_content":"","_relevanssi_pin_for_all":"","_relevanssi_pin_keywords":"","_relevanssi_unpin_keywords":"","_relevanssi_related_keywords":"","_relevanssi_related_include_ids":"","_relevanssi_related_exclude_ids":"","_relevanssi_related_no_append":"","_relevanssi_related_not_related":"","_relevanssi_related_posts":"611,606,10817,635,10800,607","_relevanssi_noindex_reason":"","footnotes":""},"categories":[178],"tags":[],"blog-type":[218],"problem":[],"region":[223],"year":[],"media-format":[213],"class_list":["post-10858","post","type-post","status-publish","format-standard","has-post-thumbnail","hentry","category-sin-categorizar"],"acf":[],"yoast_head":"<!-- This site is optimized with the Yoast SEO Premium plugin v27.5 (Yoast SEO v27.5) - https:\/\/yoast.com\/product\/yoast-seo-premium-wordpress\/ -->\n<title>Generar cambio escalable desde y al interior de las organizaciones p\u00fablicas - Acumen<\/title>\n<meta name=\"robots\" content=\"index, follow, max-snippet:-1, max-image-preview:large, max-video-preview:-1\" \/>\n<link rel=\"canonical\" href=\"https:\/\/acumen.org\/es\/blog\/generar-cambio-escalable-desde-y-al-interior-de-las-organizaciones-publicas\/\" \/>\n<meta property=\"og:locale\" content=\"es_ES\" \/>\n<meta property=\"og:type\" content=\"article\" \/>\n<meta property=\"og:title\" content=\"Generar cambio escalable desde y al interior de las organizaciones p\u00fablicas\" \/>\n<meta property=\"og:description\" content=\"Descubre c\u00f3mo el gobierno est\u00e1 trabajando y aprendiendo del sector privado sobre c\u00f3mo abordar\u00a0 retos sist\u00e9micos complejos. La escuela siempre fue la primera parada del d\u00eda del magistrado del distrito: le gustaba ver por s\u00ed mismo el impacto de su plan de educaci\u00f3n, un programa que proporcionaba educaci\u00f3n gratuita para los ni\u00f1os de las zonas &hellip; Continuado\" \/>\n<meta property=\"og:url\" content=\"https:\/\/acumen.org\/es\/blog\/generar-cambio-escalable-desde-y-al-interior-de-las-organizaciones-publicas\/\" \/>\n<meta property=\"og:site_name\" content=\"Acumen\" \/>\n<meta property=\"article:publisher\" content=\"https:\/\/www.facebook.com\/acumenfund\/\" \/>\n<meta property=\"article:published_time\" content=\"2019-08-05T06:09:55+00:00\" \/>\n<meta property=\"article:modified_time\" content=\"2025-05-13T17:26:26+00:00\" \/>\n<meta property=\"og:image\" content=\"https:\/\/acumen.org\/app\/uploads\/2019\/08\/Generar-cambio-escalable.jpg\" \/>\n\t<meta property=\"og:image:width\" content=\"1800\" \/>\n\t<meta property=\"og:image:height\" content=\"1200\" \/>\n\t<meta property=\"og:image:type\" content=\"image\/jpeg\" \/>\n<meta name=\"author\" content=\"Acumen\" \/>\n<meta name=\"twitter:card\" content=\"summary_large_image\" \/>\n<meta name=\"twitter:creator\" content=\"@Acumen\" \/>\n<meta name=\"twitter:site\" content=\"@Acumen\" \/>\n<meta name=\"twitter:label1\" content=\"Escrito por\" \/>\n\t<meta name=\"twitter:data1\" content=\"Acumen\" \/>\n\t<meta name=\"twitter:label2\" content=\"Tiempo de lectura\" \/>\n\t<meta name=\"twitter:data2\" content=\"18 minutes\" \/>\n<script type=\"application\/ld+json\" class=\"yoast-schema-graph\">{\"@context\":\"https:\\\/\\\/schema.org\",\"@graph\":[{\"@type\":\"Article\",\"@id\":\"https:\\\/\\\/acumen.org\\\/es\\\/blog\\\/generar-cambio-escalable-desde-y-al-interior-de-las-organizaciones-publicas\\\/#article\",\"isPartOf\":{\"@id\":\"https:\\\/\\\/acumen.org\\\/es\\\/blog\\\/generar-cambio-escalable-desde-y-al-interior-de-las-organizaciones-publicas\\\/\"},\"author\":{\"name\":\"Acumen\",\"@id\":\"https:\\\/\\\/acumen.org\\\/es\\\/#\\\/schema\\\/person\\\/cc23269de4eed510141e42eae895c0dc\"},\"headline\":\"Generar cambio escalable desde y al interior de las organizaciones p\u00fablicas\",\"datePublished\":\"2019-08-05T06:09:55+00:00\",\"dateModified\":\"2025-05-13T17:26:26+00:00\",\"mainEntityOfPage\":{\"@id\":\"https:\\\/\\\/acumen.org\\\/es\\\/blog\\\/generar-cambio-escalable-desde-y-al-interior-de-las-organizaciones-publicas\\\/\"},\"wordCount\":4033,\"commentCount\":0,\"publisher\":{\"@id\":\"https:\\\/\\\/acumen.org\\\/es\\\/#organization\"},\"image\":{\"@id\":\"https:\\\/\\\/acumen.org\\\/es\\\/blog\\\/generar-cambio-escalable-desde-y-al-interior-de-las-organizaciones-publicas\\\/#primaryimage\"},\"thumbnailUrl\":\"https:\\\/\\\/acumen.org\\\/wp-content\\\/uploads\\\/2019\\\/08\\\/Generar-cambio-escalable.jpg\",\"articleSection\":[\"Sin categorizar\"],\"inLanguage\":\"es-ES\",\"potentialAction\":[{\"@type\":\"CommentAction\",\"name\":\"Comment\",\"target\":[\"https:\\\/\\\/acumen.org\\\/es\\\/blog\\\/generar-cambio-escalable-desde-y-al-interior-de-las-organizaciones-publicas\\\/#respond\"]}]},{\"@type\":\"WebPage\",\"@id\":\"https:\\\/\\\/acumen.org\\\/es\\\/blog\\\/generar-cambio-escalable-desde-y-al-interior-de-las-organizaciones-publicas\\\/\",\"url\":\"https:\\\/\\\/acumen.org\\\/es\\\/blog\\\/generar-cambio-escalable-desde-y-al-interior-de-las-organizaciones-publicas\\\/\",\"name\":\"Generar cambio escalable desde y al interior de las organizaciones p\u00fablicas - Acumen\",\"isPartOf\":{\"@id\":\"https:\\\/\\\/acumen.org\\\/es\\\/#website\"},\"primaryImageOfPage\":{\"@id\":\"https:\\\/\\\/acumen.org\\\/es\\\/blog\\\/generar-cambio-escalable-desde-y-al-interior-de-las-organizaciones-publicas\\\/#primaryimage\"},\"image\":{\"@id\":\"https:\\\/\\\/acumen.org\\\/es\\\/blog\\\/generar-cambio-escalable-desde-y-al-interior-de-las-organizaciones-publicas\\\/#primaryimage\"},\"thumbnailUrl\":\"https:\\\/\\\/acumen.org\\\/wp-content\\\/uploads\\\/2019\\\/08\\\/Generar-cambio-escalable.jpg\",\"datePublished\":\"2019-08-05T06:09:55+00:00\",\"dateModified\":\"2025-05-13T17:26:26+00:00\",\"breadcrumb\":{\"@id\":\"https:\\\/\\\/acumen.org\\\/es\\\/blog\\\/generar-cambio-escalable-desde-y-al-interior-de-las-organizaciones-publicas\\\/#breadcrumb\"},\"inLanguage\":\"es-ES\",\"potentialAction\":[{\"@type\":\"ReadAction\",\"target\":[\"https:\\\/\\\/acumen.org\\\/es\\\/blog\\\/generar-cambio-escalable-desde-y-al-interior-de-las-organizaciones-publicas\\\/\"]}]},{\"@type\":\"ImageObject\",\"inLanguage\":\"es-ES\",\"@id\":\"https:\\\/\\\/acumen.org\\\/es\\\/blog\\\/generar-cambio-escalable-desde-y-al-interior-de-las-organizaciones-publicas\\\/#primaryimage\",\"url\":\"https:\\\/\\\/acumen.org\\\/wp-content\\\/uploads\\\/2019\\\/08\\\/Generar-cambio-escalable.jpg\",\"contentUrl\":\"https:\\\/\\\/acumen.org\\\/wp-content\\\/uploads\\\/2019\\\/08\\\/Generar-cambio-escalable.jpg\",\"width\":1800,\"height\":1200},{\"@type\":\"BreadcrumbList\",\"@id\":\"https:\\\/\\\/acumen.org\\\/es\\\/blog\\\/generar-cambio-escalable-desde-y-al-interior-de-las-organizaciones-publicas\\\/#breadcrumb\",\"itemListElement\":[{\"@type\":\"ListItem\",\"position\":1,\"name\":\"Home\",\"item\":\"https:\\\/\\\/acumen.org\\\/es\\\/\"},{\"@type\":\"ListItem\",\"position\":2,\"name\":\"Generar cambio escalable desde y al interior de las organizaciones p\u00fablicas\"}]},{\"@type\":\"WebSite\",\"@id\":\"https:\\\/\\\/acumen.org\\\/es\\\/#website\",\"url\":\"https:\\\/\\\/acumen.org\\\/es\\\/\",\"name\":\"Acumen\",\"description\":\"\",\"publisher\":{\"@id\":\"https:\\\/\\\/acumen.org\\\/es\\\/#organization\"},\"potentialAction\":[{\"@type\":\"SearchAction\",\"target\":{\"@type\":\"EntryPoint\",\"urlTemplate\":\"https:\\\/\\\/acumen.org\\\/es\\\/?s={search_term_string}\"},\"query-input\":{\"@type\":\"PropertyValueSpecification\",\"valueRequired\":true,\"valueName\":\"search_term_string\"}}],\"inLanguage\":\"es-ES\"},{\"@type\":\"Organization\",\"@id\":\"https:\\\/\\\/acumen.org\\\/es\\\/#organization\",\"name\":\"Acumen\",\"url\":\"https:\\\/\\\/acumen.org\\\/es\\\/\",\"logo\":{\"@type\":\"ImageObject\",\"inLanguage\":\"es-ES\",\"@id\":\"https:\\\/\\\/acumen.org\\\/es\\\/#\\\/schema\\\/logo\\\/image\\\/\",\"url\":\"https:\\\/\\\/acumen.org\\\/app\\\/uploads\\\/2021\\\/03\\\/Acumen.png\",\"contentUrl\":\"https:\\\/\\\/acumen.org\\\/app\\\/uploads\\\/2021\\\/03\\\/Acumen.png\",\"width\":3334,\"height\":2480,\"caption\":\"Acumen\"},\"image\":{\"@id\":\"https:\\\/\\\/acumen.org\\\/es\\\/#\\\/schema\\\/logo\\\/image\\\/\"},\"sameAs\":[\"https:\\\/\\\/www.facebook.com\\\/acumenfund\\\/\",\"https:\\\/\\\/x.com\\\/Acumen\",\"https:\\\/\\\/www.instagram.com\\\/acumenorg\\\/\",\"https:\\\/\\\/www.linkedin.com\\\/company\\\/acumen-fund\\\/\",\"https:\\\/\\\/www.youtube.com\\\/channel\\\/UCpuoLfl6gZl2jDa8lAlC8YQ\"],\"description\":\"We invest across the capital continuum to help transformational companies grow from seed to scale. acumen invests patient capital in business models that deliver critical, affordable goods and services to the world's poor, improving the lives of millions. Since 2001, Acumen has invested in businesses that provide access to healthcare, energy, education, water & sanitation, housing, financial services, and agricultural services to low-income customers. Our investments are addressing the problems of poverty in East and West Africa, South Asia, Latin America, and the United States.\",\"telephone\":\"1-212-566-8821\",\"legalName\":\"Acumen Fund, Inc.\",\"taxID\":\"13-4166228\",\"ownershipFundingInfo\":\"https:\\\/\\\/acumen.org\\\/financials\\\/\",\"ethicsPolicy\":\"https:\\\/\\\/acumen.org\\\/anti-corruption-policy\\\/\"},{\"@type\":\"Person\",\"@id\":\"https:\\\/\\\/acumen.org\\\/es\\\/#\\\/schema\\\/person\\\/cc23269de4eed510141e42eae895c0dc\",\"name\":\"Acumen\",\"image\":{\"@type\":\"ImageObject\",\"inLanguage\":\"es-ES\",\"@id\":\"https:\\\/\\\/secure.gravatar.com\\\/avatar\\\/44f8fbe9133793fb949c95942f8d9143ecb31b1d9d2c362c7f6f76de0e43d5ba?s=96&d=mm&r=g\",\"url\":\"https:\\\/\\\/secure.gravatar.com\\\/avatar\\\/44f8fbe9133793fb949c95942f8d9143ecb31b1d9d2c362c7f6f76de0e43d5ba?s=96&d=mm&r=g\",\"contentUrl\":\"https:\\\/\\\/secure.gravatar.com\\\/avatar\\\/44f8fbe9133793fb949c95942f8d9143ecb31b1d9d2c362c7f6f76de0e43d5ba?s=96&d=mm&r=g\",\"caption\":\"Acumen\"}}]}<\/script>\n<!-- \/ Yoast SEO Premium plugin. -->","yoast_head_json":{"title":"Generar cambio escalable desde y al interior de las organizaciones p\u00fablicas - Acumen","robots":{"index":"index","follow":"follow","max-snippet":"max-snippet:-1","max-image-preview":"max-image-preview:large","max-video-preview":"max-video-preview:-1"},"canonical":"https:\/\/acumen.org\/es\/blog\/generar-cambio-escalable-desde-y-al-interior-de-las-organizaciones-publicas\/","og_locale":"es_ES","og_type":"article","og_title":"Generar cambio escalable desde y al interior de las organizaciones p\u00fablicas","og_description":"Descubre c\u00f3mo el gobierno est\u00e1 trabajando y aprendiendo del sector privado sobre c\u00f3mo abordar\u00a0 retos sist\u00e9micos complejos. La escuela siempre fue la primera parada del d\u00eda del magistrado del distrito: le gustaba ver por s\u00ed mismo el impacto de su plan de educaci\u00f3n, un programa que proporcionaba educaci\u00f3n gratuita para los ni\u00f1os de las zonas &hellip; Continuado","og_url":"https:\/\/acumen.org\/es\/blog\/generar-cambio-escalable-desde-y-al-interior-de-las-organizaciones-publicas\/","og_site_name":"Acumen","article_publisher":"https:\/\/www.facebook.com\/acumenfund\/","article_published_time":"2019-08-05T06:09:55+00:00","article_modified_time":"2025-05-13T17:26:26+00:00","og_image":[{"width":1800,"height":1200,"url":"https:\/\/acumen.org\/app\/uploads\/2019\/08\/Generar-cambio-escalable.jpg","type":"image\/jpeg"}],"author":"Acumen","twitter_card":"summary_large_image","twitter_creator":"@Acumen","twitter_site":"@Acumen","twitter_misc":{"Escrito por":"Acumen","Tiempo de lectura":"18 minutes"},"schema":{"@context":"https:\/\/schema.org","@graph":[{"@type":"Article","@id":"https:\/\/acumen.org\/es\/blog\/generar-cambio-escalable-desde-y-al-interior-de-las-organizaciones-publicas\/#article","isPartOf":{"@id":"https:\/\/acumen.org\/es\/blog\/generar-cambio-escalable-desde-y-al-interior-de-las-organizaciones-publicas\/"},"author":{"name":"Acumen","@id":"https:\/\/acumen.org\/es\/#\/schema\/person\/cc23269de4eed510141e42eae895c0dc"},"headline":"Generar cambio escalable desde y al interior de las organizaciones p\u00fablicas","datePublished":"2019-08-05T06:09:55+00:00","dateModified":"2025-05-13T17:26:26+00:00","mainEntityOfPage":{"@id":"https:\/\/acumen.org\/es\/blog\/generar-cambio-escalable-desde-y-al-interior-de-las-organizaciones-publicas\/"},"wordCount":4033,"commentCount":0,"publisher":{"@id":"https:\/\/acumen.org\/es\/#organization"},"image":{"@id":"https:\/\/acumen.org\/es\/blog\/generar-cambio-escalable-desde-y-al-interior-de-las-organizaciones-publicas\/#primaryimage"},"thumbnailUrl":"https:\/\/acumen.org\/wp-content\/uploads\/2019\/08\/Generar-cambio-escalable.jpg","articleSection":["Sin categorizar"],"inLanguage":"es-ES","potentialAction":[{"@type":"CommentAction","name":"Comment","target":["https:\/\/acumen.org\/es\/blog\/generar-cambio-escalable-desde-y-al-interior-de-las-organizaciones-publicas\/#respond"]}]},{"@type":"WebPage","@id":"https:\/\/acumen.org\/es\/blog\/generar-cambio-escalable-desde-y-al-interior-de-las-organizaciones-publicas\/","url":"https:\/\/acumen.org\/es\/blog\/generar-cambio-escalable-desde-y-al-interior-de-las-organizaciones-publicas\/","name":"Generar cambio escalable desde y al interior de las organizaciones p\u00fablicas - Acumen","isPartOf":{"@id":"https:\/\/acumen.org\/es\/#website"},"primaryImageOfPage":{"@id":"https:\/\/acumen.org\/es\/blog\/generar-cambio-escalable-desde-y-al-interior-de-las-organizaciones-publicas\/#primaryimage"},"image":{"@id":"https:\/\/acumen.org\/es\/blog\/generar-cambio-escalable-desde-y-al-interior-de-las-organizaciones-publicas\/#primaryimage"},"thumbnailUrl":"https:\/\/acumen.org\/wp-content\/uploads\/2019\/08\/Generar-cambio-escalable.jpg","datePublished":"2019-08-05T06:09:55+00:00","dateModified":"2025-05-13T17:26:26+00:00","breadcrumb":{"@id":"https:\/\/acumen.org\/es\/blog\/generar-cambio-escalable-desde-y-al-interior-de-las-organizaciones-publicas\/#breadcrumb"},"inLanguage":"es-ES","potentialAction":[{"@type":"ReadAction","target":["https:\/\/acumen.org\/es\/blog\/generar-cambio-escalable-desde-y-al-interior-de-las-organizaciones-publicas\/"]}]},{"@type":"ImageObject","inLanguage":"es-ES","@id":"https:\/\/acumen.org\/es\/blog\/generar-cambio-escalable-desde-y-al-interior-de-las-organizaciones-publicas\/#primaryimage","url":"https:\/\/acumen.org\/wp-content\/uploads\/2019\/08\/Generar-cambio-escalable.jpg","contentUrl":"https:\/\/acumen.org\/wp-content\/uploads\/2019\/08\/Generar-cambio-escalable.jpg","width":1800,"height":1200},{"@type":"BreadcrumbList","@id":"https:\/\/acumen.org\/es\/blog\/generar-cambio-escalable-desde-y-al-interior-de-las-organizaciones-publicas\/#breadcrumb","itemListElement":[{"@type":"ListItem","position":1,"name":"Home","item":"https:\/\/acumen.org\/es\/"},{"@type":"ListItem","position":2,"name":"Generar cambio escalable desde y al interior de las organizaciones p\u00fablicas"}]},{"@type":"WebSite","@id":"https:\/\/acumen.org\/es\/#website","url":"https:\/\/acumen.org\/es\/","name":"Acumen","description":"","publisher":{"@id":"https:\/\/acumen.org\/es\/#organization"},"potentialAction":[{"@type":"SearchAction","target":{"@type":"EntryPoint","urlTemplate":"https:\/\/acumen.org\/es\/?s={search_term_string}"},"query-input":{"@type":"PropertyValueSpecification","valueRequired":true,"valueName":"search_term_string"}}],"inLanguage":"es-ES"},{"@type":"Organization","@id":"https:\/\/acumen.org\/es\/#organization","name":"Acumen","url":"https:\/\/acumen.org\/es\/","logo":{"@type":"ImageObject","inLanguage":"es-ES","@id":"https:\/\/acumen.org\/es\/#\/schema\/logo\/image\/","url":"https:\/\/acumen.org\/app\/uploads\/2021\/03\/Acumen.png","contentUrl":"https:\/\/acumen.org\/app\/uploads\/2021\/03\/Acumen.png","width":3334,"height":2480,"caption":"Acumen"},"image":{"@id":"https:\/\/acumen.org\/es\/#\/schema\/logo\/image\/"},"sameAs":["https:\/\/www.facebook.com\/acumenfund\/","https:\/\/x.com\/Acumen","https:\/\/www.instagram.com\/acumenorg\/","https:\/\/www.linkedin.com\/company\/acumen-fund\/","https:\/\/www.youtube.com\/channel\/UCpuoLfl6gZl2jDa8lAlC8YQ"],"description":"We invest across the capital continuum to help transformational companies grow from seed to scale. acumen invests patient capital in business models that deliver critical, affordable goods and services to the world's poor, improving the lives of millions. Since 2001, Acumen has invested in businesses that provide access to healthcare, energy, education, water & sanitation, housing, financial services, and agricultural services to low-income customers. Our investments are addressing the problems of poverty in East and West Africa, South Asia, Latin America, and the United States.","telephone":"1-212-566-8821","legalName":"Acumen Fund, Inc.","taxID":"13-4166228","ownershipFundingInfo":"https:\/\/acumen.org\/financials\/","ethicsPolicy":"https:\/\/acumen.org\/anti-corruption-policy\/"},{"@type":"Person","@id":"https:\/\/acumen.org\/es\/#\/schema\/person\/cc23269de4eed510141e42eae895c0dc","name":"Acumen","image":{"@type":"ImageObject","inLanguage":"es-ES","@id":"https:\/\/secure.gravatar.com\/avatar\/44f8fbe9133793fb949c95942f8d9143ecb31b1d9d2c362c7f6f76de0e43d5ba?s=96&d=mm&r=g","url":"https:\/\/secure.gravatar.com\/avatar\/44f8fbe9133793fb949c95942f8d9143ecb31b1d9d2c362c7f6f76de0e43d5ba?s=96&d=mm&r=g","contentUrl":"https:\/\/secure.gravatar.com\/avatar\/44f8fbe9133793fb949c95942f8d9143ecb31b1d9d2c362c7f6f76de0e43d5ba?s=96&d=mm&r=g","caption":"Acumen"}}]}},"_links":{"self":[{"href":"https:\/\/acumen.org\/es\/wp-json\/wp\/v2\/posts\/10858","targetHints":{"allow":["GET"]}}],"collection":[{"href":"https:\/\/acumen.org\/es\/wp-json\/wp\/v2\/posts"}],"about":[{"href":"https:\/\/acumen.org\/es\/wp-json\/wp\/v2\/types\/post"}],"author":[{"embeddable":true,"href":"https:\/\/acumen.org\/es\/wp-json\/wp\/v2\/users\/30"}],"replies":[{"embeddable":true,"href":"https:\/\/acumen.org\/es\/wp-json\/wp\/v2\/comments?post=10858"}],"version-history":[{"count":0,"href":"https:\/\/acumen.org\/es\/wp-json\/wp\/v2\/posts\/10858\/revisions"}],"wp:featuredmedia":[{"embeddable":true,"href":"https:\/\/acumen.org\/es\/wp-json\/wp\/v2\/media\/11823"}],"wp:attachment":[{"href":"https:\/\/acumen.org\/es\/wp-json\/wp\/v2\/media?parent=10858"}],"wp:term":[{"taxonomy":"category","embeddable":true,"href":"https:\/\/acumen.org\/es\/wp-json\/wp\/v2\/categories?post=10858"},{"taxonomy":"post_tag","embeddable":true,"href":"https:\/\/acumen.org\/es\/wp-json\/wp\/v2\/tags?post=10858"},{"taxonomy":"blog-type","embeddable":true,"href":"https:\/\/acumen.org\/es\/wp-json\/wp\/v2\/blog-type?post=10858"},{"taxonomy":"problem-tax","embeddable":true,"href":"https:\/\/acumen.org\/es\/wp-json\/wp\/v2\/problem?post=10858"},{"taxonomy":"region-tax","embeddable":true,"href":"https:\/\/acumen.org\/es\/wp-json\/wp\/v2\/region?post=10858"},{"taxonomy":"acumen-year","embeddable":true,"href":"https:\/\/acumen.org\/es\/wp-json\/wp\/v2\/year?post=10858"},{"taxonomy":"post-author","embeddable":true,"href":"https:\/\/acumen.org\/es\/wp-json\/wp\/v2\/author?post=10858"},{"taxonomy":"media-format","embeddable":true,"href":"https:\/\/acumen.org\/es\/wp-json\/wp\/v2\/media-format?post=10858"}],"curies":[{"name":"wp","href":"https:\/\/api.w.org\/{rel}","templated":true}]}}