{"id":10913,"date":"2018-08-21T19:41:56","date_gmt":"2018-08-21T23:41:56","guid":{"rendered":"https:\/\/acumenbw.wpenginepowered.com\/blog\/esta-doctora-pakistani-perdio-su-trabajo-cuando-quedo-embarazada\/"},"modified":"2025-05-13T14:05:29","modified_gmt":"2025-05-13T18:05:29","slug":"esta-doctora-pakistani-perdio-su-trabajo-cuando-quedo-embarazada","status":"publish","type":"post","link":"https:\/\/acumen.org\/es\/blog\/esta-doctora-pakistani-perdio-su-trabajo-cuando-quedo-embarazada\/","title":{"rendered":"Esta doctora pakistan\u00ed perdi\u00f3 su trabajo cuando qued\u00f3 embarazada"},"content":{"rendered":"<h3><span style=\"font-weight: 400;\">Esta es la historia de c\u00f3mo cambi\u00f3 su vida y la de miles de mujeres. <\/span><\/h3>\n<p><span style=\"font-weight: 400;\">Imagina que pasas toda tu vida so\u00f1ando con ser m\u00e9dico. Te esfuerzas para poder estudiar medicina en la universidad, presentas y apruebas infinidad de ex\u00e1menes complejos, te grad\u00faas, empiezas a tratar pacientes, y luego, en un abrir y cerrar de ojos sientes que todo debe terminar, porque en la realidad en la que vives te dicen que no es posible tener una carrera gratificante y a\u00fan as\u00ed dedicarte a tu familia. <\/span><\/p>\n<p><span style=\"font-weight: 400;\">En Pakist\u00e1n, esa es una situaci\u00f3n demasiado familiar para las doctoras. Aunque la cantidad de mujeres superan a los hombres en las facultades de medicina del pa\u00eds, m\u00e1s de la mitad nunca termina ejerciendo, y terminan renunciando a sus aspiraciones profesionales por complacer la mentalidad conservadora y tradicional de sus esposos y sus suegros. Para muchas familias, tener una nuera o <\/span><i><span style=\"font-weight: 400;\">bahu<\/span><\/i><span style=\"font-weight: 400;\">, que es m\u00e9dico, puede ser un s\u00edmbolo de estatus pero, a puertas cerradas, insisten en que las esposas dediquen su tiempo a sus maridos e hijos.<\/span><\/p>\n<p><span style=\"font-weight: 400;\">Ver a algunas de las m\u00e9dicos m\u00e1s brillantes del pa\u00eds sentadas en su casa, mientras que casi la mitad de la poblaci\u00f3n carece de acceso a atenci\u00f3n m\u00e9dica, no ten\u00eda ning\u00fan sentido para la Fellow de Acumen, Sara Saeed Khurram. Nacida en una familia de clase media-alta en Karachi, Sara siempre supo que se convertir\u00eda en doctora. Su padre lo hab\u00eda decidido mucho antes de que ella naciera, pero Sara estaba feliz de complacerlo en ese sue\u00f1o. Tambi\u00e9n era muy consciente de los desaf\u00edos que enfrentan las mujeres en el campo. Mientras trabajaba para obtener su t\u00edtulo, se pregunt\u00f3: \u201c\u00bfEstoy estudiando para ser doctora? \u00bfVoy a trabajar como una? \u00bfO es solo una etiqueta que me har\u00e1 m\u00e1s deseable para una propuesta de matrimonio? \u201c<\/span><\/p>\n<p><img loading=\"lazy\" decoding=\"async\" class=\"alignnone wp-image-26308\" src=\"https:\/\/acumen.org\/app\/uploads\/2024\/03\/42860652385_20b979b9a1_k.jpg\" alt=\"\" width=\"758\" height=\"506\" \/><\/p>\n<p><span style=\"font-weight: 400;\">Finalmente obtuvo sus diplomas en Medicina y Cirug\u00eda de la prestigiosa Universidad Dow de Ciencias de la Salud, luego se convirti\u00f3 en residente de radiolog\u00eda. Despu\u00e9s de trabajar unos a\u00f1os, se cas\u00f3 y qued\u00f3 embarazada, y poco despu\u00e9s le pidieron que renunciara. \u201cMe dijeron que ten\u00eda que irme porque la radiaci\u00f3n da\u00f1ar\u00eda al beb\u00e9 y no ten\u00edan un programa que permitiera que una mujer embarazada regresara a trabajar despu\u00e9s del parto. No hicieron nada \u2018ilegal\u2019, pero realmente estaba perdiendo mi carrera y todo por lo que hab\u00eda luchado\u201d.<\/span><\/p>\n<p><span style=\"font-weight: 400;\">Ser obligada a renunciar a su vida como doctora era bastante dif\u00edcil, pero Sara tambi\u00e9n tuvo problemas para convertirse en madre. Ella luch\u00f3 contra la depresi\u00f3n posparto y luego tuvo aborto espont\u00e1neo. Fue durante estos meses m\u00e1s oscuros que Sara comenz\u00f3 a pensar en aquellas mujeres que no ten\u00edan acceso a la atenci\u00f3n que ella ten\u00eda y en aquellas m\u00e9dicos altamente capacitadas, como ella, atrapadas en su casa en lugar de estar ayudando a los dem\u00e1s. En Pakist\u00e1n, s\u00f3lo alrededor del 28% de las mujeres reciben atenci\u00f3n prenatal y solo el 38% tiene acceso a la atenci\u00f3n posnatal. El 40% de las mujeres tiene sus partos en casa, aumentando significativamente las posibilidades de complicaciones.<\/span><\/p>\n<p><span style=\"font-weight: 400;\">\u201cSi perteneces a una \u00e9lite o clase media alta, las opciones est\u00e1n disponibles\u201d, dijo Sara. \u201cPero a medida que te acercas a la clase media baja, a las poblaciones de bajos ingresos y comunidades rurales, encontrar\u00e1s que las oportunidades de cuidado y salud son muy limitadas.\u201d<\/span><\/p>\n<p><span style=\"font-weight: 400;\">La salud o el acceso a cuidados m\u00e9dicos son un tab\u00fa en la mayor\u00eda de las comunidades rurales de Pakist\u00e1n. Las mujeres ni siquiera pueden ir a un centro de atenci\u00f3n m\u00e9dica por su cuenta; tienen que ser acompa\u00f1adas por su esposo o suegra. \u201cLa gente espera que las mujeres que tengan y cr\u00eden ni\u00f1os, pero se les descuida su salud por completo\u201d.<\/span><\/p>\n<p><img loading=\"lazy\" decoding=\"async\" class=\"alignnone wp-image-26313\" src=\"https:\/\/acumen.org\/app\/uploads\/2024\/03\/43764548571_43b5c25aed_k.jpg\" alt=\"\" width=\"791\" height=\"528\" \/><\/p>\n<p><span style=\"font-weight: 400;\">Hay una paciente que nunca pudo sacarse de la cabeza: una historia que la hizo reflexionar. Cuando Sara trabajaba en el hospital p\u00fablico m\u00e1s grande Karachi, casi al inicio de su carrera, hubo una temporada de monzones (lluvias intensas) particularmente mala y lleg\u00f3 una mujer con siete meses de embarazo de gemelos que no ten\u00eda ni la menor idea de que estaba embarazada.<\/span><\/p>\n<p><span style=\"font-weight: 400;\">\u201cElla estaba en estado de sepsis y ten\u00eda fiebre\u201d, dijo Sara. \u201cCuando lleg\u00f3 estaba literalmente verde. Ella y su esposo llegaron al hospital s\u00f3lo con lo que ten\u00edan puesto y unas pocas pertenencias. Su casa, su ganado, todo se lo hab\u00eda llevado las inundaciones. Cuando le pregunt\u00e9 si estaba embarazada, ella me dijo: \u201cNo s\u00e9\u201d. Su conocimiento de la atenci\u00f3n m\u00e9dica era tan limitado que no ten\u00eda idea de su embarazo, ni c\u00f3mo saberlo. <\/span><\/p>\n<p><span style=\"font-weight: 400;\">Cuando la tuvimos que operar descubrimos a sus dos beb\u00e9s, hab\u00edan muerto hace dos meses. Los hab\u00eda perdido a los cinco meses y no ten\u00eda idea. Fue entonces cuando me di cuenta de que ven\u00eda de un lugar donde no hab\u00eda un solo proveedor de atenci\u00f3n m\u00e9dica para decirle que estaba embarazada. Muri\u00f3 dos horas despu\u00e9s debido a la infecci\u00f3n\u201d.<\/span><\/p>\n<p><span style=\"font-weight: 400;\">Sara se encontr\u00f3 un punto de inflexi\u00f3n, personal y profesional. Sab\u00eda que era hora de volver al trabajo, pero esta vez tendr\u00eda que ser de acuerdo con sus condiciones. Sab\u00eda que hab\u00eda doctoras, como ella, ansiosas por ejercer la medicina. \u00bfQu\u00e9 pasar\u00eda si ella las conectara con mujeres en \u00e1reas con poco o ning\u00fan servicio de atenci\u00f3n m\u00e9dica y las ayudara a tomar el control de su salud? Y fue as\u00ed como comenz\u00f3 el viaje de Sara en la creaci\u00f3n de Sehat Kahani.<\/span><\/p>\n<p><img loading=\"lazy\" decoding=\"async\" class=\"alignnone wp-image-26307\" src=\"https:\/\/acumen.org\/app\/uploads\/2024\/03\/42860650435_aa0970f25c_k.jpg\" alt=\"\" width=\"794\" height=\"530\" \/><\/p>\n<p><span style=\"font-weight: 400;\">Sehat Kahani, que se traduce como \u201chistoria de la salud\u201d en Urdu, es una empresa social que ayuda a las mujeres m\u00e9dicas a brindar atenci\u00f3n asequible a las comunidades subatendidas de todo Pakist\u00e1n. La compa\u00f1\u00eda administra peque\u00f1as cl\u00ednicas donde una visita es muy parecida a cualquier otro viaje al consultorio del m\u00e9dico, excepto que el m\u00e9dico se comunica a trav\u00e9s de la pantalla de una computadora. A trav\u00e9s de consultas en l\u00ednea, videoconferencias e intercambio de informaci\u00f3n, los pacientes de bajos ingresos obtienen acceso a cuidados de alta calidad y las enfermeras est\u00e1n a su disposici\u00f3n para registrar sus antecedentes m\u00e9dicos y realizar ex\u00e1menes simples. Es la salud de vanguardia entregada a trav\u00e9s del poder de la tecnolog\u00eda.<\/span><\/p>\n<p><span style=\"font-weight: 400;\">\u201cFui con la visi\u00f3n de que las comunidades m\u00e1s remotas de Pakist\u00e1n deber\u00edan estar en capacidad de comprender los problemas de salud\u201d, dijo <\/span><span style=\"font-weight: 400;\">Sara. \u201cNecesitamos <\/span><span style=\"font-weight: 400;\">conectar a las personas con una comunidad en l\u00ednea de m\u00e9dicos que ayudar\u00e1n a tratar sus problemas de salud\u201d.<\/span><\/p>\n<p><span style=\"font-weight: 400;\">Construir Sehat Kahani no fue f\u00e1cil en un pa\u00eds como Pakist\u00e1n, donde los recursos son escasos y tanto la burocracia como las tradiciones culturales pueden dificultar que los proyectos se desarrollen. Y, por supuesto, fue particularmente dif\u00edcil como mujer empresaria en una sociedad hist\u00f3ricamente patriarcal. \u201cA menudo, soy la \u00fanica mujer en la sala haciendo una presentaci\u00f3n\u201d, dijo Sara. \u201cCuando entro en la habitaci\u00f3n tengo la sensaci\u00f3n de que no deber\u00eda estar all\u00ed. Pero esa transgresi\u00f3n es importante. Porque es necesario que una mujer comience a hablar en estos espacios, por que o si no \u00bfc\u00f3mo van a saber que hay voces femeninas que se deben escuchar?\u201d<\/span><\/p>\n<p><img loading=\"lazy\" decoding=\"async\" class=\"alignnone wp-image-26311\" src=\"https:\/\/acumen.org\/app\/uploads\/2024\/03\/43764553391_d21be3f5aa_k.jpg\" alt=\"\" width=\"802\" height=\"535\" \/><\/p>\n<p><span style=\"font-weight: 400;\">\u201cA nadie le gusta fracasar. A nadie le gusta el rechazo \u201c, dijo Sara. \u201cEl rechazo viene por momentos, y llega muy r\u00e1pido, una y otra vez. Pero si quiero tirar la toalla, voy a la oficina a una de mis comunidades y paso unas horas en mis cl\u00ednicas. Eso me da la inspiraci\u00f3n para comenzar a trabajar de nuevo \u201c.<\/span><\/p>\n<p><span style=\"font-weight: 400;\">Hoy, Sehat Kahani es la compa\u00f1\u00eda de telesalud m\u00e1s grande de Pakist\u00e1n, con 14 centros que atienden a m\u00e1s de 40,000 pacientes. La pasi\u00f3n de Sara por construir la empresa social, y el \u00e9xito que ha tenido hasta ahora, no solo le ha dado una nueva confianza sino que tambi\u00e9n ha ayudado a su familia a abrir sus mentes y repensar sus tradiciones. Inicialmente, no estaban muy seguros de qu\u00e9 hacer con esas ganas de Sara para comenzar su propia empresa. Su padre y su esposo pensaron que podr\u00eda ayudar con su depresi\u00f3n posparto, tal vez lo har\u00eda por unos a\u00f1os y luego tendr\u00eda otro beb\u00e9 y volver\u00eda su atenci\u00f3n a la familia.<\/span><\/p>\n<p><span style=\"font-weight: 400;\">\u201cCon el tiempo, vieron la seriedad y la pasi\u00f3n\u201d, dijo. \u201cMe ayud\u00f3 cuando la organizaci\u00f3n comenz\u00f3 a ganar premios y mi trabajo tambi\u00e9n fue reconocido. Con el tiempo, han cambiado, cambiaron su mentalidad y sus valores culturales. Estoy casada y tengo una familia muy tradicional, donde las mujeres se quedan en casa y cuidan a los ni\u00f1os. Una mujer que viajaba sola a las comunidades o de noche era algo completamente inaudito. Pero se adaptaron y muy r\u00e1pido. Han sido absolutamente comprensivos \u201c.<\/span><\/p>\n<p><span style=\"font-weight: 400;\">Ahora Sara es madre de dos hijos y trabaja arduamente para llevar a Sehat Kahani al siguiente nivel. Ella espera inspirar a otras mujeres a seguir su ejemplo. \u201cSi tienes una visi\u00f3n, no tengas miedo de hablar\u201d, dijo. \u201cSi tienes una pregunta, no tengas miedo de preguntarla. Si tienes una respuesta al problema, no tengas miedo de hablar en p\u00fablico.\u201d<\/span><\/p>\n<p><img loading=\"lazy\" decoding=\"async\" class=\"alignnone wp-image-26309\" src=\"https:\/\/acumen.org\/app\/uploads\/2024\/03\/41956242540_c7fbc89673_k-1.jpg\" alt=\"\" width=\"794\" height=\"530\" \/><\/p>\n<p><span style=\"font-weight: 400;\">Como mujeres, estamos condicionadas a quedarnos calladas. Estamos condicionadas a disfrazar nuestros sentimientos y no dejarlos salir, eso est\u00e1 muy mal, si est\u00e1s en una habitaci\u00f3n y tienes una visi\u00f3n o una idea, busca personas que la respalden y luego aventurate y ve por ella. La gente te va a cuestionar, habr\u00e1 barreras, pero si vives un d\u00eda a la vez, hay soluciones que pueden avanzar \u201c.<\/span><\/p>\n<p><em><span style=\"font-weight: 400;\">El Programa de Fellows de Acumen es un programa que ayuda a desarrollar habilidades de liderazgo, y brinda herramientas para que aquellos l\u00edderes sociales puedan convertirse en agentes de cambio en sus comunidades, proyectos o iniciativas. <\/span><\/em><\/p>\n<p><em><span style=\"font-weight: 400;\">Queremos compartir algunas de las historias de nuestros fellows para que puedas tener una idea de las personas que ya hacen parte de la comunidad y de quienes podr\u00edas aprender. Como podr\u00e1s ver los Fellows de Acumen tienen diversos perfiles, vienen de muchos sectores y cuentan con diferentes contextos, pero tienen en com\u00fan el mismo hilo conductor: el impacto social. <\/span><\/em><\/p>\n<p><span style=\"font-weight: 400;\">En Colombia estamos en la b\u00fasqueda de esos l\u00edderes que trabajan d\u00eda a d\u00eda por sus comunidades.\u00a0Las aplicaciones al Programa de Fellows de Acumen ya cerraron, pero si te interesa ser el primero en recibir informaci\u00f3n para las inscripciones del pr\u00f3ximo a\u00f1o <a href=\"https:\/\/acumen.org\/latinoamerica\/fellowships\/\">haz click aqu\u00ed.<\/a>\u00a0<\/span><\/p>\n\n<section class=\"wp-block-share-buttons text-container border-black border-t mt-15 mb-7.5 py-7.5\">\n    <div class=\"py-2.5 flex gap-10 items-center\" animate>\n      <h2 class=\"h4 m-0\">\n        Share\n      <\/h2>\n      <ul class=\"flex gap-2 items-center\" x-data=\"shareButtons('Enlace copiado', 'Lo sentimos, no pudimos copiar el enlace')\">\n\n        \n          <li>\n            <a class=\"h-7 w-7 link-no-underline rounded-full hover:bg-black hover:text-white active:bg-black active:text-white flex items-center justify-center shrink-0\" href=\"https:\/\/www.facebook.com\/sharer.php?t=Esta%20doctora%20pakistan%C3%AD%20perdi%C3%B3%20su%20trabajo%20cuando%20qued%C3%B3%20embarazada&amp;u=https:\/\/acumen.org\/es\/blog\/esta-doctora-pakistani-perdio-su-trabajo-cuando-quedo-embarazada\/\" target=\"_blank\" @click.prevent=\"open($el)\" title=\"Compartir en Facebook\">\n\n      <svg aria-hidden=\"true\" class=\"fill-current w-auto w-3.5 h-auto flex-shrink-0 relative z-5\" width=\"23\" height=\"22\" viewBox=\"0 0 23 22\" fill=\"none\" xmlns=\"http:\/\/www.w3.org\/2000\/svg\">\n<g>\n<path d=\"M12.8719 7.15463V9.12843H15.5091L15.0915 11.7872H12.8719V17.913C12.4269 17.9702 11.9716 18 11.5094 18C10.976 18 10.4521 17.9606 9.94193 17.8845V11.7872H7.50977V9.12843H9.94193V6.71341C9.94193 5.21513 11.2537 4 12.8726 4V4.00127C12.8774 4.00127 12.8815 4 12.8863 4H15.5098V6.29948H13.7955C13.2861 6.29948 12.8726 6.6823 12.8726 7.154L12.8719 7.15463Z\" fill=\"currentColor\"\/>\n<\/g>\n<\/svg>  \n  <span class=\"relative z-5 sr-only\">\n    Compartir en Facebook\n  <\/span>\n\n  <\/a>\n          <\/li>\n\n        \n          <li>\n            <a class=\"h-7 w-7 link-no-underline rounded-full hover:bg-black hover:text-white active:bg-black active:text-white flex items-center justify-center shrink-0\" href=\"https:\/\/twitter.com\/intent\/tweet?text=Esta%20doctora%20pakistan%C3%AD%20perdi%C3%B3%20su%20trabajo%20cuando%20qued%C3%B3%20embarazada&amp;url=https:\/\/acumen.org\/es\/blog\/esta-doctora-pakistani-perdio-su-trabajo-cuando-quedo-embarazada\/\" target=\"_blank\" @click.prevent=\"open($el)\" title=\"Compartir en X\/Twitter\">\n\n      <svg aria-hidden=\"true\" class=\"fill-current w-auto w-3.5 h-auto flex-shrink-0 relative z-5\" width=\"23\" height=\"22\" viewBox=\"0 0 23 22\" fill=\"none\" xmlns=\"http:\/\/www.w3.org\/2000\/svg\">\n<g>\n<path id=\"path1009\" d=\"M4.96324 4.85205L10.0349 11.6348L4.93164 17.1496H6.08052L10.5489 12.3216L14.1589 17.1496H18.0678L12.711 9.98536L17.4614 4.85205H16.3125L12.1978 9.29861L8.87295 4.85205H4.96324ZM6.65225 5.69835H8.44761L16.3772 16.3033H14.5819L6.65225 5.69835Z\" fill=\"currentColor\"\/>\n<\/g>\n<\/svg>  \n  <span class=\"relative z-5 sr-only\">\n    Compartir en X\/Twitter\n  <\/span>\n\n  <\/a>\n          <\/li>\n\n        \n          <li>\n            <a class=\"h-7 w-7 link-no-underline rounded-full hover:bg-black hover:text-white active:bg-black active:text-white flex items-center justify-center shrink-0\" href=\"https:\/\/www.linkedin.com\/shareArticle?title=Esta%20doctora%20pakistan%C3%AD%20perdi%C3%B3%20su%20trabajo%20cuando%20qued%C3%B3%20embarazada&amp;url=https:\/\/acumen.org\/es\/blog\/esta-doctora-pakistani-perdio-su-trabajo-cuando-quedo-embarazada\/\" target=\"_blank\" @click.prevent=\"open($el)\" title=\"Compartir en LinkedIn\">\n\n      <svg aria-hidden=\"true\" class=\"fill-current w-auto w-3.5 h-auto flex-shrink-0 relative z-5\" width=\"23\" height=\"22\" viewBox=\"0 0 23 22\" fill=\"none\" xmlns=\"http:\/\/www.w3.org\/2000\/svg\">\n<g>\n<path id=\"Vector_2\" d=\"M5.73849 7.31219C5.44877 7.04319 5.30469 6.71022 5.30469 6.31405C5.30469 5.91787 5.44954 5.57026 5.73849 5.30049C6.02822 5.03149 6.40116 4.89661 6.85809 4.89661C7.31502 4.89661 7.67333 5.03149 7.96228 5.30049C8.252 5.56949 8.39608 5.90785 8.39608 6.31405C8.39608 6.72024 8.25123 7.04319 7.96228 7.31219C7.67255 7.58118 7.305 7.71607 6.85809 7.71607C6.41118 7.71607 6.02822 7.58118 5.73849 7.31219ZM8.1526 8.85526V17.1025H5.5474V8.85526H8.1526Z\" fill=\"currentColor\"\/>\n<path id=\"Vector_3\" d=\"M16.8257 9.67004C17.3936 10.2867 17.6772 11.133 17.6772 12.2105V16.9569H15.203V12.545C15.203 12.0016 15.062 11.5792 14.7807 11.2786C14.4995 10.978 14.1204 10.827 13.6457 10.827C13.1711 10.827 12.7919 10.9773 12.5107 11.2786C12.2294 11.5792 12.0884 12.0016 12.0884 12.545V16.9569H9.59961V8.83221H12.0884V9.90974C12.3404 9.55057 12.6802 9.26693 13.1071 9.05805C13.534 8.84918 14.014 8.74512 14.548 8.74512C15.4989 8.74512 16.2586 9.05342 16.8257 9.66927V9.67004Z\" fill=\"currentColor\"\/>\n<\/g>\n<\/svg>  \n  <span class=\"relative z-5 sr-only\">\n    Compartir en LinkedIn\n  <\/span>\n\n  <\/a>\n          <\/li>\n\n        \n          <li>\n            <a class=\"h-7 w-7 link-no-underline rounded-full hover:bg-black hover:text-white active:bg-black active:text-white flex items-center justify-center shrink-0\" href=\"https:\/\/pinterest.com\/pin\/create\/button\/?description=Esta%20doctora%20pakistan%C3%AD%20perdi%C3%B3%20su%20trabajo%20cuando%20qued%C3%B3%20embarazada&amp;url=https:\/\/acumen.org\/es\/blog\/esta-doctora-pakistani-perdio-su-trabajo-cuando-quedo-embarazada\/\" target=\"_blank\" @click.prevent=\"open($el)\" title=\"Compartir en Pinterest\">\n\n      <svg aria-hidden=\"true\" class=\"fill-current w-auto w-3.5 h-auto flex-shrink-0 relative z-5\" xmlns=\"http:\/\/www.w3.org\/2000\/svg\" width=\"23\" height=\"23\" viewBox=\"0 0 23 23\" fill=\"none\">\n  <path fill-rule=\"evenodd\" clip-rule=\"evenodd\" d=\"M11.0838 13.9802C11.072 14.0175 11.061 14.0491 11.052 14.0807C10.5302 15.9513 10.4722 16.3668 9.93589 17.2357C9.68019 17.6487 9.39201 18.0401 9.07342 18.4145C9.03748 18.4569 9.00361 18.5112 8.93174 18.498C8.85296 18.4828 8.84674 18.4183 8.83845 18.3601C8.75275 17.7916 8.70507 17.2218 8.7258 16.6476C8.75275 15.9001 8.85365 15.6434 9.90686 11.591C9.92207 11.529 9.90479 11.4778 9.88267 11.4222C9.63043 10.7999 9.58067 10.1682 9.80112 9.52818C10.278 8.14578 11.9905 8.04017 12.2897 9.18036C12.4742 9.88548 11.9863 10.8088 11.6118 12.1735C11.3015 13.2991 12.75 14.0997 13.9877 13.2776C15.1294 12.52 15.5724 10.7038 15.488 9.41624C15.3222 6.84938 12.2462 6.29478 10.2953 7.12131C8.05822 8.06799 7.54958 10.6051 8.55994 11.7649C8.68779 11.9123 8.92898 12.0027 8.88682 12.152C8.82186 12.384 8.7645 12.618 8.69401 12.8488C8.64149 13.0209 8.34225 13.0834 8.1522 13.0126C7.77971 12.8748 7.46941 12.6579 7.21786 12.372C6.36022 11.4 6.11489 9.47758 7.24896 7.84982C8.50535 6.04688 10.8426 5.3171 12.9766 5.53844C15.5254 5.80341 17.1363 7.39703 17.4376 9.20502C17.5751 10.0284 17.4763 12.059 16.213 13.4945C14.7596 15.1438 12.4037 15.2532 11.3167 14.2407C11.233 14.1629 11.166 14.0725 11.0838 13.9795V13.9802Z\" fill=\"currentColor\"\/>\n<\/svg>  \n  <span class=\"relative z-5 sr-only\">\n    Compartir en Pinterest\n  <\/span>\n\n  <\/a>\n          <\/li>\n\n        \n          <li>\n            <a class=\"h-7 w-7 link-no-underline rounded-full hover:bg-black hover:text-white active:bg-black active:text-white flex items-center justify-center shrink-0\" href=\"mailto:?subject=Esta%20doctora%20pakistan%C3%AD%20perdi%C3%B3%20su%20trabajo%20cuando%20qued%C3%B3%20embarazada&amp;body=https:\/\/acumen.org\/es\/blog\/esta-doctora-pakistani-perdio-su-trabajo-cuando-quedo-embarazada\/\" target=\"_blank\" @click.prevent=\"open($el)\" title=\"Compartir via correo electr\u00f3nico\">\n\n      <svg aria-hidden=\"true\" class=\"fill-current w-auto w-3.5 h-auto flex-shrink-0 relative z-5\" xmlns=\"http:\/\/www.w3.org\/2000\/svg\" width=\"23\" height=\"23\" viewBox=\"0 0 23 23\" fill=\"none\">\n  <g>\n      <path d=\"M5.66563 17.1939C5.30938 17.1939 5.0026 17.0652 4.74531 16.8079C4.48802 16.5506 4.35938 16.2439 4.35938 15.8876V7.61265C4.35938 7.2564 4.48802 6.94963 4.74531 6.69233C5.0026 6.43504 5.30938 6.3064 5.66563 6.3064H17.8406C18.2063 6.3064 18.5155 6.43504 18.768 6.69233C19.0206 6.94963 19.1468 7.2564 19.1468 7.61265V15.8876C19.1468 16.2439 19.0206 16.5506 18.768 16.8079C18.5155 17.0652 18.2063 17.1939 17.8406 17.1939H5.66563ZM18.0906 8.63604L12.1078 12.1579C12.0517 12.1933 11.9939 12.2212 11.9344 12.2415C11.8748 12.2618 11.8144 12.272 11.7531 12.272C11.6854 12.272 11.6284 12.2618 11.582 12.2415C11.5357 12.2212 11.4818 12.1954 11.4204 12.164L5.4156 8.63604V15.8876C5.4156 15.9605 5.43905 16.0204 5.48593 16.0673C5.53281 16.1142 5.59271 16.1376 5.66563 16.1376H17.8406C17.9135 16.1376 17.9734 16.1142 18.0203 16.0673C18.0672 16.0204 18.0906 15.9605 18.0906 15.8876V8.63604ZM11.7531 10.9986L17.9453 7.36263H5.58123L11.7531 10.9986ZM5.4156 8.3739V8.54104V7.74231V7.75636V7.73059V8.54276V8.37567V16.1376V8.3739Z\" fill=\"currentColor\"\/>\n  <\/g>\n<\/svg>  \n  <span class=\"relative z-5 sr-only\">\n    Compartir via correo electr\u00f3nico\n  <\/span>\n\n  <\/a>\n          <\/li>\n\n        \n        \n        <li class=\"relative\" x-id=\"['tooltip']\">\n\n          <button class=\"h-7 w-7 link-no-underline rounded-full hover:bg-black hover:text-white active:bg-black active:text-white flex items-center justify-center shrink-0\" @click=\"copyLink()\" x-bind:aria-describedby=\"tooltip &#038;&#038; $id('tooltip')\" title=\"Copy link\">\n\n      <svg aria-hidden=\"true\" class=\"fill-current pr-0.5 w-auto w-3.5 h-auto flex-shrink-0 relative z-5\" xmlns=\"http:\/\/www.w3.org\/2000\/svg\" width=\"23\" height=\"23\" viewBox=\"0 0 23 23\">\n  <g>\n      <path d=\"M15.3387 18.1395C14.7972 18.1395 14.3367 17.9499 13.9572 17.5707C13.5776 17.1915 13.3878 16.7311 13.3878 16.1894C13.3878 16.0891 13.3949 15.9974 13.409 15.9144C13.4231 15.8314 13.4442 15.7381 13.4724 15.6344L9.00773 12.9003C8.84409 13.0985 8.64654 13.2412 8.41507 13.3285C8.18362 13.4157 7.93844 13.4594 7.67952 13.4594C7.13784 13.4594 6.67742 13.2699 6.29825 12.8908C5.91908 12.5118 5.72949 12.0516 5.72949 11.5101C5.72949 10.9687 5.91908 10.5082 6.29825 10.1286C6.67742 9.74909 7.13784 9.55931 7.67952 9.55931C7.93497 9.55931 8.1793 9.6059 8.41249 9.69908C8.64567 9.79227 8.84409 9.93204 9.00773 10.1184L13.4724 7.38425C13.4442 7.28062 13.4231 7.18729 13.409 7.10426C13.3949 7.02125 13.3878 6.92958 13.3878 6.82924C13.3878 6.28756 13.5774 5.82714 13.9564 5.44797C14.3354 5.0688 14.7956 4.87921 15.3371 4.87921C15.8785 4.87921 16.339 5.06872 16.7186 5.44774C17.0981 5.82676 17.2879 6.28699 17.2879 6.82844C17.2879 7.36989 17.0983 7.83039 16.7191 8.20994C16.34 8.58949 15.8795 8.77926 15.3379 8.77926C15.0789 8.77926 14.8338 8.73563 14.6023 8.64836C14.3708 8.56108 14.1733 8.41835 14.0097 8.22017L9.545 10.9543C9.57319 11.058 9.59432 11.1511 9.60841 11.2338C9.6225 11.3165 9.62954 11.4079 9.62954 11.5079C9.62954 11.608 9.6225 11.6998 9.60841 11.7834C9.59432 11.8671 9.57319 11.9607 9.545 12.0644L14.0097 14.7985C14.1733 14.5885 14.3708 14.4428 14.6023 14.3615C14.8338 14.2801 15.0789 14.2394 15.3379 14.2394C15.8795 14.2394 16.34 14.4289 16.7191 14.8079C17.0983 15.187 17.2879 15.6472 17.2879 16.1886C17.2879 16.7301 17.0984 17.1906 16.7194 17.5701C16.3403 17.9497 15.8801 18.1395 15.3387 18.1395ZM15.3379 7.85746C15.6244 7.85746 15.8674 7.75773 16.0669 7.55827C16.2664 7.3588 16.3661 7.11579 16.3661 6.82924C16.3661 6.54269 16.2664 6.29968 16.0669 6.1002C15.8674 5.90074 15.6244 5.80102 15.3379 5.80102C15.0513 5.80102 14.8083 5.90074 14.6088 6.1002C14.4094 6.29968 14.3096 6.54269 14.3096 6.82924C14.3096 7.11579 14.4094 7.3588 14.6088 7.55827C14.8083 7.75773 15.0513 7.85746 15.3379 7.85746ZM7.67952 12.5376C7.96607 12.5376 8.20908 12.4378 8.40855 12.2384C8.60801 12.0389 8.70774 11.7959 8.70774 11.5093C8.70774 11.2228 8.60801 10.9798 8.40855 10.7803C8.20908 10.5808 7.96607 10.4811 7.67952 10.4811C7.39297 10.4811 7.14996 10.5808 6.95048 10.7803C6.75103 10.9798 6.65129 11.2228 6.65129 11.5093C6.65129 11.7959 6.75103 12.0389 6.95048 12.2384C7.14996 12.4378 7.39297 12.5376 7.67952 12.5376ZM15.3379 17.2177C15.6244 17.2177 15.8674 17.1179 16.0669 16.9185C16.2664 16.719 16.3661 16.476 16.3661 16.1894C16.3661 15.9029 16.2664 15.6599 16.0669 15.4604C15.8674 15.261 15.6244 15.1612 15.3379 15.1612C15.0513 15.1612 14.8083 15.261 14.6088 15.4604C14.4094 15.6599 14.3096 15.9029 14.3096 16.1894C14.3096 16.476 14.4094 16.719 14.6088 16.9185C14.8083 17.1179 15.0513 17.2177 15.3379 17.2177Z\" fill=\"currentColor\"\/>\n    <\/g>\n<\/svg>  \n  <span class=\"relative z-5 sr-only\">\n    \n  <\/span>\n\n  <\/button>\n          <div \n            :id=\"$id('tooltip')\" \n            x-show=\"tooltip\"\n            x-text=\"tooltip\"\n            class=\"absolute bg-black text-white rounded-md py-1 px-2 text-sm whitespace-nowrap left-1\/2 -translate-x-1\/2 -top-9\"\n          ><\/div>\n        <\/li>\n      <\/ul>\n    <\/div>\n\n  <\/section>\n","protected":false},"excerpt":{"rendered":"<p>Esta es la historia de c\u00f3mo cambi\u00f3 su vida y la de miles de mujeres. Imagina que pasas toda tu vida so\u00f1ando con ser m\u00e9dico. Te esfuerzas para poder estudiar medicina en la universidad, presentas y apruebas infinidad de ex\u00e1menes complejos, te grad\u00faas, empiezas a tratar pacientes, y luego, en un abrir y cerrar de &hellip; <a href=\"https:\/\/acumen.org\/es\/blog\/esta-doctora-pakistani-perdio-su-trabajo-cuando-quedo-embarazada\/\">Continuado<\/a><\/p>\n","protected":false},"author":[],"featured_media":7455,"comment_status":"open","ping_status":"closed","sticky":false,"template":"","format":"standard","meta":{"_acf_changed":false,"content-type":"","_relevanssi_hide_post":"","_relevanssi_hide_content":"","_relevanssi_pin_for_all":"","_relevanssi_pin_keywords":"","_relevanssi_unpin_keywords":"","_relevanssi_related_keywords":"","_relevanssi_related_include_ids":"","_relevanssi_related_exclude_ids":"","_relevanssi_related_no_append":"","_relevanssi_related_not_related":"","_relevanssi_related_posts":"560,606,580,10567,10817,607","_relevanssi_noindex_reason":"","footnotes":""},"categories":[178],"tags":[],"blog-type":[218],"problem":[],"region":[224],"year":[],"media-format":[213],"class_list":["post-10913","post","type-post","status-publish","format-standard","has-post-thumbnail","hentry","category-sin-categorizar"],"acf":[],"yoast_head":"<!-- This site is optimized with the Yoast SEO Premium plugin v27.5 (Yoast SEO v27.5) - https:\/\/yoast.com\/product\/yoast-seo-premium-wordpress\/ -->\n<title>Esta doctora pakistan\u00ed perdi\u00f3 su trabajo cuando qued\u00f3 embarazada - Acumen<\/title>\n<meta name=\"robots\" content=\"index, follow, max-snippet:-1, max-image-preview:large, max-video-preview:-1\" \/>\n<link rel=\"canonical\" href=\"https:\/\/acumen.org\/es\/blog\/esta-doctora-pakistani-perdio-su-trabajo-cuando-quedo-embarazada\/\" \/>\n<meta property=\"og:locale\" content=\"es_ES\" \/>\n<meta property=\"og:type\" content=\"article\" \/>\n<meta property=\"og:title\" content=\"Esta doctora pakistan\u00ed perdi\u00f3 su trabajo cuando qued\u00f3 embarazada\" \/>\n<meta property=\"og:description\" content=\"Esta es la historia de c\u00f3mo cambi\u00f3 su vida y la de miles de mujeres. Imagina que pasas toda tu vida so\u00f1ando con ser m\u00e9dico. Te esfuerzas para poder estudiar medicina en la universidad, presentas y apruebas infinidad de ex\u00e1menes complejos, te grad\u00faas, empiezas a tratar pacientes, y luego, en un abrir y cerrar de &hellip; Continuado\" \/>\n<meta property=\"og:url\" content=\"https:\/\/acumen.org\/es\/blog\/esta-doctora-pakistani-perdio-su-trabajo-cuando-quedo-embarazada\/\" \/>\n<meta property=\"og:site_name\" content=\"Acumen\" \/>\n<meta property=\"article:publisher\" content=\"https:\/\/www.facebook.com\/acumenfund\/\" \/>\n<meta property=\"article:published_time\" content=\"2018-08-21T23:41:56+00:00\" \/>\n<meta property=\"article:modified_time\" content=\"2025-05-13T18:05:29+00:00\" \/>\n<meta property=\"og:image\" content=\"https:\/\/acumen.org\/app\/uploads\/2024\/03\/41956227550_1dde9dc108_k.jpg\" \/>\n\t<meta property=\"og:image:width\" content=\"2048\" \/>\n\t<meta property=\"og:image:height\" content=\"1365\" \/>\n\t<meta property=\"og:image:type\" content=\"image\/jpeg\" \/>\n<meta name=\"author\" content=\"Acumen\" \/>\n<meta name=\"twitter:card\" content=\"summary_large_image\" \/>\n<meta name=\"twitter:creator\" content=\"@Acumen\" \/>\n<meta name=\"twitter:site\" content=\"@Acumen\" \/>\n<meta name=\"twitter:label1\" content=\"Escrito por\" \/>\n\t<meta name=\"twitter:data1\" content=\"Acumen\" \/>\n\t<meta name=\"twitter:label2\" content=\"Tiempo de lectura\" \/>\n\t<meta name=\"twitter:data2\" content=\"9 minutes\" \/>\n<script type=\"application\/ld+json\" class=\"yoast-schema-graph\">{\"@context\":\"https:\\\/\\\/schema.org\",\"@graph\":[{\"@type\":\"Article\",\"@id\":\"https:\\\/\\\/acumen.org\\\/es\\\/blog\\\/esta-doctora-pakistani-perdio-su-trabajo-cuando-quedo-embarazada\\\/#article\",\"isPartOf\":{\"@id\":\"https:\\\/\\\/acumen.org\\\/es\\\/blog\\\/esta-doctora-pakistani-perdio-su-trabajo-cuando-quedo-embarazada\\\/\"},\"author\":{\"name\":\"Acumen\",\"@id\":\"https:\\\/\\\/acumen.org\\\/es\\\/#\\\/schema\\\/person\\\/cc23269de4eed510141e42eae895c0dc\"},\"headline\":\"Esta doctora pakistan\u00ed perdi\u00f3 su trabajo cuando qued\u00f3 embarazada\",\"datePublished\":\"2018-08-21T23:41:56+00:00\",\"dateModified\":\"2025-05-13T18:05:29+00:00\",\"mainEntityOfPage\":{\"@id\":\"https:\\\/\\\/acumen.org\\\/es\\\/blog\\\/esta-doctora-pakistani-perdio-su-trabajo-cuando-quedo-embarazada\\\/\"},\"wordCount\":1852,\"commentCount\":0,\"publisher\":{\"@id\":\"https:\\\/\\\/acumen.org\\\/es\\\/#organization\"},\"image\":{\"@id\":\"https:\\\/\\\/acumen.org\\\/es\\\/blog\\\/esta-doctora-pakistani-perdio-su-trabajo-cuando-quedo-embarazada\\\/#primaryimage\"},\"thumbnailUrl\":\"https:\\\/\\\/acumen.org\\\/wp-content\\\/uploads\\\/2024\\\/03\\\/41956227550_1dde9dc108_k.jpg\",\"articleSection\":[\"Sin categorizar\"],\"inLanguage\":\"es-ES\",\"potentialAction\":[{\"@type\":\"CommentAction\",\"name\":\"Comment\",\"target\":[\"https:\\\/\\\/acumen.org\\\/es\\\/blog\\\/esta-doctora-pakistani-perdio-su-trabajo-cuando-quedo-embarazada\\\/#respond\"]}]},{\"@type\":\"WebPage\",\"@id\":\"https:\\\/\\\/acumen.org\\\/es\\\/blog\\\/esta-doctora-pakistani-perdio-su-trabajo-cuando-quedo-embarazada\\\/\",\"url\":\"https:\\\/\\\/acumen.org\\\/es\\\/blog\\\/esta-doctora-pakistani-perdio-su-trabajo-cuando-quedo-embarazada\\\/\",\"name\":\"Esta doctora pakistan\u00ed perdi\u00f3 su trabajo cuando qued\u00f3 embarazada - Acumen\",\"isPartOf\":{\"@id\":\"https:\\\/\\\/acumen.org\\\/es\\\/#website\"},\"primaryImageOfPage\":{\"@id\":\"https:\\\/\\\/acumen.org\\\/es\\\/blog\\\/esta-doctora-pakistani-perdio-su-trabajo-cuando-quedo-embarazada\\\/#primaryimage\"},\"image\":{\"@id\":\"https:\\\/\\\/acumen.org\\\/es\\\/blog\\\/esta-doctora-pakistani-perdio-su-trabajo-cuando-quedo-embarazada\\\/#primaryimage\"},\"thumbnailUrl\":\"https:\\\/\\\/acumen.org\\\/wp-content\\\/uploads\\\/2024\\\/03\\\/41956227550_1dde9dc108_k.jpg\",\"datePublished\":\"2018-08-21T23:41:56+00:00\",\"dateModified\":\"2025-05-13T18:05:29+00:00\",\"breadcrumb\":{\"@id\":\"https:\\\/\\\/acumen.org\\\/es\\\/blog\\\/esta-doctora-pakistani-perdio-su-trabajo-cuando-quedo-embarazada\\\/#breadcrumb\"},\"inLanguage\":\"es-ES\",\"potentialAction\":[{\"@type\":\"ReadAction\",\"target\":[\"https:\\\/\\\/acumen.org\\\/es\\\/blog\\\/esta-doctora-pakistani-perdio-su-trabajo-cuando-quedo-embarazada\\\/\"]}]},{\"@type\":\"ImageObject\",\"inLanguage\":\"es-ES\",\"@id\":\"https:\\\/\\\/acumen.org\\\/es\\\/blog\\\/esta-doctora-pakistani-perdio-su-trabajo-cuando-quedo-embarazada\\\/#primaryimage\",\"url\":\"https:\\\/\\\/acumen.org\\\/wp-content\\\/uploads\\\/2024\\\/03\\\/41956227550_1dde9dc108_k.jpg\",\"contentUrl\":\"https:\\\/\\\/acumen.org\\\/wp-content\\\/uploads\\\/2024\\\/03\\\/41956227550_1dde9dc108_k.jpg\",\"width\":2048,\"height\":1365},{\"@type\":\"BreadcrumbList\",\"@id\":\"https:\\\/\\\/acumen.org\\\/es\\\/blog\\\/esta-doctora-pakistani-perdio-su-trabajo-cuando-quedo-embarazada\\\/#breadcrumb\",\"itemListElement\":[{\"@type\":\"ListItem\",\"position\":1,\"name\":\"Home\",\"item\":\"https:\\\/\\\/acumen.org\\\/es\\\/\"},{\"@type\":\"ListItem\",\"position\":2,\"name\":\"Esta doctora pakistan\u00ed perdi\u00f3 su trabajo cuando qued\u00f3 embarazada\"}]},{\"@type\":\"WebSite\",\"@id\":\"https:\\\/\\\/acumen.org\\\/es\\\/#website\",\"url\":\"https:\\\/\\\/acumen.org\\\/es\\\/\",\"name\":\"Acumen\",\"description\":\"\",\"publisher\":{\"@id\":\"https:\\\/\\\/acumen.org\\\/es\\\/#organization\"},\"potentialAction\":[{\"@type\":\"SearchAction\",\"target\":{\"@type\":\"EntryPoint\",\"urlTemplate\":\"https:\\\/\\\/acumen.org\\\/es\\\/?s={search_term_string}\"},\"query-input\":{\"@type\":\"PropertyValueSpecification\",\"valueRequired\":true,\"valueName\":\"search_term_string\"}}],\"inLanguage\":\"es-ES\"},{\"@type\":\"Organization\",\"@id\":\"https:\\\/\\\/acumen.org\\\/es\\\/#organization\",\"name\":\"Acumen\",\"url\":\"https:\\\/\\\/acumen.org\\\/es\\\/\",\"logo\":{\"@type\":\"ImageObject\",\"inLanguage\":\"es-ES\",\"@id\":\"https:\\\/\\\/acumen.org\\\/es\\\/#\\\/schema\\\/logo\\\/image\\\/\",\"url\":\"https:\\\/\\\/acumen.org\\\/app\\\/uploads\\\/2021\\\/03\\\/Acumen.png\",\"contentUrl\":\"https:\\\/\\\/acumen.org\\\/app\\\/uploads\\\/2021\\\/03\\\/Acumen.png\",\"width\":3334,\"height\":2480,\"caption\":\"Acumen\"},\"image\":{\"@id\":\"https:\\\/\\\/acumen.org\\\/es\\\/#\\\/schema\\\/logo\\\/image\\\/\"},\"sameAs\":[\"https:\\\/\\\/www.facebook.com\\\/acumenfund\\\/\",\"https:\\\/\\\/x.com\\\/Acumen\",\"https:\\\/\\\/www.instagram.com\\\/acumenorg\\\/\",\"https:\\\/\\\/www.linkedin.com\\\/company\\\/acumen-fund\\\/\",\"https:\\\/\\\/www.youtube.com\\\/channel\\\/UCpuoLfl6gZl2jDa8lAlC8YQ\"],\"description\":\"We invest across the capital continuum to help transformational companies grow from seed to scale. acumen invests patient capital in business models that deliver critical, affordable goods and services to the world's poor, improving the lives of millions. Since 2001, Acumen has invested in businesses that provide access to healthcare, energy, education, water & sanitation, housing, financial services, and agricultural services to low-income customers. Our investments are addressing the problems of poverty in East and West Africa, South Asia, Latin America, and the United States.\",\"telephone\":\"1-212-566-8821\",\"legalName\":\"Acumen Fund, Inc.\",\"taxID\":\"13-4166228\",\"ownershipFundingInfo\":\"https:\\\/\\\/acumen.org\\\/financials\\\/\",\"ethicsPolicy\":\"https:\\\/\\\/acumen.org\\\/anti-corruption-policy\\\/\"},{\"@type\":\"Person\",\"@id\":\"https:\\\/\\\/acumen.org\\\/es\\\/#\\\/schema\\\/person\\\/cc23269de4eed510141e42eae895c0dc\",\"name\":\"Acumen\",\"image\":{\"@type\":\"ImageObject\",\"inLanguage\":\"es-ES\",\"@id\":\"https:\\\/\\\/secure.gravatar.com\\\/avatar\\\/44f8fbe9133793fb949c95942f8d9143ecb31b1d9d2c362c7f6f76de0e43d5ba?s=96&d=mm&r=g\",\"url\":\"https:\\\/\\\/secure.gravatar.com\\\/avatar\\\/44f8fbe9133793fb949c95942f8d9143ecb31b1d9d2c362c7f6f76de0e43d5ba?s=96&d=mm&r=g\",\"contentUrl\":\"https:\\\/\\\/secure.gravatar.com\\\/avatar\\\/44f8fbe9133793fb949c95942f8d9143ecb31b1d9d2c362c7f6f76de0e43d5ba?s=96&d=mm&r=g\",\"caption\":\"Acumen\"}}]}<\/script>\n<!-- \/ Yoast SEO Premium plugin. -->","yoast_head_json":{"title":"Esta doctora pakistan\u00ed perdi\u00f3 su trabajo cuando qued\u00f3 embarazada - Acumen","robots":{"index":"index","follow":"follow","max-snippet":"max-snippet:-1","max-image-preview":"max-image-preview:large","max-video-preview":"max-video-preview:-1"},"canonical":"https:\/\/acumen.org\/es\/blog\/esta-doctora-pakistani-perdio-su-trabajo-cuando-quedo-embarazada\/","og_locale":"es_ES","og_type":"article","og_title":"Esta doctora pakistan\u00ed perdi\u00f3 su trabajo cuando qued\u00f3 embarazada","og_description":"Esta es la historia de c\u00f3mo cambi\u00f3 su vida y la de miles de mujeres. Imagina que pasas toda tu vida so\u00f1ando con ser m\u00e9dico. Te esfuerzas para poder estudiar medicina en la universidad, presentas y apruebas infinidad de ex\u00e1menes complejos, te grad\u00faas, empiezas a tratar pacientes, y luego, en un abrir y cerrar de &hellip; Continuado","og_url":"https:\/\/acumen.org\/es\/blog\/esta-doctora-pakistani-perdio-su-trabajo-cuando-quedo-embarazada\/","og_site_name":"Acumen","article_publisher":"https:\/\/www.facebook.com\/acumenfund\/","article_published_time":"2018-08-21T23:41:56+00:00","article_modified_time":"2025-05-13T18:05:29+00:00","og_image":[{"width":2048,"height":1365,"url":"https:\/\/acumen.org\/app\/uploads\/2024\/03\/41956227550_1dde9dc108_k.jpg","type":"image\/jpeg"}],"author":"Acumen","twitter_card":"summary_large_image","twitter_creator":"@Acumen","twitter_site":"@Acumen","twitter_misc":{"Escrito por":"Acumen","Tiempo de lectura":"9 minutes"},"schema":{"@context":"https:\/\/schema.org","@graph":[{"@type":"Article","@id":"https:\/\/acumen.org\/es\/blog\/esta-doctora-pakistani-perdio-su-trabajo-cuando-quedo-embarazada\/#article","isPartOf":{"@id":"https:\/\/acumen.org\/es\/blog\/esta-doctora-pakistani-perdio-su-trabajo-cuando-quedo-embarazada\/"},"author":{"name":"Acumen","@id":"https:\/\/acumen.org\/es\/#\/schema\/person\/cc23269de4eed510141e42eae895c0dc"},"headline":"Esta doctora pakistan\u00ed perdi\u00f3 su trabajo cuando qued\u00f3 embarazada","datePublished":"2018-08-21T23:41:56+00:00","dateModified":"2025-05-13T18:05:29+00:00","mainEntityOfPage":{"@id":"https:\/\/acumen.org\/es\/blog\/esta-doctora-pakistani-perdio-su-trabajo-cuando-quedo-embarazada\/"},"wordCount":1852,"commentCount":0,"publisher":{"@id":"https:\/\/acumen.org\/es\/#organization"},"image":{"@id":"https:\/\/acumen.org\/es\/blog\/esta-doctora-pakistani-perdio-su-trabajo-cuando-quedo-embarazada\/#primaryimage"},"thumbnailUrl":"https:\/\/acumen.org\/wp-content\/uploads\/2024\/03\/41956227550_1dde9dc108_k.jpg","articleSection":["Sin categorizar"],"inLanguage":"es-ES","potentialAction":[{"@type":"CommentAction","name":"Comment","target":["https:\/\/acumen.org\/es\/blog\/esta-doctora-pakistani-perdio-su-trabajo-cuando-quedo-embarazada\/#respond"]}]},{"@type":"WebPage","@id":"https:\/\/acumen.org\/es\/blog\/esta-doctora-pakistani-perdio-su-trabajo-cuando-quedo-embarazada\/","url":"https:\/\/acumen.org\/es\/blog\/esta-doctora-pakistani-perdio-su-trabajo-cuando-quedo-embarazada\/","name":"Esta doctora pakistan\u00ed perdi\u00f3 su trabajo cuando qued\u00f3 embarazada - Acumen","isPartOf":{"@id":"https:\/\/acumen.org\/es\/#website"},"primaryImageOfPage":{"@id":"https:\/\/acumen.org\/es\/blog\/esta-doctora-pakistani-perdio-su-trabajo-cuando-quedo-embarazada\/#primaryimage"},"image":{"@id":"https:\/\/acumen.org\/es\/blog\/esta-doctora-pakistani-perdio-su-trabajo-cuando-quedo-embarazada\/#primaryimage"},"thumbnailUrl":"https:\/\/acumen.org\/wp-content\/uploads\/2024\/03\/41956227550_1dde9dc108_k.jpg","datePublished":"2018-08-21T23:41:56+00:00","dateModified":"2025-05-13T18:05:29+00:00","breadcrumb":{"@id":"https:\/\/acumen.org\/es\/blog\/esta-doctora-pakistani-perdio-su-trabajo-cuando-quedo-embarazada\/#breadcrumb"},"inLanguage":"es-ES","potentialAction":[{"@type":"ReadAction","target":["https:\/\/acumen.org\/es\/blog\/esta-doctora-pakistani-perdio-su-trabajo-cuando-quedo-embarazada\/"]}]},{"@type":"ImageObject","inLanguage":"es-ES","@id":"https:\/\/acumen.org\/es\/blog\/esta-doctora-pakistani-perdio-su-trabajo-cuando-quedo-embarazada\/#primaryimage","url":"https:\/\/acumen.org\/wp-content\/uploads\/2024\/03\/41956227550_1dde9dc108_k.jpg","contentUrl":"https:\/\/acumen.org\/wp-content\/uploads\/2024\/03\/41956227550_1dde9dc108_k.jpg","width":2048,"height":1365},{"@type":"BreadcrumbList","@id":"https:\/\/acumen.org\/es\/blog\/esta-doctora-pakistani-perdio-su-trabajo-cuando-quedo-embarazada\/#breadcrumb","itemListElement":[{"@type":"ListItem","position":1,"name":"Home","item":"https:\/\/acumen.org\/es\/"},{"@type":"ListItem","position":2,"name":"Esta doctora pakistan\u00ed perdi\u00f3 su trabajo cuando qued\u00f3 embarazada"}]},{"@type":"WebSite","@id":"https:\/\/acumen.org\/es\/#website","url":"https:\/\/acumen.org\/es\/","name":"Acumen","description":"","publisher":{"@id":"https:\/\/acumen.org\/es\/#organization"},"potentialAction":[{"@type":"SearchAction","target":{"@type":"EntryPoint","urlTemplate":"https:\/\/acumen.org\/es\/?s={search_term_string}"},"query-input":{"@type":"PropertyValueSpecification","valueRequired":true,"valueName":"search_term_string"}}],"inLanguage":"es-ES"},{"@type":"Organization","@id":"https:\/\/acumen.org\/es\/#organization","name":"Acumen","url":"https:\/\/acumen.org\/es\/","logo":{"@type":"ImageObject","inLanguage":"es-ES","@id":"https:\/\/acumen.org\/es\/#\/schema\/logo\/image\/","url":"https:\/\/acumen.org\/app\/uploads\/2021\/03\/Acumen.png","contentUrl":"https:\/\/acumen.org\/app\/uploads\/2021\/03\/Acumen.png","width":3334,"height":2480,"caption":"Acumen"},"image":{"@id":"https:\/\/acumen.org\/es\/#\/schema\/logo\/image\/"},"sameAs":["https:\/\/www.facebook.com\/acumenfund\/","https:\/\/x.com\/Acumen","https:\/\/www.instagram.com\/acumenorg\/","https:\/\/www.linkedin.com\/company\/acumen-fund\/","https:\/\/www.youtube.com\/channel\/UCpuoLfl6gZl2jDa8lAlC8YQ"],"description":"We invest across the capital continuum to help transformational companies grow from seed to scale. acumen invests patient capital in business models that deliver critical, affordable goods and services to the world's poor, improving the lives of millions. Since 2001, Acumen has invested in businesses that provide access to healthcare, energy, education, water & sanitation, housing, financial services, and agricultural services to low-income customers. Our investments are addressing the problems of poverty in East and West Africa, South Asia, Latin America, and the United States.","telephone":"1-212-566-8821","legalName":"Acumen Fund, Inc.","taxID":"13-4166228","ownershipFundingInfo":"https:\/\/acumen.org\/financials\/","ethicsPolicy":"https:\/\/acumen.org\/anti-corruption-policy\/"},{"@type":"Person","@id":"https:\/\/acumen.org\/es\/#\/schema\/person\/cc23269de4eed510141e42eae895c0dc","name":"Acumen","image":{"@type":"ImageObject","inLanguage":"es-ES","@id":"https:\/\/secure.gravatar.com\/avatar\/44f8fbe9133793fb949c95942f8d9143ecb31b1d9d2c362c7f6f76de0e43d5ba?s=96&d=mm&r=g","url":"https:\/\/secure.gravatar.com\/avatar\/44f8fbe9133793fb949c95942f8d9143ecb31b1d9d2c362c7f6f76de0e43d5ba?s=96&d=mm&r=g","contentUrl":"https:\/\/secure.gravatar.com\/avatar\/44f8fbe9133793fb949c95942f8d9143ecb31b1d9d2c362c7f6f76de0e43d5ba?s=96&d=mm&r=g","caption":"Acumen"}}]}},"_links":{"self":[{"href":"https:\/\/acumen.org\/es\/wp-json\/wp\/v2\/posts\/10913","targetHints":{"allow":["GET"]}}],"collection":[{"href":"https:\/\/acumen.org\/es\/wp-json\/wp\/v2\/posts"}],"about":[{"href":"https:\/\/acumen.org\/es\/wp-json\/wp\/v2\/types\/post"}],"author":[{"embeddable":true,"href":"https:\/\/acumen.org\/es\/wp-json\/wp\/v2\/users\/30"}],"replies":[{"embeddable":true,"href":"https:\/\/acumen.org\/es\/wp-json\/wp\/v2\/comments?post=10913"}],"version-history":[{"count":0,"href":"https:\/\/acumen.org\/es\/wp-json\/wp\/v2\/posts\/10913\/revisions"}],"wp:featuredmedia":[{"embeddable":true,"href":"https:\/\/acumen.org\/es\/wp-json\/wp\/v2\/media\/7455"}],"wp:attachment":[{"href":"https:\/\/acumen.org\/es\/wp-json\/wp\/v2\/media?parent=10913"}],"wp:term":[{"taxonomy":"category","embeddable":true,"href":"https:\/\/acumen.org\/es\/wp-json\/wp\/v2\/categories?post=10913"},{"taxonomy":"post_tag","embeddable":true,"href":"https:\/\/acumen.org\/es\/wp-json\/wp\/v2\/tags?post=10913"},{"taxonomy":"blog-type","embeddable":true,"href":"https:\/\/acumen.org\/es\/wp-json\/wp\/v2\/blog-type?post=10913"},{"taxonomy":"problem-tax","embeddable":true,"href":"https:\/\/acumen.org\/es\/wp-json\/wp\/v2\/problem?post=10913"},{"taxonomy":"region-tax","embeddable":true,"href":"https:\/\/acumen.org\/es\/wp-json\/wp\/v2\/region?post=10913"},{"taxonomy":"acumen-year","embeddable":true,"href":"https:\/\/acumen.org\/es\/wp-json\/wp\/v2\/year?post=10913"},{"taxonomy":"post-author","embeddable":true,"href":"https:\/\/acumen.org\/es\/wp-json\/wp\/v2\/author?post=10913"},{"taxonomy":"media-format","embeddable":true,"href":"https:\/\/acumen.org\/es\/wp-json\/wp\/v2\/media-format?post=10913"}],"curies":[{"name":"wp","href":"https:\/\/api.w.org\/{rel}","templated":true}]}}