{"id":12141,"date":"2020-08-26T16:11:13","date_gmt":"2020-08-26T20:11:13","guid":{"rendered":"https:\/\/acumenbw.wpenginepowered.com\/blog\/politica-de-tratamiento-de-datos-personales\/"},"modified":"2025-05-13T13:24:08","modified_gmt":"2025-05-13T17:24:08","slug":"politica-de-tratamiento-de-datos-personales","status":"publish","type":"post","link":"https:\/\/acumen.org\/es\/blog\/politica-de-tratamiento-de-datos-personales\/","title":{"rendered":"POLITICA DE TRATAMIENTO DE DATOS PERSONALES"},"content":{"rendered":"\n<p>Pol\u00edtica de tratamiento de los datos personales que son almacenados y utilizados por ACUMEN FUND INC En cumplimiento de la ley 1581 de 2012 y los par\u00e1metros de la superintendencia de industria y comercio.<\/p>\n\n\n\n<p><strong>ACUMEN. [POLITICA DE TRATAMIENTO DE DATOS PERSONALES]<\/strong><\/p>\n\n\n\n<p>Pol\u00edtica de tratamiento de los datos personales que son almacenados y utilizados por ACUMEN FUND INC En cumplimiento de la ley 1581 de 2012 y los par\u00e1metros de la superintendencia de industria y comercio.<\/p>\n\n\n\n<p><strong>Introducci\u00f3n<\/strong><\/p>\n\n\n\n<p>En Acumen Fund, Inc., (en adelante Acumen) entendemos y agradecemos que su decisi\u00f3n de elegirnos para su inversi\u00f3n filantr\u00f3pica sea una expresi\u00f3n de confianza. Usted conf\u00eda en nosotros con su donaci\u00f3n y conf\u00eda en que nosotros mantenemos segura cualquier informaci\u00f3n que obtengamos de usted o sobre usted. Entendemos que la privacidad es importante, y estamos firmemente comprometidos con proteger la privacidad de nuestros inversionistas actuales y potenciales, as\u00ed como de los visitantes de nuestro Portal de Internet.<\/p>\n\n\n\n<p>Acumen en desarrollo de su objeto social y en cumplimiento de sus deberes legales, act\u00faa como responsable del tratamiento de la informaci\u00f3n personal de sus empleados, proveedores, donadores, inversiones en las empresas de portafolio, Fellows program, usuarios de nuestras plataformas y en general de personas naturales con las cuales tiene alguna relaci\u00f3n.<\/p>\n\n\n\n<p><strong>Normatividad aplicable<\/strong><\/p>\n\n\n\n<ul class=\"wp-block-list\">\n<li>\u2013 &nbsp;Art\u00edculo 15 de la constituci\u00f3n pol\u00edtica de Colombia,<\/li>\n\n\n\n<li>\u2013 &nbsp;Ley 1581 de 2012.<\/li>\n\n\n\n<li>\u2013 &nbsp;Decreto 1377 de 2013. con el fin de dar cumplimiento a la normatividad vigente, Acumen elaboro la presente pol\u00edtica de datos personales, con el objetivo de formular y mantener controles, directrices y garant\u00edas legales aplicables para el procedimiento de recolecci\u00f3n, tratamiento, uso, circulaci\u00f3n y supresi\u00f3n de datos personales. <strong>Pol\u00edtica de tratamiento de informaci\u00f3n<\/strong> Acumen, se compromete con el cumplimiento de las disposiciones establecidas por la ley, relacionadas con la protecci\u00f3n de datos, con el fin de respetar y garantizar los derechos de habeas data, libertad, autodeterminaci\u00f3n inform\u00e1tica, intimidad, entre otros, de los titulares de la informaci\u00f3n personal de tipo privado o sensible. Acumen podr\u00e1 autorizar, actualizar, corregir o rectificar el uso y tratamiento de esta. 1. Objetivo Establecer las medidas relacionadas con el tratamiento y protecci\u00f3n de datos personales, en t\u00e9rminos de recolecci\u00f3n, uso, almacenamiento, actualizaci\u00f3n y supresi\u00f3n, teniendo como base las disposiciones recogidas en la ley 1581 de 2012 y normas concordantes, de manera que se garantice y protejan los derechos de las personas naturales que suministren sus datos personales en los casos en los que sean requeridos.<\/li>\n<\/ul>\n\n\n\n<ol class=\"wp-block-list\" start=\"2\">\n<li>Alcance: Esta pol\u00edtica aplica para toda la informaci\u00f3n personal registrada en las bases de datos de ACUMEN., quien act\u00faa en calidad de responsable del tratamiento de los datos personales.<\/li>\n\n\n\n<li>Desarrollo de la pol\u00edtica Acumen. Incorpora en todas sus actuaciones el respeto por la protecci\u00f3n de datos personales. Acumen solicitar\u00e1 desde el ingreso del dato su correspondiente autorizaci\u00f3n para el uso de informaci\u00f3n para las finalidades propias del objeto social de Acumen. Acumen implementara estrategias y acciones necesarias para efectividad al derecho consagrado en la ley estatutaria 1581 de 2012. Acumen dar\u00e1 a conocer a todos sus usuarios los derechos que se derivan de la protecci\u00f3n de datos personales.<\/li>\n\n\n\n<li>Principios aplicables: estos ser\u00e1n los principios que se aplicar\u00e1n para el tratamiento y protecci\u00f3n de los datos personales que se recolecten para el desarrollo de la actividad de Acumen, sujet\u00e1ndose a las disposiciones establecidas por la ley 1581 de 2012. a. PRINCIPIO DE LEGALIDAD: El Tratamiento a que se refiere la presente ley es una actividad reglada que debe sujetarse a lo establecido en ella y en las dem\u00e1s disposiciones que la desarrollen.<br>b. PRINCIPIO DE LIBERTAD: El consentimiento manifestado por el titular de los datos para su tratamiento debe ser libre, expreso, previo e informado. Es necesario comunicar con claridad los usos de los datos suministrados. La autorizaci\u00f3n debe ser la regla general para el manejo de datos personales.<br>c. PRINCIPIO DE FINALIDAD: El Tratamiento debe obedecer a una finalidad leg\u00edtima de acuerdo con la Constituci\u00f3n y la Ley, la cual debe ser informada al Titular.<br>d. PRINCIPIO DE VERACIDAD: Los datos registrados en la base de datos deben ser veraces y corresponder a la realidad. No est\u00e1 permitido administrar datos falsos. El responsable del tratamiento de datos debe garantizar la actualizaci\u00f3n permanente de la base.<br>e. PRINCIPIO DE TRANSPARENCIA: En el Tratamiento debe garantizarse el derecho del Titular a obtener del responsable del tratamiento o del encargado del tratamiento, en cualquier momento y sin restricciones, informaci\u00f3n acerca de la existencia de datos que le conciernan.<br>f. PRINCIPIO DE ACCESO Y CIRCULACI\u00d3N RESTRINGIDA: El Tratamiento se sujeta a los l\u00edmites que se derivan de la naturaleza de los datos personales, de las disposiciones de la presente ley y la Constituci\u00f3n. En este sentido, el Tratamiento s\u00f3lo podr\u00e1 hacerse por personas autorizadas por el Titular y\/o por las personas previstas en la presente ley. Los datos personales, salvo la informaci\u00f3n p\u00fablica, no podr\u00e1n estar disponibles en Internet u otros medios de divulgaci\u00f3n o comunicaci\u00f3n masiva, salvo que el acceso sea t\u00e9cnicamente controlable para brindar un conocimiento restringido s\u00f3lo a los Titulares o terceros autorizados conforme a la presente ley. g. PRINCIPIO DE SEGURIDAD: La informaci\u00f3n sujeta a tratamiento por el responsable del tratamiento o encargado del tratamiento a que se refiere la presente ley, se deber\u00e1 manejar con las medidas t\u00e9cnicas, humanas y administrativas que sean necesarias para otorgar seguridad a los registros evitando su adulteraci\u00f3n, p\u00e9rdida, consulta, uso o acceso no autorizado o fraudulento.<br>h. PRINCIPIO DE CONFIDENCIALIDAD: Todas las personas que intervengan en el Tratamiento de datos personales que no tengan la naturaleza de p\u00fablicos est\u00e1n obligadas a garantizar la reserva de la informaci\u00f3n, inclusive despu\u00e9s de finalizada su relaci\u00f3n con alguna de las labores que comprende el Tratamiento, pudiendo s\u00f3lo realizar suministro o comunicaci\u00f3n de datos personales cuando ello corresponda al desarrollo de las actividades autorizadas en la presente ley y en los t\u00e9rminos de la misma.<\/li>\n\n\n\n<li>Autorizaci\u00f3n para el tratamiento de datos personales<br>La autorizaci\u00f3n para el tratamiento de datos personales ser\u00e1 la regla general para la recolecci\u00f3n y manejo de estos, esta deber\u00e1 ser manifestada por el TITULAR a trav\u00e9s de consentimiento expreso, libre e informado y por escrito.<\/li>\n<\/ol>\n\n\n\n<ol class=\"wp-block-list\">\n<li>\u201cautorizaci\u00f3n manejo de datos personales\u201c,la cual se dar\u00e1 a conocera los titulares de la informaci\u00f3n privada o sensible, a trav\u00e9s de correo electr\u00f3nico o en documento f\u00edsico de acuerdo con la necesidad.<\/li>\n\n\n\n<li>Formato de autorizaci\u00f3n para el tratamiento de datos personales. Las autorizaciones ser\u00e1n almacenadas por el responsable designado por el gerente, teniendo en cuenta los tiempos de retenci\u00f3n establecidos para cada caso en el presente manual. Seg\u00fan la ley 1581 de 2012, se excluir\u00e1 la aplicaci\u00f3n de los formatos de autorizaci\u00f3n establecidos al interior de la organizaci\u00f3n en los siguientes casos:\n<ol class=\"wp-block-list\">\n<li>La informaci\u00f3n sea requerida por una entidad p\u00fablica o administrativa en ejercicio de sus funciones legales o por orden judicial.<\/li>\n\n\n\n<li>Cuando se trate de datos de naturaleza p\u00fablica.<\/li>\n\n\n\n<li>En casos de emergencia m\u00e9dica o sanitaria.<\/li>\n\n\n\n<li>Para tratamiento de informaci\u00f3n autorizado con fines hist\u00f3ricos, estad\u00edsticos o cient\u00edficos.<\/li>\n\n\n\n<li>Datos relacionados con el registro civil de las personas.<\/li>\n<\/ol>\n<\/li>\n<\/ol>\n\n\n\n<p>6. Tratamiento y finalidades<\/p>\n\n\n\n<p>Acumen se compromete a dar un tratamiento adecuado a los datos que sean recolectados en el proceso de selecci\u00f3n de personal y en el desarrollo de la relaci\u00f3n laboral, tanto para la selecci\u00f3n como su eliminaci\u00f3n en procesos no exitosos y la conservaci\u00f3n de informaci\u00f3n para los contratos laborales seg\u00fan lo exija la ley, utilizando el formato de autorizaci\u00f3n correspondiente.<\/p>\n\n\n\n<p>a. Para los contratos laborales vigentes, la finalidad esencial de la presente autorizaci\u00f3n ser\u00e1 direcci\u00f3n, tel\u00e9fono, perfil socio demogr\u00e1fico, historias cl\u00ednicas ocupacionales (ex\u00e1menes de ingreso y ocupacionales), afiliaciones y autoliquidaci\u00f3n de pagos al sistema general de seguridad social, as\u00ed como la cuenta bancaria de nuestros funcionarios para el pago de salarios, incentivos y\/o otros. La autorizaci\u00f3n para retener la informaci\u00f3n tendr\u00e1 efectos hasta cinco a\u00f1os luego de finalizarse el contrato de trabajo, con el fin de evidenciar el cumplimiento de las obligaciones derivadas de la relaci\u00f3n laboral por requerimiento del titular, orden judicial o de autoridad competente.<\/p>\n\n\n\n<ol class=\"wp-block-list\">\n<li>La informaci\u00f3n reposar\u00e1 en la carpeta designada para cada trabajador en el Sistema de gesti\u00f3n y seguridad en el trabajo (SGSST) y s\u00f3lo podr\u00e1 ser consultada por el titular o el personal encargado por el \u00e1rea de recurso humano.<\/li>\n\n\n\n<li>Datos de Proveedores o prestaci\u00f3n de servicios profesionales: En el marco de la relaci\u00f3n comercial constituida con un proveedor persona natural para el suministro de bienes y\/o servicios, el Gerente o el responsable designado, solicitar\u00e1n \u00fanicamente los documentos necesarios para la causaci\u00f3n contable y el c\u00e1lculo de los impuestos. Es decir, RUT, factura o cuenta de cobro, n\u00famero de cuenta bancaria para realizar transferencias y planilla de aportes a la seguridad social cuando aplique. Esta informaci\u00f3n se archivar\u00e1 en el lugar destinado para tal fin y de acuerdo con los requisitos de ley.<\/li>\n\n\n\n<li>Datos de donadores: Si usted hace una donaci\u00f3n, Acumen le solicitar\u00e1 los siguientes datos personales: nombre, direcci\u00f3n, tel\u00e9fono, y direcci\u00f3n de correo electr\u00f3nico. Solicitamos esa informaci\u00f3n para facilitar su donaci\u00f3n y comunicarnos con usted al respecto. Adem\u00e1s, podemos utilizar esta informaci\u00f3n para actualizarlo sobre el trabajo de Acumen y para solicitar su asistencia a eventos, como nuestra asamblea de inversionistas, para aumentar su conocimiento de las inversiones de Acumen, para mejorar nuestros esfuerzos de mercadeo y promoci\u00f3n, y para responder cualquier pregunta que usted pueda tener. A menos que usted especifique que un obsequio es \u201can\u00f3nimo\u201d o de alguna otra manera solicite que su nombre no aparezca en la lista, su nombre estar\u00e1 presente como nuestro socio en nuestro Portal de Internet, folletos y dem\u00e1s material, para reconocer la generosidad de aquellos que apoyan a Acumen. No vendemos ni alquilamos nuestras listas de donantes a nadie. Tampoco compartimos sus Datos Personales con terceros, que no sean proveedores de servicios que empleamos, para realizar funciones a nuestro nombre, tales como enviar correo postal y correo electr\u00f3nico, procesar pagos con tarjetas de cr\u00e9dito y organizar eventos, espec\u00edficamente dise\u00f1ados para mantenerlo al tanto de las actividades de Acumen. Estas empresas e individuos tienen acceso a los Datos Personales que se necesitan para realizar sus funciones, pero no est\u00e1n autorizadas para usarlos para ning\u00fan otro fin.<\/li>\n<\/ol>\n\n\n\n<ol class=\"wp-block-list\" start=\"4\">\n<li>Inversiones:Acumen,comoresponsabledeltratamientodelosdatos solicitar\u00e1 a las empresas prospecto de inversi\u00f3n (en adelante empresas de portafolio) la siguiente informaci\u00f3n: persona de contacto dentro de la compa\u00f1\u00eda, tel\u00e9fonos, direcci\u00f3n f\u00edsica, direcci\u00f3n electr\u00f3nica, cuenta bancaria, historia de la compa\u00f1\u00eda, modelo de negocio, la producci\u00f3n e infraestructura, marketing y estrategia de distribuci\u00f3n, principales competidores, informaci\u00f3n financiera, impacto social, riesgos y equipo directivo. La finalidad de la informaci\u00f3n solicitada por Acumen es \u00fanica y exclusivamente para la toma de decisiones sobre la inversi\u00f3n que se har\u00e1, estos datos nunca son compartidos con terceros para ning\u00fan fin, y en ninguna circunstancia.<\/li>\n\n\n\n<li>Para el programa de \u201cFellows\u201d Acumen solicita la siguiente informaci\u00f3n: Nombre, correo, edad, zona de residencia y direcci\u00f3n. Estos datos son diligenciados en un documento privado tipo encuesta diligenciado por el aplicante- desarrollado por la plataforma Form Assembly y Survey Monkey- Estos datos se piden con la finalidad de hacer un seguimiento a las personas interesadas en nuestro trabajo, y hacer una preselecci\u00f3n de aquellos interesados en participar de nuestros programas acad\u00e9micos.<\/li>\n\n\n\n<li>Para nuestra p\u00e1gina web, https:\/\/www.acumenacademy.org\/ los datos que pedimos son: nombre, apellido y correo electr\u00f3nico, usuario, preguntas de seguridad, contrase\u00f1a, genero, ciudad de residencia, pa\u00eds, empleador, porque est\u00e1n interesados en nuestro curso, edad, nivel de educaci\u00f3n y sector de empleo, los \u00faltimos cuatro d\u00edgitos de la tarjeta de cr\u00e9dito, y otra informaci\u00f3n relevante y relacionada con los pagos de bienes y servicios, datos relacionados con el uso de tu internet, como: tu direcci\u00f3n de IP, estad\u00edsticas de las p\u00e1ginas que visitas, acceso a internet, datos de anuncios, acceso a se\u00f1a telef\u00f3nica, historial de navegaci\u00f3n, informaci\u00f3n de web y URL de referencia, bit\u00e1cora de conexi\u00f3n, informaci\u00f3n de locaci\u00f3n. La finalidad con la que se recolectan estos datos son: (1) para responder a preguntar y requerimientos, as\u00ed como mantener un seguimiento del soporte y los servicios requeridos por nuestros usuarios, (2) para proporcionar los servicios y caracter\u00edsticas de nuestro sitio web, (3) para el mantenimiento y continua mejora del sitio web, (4) para prevenir fraude, (5) para obtener retroalimentaci\u00f3n de Acumen Academy, solicitudes inherentes a nuestro trabajo, blogs, promociones, mercadeo y ofertas especiales de nosotros o de nuestros asociados. (6) para manejar tu cuenta y el acceso y (7) para confirmaciones de compras realizadas. Para m\u00e1s informaci\u00f3n visita nuestra p\u00e1gina: https:\/\/www.acumenacademy.org\/privacy\/ la cual se encuentra en ingl\u00e9s.<\/li>\n<\/ol>\n\n\n\n<p>i. A partir de enero de 2022 abrimos un nuevo programa a trav\u00e9s de WhatsApp, donde brindamos los diferentes cursos que se brindan en Acumen Academy, pero a trav\u00e9s de un Bot desarrollado por LATEACHER, quien recolecta celular, nombre, apellido y c\u00f3digo del pa\u00eds. LATEACHER tiene prohibido el uso de estos datos para un fin diferente al almacenamiento y uso exclusivo para los fines de ACUMEN. A trav\u00e9s del Bot, ACUMEN recolecta adicionalmente la siguiente informaci\u00f3n: lugar de residencia, estrato socioecon\u00f3mico, g\u00e9nero y grupo \u00e9tnico (en caso de identificarse con alguno), estos datos se recolectan con fines estad\u00edsticos.<\/p>\n\n\n\n<p>ACUMEN puede compartir con sus asociados, la informaci\u00f3n estad\u00edstica recopilada por medio de esta plataforma, ACUMEN ha adoptado todas las medidas conducentes a la supresi\u00f3n de identidad de los titulares.<\/p>\n\n\n\n<p>7. Prueba de la autorizaci\u00f3n<\/p>\n\n\n\n<p>Acumen mantendr\u00e1 los registros en archivo f\u00edsico o digital, de acuerdo con el modo de adquisici\u00f3n de la autorizaci\u00f3n para el tratamiento de datos, con el fin de probar la existencia de esta como mecanismo de garant\u00eda del derecho a la intimidad del titular, en atenci\u00f3n a lo dispuesto por el art\u00edculo 8 del Decreto 1377 de 2013.<\/p>\n\n\n\n<ol class=\"wp-block-list\" start=\"8\">\n<li>USO DE COOKIES, DATOS GENERALES RECOPILADOS EN L\u00cdNEA Las cookies son archivos de texto, creados por portales de internet, que transfieren informaci\u00f3n a su computador. Las cookies permiten a los portales de internet recordar informaci\u00f3n acerca de un usuario, como son las preferencias de un usuario cuando visita el Portal de Internet. Al igual que con la mayor\u00eda de los portales de internet, Acumen, por s\u00ed mismo y a trav\u00e9s de servicios de terceros como Google Analytics, utiliza cookies para evaluar el uso del Portal de Internet y mejorar los servicios. En general, usted puede optar por desactivar las cookies en su navegador. Sin embargo, si deshabilita las cookies, es posible que no pueda acceder a ciertas partes del Portal de Internet o que ciertos aspectos del Portal de Internet no funcionen correctamente. Acumen no rastrea ni recopila informaci\u00f3n de identificaci\u00f3n personal sobre los usuarios de nuestro Portal de Internet, a menos que usted elija suscribirse a las actualizaciones de Acumen, por correo electr\u00f3nico y\/o hacer una donaci\u00f3n a trav\u00e9s de nuestro Portal de Internet. Nuestro Portal de Internet no tiene la capacidad de responder a una se\u00f1al de \u201cno rastrear\u201d, en el navegador de un usuario.<\/li>\n\n\n\n<li>Tratamiento de datos sensibles En Acumen solicitamos datos sensibles como; origen racial o \u00e9tnico, estrato socioecon\u00f3mico, para fines estad\u00edsticos. El titular de estos datos al aceptar nuestra pol\u00edtica de tratamiento de datos expresa su autorizaci\u00f3n explicita al tratamiento de estos datos para los fines aqu\u00ed informados. Aparte de estos datos ACUMEN almacena y recopila la informaci\u00f3n de los ex\u00e1menes m\u00e9dicos de ingreso, peri\u00f3dico y de retiro, y los relacionados con accidentes laborales de acuerdo con las exigencias de la ley. Su tratamiento solo se har\u00e1 en los eventos establecidos por el art\u00edculo 6 la Ley 1581 de 2012. En Acumen recopilamos datos de menores de edad, siempre y cuando cumpla con la normativa de la ley 1581 de 2012, articulo 7 y articulo 12, la informaci\u00f3n recolectada de menores de edad varias seg\u00fan el programa en el que el menor este interesado; Para el programa \u201cFellows\u201d es: nombre, correo y edad. La finalidad de recolecci\u00f3n de la informaci\u00f3n es para el momento de su cumplimiento de la mayor\u00eda de edad, puedan participar en el programa \u201cFellows\u201d en donde se pedir\u00e1n los datos adicionales enmarcados en esta adici\u00f3n en su apartado E art\u00edculo 6. Para el programa de ACUMEN ACADEMY a trav\u00e9s de WhatsApp recolectamos los siguientes datos: celular, nombre, apellido, c\u00f3digo del pa\u00eds, lugar de residencia, estrato socioecon\u00f3mico, g\u00e9nero y grupo \u00e9tnico. Los fines de la recolecci\u00f3n de estos datos son los mismo que los mencionados en el apartado g.<\/li>\n\n\n\n<li>Deberes de Acumen.<\/li>\n<\/ol>\n\n\n\n<p>En atenci\u00f3n a lo dispuesto por la ley 1581 de 2012, Acumen como responsable del tratamiento se compromete a:<\/p>\n\n\n\n<p>a. Garantizar al Titular, en todo tiempo, el pleno y efectivo ejercicio del derecho de h\u00e1beas data.<br>b. Solicitar y conservar, en las condiciones previstas en la presente ley, copia de la respectiva autorizaci\u00f3n otorgada por el Titular o prueba de \u00e9sta.<br>c. Informar debidamente al Titular sobre la finalidad de la recolecci\u00f3n y los derechos que le asisten por virtud de la autorizaci\u00f3n otorgada.<br>d. Conservar la informaci\u00f3n bajo las condiciones de seguridad b\u00e1sicas para impedir su adulteraci\u00f3n, p\u00e9rdida, consulta, uso o acceso no autorizado o fraudulento.<br>e. Garantizar que la informaci\u00f3n que se suministre al encargado del tratamiento sea veraz, completa, exacta, actualizada, comprobable y comprensible<br>f. Actualizar la informaci\u00f3n, comunicando de forma oportuna al encargado del tratamiento, todas las novedades respecto de los datos que previamente le haya suministrado y adoptar las dem\u00e1s medidas necesarias para que la informaci\u00f3n suministrada a este se mantenga actualizada.<br>g. Rectificar la informaci\u00f3n cuando sea incorrecta y comunicar lo pertinente al encargado del tratamiento.<br>h. Tramitar las consultas y reclamos formulados en los t\u00e9rminos se\u00f1alados en la ley.<br>i. Adoptar un manual interno de pol\u00edticas y procedimientos para garantizar el adecuado cumplimiento de la ley y en especial, para la atenci\u00f3n de consultas y reclamos.<br>j. Informar a solicitud del titular sobre el uso dado a sus datos.<br>k. Informar a la autoridad de protecci\u00f3n de datos cuando se presenten violaciones a los c\u00f3digos de seguridad y existan riesgos en la administraci\u00f3n de la informaci\u00f3n de los Titulares.<br>l. Cumplir las instrucciones y requerimientos que imparta la Superintendencia de Industria y Comercio.<br>m. Las dem\u00e1s establecidas por ley.<\/p>\n\n\n\n<ol class=\"wp-block-list\" start=\"11\">\n<li>Derechos del Titular Los titulares de la informaci\u00f3n de la que Acumen es responsable del tratamiento tienen derecho a:\n<ol class=\"wp-block-list\">\n<li>Conocer,actualizar,rectificar,suprimirorevocarlosdatospersonalesque Acumen como responsable del tratamiento, almacene del titular.<\/li>\n\n\n\n<li>Serinformadosdemaneraclarayveraz,previasolicitud,deltratamiento que Acumen realiza sobre los datos personales.<\/li>\n\n\n\n<li>Solicitar prueba de la autorizaci\u00f3n otorgada a Acumen.<\/li>\n\n\n\n<li>Presentar solicitudes respetuosas ante Acumen quejas por posibles infracciones a esta pol\u00edtica de datos y a la ley vigente de protecci\u00f3n de datos, y en caso de recibir una respuesta ambigua o presentar inconformidad ante la respuesta otorgada, el derecho a presentar ante la superintendencia de Industria y Comercio una queja por posible infracci\u00f3n a la ley vigente en Habas Data.<\/li>\n\n\n\n<li>Conocer que no todo dato ser\u00e1 borrado, pues para efectos tributarios y jur\u00eddicos Acumen se ve en la obligaci\u00f3n de conservar datos espec\u00edficos exigidos por la DIAN u otras entidades gubernamentales.<\/li>\n<\/ol>\n<\/li>\n\n\n\n<li>Procedimientos de consulta y reclamaci\u00f3n Seg\u00fan lo dispuesto por el art\u00edculo 14 de la Ley 1581 de 2012, el titular o los causahabientes del titular podr\u00e1n acceder a la informaci\u00f3n que sobre \u00e9l se encuentre incluida en los listados base al interior de la organizaci\u00f3n. Para lo anterior, ser\u00e1 necesario acreditar con el documento de identificaci\u00f3n pertinente, la calidad de titular o causahabiente, conforme al art\u00edculo 20 del decreto 1377 del 2013.<\/li>\n<\/ol>\n\n\n\n<p>La solicitud para consultar los datos personales podr\u00e1 ser radicada en los siguientes canales de recepci\u00f3n:<\/p>\n\n\n\n<ol class=\"wp-block-list\">\n<li>En medio f\u00edsico en la CARRERA 7a No. 84 A- 29 Oficina 502<\/li>\n\n\n\n<li>Enviada en forma digital al correo electr\u00f3nico contacto@acumen.org.<\/li>\n\n\n\n<li>Por medio de llamada telef\u00f3nica al n\u00famero (601)322 79 39.<\/li>\n<\/ol>\n\n\n\n<p>Con el fin de garantizar al titular de los datos que cuenta con los medios id\u00f3neos, disponibles y de f\u00e1cil acceso para presentar sus solicitudes de consulta, el documento presentado deber\u00e1 incluir como m\u00ednimo la siguiente informaci\u00f3n: a. b. c.<\/p>\n\n\n\n<p>Nombre del titular o causahabiente, acompa\u00f1ado de una copia simple del documento que acredite su calidad de tal.<br>Petici\u00f3n clara referente a la informaci\u00f3n la cual desea acceder para consulta, verificaci\u00f3n, actualizaci\u00f3n o supresi\u00f3n.<\/p>\n\n\n\n<p>Direcci\u00f3n de notificaciones (f\u00edsica o electr\u00f3nica) Teniendo en cuenta los t\u00e9rminos establecidos por la mencionada normatividad.<\/p>\n\n\n\n<p>Acumen cuenta con un formulario para la presentaci\u00f3n de reclamos, quejas o solicitudes frente al derecho de HABEAS DATA, el cual no es obligatorio para presentar cualquier solicitud, sino que es con el fin de facilitar al titular de la informaci\u00f3n realizar su queja, reclamo o solicitud.<\/p>\n\n\n\n<p>13.Procedimiento de solicitudes de informaci\u00f3n (actualizar, informar o rectificar).<\/p>\n\n\n\n<p>En atenci\u00f3n a lo dispuesto por el art\u00edculo 15 de la Ley 1581 de 2012, el titular o los causahabientes que consideren que la informaci\u00f3n contenida en los listados base debe ser objeto de correcci\u00f3n, actualizaci\u00f3n o supresi\u00f3n, o cuando adviertan el incumplimiento de uno de los deberes contenidos en el presente manual, podr\u00e1n presentar solicitud para realizar las modificaciones pertinentes. Esta solicitud deber\u00e1 contener como m\u00ednimo la siguiente informaci\u00f3n:<\/p>\n\n\n\n<ol class=\"wp-block-list\">\n<li>Identificaci\u00f3ndeltitular<\/li>\n\n\n\n<li>Direcci\u00f3ndenotificaciones<\/li>\n\n\n\n<li>Documentos que se quiera hacer valer como soportes de la solicitud.<\/li>\n<\/ol>\n\n\n\n<p>Acumen cuenta con un tiempo m\u00e1ximo de diez (10) d\u00edas h\u00e1biles contados a partir de la correcta radicaci\u00f3n de la solicitud para dar una respuesta.<\/p>\n\n\n\n<p>Cuando no fuere posible atender la consulta dentro de dicho t\u00e9rmino, se informar\u00e1 al interesado, expresando los motivos de la demora y se\u00f1alando la fecha en la que se atender\u00e1 la consulta, la cual en ning\u00fan caso podr\u00e1 superar los cinco (5) d\u00edas h\u00e1biles siguientes al vencimiento del primer t\u00e9rmino. En virtud de lo anterior, el interesado podr\u00e1 consultar toda la informaci\u00f3n que se encuentre registrada en la base de datos existente.<\/p>\n\n\n\n<p>14. Procedimiento de reclamaciones<\/p>\n\n\n\n<p>En atenci\u00f3n a lo dispuesto por el art\u00edculo 15 de la Ley 1581 de 2012, el titular o los causahabientes que consideren que la informaci\u00f3n contenida en los listados base debe ser objeto de correcci\u00f3n, actualizaci\u00f3n o supresi\u00f3n, o cuando adviertan el incumplimiento de uno de los deberes contenidos en el presente manual, podr\u00e1n presentar solicitud para realizar las modificaciones pertinentes. Esta solicitud deber\u00e1 contener como m\u00ednimo la siguiente informaci\u00f3n:<\/p>\n\n\n\n<p>a. Identificaci\u00f3n del titular<br>b. Una descripci\u00f3n de los hechos que dan lugar al reclamo<br>c. Direcci\u00f3n de notificaciones<br>d. Documentos que se quiera hacer valer como soportes de la solicitud.<\/p>\n\n\n\n<p>La solicitud para realizar la modificaci\u00f3n o supresi\u00f3n de los datos deber\u00e1 ser radicada en las mismas condiciones indicadas en el numeral anterior. Si el reclamo no cumple con las condiciones m\u00ednimas, se le informar\u00e1 al solicitante dentro de los cinco (5) d\u00edas siguientes a la fecha de radicaci\u00f3n sobre los errores a subsanar, si pasados dos (2) meses a partir de lo anterior el solicitante no ha presentado la informaci\u00f3n faltante, se entender\u00e1 que ha desistido de la solicitud. Una vez recibido el reclamo completo, se incluir\u00e1 en la base de datos una leyenda que diga \u201creclamo en tr\u00e1mite\u201d y el motivo de este, en un t\u00e9rmino no mayor a dos (2) d\u00edas h\u00e1biles. Dicha leyenda deber\u00e1 mantenerse hasta que el reclamo sea decidido.<\/p>\n\n\n\n<p>El tiempo m\u00e1ximo para resolver el tr\u00e1mite ser\u00e1n quince (15) d\u00edas contados a partir de la correcta radicaci\u00f3n de la solicitud. Cuando no fuere posible atender el reclamo dentro de dicho t\u00e9rmino, se informar\u00e1 al interesado los motivos de la demora y la fecha en que se atender\u00e1 su reclamo, la cual en ning\u00fan caso podr\u00e1 superar los ocho (8) d\u00edas h\u00e1biles siguientes al vencimiento del primer t\u00e9rmino. La modificaci\u00f3n o supresi\u00f3n de los datos ser\u00e1 efectiva siempre y cuando no medie disposici\u00f3n jur\u00eddica en contrario.<\/p>\n\n\n\n<p>15. REVOCATORIA DE LA AUTORIZACI\u00d3N Y\/O SUPRESI\u00d3N DEL DATO<\/p>\n\n\n\n<p>El titular podr\u00e1 revocar la autorizaci\u00f3n en cualquier tiempo, siempre y cuando no medie disposici\u00f3n legal o contractual en contrario. Para lo anterior, debe aplicarse el mismo procedimiento de reclamos establecido en el presente manual. Si vencido el t\u00e9rmino legal respectivo descrito, y no se hubieran eliminado los datos personales, el Titular tendr\u00e1 derecho a solicitar a la Superintendencia de Industria y Comercio que ordene la revocatoria de la autorizaci\u00f3n y\/o la supresi\u00f3n de los datos personales. Para estos efectos se aplicar\u00e1 la disposici\u00f3n descrita en el art\u00edculo 22 de la Ley 1581 de 2012.<\/p>\n\n\n\n<ol class=\"wp-block-list\" start=\"16\">\n<li>MEDIDAS DE SEGURIDAD Acumen cuenta con las medidas de seguridad necesarias en cuanto a recurso humano, t\u00e9cnico y administrativo, para salvaguardar la informaci\u00f3n de los Titulares evitando su adulteraci\u00f3n, p\u00e9rdida, usos y accesos no autorizados o fraudulentos. As\u00ed mismo, Acumen solicitar\u00e1 a sus proveedores que act\u00faan en calidad de encargados la adopci\u00f3n de medidas de seguridad adecuadas para proteger los datos personales que le han sido encomendados<\/li>\n\n\n\n<li>MODIFICACI\u00d3N DE LA VERSI\u00d3N Acumen se reserva el derecho de modificar unilateralmente y en cualquier momento las pol\u00edticas para el tratamiento de datos personales. En este cap\u00edtulo se incluir\u00e1 una tabla de control de cambios junto con la fecha de modificaci\u00f3n. Cualquier cambio se informar\u00e1 al \u00faltimo correo que la compa\u00f1\u00eda tenga registrado o se dejar\u00e1 p\u00fablico en la recepci\u00f3n de la empresa.<\/li>\n\n\n\n<li>VIGENCIA El presente manual rige a partir del veintitr\u00e9s (23) de junio de dos mil diez y diecisiete (2017) y es de uso exclusivo para ACUMEN FUND INC.<\/li>\n<\/ol>\n\n\n\n<p><br>FECHA DE CAMBIO<\/p>\n\n\n\n<p>CONTROL DE CAMBIOS A LAS POLITICAS DE TRATAMIENTO DE DATOS.<\/p>\n\n\n\n<p>23 DE AGOSTO DE 2019<\/p>\n\n\n\n<p>REALIZADO POR<br>Lina Guevara<br>CAMBIO HECHO<br>Adici\u00f3n pol\u00edtica fellows<\/p>\n\n\n\n<p>10 DE ENERO DE 2022<br>REALIZADO POR<br>Lina Guevara<br>Adici\u00f3n curso whatsapp<\/p>\n\n\n<section class=\"wp-block-share-buttons text-container border-black border-t mt-15 mb-7.5 py-7.5\">\n    <div class=\"py-2.5 flex gap-10 items-center\" animate>\n      <h2 class=\"h4 m-0\">\n        Share\n      <\/h2>\n      <ul class=\"flex gap-2 items-center\" x-data=\"shareButtons('Enlace copiado', 'Lo sentimos, no pudimos copiar el enlace')\">\n\n        \n          <li>\n            <a class=\"h-7 w-7 link-no-underline rounded-full hover:bg-black hover:text-white active:bg-black active:text-white flex items-center justify-center shrink-0\" href=\"https:\/\/www.facebook.com\/sharer.php?t=POLITICA%20DE%20TRATAMIENTO%20DE%20DATOS%20PERSONALES&amp;u=https:\/\/acumen.org\/es\/blog\/politica-de-tratamiento-de-datos-personales\/\" target=\"_blank\" @click.prevent=\"open($el)\" title=\"Compartir en Facebook\">\n\n      <svg aria-hidden=\"true\" class=\"fill-current w-auto w-3.5 h-auto flex-shrink-0 relative z-5\" width=\"23\" height=\"22\" viewBox=\"0 0 23 22\" fill=\"none\" xmlns=\"http:\/\/www.w3.org\/2000\/svg\">\n<g>\n<path d=\"M12.8719 7.15463V9.12843H15.5091L15.0915 11.7872H12.8719V17.913C12.4269 17.9702 11.9716 18 11.5094 18C10.976 18 10.4521 17.9606 9.94193 17.8845V11.7872H7.50977V9.12843H9.94193V6.71341C9.94193 5.21513 11.2537 4 12.8726 4V4.00127C12.8774 4.00127 12.8815 4 12.8863 4H15.5098V6.29948H13.7955C13.2861 6.29948 12.8726 6.6823 12.8726 7.154L12.8719 7.15463Z\" fill=\"currentColor\"\/>\n<\/g>\n<\/svg>  \n  <span class=\"relative z-5 sr-only\">\n    Compartir en Facebook\n  <\/span>\n\n  <\/a>\n          <\/li>\n\n        \n          <li>\n            <a class=\"h-7 w-7 link-no-underline rounded-full hover:bg-black hover:text-white active:bg-black active:text-white flex items-center justify-center shrink-0\" href=\"https:\/\/twitter.com\/intent\/tweet?text=POLITICA%20DE%20TRATAMIENTO%20DE%20DATOS%20PERSONALES&amp;url=https:\/\/acumen.org\/es\/blog\/politica-de-tratamiento-de-datos-personales\/\" target=\"_blank\" @click.prevent=\"open($el)\" title=\"Compartir en X\/Twitter\">\n\n      <svg aria-hidden=\"true\" class=\"fill-current w-auto w-3.5 h-auto flex-shrink-0 relative z-5\" width=\"23\" height=\"22\" viewBox=\"0 0 23 22\" fill=\"none\" xmlns=\"http:\/\/www.w3.org\/2000\/svg\">\n<g>\n<path id=\"path1009\" d=\"M4.96324 4.85205L10.0349 11.6348L4.93164 17.1496H6.08052L10.5489 12.3216L14.1589 17.1496H18.0678L12.711 9.98536L17.4614 4.85205H16.3125L12.1978 9.29861L8.87295 4.85205H4.96324ZM6.65225 5.69835H8.44761L16.3772 16.3033H14.5819L6.65225 5.69835Z\" fill=\"currentColor\"\/>\n<\/g>\n<\/svg>  \n  <span class=\"relative z-5 sr-only\">\n    Compartir en X\/Twitter\n  <\/span>\n\n  <\/a>\n          <\/li>\n\n        \n          <li>\n            <a class=\"h-7 w-7 link-no-underline rounded-full hover:bg-black hover:text-white active:bg-black active:text-white flex items-center justify-center shrink-0\" href=\"https:\/\/www.linkedin.com\/shareArticle?title=POLITICA%20DE%20TRATAMIENTO%20DE%20DATOS%20PERSONALES&amp;url=https:\/\/acumen.org\/es\/blog\/politica-de-tratamiento-de-datos-personales\/\" target=\"_blank\" @click.prevent=\"open($el)\" title=\"Compartir en LinkedIn\">\n\n      <svg aria-hidden=\"true\" class=\"fill-current w-auto w-3.5 h-auto flex-shrink-0 relative z-5\" width=\"23\" height=\"22\" viewBox=\"0 0 23 22\" fill=\"none\" xmlns=\"http:\/\/www.w3.org\/2000\/svg\">\n<g>\n<path id=\"Vector_2\" d=\"M5.73849 7.31219C5.44877 7.04319 5.30469 6.71022 5.30469 6.31405C5.30469 5.91787 5.44954 5.57026 5.73849 5.30049C6.02822 5.03149 6.40116 4.89661 6.85809 4.89661C7.31502 4.89661 7.67333 5.03149 7.96228 5.30049C8.252 5.56949 8.39608 5.90785 8.39608 6.31405C8.39608 6.72024 8.25123 7.04319 7.96228 7.31219C7.67255 7.58118 7.305 7.71607 6.85809 7.71607C6.41118 7.71607 6.02822 7.58118 5.73849 7.31219ZM8.1526 8.85526V17.1025H5.5474V8.85526H8.1526Z\" fill=\"currentColor\"\/>\n<path id=\"Vector_3\" d=\"M16.8257 9.67004C17.3936 10.2867 17.6772 11.133 17.6772 12.2105V16.9569H15.203V12.545C15.203 12.0016 15.062 11.5792 14.7807 11.2786C14.4995 10.978 14.1204 10.827 13.6457 10.827C13.1711 10.827 12.7919 10.9773 12.5107 11.2786C12.2294 11.5792 12.0884 12.0016 12.0884 12.545V16.9569H9.59961V8.83221H12.0884V9.90974C12.3404 9.55057 12.6802 9.26693 13.1071 9.05805C13.534 8.84918 14.014 8.74512 14.548 8.74512C15.4989 8.74512 16.2586 9.05342 16.8257 9.66927V9.67004Z\" fill=\"currentColor\"\/>\n<\/g>\n<\/svg>  \n  <span class=\"relative z-5 sr-only\">\n    Compartir en LinkedIn\n  <\/span>\n\n  <\/a>\n          <\/li>\n\n        \n          <li>\n            <a class=\"h-7 w-7 link-no-underline rounded-full hover:bg-black hover:text-white active:bg-black active:text-white flex items-center justify-center shrink-0\" href=\"https:\/\/pinterest.com\/pin\/create\/button\/?description=POLITICA%20DE%20TRATAMIENTO%20DE%20DATOS%20PERSONALES&amp;url=https:\/\/acumen.org\/es\/blog\/politica-de-tratamiento-de-datos-personales\/\" target=\"_blank\" @click.prevent=\"open($el)\" title=\"Compartir en Pinterest\">\n\n      <svg aria-hidden=\"true\" class=\"fill-current w-auto w-3.5 h-auto flex-shrink-0 relative z-5\" xmlns=\"http:\/\/www.w3.org\/2000\/svg\" width=\"23\" height=\"23\" viewBox=\"0 0 23 23\" fill=\"none\">\n  <path fill-rule=\"evenodd\" clip-rule=\"evenodd\" d=\"M11.0838 13.9802C11.072 14.0175 11.061 14.0491 11.052 14.0807C10.5302 15.9513 10.4722 16.3668 9.93589 17.2357C9.68019 17.6487 9.39201 18.0401 9.07342 18.4145C9.03748 18.4569 9.00361 18.5112 8.93174 18.498C8.85296 18.4828 8.84674 18.4183 8.83845 18.3601C8.75275 17.7916 8.70507 17.2218 8.7258 16.6476C8.75275 15.9001 8.85365 15.6434 9.90686 11.591C9.92207 11.529 9.90479 11.4778 9.88267 11.4222C9.63043 10.7999 9.58067 10.1682 9.80112 9.52818C10.278 8.14578 11.9905 8.04017 12.2897 9.18036C12.4742 9.88548 11.9863 10.8088 11.6118 12.1735C11.3015 13.2991 12.75 14.0997 13.9877 13.2776C15.1294 12.52 15.5724 10.7038 15.488 9.41624C15.3222 6.84938 12.2462 6.29478 10.2953 7.12131C8.05822 8.06799 7.54958 10.6051 8.55994 11.7649C8.68779 11.9123 8.92898 12.0027 8.88682 12.152C8.82186 12.384 8.7645 12.618 8.69401 12.8488C8.64149 13.0209 8.34225 13.0834 8.1522 13.0126C7.77971 12.8748 7.46941 12.6579 7.21786 12.372C6.36022 11.4 6.11489 9.47758 7.24896 7.84982C8.50535 6.04688 10.8426 5.3171 12.9766 5.53844C15.5254 5.80341 17.1363 7.39703 17.4376 9.20502C17.5751 10.0284 17.4763 12.059 16.213 13.4945C14.7596 15.1438 12.4037 15.2532 11.3167 14.2407C11.233 14.1629 11.166 14.0725 11.0838 13.9795V13.9802Z\" fill=\"currentColor\"\/>\n<\/svg>  \n  <span class=\"relative z-5 sr-only\">\n    Compartir en Pinterest\n  <\/span>\n\n  <\/a>\n          <\/li>\n\n        \n          <li>\n            <a class=\"h-7 w-7 link-no-underline rounded-full hover:bg-black hover:text-white active:bg-black active:text-white flex items-center justify-center shrink-0\" href=\"mailto:?subject=POLITICA%20DE%20TRATAMIENTO%20DE%20DATOS%20PERSONALES&amp;body=https:\/\/acumen.org\/es\/blog\/politica-de-tratamiento-de-datos-personales\/\" target=\"_blank\" @click.prevent=\"open($el)\" title=\"Compartir via correo electr\u00f3nico\">\n\n      <svg aria-hidden=\"true\" class=\"fill-current w-auto w-3.5 h-auto flex-shrink-0 relative z-5\" xmlns=\"http:\/\/www.w3.org\/2000\/svg\" width=\"23\" height=\"23\" viewBox=\"0 0 23 23\" fill=\"none\">\n  <g>\n      <path d=\"M5.66563 17.1939C5.30938 17.1939 5.0026 17.0652 4.74531 16.8079C4.48802 16.5506 4.35938 16.2439 4.35938 15.8876V7.61265C4.35938 7.2564 4.48802 6.94963 4.74531 6.69233C5.0026 6.43504 5.30938 6.3064 5.66563 6.3064H17.8406C18.2063 6.3064 18.5155 6.43504 18.768 6.69233C19.0206 6.94963 19.1468 7.2564 19.1468 7.61265V15.8876C19.1468 16.2439 19.0206 16.5506 18.768 16.8079C18.5155 17.0652 18.2063 17.1939 17.8406 17.1939H5.66563ZM18.0906 8.63604L12.1078 12.1579C12.0517 12.1933 11.9939 12.2212 11.9344 12.2415C11.8748 12.2618 11.8144 12.272 11.7531 12.272C11.6854 12.272 11.6284 12.2618 11.582 12.2415C11.5357 12.2212 11.4818 12.1954 11.4204 12.164L5.4156 8.63604V15.8876C5.4156 15.9605 5.43905 16.0204 5.48593 16.0673C5.53281 16.1142 5.59271 16.1376 5.66563 16.1376H17.8406C17.9135 16.1376 17.9734 16.1142 18.0203 16.0673C18.0672 16.0204 18.0906 15.9605 18.0906 15.8876V8.63604ZM11.7531 10.9986L17.9453 7.36263H5.58123L11.7531 10.9986ZM5.4156 8.3739V8.54104V7.74231V7.75636V7.73059V8.54276V8.37567V16.1376V8.3739Z\" fill=\"currentColor\"\/>\n  <\/g>\n<\/svg>  \n  <span class=\"relative z-5 sr-only\">\n    Compartir via correo electr\u00f3nico\n  <\/span>\n\n  <\/a>\n          <\/li>\n\n        \n        \n        <li class=\"relative\" x-id=\"['tooltip']\">\n\n          <button class=\"h-7 w-7 link-no-underline rounded-full hover:bg-black hover:text-white active:bg-black active:text-white flex items-center justify-center shrink-0\" @click=\"copyLink()\" x-bind:aria-describedby=\"tooltip &#038;&#038; $id('tooltip')\" title=\"Copy link\">\n\n      <svg aria-hidden=\"true\" class=\"fill-current pr-0.5 w-auto w-3.5 h-auto flex-shrink-0 relative z-5\" xmlns=\"http:\/\/www.w3.org\/2000\/svg\" width=\"23\" height=\"23\" viewBox=\"0 0 23 23\">\n  <g>\n      <path d=\"M15.3387 18.1395C14.7972 18.1395 14.3367 17.9499 13.9572 17.5707C13.5776 17.1915 13.3878 16.7311 13.3878 16.1894C13.3878 16.0891 13.3949 15.9974 13.409 15.9144C13.4231 15.8314 13.4442 15.7381 13.4724 15.6344L9.00773 12.9003C8.84409 13.0985 8.64654 13.2412 8.41507 13.3285C8.18362 13.4157 7.93844 13.4594 7.67952 13.4594C7.13784 13.4594 6.67742 13.2699 6.29825 12.8908C5.91908 12.5118 5.72949 12.0516 5.72949 11.5101C5.72949 10.9687 5.91908 10.5082 6.29825 10.1286C6.67742 9.74909 7.13784 9.55931 7.67952 9.55931C7.93497 9.55931 8.1793 9.6059 8.41249 9.69908C8.64567 9.79227 8.84409 9.93204 9.00773 10.1184L13.4724 7.38425C13.4442 7.28062 13.4231 7.18729 13.409 7.10426C13.3949 7.02125 13.3878 6.92958 13.3878 6.82924C13.3878 6.28756 13.5774 5.82714 13.9564 5.44797C14.3354 5.0688 14.7956 4.87921 15.3371 4.87921C15.8785 4.87921 16.339 5.06872 16.7186 5.44774C17.0981 5.82676 17.2879 6.28699 17.2879 6.82844C17.2879 7.36989 17.0983 7.83039 16.7191 8.20994C16.34 8.58949 15.8795 8.77926 15.3379 8.77926C15.0789 8.77926 14.8338 8.73563 14.6023 8.64836C14.3708 8.56108 14.1733 8.41835 14.0097 8.22017L9.545 10.9543C9.57319 11.058 9.59432 11.1511 9.60841 11.2338C9.6225 11.3165 9.62954 11.4079 9.62954 11.5079C9.62954 11.608 9.6225 11.6998 9.60841 11.7834C9.59432 11.8671 9.57319 11.9607 9.545 12.0644L14.0097 14.7985C14.1733 14.5885 14.3708 14.4428 14.6023 14.3615C14.8338 14.2801 15.0789 14.2394 15.3379 14.2394C15.8795 14.2394 16.34 14.4289 16.7191 14.8079C17.0983 15.187 17.2879 15.6472 17.2879 16.1886C17.2879 16.7301 17.0984 17.1906 16.7194 17.5701C16.3403 17.9497 15.8801 18.1395 15.3387 18.1395ZM15.3379 7.85746C15.6244 7.85746 15.8674 7.75773 16.0669 7.55827C16.2664 7.3588 16.3661 7.11579 16.3661 6.82924C16.3661 6.54269 16.2664 6.29968 16.0669 6.1002C15.8674 5.90074 15.6244 5.80102 15.3379 5.80102C15.0513 5.80102 14.8083 5.90074 14.6088 6.1002C14.4094 6.29968 14.3096 6.54269 14.3096 6.82924C14.3096 7.11579 14.4094 7.3588 14.6088 7.55827C14.8083 7.75773 15.0513 7.85746 15.3379 7.85746ZM7.67952 12.5376C7.96607 12.5376 8.20908 12.4378 8.40855 12.2384C8.60801 12.0389 8.70774 11.7959 8.70774 11.5093C8.70774 11.2228 8.60801 10.9798 8.40855 10.7803C8.20908 10.5808 7.96607 10.4811 7.67952 10.4811C7.39297 10.4811 7.14996 10.5808 6.95048 10.7803C6.75103 10.9798 6.65129 11.2228 6.65129 11.5093C6.65129 11.7959 6.75103 12.0389 6.95048 12.2384C7.14996 12.4378 7.39297 12.5376 7.67952 12.5376ZM15.3379 17.2177C15.6244 17.2177 15.8674 17.1179 16.0669 16.9185C16.2664 16.719 16.3661 16.476 16.3661 16.1894C16.3661 15.9029 16.2664 15.6599 16.0669 15.4604C15.8674 15.261 15.6244 15.1612 15.3379 15.1612C15.0513 15.1612 14.8083 15.261 14.6088 15.4604C14.4094 15.6599 14.3096 15.9029 14.3096 16.1894C14.3096 16.476 14.4094 16.719 14.6088 16.9185C14.8083 17.1179 15.0513 17.2177 15.3379 17.2177Z\" fill=\"currentColor\"\/>\n    <\/g>\n<\/svg>  \n  <span class=\"relative z-5 sr-only\">\n    \n  <\/span>\n\n  <\/button>\n          <div \n            :id=\"$id('tooltip')\" \n            x-show=\"tooltip\"\n            x-text=\"tooltip\"\n            class=\"absolute bg-black text-white rounded-md py-1 px-2 text-sm whitespace-nowrap left-1\/2 -translate-x-1\/2 -top-9\"\n          ><\/div>\n        <\/li>\n      <\/ul>\n    <\/div>\n\n  <\/section>\n","protected":false},"excerpt":{"rendered":"<p>Pol\u00edtica de tratamiento de los datos personales que son almacenados y utilizados por ACUMEN FUND INC En cumplimiento de la ley 1581 de 2012 y los par\u00e1metros de la superintendencia de industria y comercio.<\/p>\n","protected":false},"author":[],"featured_media":8512,"comment_status":"open","ping_status":"closed","sticky":false,"template":"","format":"standard","meta":{"_acf_changed":false,"content-type":"","_relevanssi_hide_post":"","_relevanssi_hide_content":"","_relevanssi_pin_for_all":"","_relevanssi_pin_keywords":"","_relevanssi_unpin_keywords":"","_relevanssi_related_keywords":"","_relevanssi_related_include_ids":"","_relevanssi_related_exclude_ids":"","_relevanssi_related_no_append":"","_relevanssi_related_not_related":"","_relevanssi_related_posts":"611,10858,635,10800,629,10555","_relevanssi_noindex_reason":"","footnotes":""},"categories":[1],"tags":[],"blog-type":[],"problem":[],"region":[],"year":[],"media-format":[213],"class_list":["post-12141","post","type-post","status-publish","format-standard","has-post-thumbnail","hentry","category-uncategorized"],"acf":[],"yoast_head":"<!-- This site is optimized with the Yoast SEO Premium plugin v27.4 (Yoast SEO v27.4) - https:\/\/yoast.com\/product\/yoast-seo-premium-wordpress\/ -->\n<title>POLITICA DE TRATAMIENTO DE DATOS PERSONALES - Acumen<\/title>\n<meta name=\"robots\" content=\"index, follow, max-snippet:-1, max-image-preview:large, max-video-preview:-1\" \/>\n<link rel=\"canonical\" href=\"https:\/\/acumen.org\/es\/blog\/politica-de-tratamiento-de-datos-personales\/\" \/>\n<meta property=\"og:locale\" content=\"es_ES\" \/>\n<meta property=\"og:type\" content=\"article\" \/>\n<meta property=\"og:title\" content=\"POLITICA DE TRATAMIENTO DE DATOS PERSONALES\" \/>\n<meta property=\"og:description\" content=\"Pol\u00edtica de tratamiento de los datos personales que son almacenados y utilizados por ACUMEN FUND INC En cumplimiento de la ley 1581 de 2012 y los par\u00e1metros de la superintendencia de industria y comercio.\" \/>\n<meta property=\"og:url\" content=\"https:\/\/acumen.org\/es\/blog\/politica-de-tratamiento-de-datos-personales\/\" \/>\n<meta property=\"og:site_name\" content=\"Acumen\" \/>\n<meta property=\"article:publisher\" content=\"https:\/\/www.facebook.com\/acumenfund\/\" \/>\n<meta property=\"article:published_time\" content=\"2020-08-26T20:11:13+00:00\" \/>\n<meta property=\"article:modified_time\" content=\"2025-05-13T17:24:08+00:00\" \/>\n<meta property=\"og:image\" content=\"https:\/\/acumen.org\/app\/uploads\/2024\/03\/CacaodeColombia_Agri_LatAm-3-2.jpg\" \/>\n\t<meta property=\"og:image:width\" content=\"1800\" \/>\n\t<meta property=\"og:image:height\" content=\"1200\" \/>\n\t<meta property=\"og:image:type\" content=\"image\/jpeg\" \/>\n<meta name=\"author\" content=\"Acumen\" \/>\n<meta name=\"twitter:card\" content=\"summary_large_image\" \/>\n<meta name=\"twitter:creator\" content=\"@Acumen\" \/>\n<meta name=\"twitter:site\" content=\"@Acumen\" \/>\n<meta name=\"twitter:label1\" content=\"Escrito por\" \/>\n\t<meta name=\"twitter:data1\" content=\"Acumen\" \/>\n\t<meta name=\"twitter:label2\" content=\"Tiempo de lectura\" \/>\n\t<meta name=\"twitter:data2\" content=\"19 minutes\" \/>\n<script type=\"application\/ld+json\" class=\"yoast-schema-graph\">{\"@context\":\"https:\\\/\\\/schema.org\",\"@graph\":[{\"@type\":\"Article\",\"@id\":\"https:\\\/\\\/acumen.org\\\/es\\\/blog\\\/politica-de-tratamiento-de-datos-personales\\\/#article\",\"isPartOf\":{\"@id\":\"https:\\\/\\\/acumen.org\\\/es\\\/blog\\\/politica-de-tratamiento-de-datos-personales\\\/\"},\"author\":{\"name\":\"Acumen\",\"@id\":\"https:\\\/\\\/acumen.org\\\/es\\\/#\\\/schema\\\/person\\\/cc23269de4eed510141e42eae895c0dc\"},\"headline\":\"POLITICA DE TRATAMIENTO DE DATOS PERSONALES\",\"datePublished\":\"2020-08-26T20:11:13+00:00\",\"dateModified\":\"2025-05-13T17:24:08+00:00\",\"mainEntityOfPage\":{\"@id\":\"https:\\\/\\\/acumen.org\\\/es\\\/blog\\\/politica-de-tratamiento-de-datos-personales\\\/\"},\"wordCount\":4503,\"commentCount\":0,\"publisher\":{\"@id\":\"https:\\\/\\\/acumen.org\\\/es\\\/#organization\"},\"image\":{\"@id\":\"https:\\\/\\\/acumen.org\\\/es\\\/blog\\\/politica-de-tratamiento-de-datos-personales\\\/#primaryimage\"},\"thumbnailUrl\":\"https:\\\/\\\/acumen.org\\\/wp-content\\\/uploads\\\/2024\\\/03\\\/CacaodeColombia_Agri_LatAm-3-2.jpg\",\"inLanguage\":\"es-ES\",\"potentialAction\":[{\"@type\":\"CommentAction\",\"name\":\"Comment\",\"target\":[\"https:\\\/\\\/acumen.org\\\/es\\\/blog\\\/politica-de-tratamiento-de-datos-personales\\\/#respond\"]}]},{\"@type\":\"WebPage\",\"@id\":\"https:\\\/\\\/acumen.org\\\/es\\\/blog\\\/politica-de-tratamiento-de-datos-personales\\\/\",\"url\":\"https:\\\/\\\/acumen.org\\\/es\\\/blog\\\/politica-de-tratamiento-de-datos-personales\\\/\",\"name\":\"POLITICA DE TRATAMIENTO DE DATOS PERSONALES - Acumen\",\"isPartOf\":{\"@id\":\"https:\\\/\\\/acumen.org\\\/es\\\/#website\"},\"primaryImageOfPage\":{\"@id\":\"https:\\\/\\\/acumen.org\\\/es\\\/blog\\\/politica-de-tratamiento-de-datos-personales\\\/#primaryimage\"},\"image\":{\"@id\":\"https:\\\/\\\/acumen.org\\\/es\\\/blog\\\/politica-de-tratamiento-de-datos-personales\\\/#primaryimage\"},\"thumbnailUrl\":\"https:\\\/\\\/acumen.org\\\/wp-content\\\/uploads\\\/2024\\\/03\\\/CacaodeColombia_Agri_LatAm-3-2.jpg\",\"datePublished\":\"2020-08-26T20:11:13+00:00\",\"dateModified\":\"2025-05-13T17:24:08+00:00\",\"breadcrumb\":{\"@id\":\"https:\\\/\\\/acumen.org\\\/es\\\/blog\\\/politica-de-tratamiento-de-datos-personales\\\/#breadcrumb\"},\"inLanguage\":\"es-ES\",\"potentialAction\":[{\"@type\":\"ReadAction\",\"target\":[\"https:\\\/\\\/acumen.org\\\/es\\\/blog\\\/politica-de-tratamiento-de-datos-personales\\\/\"]}]},{\"@type\":\"ImageObject\",\"inLanguage\":\"es-ES\",\"@id\":\"https:\\\/\\\/acumen.org\\\/es\\\/blog\\\/politica-de-tratamiento-de-datos-personales\\\/#primaryimage\",\"url\":\"https:\\\/\\\/acumen.org\\\/wp-content\\\/uploads\\\/2024\\\/03\\\/CacaodeColombia_Agri_LatAm-3-2.jpg\",\"contentUrl\":\"https:\\\/\\\/acumen.org\\\/wp-content\\\/uploads\\\/2024\\\/03\\\/CacaodeColombia_Agri_LatAm-3-2.jpg\",\"width\":1800,\"height\":1200},{\"@type\":\"BreadcrumbList\",\"@id\":\"https:\\\/\\\/acumen.org\\\/es\\\/blog\\\/politica-de-tratamiento-de-datos-personales\\\/#breadcrumb\",\"itemListElement\":[{\"@type\":\"ListItem\",\"position\":1,\"name\":\"Home\",\"item\":\"https:\\\/\\\/acumen.org\\\/es\\\/\"},{\"@type\":\"ListItem\",\"position\":2,\"name\":\"POLITICA DE TRATAMIENTO DE DATOS PERSONALES\"}]},{\"@type\":\"WebSite\",\"@id\":\"https:\\\/\\\/acumen.org\\\/es\\\/#website\",\"url\":\"https:\\\/\\\/acumen.org\\\/es\\\/\",\"name\":\"Acumen\",\"description\":\"\",\"publisher\":{\"@id\":\"https:\\\/\\\/acumen.org\\\/es\\\/#organization\"},\"potentialAction\":[{\"@type\":\"SearchAction\",\"target\":{\"@type\":\"EntryPoint\",\"urlTemplate\":\"https:\\\/\\\/acumen.org\\\/es\\\/?s={search_term_string}\"},\"query-input\":{\"@type\":\"PropertyValueSpecification\",\"valueRequired\":true,\"valueName\":\"search_term_string\"}}],\"inLanguage\":\"es-ES\"},{\"@type\":\"Organization\",\"@id\":\"https:\\\/\\\/acumen.org\\\/es\\\/#organization\",\"name\":\"Acumen\",\"url\":\"https:\\\/\\\/acumen.org\\\/es\\\/\",\"logo\":{\"@type\":\"ImageObject\",\"inLanguage\":\"es-ES\",\"@id\":\"https:\\\/\\\/acumen.org\\\/es\\\/#\\\/schema\\\/logo\\\/image\\\/\",\"url\":\"https:\\\/\\\/acumen.org\\\/app\\\/uploads\\\/2021\\\/03\\\/Acumen.png\",\"contentUrl\":\"https:\\\/\\\/acumen.org\\\/app\\\/uploads\\\/2021\\\/03\\\/Acumen.png\",\"width\":3334,\"height\":2480,\"caption\":\"Acumen\"},\"image\":{\"@id\":\"https:\\\/\\\/acumen.org\\\/es\\\/#\\\/schema\\\/logo\\\/image\\\/\"},\"sameAs\":[\"https:\\\/\\\/www.facebook.com\\\/acumenfund\\\/\",\"https:\\\/\\\/x.com\\\/Acumen\",\"https:\\\/\\\/www.instagram.com\\\/acumenorg\\\/\",\"https:\\\/\\\/www.linkedin.com\\\/company\\\/acumen-fund\\\/\",\"https:\\\/\\\/www.youtube.com\\\/channel\\\/UCpuoLfl6gZl2jDa8lAlC8YQ\"],\"description\":\"We invest across the capital continuum to help transformational companies grow from seed to scale. acumen invests patient capital in business models that deliver critical, affordable goods and services to the world's poor, improving the lives of millions. Since 2001, Acumen has invested in businesses that provide access to healthcare, energy, education, water & sanitation, housing, financial services, and agricultural services to low-income customers. Our investments are addressing the problems of poverty in East and West Africa, South Asia, Latin America, and the United States.\",\"telephone\":\"1-212-566-8821\",\"legalName\":\"Acumen Fund, Inc.\",\"taxID\":\"13-4166228\",\"ownershipFundingInfo\":\"https:\\\/\\\/acumen.org\\\/financials\\\/\",\"ethicsPolicy\":\"https:\\\/\\\/acumen.org\\\/anti-corruption-policy\\\/\"},{\"@type\":\"Person\",\"@id\":\"https:\\\/\\\/acumen.org\\\/es\\\/#\\\/schema\\\/person\\\/cc23269de4eed510141e42eae895c0dc\",\"name\":\"Acumen\",\"image\":{\"@type\":\"ImageObject\",\"inLanguage\":\"es-ES\",\"@id\":\"https:\\\/\\\/secure.gravatar.com\\\/avatar\\\/44f8fbe9133793fb949c95942f8d9143ecb31b1d9d2c362c7f6f76de0e43d5ba?s=96&d=mm&r=g\",\"url\":\"https:\\\/\\\/secure.gravatar.com\\\/avatar\\\/44f8fbe9133793fb949c95942f8d9143ecb31b1d9d2c362c7f6f76de0e43d5ba?s=96&d=mm&r=g\",\"contentUrl\":\"https:\\\/\\\/secure.gravatar.com\\\/avatar\\\/44f8fbe9133793fb949c95942f8d9143ecb31b1d9d2c362c7f6f76de0e43d5ba?s=96&d=mm&r=g\",\"caption\":\"Acumen\"}}]}<\/script>\n<!-- \/ Yoast SEO Premium plugin. -->","yoast_head_json":{"title":"POLITICA DE TRATAMIENTO DE DATOS PERSONALES - Acumen","robots":{"index":"index","follow":"follow","max-snippet":"max-snippet:-1","max-image-preview":"max-image-preview:large","max-video-preview":"max-video-preview:-1"},"canonical":"https:\/\/acumen.org\/es\/blog\/politica-de-tratamiento-de-datos-personales\/","og_locale":"es_ES","og_type":"article","og_title":"POLITICA DE TRATAMIENTO DE DATOS PERSONALES","og_description":"Pol\u00edtica de tratamiento de los datos personales que son almacenados y utilizados por ACUMEN FUND INC En cumplimiento de la ley 1581 de 2012 y los par\u00e1metros de la superintendencia de industria y comercio.","og_url":"https:\/\/acumen.org\/es\/blog\/politica-de-tratamiento-de-datos-personales\/","og_site_name":"Acumen","article_publisher":"https:\/\/www.facebook.com\/acumenfund\/","article_published_time":"2020-08-26T20:11:13+00:00","article_modified_time":"2025-05-13T17:24:08+00:00","og_image":[{"width":1800,"height":1200,"url":"https:\/\/acumen.org\/app\/uploads\/2024\/03\/CacaodeColombia_Agri_LatAm-3-2.jpg","type":"image\/jpeg"}],"author":"Acumen","twitter_card":"summary_large_image","twitter_creator":"@Acumen","twitter_site":"@Acumen","twitter_misc":{"Escrito por":"Acumen","Tiempo de lectura":"19 minutes"},"schema":{"@context":"https:\/\/schema.org","@graph":[{"@type":"Article","@id":"https:\/\/acumen.org\/es\/blog\/politica-de-tratamiento-de-datos-personales\/#article","isPartOf":{"@id":"https:\/\/acumen.org\/es\/blog\/politica-de-tratamiento-de-datos-personales\/"},"author":{"name":"Acumen","@id":"https:\/\/acumen.org\/es\/#\/schema\/person\/cc23269de4eed510141e42eae895c0dc"},"headline":"POLITICA DE TRATAMIENTO DE DATOS PERSONALES","datePublished":"2020-08-26T20:11:13+00:00","dateModified":"2025-05-13T17:24:08+00:00","mainEntityOfPage":{"@id":"https:\/\/acumen.org\/es\/blog\/politica-de-tratamiento-de-datos-personales\/"},"wordCount":4503,"commentCount":0,"publisher":{"@id":"https:\/\/acumen.org\/es\/#organization"},"image":{"@id":"https:\/\/acumen.org\/es\/blog\/politica-de-tratamiento-de-datos-personales\/#primaryimage"},"thumbnailUrl":"https:\/\/acumen.org\/wp-content\/uploads\/2024\/03\/CacaodeColombia_Agri_LatAm-3-2.jpg","inLanguage":"es-ES","potentialAction":[{"@type":"CommentAction","name":"Comment","target":["https:\/\/acumen.org\/es\/blog\/politica-de-tratamiento-de-datos-personales\/#respond"]}]},{"@type":"WebPage","@id":"https:\/\/acumen.org\/es\/blog\/politica-de-tratamiento-de-datos-personales\/","url":"https:\/\/acumen.org\/es\/blog\/politica-de-tratamiento-de-datos-personales\/","name":"POLITICA DE TRATAMIENTO DE DATOS PERSONALES - Acumen","isPartOf":{"@id":"https:\/\/acumen.org\/es\/#website"},"primaryImageOfPage":{"@id":"https:\/\/acumen.org\/es\/blog\/politica-de-tratamiento-de-datos-personales\/#primaryimage"},"image":{"@id":"https:\/\/acumen.org\/es\/blog\/politica-de-tratamiento-de-datos-personales\/#primaryimage"},"thumbnailUrl":"https:\/\/acumen.org\/wp-content\/uploads\/2024\/03\/CacaodeColombia_Agri_LatAm-3-2.jpg","datePublished":"2020-08-26T20:11:13+00:00","dateModified":"2025-05-13T17:24:08+00:00","breadcrumb":{"@id":"https:\/\/acumen.org\/es\/blog\/politica-de-tratamiento-de-datos-personales\/#breadcrumb"},"inLanguage":"es-ES","potentialAction":[{"@type":"ReadAction","target":["https:\/\/acumen.org\/es\/blog\/politica-de-tratamiento-de-datos-personales\/"]}]},{"@type":"ImageObject","inLanguage":"es-ES","@id":"https:\/\/acumen.org\/es\/blog\/politica-de-tratamiento-de-datos-personales\/#primaryimage","url":"https:\/\/acumen.org\/wp-content\/uploads\/2024\/03\/CacaodeColombia_Agri_LatAm-3-2.jpg","contentUrl":"https:\/\/acumen.org\/wp-content\/uploads\/2024\/03\/CacaodeColombia_Agri_LatAm-3-2.jpg","width":1800,"height":1200},{"@type":"BreadcrumbList","@id":"https:\/\/acumen.org\/es\/blog\/politica-de-tratamiento-de-datos-personales\/#breadcrumb","itemListElement":[{"@type":"ListItem","position":1,"name":"Home","item":"https:\/\/acumen.org\/es\/"},{"@type":"ListItem","position":2,"name":"POLITICA DE TRATAMIENTO DE DATOS PERSONALES"}]},{"@type":"WebSite","@id":"https:\/\/acumen.org\/es\/#website","url":"https:\/\/acumen.org\/es\/","name":"Acumen","description":"","publisher":{"@id":"https:\/\/acumen.org\/es\/#organization"},"potentialAction":[{"@type":"SearchAction","target":{"@type":"EntryPoint","urlTemplate":"https:\/\/acumen.org\/es\/?s={search_term_string}"},"query-input":{"@type":"PropertyValueSpecification","valueRequired":true,"valueName":"search_term_string"}}],"inLanguage":"es-ES"},{"@type":"Organization","@id":"https:\/\/acumen.org\/es\/#organization","name":"Acumen","url":"https:\/\/acumen.org\/es\/","logo":{"@type":"ImageObject","inLanguage":"es-ES","@id":"https:\/\/acumen.org\/es\/#\/schema\/logo\/image\/","url":"https:\/\/acumen.org\/app\/uploads\/2021\/03\/Acumen.png","contentUrl":"https:\/\/acumen.org\/app\/uploads\/2021\/03\/Acumen.png","width":3334,"height":2480,"caption":"Acumen"},"image":{"@id":"https:\/\/acumen.org\/es\/#\/schema\/logo\/image\/"},"sameAs":["https:\/\/www.facebook.com\/acumenfund\/","https:\/\/x.com\/Acumen","https:\/\/www.instagram.com\/acumenorg\/","https:\/\/www.linkedin.com\/company\/acumen-fund\/","https:\/\/www.youtube.com\/channel\/UCpuoLfl6gZl2jDa8lAlC8YQ"],"description":"We invest across the capital continuum to help transformational companies grow from seed to scale. acumen invests patient capital in business models that deliver critical, affordable goods and services to the world's poor, improving the lives of millions. Since 2001, Acumen has invested in businesses that provide access to healthcare, energy, education, water & sanitation, housing, financial services, and agricultural services to low-income customers. Our investments are addressing the problems of poverty in East and West Africa, South Asia, Latin America, and the United States.","telephone":"1-212-566-8821","legalName":"Acumen Fund, Inc.","taxID":"13-4166228","ownershipFundingInfo":"https:\/\/acumen.org\/financials\/","ethicsPolicy":"https:\/\/acumen.org\/anti-corruption-policy\/"},{"@type":"Person","@id":"https:\/\/acumen.org\/es\/#\/schema\/person\/cc23269de4eed510141e42eae895c0dc","name":"Acumen","image":{"@type":"ImageObject","inLanguage":"es-ES","@id":"https:\/\/secure.gravatar.com\/avatar\/44f8fbe9133793fb949c95942f8d9143ecb31b1d9d2c362c7f6f76de0e43d5ba?s=96&d=mm&r=g","url":"https:\/\/secure.gravatar.com\/avatar\/44f8fbe9133793fb949c95942f8d9143ecb31b1d9d2c362c7f6f76de0e43d5ba?s=96&d=mm&r=g","contentUrl":"https:\/\/secure.gravatar.com\/avatar\/44f8fbe9133793fb949c95942f8d9143ecb31b1d9d2c362c7f6f76de0e43d5ba?s=96&d=mm&r=g","caption":"Acumen"}}]}},"_links":{"self":[{"href":"https:\/\/acumen.org\/es\/wp-json\/wp\/v2\/posts\/12141","targetHints":{"allow":["GET"]}}],"collection":[{"href":"https:\/\/acumen.org\/es\/wp-json\/wp\/v2\/posts"}],"about":[{"href":"https:\/\/acumen.org\/es\/wp-json\/wp\/v2\/types\/post"}],"author":[{"embeddable":true,"href":"https:\/\/acumen.org\/es\/wp-json\/wp\/v2\/users\/30"}],"replies":[{"embeddable":true,"href":"https:\/\/acumen.org\/es\/wp-json\/wp\/v2\/comments?post=12141"}],"version-history":[{"count":0,"href":"https:\/\/acumen.org\/es\/wp-json\/wp\/v2\/posts\/12141\/revisions"}],"wp:featuredmedia":[{"embeddable":true,"href":"https:\/\/acumen.org\/es\/wp-json\/wp\/v2\/media\/8512"}],"wp:attachment":[{"href":"https:\/\/acumen.org\/es\/wp-json\/wp\/v2\/media?parent=12141"}],"wp:term":[{"taxonomy":"category","embeddable":true,"href":"https:\/\/acumen.org\/es\/wp-json\/wp\/v2\/categories?post=12141"},{"taxonomy":"post_tag","embeddable":true,"href":"https:\/\/acumen.org\/es\/wp-json\/wp\/v2\/tags?post=12141"},{"taxonomy":"blog-type","embeddable":true,"href":"https:\/\/acumen.org\/es\/wp-json\/wp\/v2\/blog-type?post=12141"},{"taxonomy":"problem-tax","embeddable":true,"href":"https:\/\/acumen.org\/es\/wp-json\/wp\/v2\/problem?post=12141"},{"taxonomy":"region-tax","embeddable":true,"href":"https:\/\/acumen.org\/es\/wp-json\/wp\/v2\/region?post=12141"},{"taxonomy":"acumen-year","embeddable":true,"href":"https:\/\/acumen.org\/es\/wp-json\/wp\/v2\/year?post=12141"},{"taxonomy":"post-author","embeddable":true,"href":"https:\/\/acumen.org\/es\/wp-json\/wp\/v2\/author?post=12141"},{"taxonomy":"media-format","embeddable":true,"href":"https:\/\/acumen.org\/es\/wp-json\/wp\/v2\/media-format?post=12141"}],"curies":[{"name":"wp","href":"https:\/\/api.w.org\/{rel}","templated":true}]}}