{"id":12811,"date":"2024-07-03T10:00:00","date_gmt":"2024-07-03T14:00:00","guid":{"rendered":"https:\/\/acumenbw.wpenginepowered.com\/?p=12811"},"modified":"2024-07-08T09:20:16","modified_gmt":"2024-07-08T13:20:16","slug":"150-000-hectareas-de-la-amazonia-colombiana-seran-restauradas-por-amazonia-emprende-para-2031","status":"publish","type":"post","link":"https:\/\/acumen.org\/es\/blog\/150-000-hectareas-de-la-amazonia-colombiana-seran-restauradas-por-amazonia-emprende-para-2031\/","title":{"rendered":"150.000 hect\u00e1reas de la Amazon\u00eda colombiana ser\u00e1n restauradas por Amazon\u00eda Emprende para 2031"},"content":{"rendered":"\n<p><em>Acumen en alianza con Fundaci\u00f3n Bancolombia, USAID y el Programa Trellis- apoyado por UK Foreign, Commonwealth and Development Office (FCDO por sus siglas en ingl\u00e9s), ha invertido&nbsp; para el establecimiento y operaci\u00f3n de un Centro de Semillas Nativas en el Caquet\u00e1 que ser\u00e1 llevado a cabo por Amazonia Emprende. Esta organizaci\u00f3n naci\u00f3 en 2020 con el objetivo de contribuir a la recuperaci\u00f3n de ecosistemas degradados o deforestados y proporcionar soluciones sostenibles para las comunidades locales.<\/em><\/p>\n\n\n\n<p>La Amazon\u00eda es mundialmente conocida como el &#8220;pulm\u00f3n del mundo&#8221;, ya que abarca ocho pa\u00edses y contiene casi el 30% de la biodiversidad mundial. Su bioma produce el 20% del ox\u00edgeno del planeta y act\u00faa como un sumidero de carbono, almacenando cerca de 76.000 millones de toneladas de CO2. Sin embargo, su existencia est\u00e1 en peligro.&nbsp;<\/p>\n\n\n\n<p>Un estudio reciente de la Red Amaz\u00f3nica de Informaci\u00f3n Socioambiental Georreferenciada (RAISG) asegura que entre 2001 y 2020, la Amazon\u00eda perdi\u00f3 m\u00e1s de 54,2 millones de hect\u00e1reas, casi el 9% de sus bosques, lo que equivale al tama\u00f1o de Francia. Al ritmo actual de deforestaci\u00f3n, en un escenario pesimista, el bosque tropical m\u00e1s grande del mundo podr\u00eda perder, en solo cinco a\u00f1os, la mitad de lo que ya perdi\u00f3 en esos \u00faltimos veinte a\u00f1os.<\/p>\n\n\n\n<p>Esta preocupaci\u00f3n, que es latente para diferentes entidades tanto del sector p\u00fablico como privado, y las consecuencias que esta p\u00e9rdida genera en las comunidades rurales en Colombia, ha sido una de las premisas que ha llevado recientemente a Acumen a invertir en Amazon\u00eda Emprende, una empresa social colombiana fundada en 2020 por Julie Hern\u00e1ndez y Julio Andr\u00e9s Rozo, que busca proporcionar soluciones sostenibles para la restauraci\u00f3n de ecosistemas que generen oportunidades econ\u00f3micas para las comunidades locales.<\/p>\n\n\n\n<p>&#8220;Con esta nueva inversi\u00f3n, fortaleceremos nuestro Centro de Semillas Nativas. Esto permitir\u00e1 restaurar la biodiversidad en la Amazon\u00eda, por medio del rescate de las semillas de especies forestales nativas junto con las comunidades locales&#8221;, asegura Julie Hern\u00e1ndez, co-fundadora y directora ejecutiva de Amazon\u00eda Emprende.<\/p>\n\n\n\n<p>El Centro de Semillas Nativas, una iniciativa tambi\u00e9n apoyada por el Laboratorio de Innovaci\u00f3n del Grupo BID, BID Lab y el Fondo Multidonantes de la iniciativa Amazon\u00eda Forever, es una nueva unidad de negocio que suministrar\u00e1 pl\u00e1ntulas de alta calidad de una gran diversidad de especies nativas, especialmente amenazadas. Asimismo, contribuir\u00e1 con la generaci\u00f3n de ciencia necesaria para establecer protocolos de selecci\u00f3n, germinaci\u00f3n y plantaci\u00f3n en los proyectos de restauraci\u00f3n de ecosistemas con entidades p\u00fablicas y privadas.<\/p>\n\n\n\n<p>De igual manera, se ha destacado que esta inversi\u00f3n promover\u00e1 la formaci\u00f3n de una red de due\u00f1os de \u00e1rboles semilleros y una red de viveros gestionados por comunidades locales, que proporcionar\u00e1n pl\u00e1ntulas de especies nativas cruciales para la biodiversidad y la salud del ecosistema, creando nuevas fuentes de ingresos para los agricultores locales.<\/p>\n\n\n<div class=\"my-5 lg:my-15 lg:mx-20 \">\n              <figure class=\"flex-1 h-fit\">\n          <div\n            class=\"overflow-hidden lg:rounded-10 aspect-video xl:aspect-auto max-h-171.25\">\n            <img loading=\"lazy\" decoding=\"async\" width=\"1024\" height=\"768\" src=\"https:\/\/acumen.org\/wp-content\/uploads\/2024\/06\/IMG-20240515-WA0161-1024x768.jpg\" class=\"w-full object-cover h-full\" alt=\"\" sizes=\"auto, container\" style=\"object-position: 50% 50%;\" srcset=\"https:\/\/acumen.org\/wp-content\/uploads\/2024\/06\/IMG-20240515-WA0161-1024x768.jpg 1024w, https:\/\/acumen.org\/wp-content\/uploads\/2024\/06\/IMG-20240515-WA0161-300x225.jpg 300w, https:\/\/acumen.org\/wp-content\/uploads\/2024\/06\/IMG-20240515-WA0161-768x576.jpg 768w, https:\/\/acumen.org\/wp-content\/uploads\/2024\/06\/IMG-20240515-WA0161-1536x1152.jpg 1536w, https:\/\/acumen.org\/wp-content\/uploads\/2024\/06\/IMG-20240515-WA0161-2048x1536.jpg 2048w\" \/>\n          <\/div>\n                  <\/figure>\n          <\/div>\n  \n\n\n<p>Por su lado, Elvia G\u00f3mez, Directora Asociada de Acumen Latinoam\u00e9rica, destaca la alineaci\u00f3n de esta inversi\u00f3n con la tesis que siempre han buscado promover: \u201cNos ayuda a entender c\u00f3mo, en zonas afectadas por conflictos, el capital privado puede contribuir a generar ingresos adicionales y m\u00e1s estables, as\u00ed como incrementar la resiliencia al clima de la poblaci\u00f3n en estos territorios, contribuir a la protecci\u00f3n del medio ambiente y la biodiversidad, y fortalecer el tejido social\u201d.<\/p>\n\n\n\n<p>Adem\u00e1s, resalta que el Centro de Semillas Nativas cuenta con incentivos para la protecci\u00f3n del medio ambiente y la biodiversidad de la Amazonia colombiana, ofreciendo una actividad econ\u00f3mica alternativa a actividades ilegales como los cultivos il\u00edcitos, la tala ilegal y la miner\u00eda, que son motores de la deforestaci\u00f3n y del ciclo de violencia en estas zonas rurales.<\/p>\n\n\n\n<p>\u201cCrearemos una red formal de proveedores de semillas, formando a familias campesinas, ganaderas e ind\u00edgenas en t\u00e9cnicas de cosecha y manejo de semillas. Esta capacitaci\u00f3n incluir\u00e1 la supervisi\u00f3n y documentaci\u00f3n de los \u00e1rboles semilleros, asegurando que la recolecci\u00f3n cumpla con las normativas vigentes. De esta manera, se fortalecer\u00e1 la capacidad local y se garantizar\u00e1 la calidad de las semillas recolectadas\u201d, afirma Julio Andr\u00e9s Rozo, cofundador y director de estrategia de Amazon\u00eda Emprende. Asimismo, a\u00f1ade que esta inversi\u00f3n tambi\u00e9n abre posibilidades para el establecimiento del laboratorio y una red de viveros.<\/p>\n\n\n\n<p>Es as\u00ed como Amazon\u00eda Emprende est\u00e1 estableciendo un precedente sobre c\u00f3mo las soluciones innovadoras y colaborativas pueden abordar la crisis ambiental mientras mejoran las condiciones econ\u00f3micas de las comunidades vulnerables. Esto es fundamental, especialmente considerando las advertencias de la Ministra de Ambiente, Susana Muhamad, en la Cumbre Amaz\u00f3nica de Leticia del a\u00f1o pasado, en donde se\u00f1al\u00f3 que si la Amazonia supera el 20% de deforestaci\u00f3n, llegar\u00e1 a un punto de no retorno, lo que significa que ya no tendr\u00e1 la capacidad de regenerarse.<\/p>\n\n\n<section class=\"wp-block-share-buttons text-container border-black border-t mt-15 mb-7.5 py-7.5\">\n    <div class=\"py-2.5 flex gap-10 items-center\" animate>\n      <h2 class=\"h4 m-0\">\n        Share\n      <\/h2>\n      <ul class=\"flex gap-2 items-center\" x-data=\"shareButtons('Enlace copiado', 'Lo sentimos, no pudimos copiar el enlace')\">\n\n        \n          <li>\n            <a class=\"h-7 w-7 link-no-underline rounded-full hover:bg-black hover:text-white active:bg-black active:text-white flex items-center justify-center shrink-0\" href=\"https:\/\/www.facebook.com\/sharer.php?t=150.000%20hect%C3%A1reas%20de%20la%20Amazon%C3%ADa%20colombiana%20ser%C3%A1n%20restauradas%20por%20Amazon%C3%ADa%20Emprende%20para%202031&amp;u=https:\/\/acumen.org\/es\/blog\/150-000-hectareas-de-la-amazonia-colombiana-seran-restauradas-por-amazonia-emprende-para-2031\/\" target=\"_blank\" @click.prevent=\"open($el)\" title=\"Compartir en Facebook\">\n\n      <svg aria-hidden=\"true\" class=\"fill-current w-auto w-3.5 h-auto flex-shrink-0 relative z-5\" width=\"23\" height=\"22\" viewBox=\"0 0 23 22\" fill=\"none\" xmlns=\"http:\/\/www.w3.org\/2000\/svg\">\n<g>\n<path d=\"M12.8719 7.15463V9.12843H15.5091L15.0915 11.7872H12.8719V17.913C12.4269 17.9702 11.9716 18 11.5094 18C10.976 18 10.4521 17.9606 9.94193 17.8845V11.7872H7.50977V9.12843H9.94193V6.71341C9.94193 5.21513 11.2537 4 12.8726 4V4.00127C12.8774 4.00127 12.8815 4 12.8863 4H15.5098V6.29948H13.7955C13.2861 6.29948 12.8726 6.6823 12.8726 7.154L12.8719 7.15463Z\" fill=\"currentColor\"\/>\n<\/g>\n<\/svg>  \n  <span class=\"relative z-5 sr-only\">\n    Compartir en Facebook\n  <\/span>\n\n  <\/a>\n          <\/li>\n\n        \n          <li>\n            <a class=\"h-7 w-7 link-no-underline rounded-full hover:bg-black hover:text-white active:bg-black active:text-white flex items-center justify-center shrink-0\" href=\"https:\/\/twitter.com\/intent\/tweet?text=150.000%20hect%C3%A1reas%20de%20la%20Amazon%C3%ADa%20colombiana%20ser%C3%A1n%20restauradas%20por%20Amazon%C3%ADa%20Emprende%20para%202031&amp;url=https:\/\/acumen.org\/es\/blog\/150-000-hectareas-de-la-amazonia-colombiana-seran-restauradas-por-amazonia-emprende-para-2031\/\" target=\"_blank\" @click.prevent=\"open($el)\" title=\"Compartir en X\/Twitter\">\n\n      <svg aria-hidden=\"true\" class=\"fill-current w-auto w-3.5 h-auto flex-shrink-0 relative z-5\" width=\"23\" height=\"22\" viewBox=\"0 0 23 22\" fill=\"none\" xmlns=\"http:\/\/www.w3.org\/2000\/svg\">\n<g>\n<path id=\"path1009\" d=\"M4.96324 4.85205L10.0349 11.6348L4.93164 17.1496H6.08052L10.5489 12.3216L14.1589 17.1496H18.0678L12.711 9.98536L17.4614 4.85205H16.3125L12.1978 9.29861L8.87295 4.85205H4.96324ZM6.65225 5.69835H8.44761L16.3772 16.3033H14.5819L6.65225 5.69835Z\" fill=\"currentColor\"\/>\n<\/g>\n<\/svg>  \n  <span class=\"relative z-5 sr-only\">\n    Compartir en X\/Twitter\n  <\/span>\n\n  <\/a>\n          <\/li>\n\n        \n          <li>\n            <a class=\"h-7 w-7 link-no-underline rounded-full hover:bg-black hover:text-white active:bg-black active:text-white flex items-center justify-center shrink-0\" href=\"https:\/\/www.linkedin.com\/shareArticle?title=150.000%20hect%C3%A1reas%20de%20la%20Amazon%C3%ADa%20colombiana%20ser%C3%A1n%20restauradas%20por%20Amazon%C3%ADa%20Emprende%20para%202031&amp;url=https:\/\/acumen.org\/es\/blog\/150-000-hectareas-de-la-amazonia-colombiana-seran-restauradas-por-amazonia-emprende-para-2031\/\" target=\"_blank\" @click.prevent=\"open($el)\" title=\"Compartir en LinkedIn\">\n\n      <svg aria-hidden=\"true\" class=\"fill-current w-auto w-3.5 h-auto flex-shrink-0 relative z-5\" width=\"23\" height=\"22\" viewBox=\"0 0 23 22\" fill=\"none\" xmlns=\"http:\/\/www.w3.org\/2000\/svg\">\n<g>\n<path id=\"Vector_2\" d=\"M5.73849 7.31219C5.44877 7.04319 5.30469 6.71022 5.30469 6.31405C5.30469 5.91787 5.44954 5.57026 5.73849 5.30049C6.02822 5.03149 6.40116 4.89661 6.85809 4.89661C7.31502 4.89661 7.67333 5.03149 7.96228 5.30049C8.252 5.56949 8.39608 5.90785 8.39608 6.31405C8.39608 6.72024 8.25123 7.04319 7.96228 7.31219C7.67255 7.58118 7.305 7.71607 6.85809 7.71607C6.41118 7.71607 6.02822 7.58118 5.73849 7.31219ZM8.1526 8.85526V17.1025H5.5474V8.85526H8.1526Z\" fill=\"currentColor\"\/>\n<path id=\"Vector_3\" d=\"M16.8257 9.67004C17.3936 10.2867 17.6772 11.133 17.6772 12.2105V16.9569H15.203V12.545C15.203 12.0016 15.062 11.5792 14.7807 11.2786C14.4995 10.978 14.1204 10.827 13.6457 10.827C13.1711 10.827 12.7919 10.9773 12.5107 11.2786C12.2294 11.5792 12.0884 12.0016 12.0884 12.545V16.9569H9.59961V8.83221H12.0884V9.90974C12.3404 9.55057 12.6802 9.26693 13.1071 9.05805C13.534 8.84918 14.014 8.74512 14.548 8.74512C15.4989 8.74512 16.2586 9.05342 16.8257 9.66927V9.67004Z\" fill=\"currentColor\"\/>\n<\/g>\n<\/svg>  \n  <span class=\"relative z-5 sr-only\">\n    Compartir en LinkedIn\n  <\/span>\n\n  <\/a>\n          <\/li>\n\n        \n          <li>\n            <a class=\"h-7 w-7 link-no-underline rounded-full hover:bg-black hover:text-white active:bg-black active:text-white flex items-center justify-center shrink-0\" href=\"https:\/\/pinterest.com\/pin\/create\/button\/?description=150.000%20hect%C3%A1reas%20de%20la%20Amazon%C3%ADa%20colombiana%20ser%C3%A1n%20restauradas%20por%20Amazon%C3%ADa%20Emprende%20para%202031&amp;url=https:\/\/acumen.org\/es\/blog\/150-000-hectareas-de-la-amazonia-colombiana-seran-restauradas-por-amazonia-emprende-para-2031\/\" target=\"_blank\" @click.prevent=\"open($el)\" title=\"Compartir en Pinterest\">\n\n      <svg aria-hidden=\"true\" class=\"fill-current w-auto w-3.5 h-auto flex-shrink-0 relative z-5\" xmlns=\"http:\/\/www.w3.org\/2000\/svg\" width=\"23\" height=\"23\" viewBox=\"0 0 23 23\" fill=\"none\">\n  <path fill-rule=\"evenodd\" clip-rule=\"evenodd\" d=\"M11.0838 13.9802C11.072 14.0175 11.061 14.0491 11.052 14.0807C10.5302 15.9513 10.4722 16.3668 9.93589 17.2357C9.68019 17.6487 9.39201 18.0401 9.07342 18.4145C9.03748 18.4569 9.00361 18.5112 8.93174 18.498C8.85296 18.4828 8.84674 18.4183 8.83845 18.3601C8.75275 17.7916 8.70507 17.2218 8.7258 16.6476C8.75275 15.9001 8.85365 15.6434 9.90686 11.591C9.92207 11.529 9.90479 11.4778 9.88267 11.4222C9.63043 10.7999 9.58067 10.1682 9.80112 9.52818C10.278 8.14578 11.9905 8.04017 12.2897 9.18036C12.4742 9.88548 11.9863 10.8088 11.6118 12.1735C11.3015 13.2991 12.75 14.0997 13.9877 13.2776C15.1294 12.52 15.5724 10.7038 15.488 9.41624C15.3222 6.84938 12.2462 6.29478 10.2953 7.12131C8.05822 8.06799 7.54958 10.6051 8.55994 11.7649C8.68779 11.9123 8.92898 12.0027 8.88682 12.152C8.82186 12.384 8.7645 12.618 8.69401 12.8488C8.64149 13.0209 8.34225 13.0834 8.1522 13.0126C7.77971 12.8748 7.46941 12.6579 7.21786 12.372C6.36022 11.4 6.11489 9.47758 7.24896 7.84982C8.50535 6.04688 10.8426 5.3171 12.9766 5.53844C15.5254 5.80341 17.1363 7.39703 17.4376 9.20502C17.5751 10.0284 17.4763 12.059 16.213 13.4945C14.7596 15.1438 12.4037 15.2532 11.3167 14.2407C11.233 14.1629 11.166 14.0725 11.0838 13.9795V13.9802Z\" fill=\"currentColor\"\/>\n<\/svg>  \n  <span class=\"relative z-5 sr-only\">\n    Compartir en Pinterest\n  <\/span>\n\n  <\/a>\n          <\/li>\n\n        \n          <li>\n            <a class=\"h-7 w-7 link-no-underline rounded-full hover:bg-black hover:text-white active:bg-black active:text-white flex items-center justify-center shrink-0\" href=\"mailto:?subject=150.000%20hect%C3%A1reas%20de%20la%20Amazon%C3%ADa%20colombiana%20ser%C3%A1n%20restauradas%20por%20Amazon%C3%ADa%20Emprende%20para%202031&amp;body=https:\/\/acumen.org\/es\/blog\/150-000-hectareas-de-la-amazonia-colombiana-seran-restauradas-por-amazonia-emprende-para-2031\/\" target=\"_blank\" @click.prevent=\"open($el)\" title=\"Compartir via correo electr\u00f3nico\">\n\n      <svg aria-hidden=\"true\" class=\"fill-current w-auto w-3.5 h-auto flex-shrink-0 relative z-5\" xmlns=\"http:\/\/www.w3.org\/2000\/svg\" width=\"23\" height=\"23\" viewBox=\"0 0 23 23\" fill=\"none\">\n  <g>\n      <path d=\"M5.66563 17.1939C5.30938 17.1939 5.0026 17.0652 4.74531 16.8079C4.48802 16.5506 4.35938 16.2439 4.35938 15.8876V7.61265C4.35938 7.2564 4.48802 6.94963 4.74531 6.69233C5.0026 6.43504 5.30938 6.3064 5.66563 6.3064H17.8406C18.2063 6.3064 18.5155 6.43504 18.768 6.69233C19.0206 6.94963 19.1468 7.2564 19.1468 7.61265V15.8876C19.1468 16.2439 19.0206 16.5506 18.768 16.8079C18.5155 17.0652 18.2063 17.1939 17.8406 17.1939H5.66563ZM18.0906 8.63604L12.1078 12.1579C12.0517 12.1933 11.9939 12.2212 11.9344 12.2415C11.8748 12.2618 11.8144 12.272 11.7531 12.272C11.6854 12.272 11.6284 12.2618 11.582 12.2415C11.5357 12.2212 11.4818 12.1954 11.4204 12.164L5.4156 8.63604V15.8876C5.4156 15.9605 5.43905 16.0204 5.48593 16.0673C5.53281 16.1142 5.59271 16.1376 5.66563 16.1376H17.8406C17.9135 16.1376 17.9734 16.1142 18.0203 16.0673C18.0672 16.0204 18.0906 15.9605 18.0906 15.8876V8.63604ZM11.7531 10.9986L17.9453 7.36263H5.58123L11.7531 10.9986ZM5.4156 8.3739V8.54104V7.74231V7.75636V7.73059V8.54276V8.37567V16.1376V8.3739Z\" fill=\"currentColor\"\/>\n  <\/g>\n<\/svg>  \n  <span class=\"relative z-5 sr-only\">\n    Compartir via correo electr\u00f3nico\n  <\/span>\n\n  <\/a>\n          <\/li>\n\n        \n        \n        <li class=\"relative\" x-id=\"['tooltip']\">\n\n          <button class=\"h-7 w-7 link-no-underline rounded-full hover:bg-black hover:text-white active:bg-black active:text-white flex items-center justify-center shrink-0\" @click=\"copyLink()\" x-bind:aria-describedby=\"tooltip &#038;&#038; $id('tooltip')\" title=\"Copy link\">\n\n      <svg aria-hidden=\"true\" class=\"fill-current pr-0.5 w-auto w-3.5 h-auto flex-shrink-0 relative z-5\" xmlns=\"http:\/\/www.w3.org\/2000\/svg\" width=\"23\" height=\"23\" viewBox=\"0 0 23 23\">\n  <g>\n      <path d=\"M15.3387 18.1395C14.7972 18.1395 14.3367 17.9499 13.9572 17.5707C13.5776 17.1915 13.3878 16.7311 13.3878 16.1894C13.3878 16.0891 13.3949 15.9974 13.409 15.9144C13.4231 15.8314 13.4442 15.7381 13.4724 15.6344L9.00773 12.9003C8.84409 13.0985 8.64654 13.2412 8.41507 13.3285C8.18362 13.4157 7.93844 13.4594 7.67952 13.4594C7.13784 13.4594 6.67742 13.2699 6.29825 12.8908C5.91908 12.5118 5.72949 12.0516 5.72949 11.5101C5.72949 10.9687 5.91908 10.5082 6.29825 10.1286C6.67742 9.74909 7.13784 9.55931 7.67952 9.55931C7.93497 9.55931 8.1793 9.6059 8.41249 9.69908C8.64567 9.79227 8.84409 9.93204 9.00773 10.1184L13.4724 7.38425C13.4442 7.28062 13.4231 7.18729 13.409 7.10426C13.3949 7.02125 13.3878 6.92958 13.3878 6.82924C13.3878 6.28756 13.5774 5.82714 13.9564 5.44797C14.3354 5.0688 14.7956 4.87921 15.3371 4.87921C15.8785 4.87921 16.339 5.06872 16.7186 5.44774C17.0981 5.82676 17.2879 6.28699 17.2879 6.82844C17.2879 7.36989 17.0983 7.83039 16.7191 8.20994C16.34 8.58949 15.8795 8.77926 15.3379 8.77926C15.0789 8.77926 14.8338 8.73563 14.6023 8.64836C14.3708 8.56108 14.1733 8.41835 14.0097 8.22017L9.545 10.9543C9.57319 11.058 9.59432 11.1511 9.60841 11.2338C9.6225 11.3165 9.62954 11.4079 9.62954 11.5079C9.62954 11.608 9.6225 11.6998 9.60841 11.7834C9.59432 11.8671 9.57319 11.9607 9.545 12.0644L14.0097 14.7985C14.1733 14.5885 14.3708 14.4428 14.6023 14.3615C14.8338 14.2801 15.0789 14.2394 15.3379 14.2394C15.8795 14.2394 16.34 14.4289 16.7191 14.8079C17.0983 15.187 17.2879 15.6472 17.2879 16.1886C17.2879 16.7301 17.0984 17.1906 16.7194 17.5701C16.3403 17.9497 15.8801 18.1395 15.3387 18.1395ZM15.3379 7.85746C15.6244 7.85746 15.8674 7.75773 16.0669 7.55827C16.2664 7.3588 16.3661 7.11579 16.3661 6.82924C16.3661 6.54269 16.2664 6.29968 16.0669 6.1002C15.8674 5.90074 15.6244 5.80102 15.3379 5.80102C15.0513 5.80102 14.8083 5.90074 14.6088 6.1002C14.4094 6.29968 14.3096 6.54269 14.3096 6.82924C14.3096 7.11579 14.4094 7.3588 14.6088 7.55827C14.8083 7.75773 15.0513 7.85746 15.3379 7.85746ZM7.67952 12.5376C7.96607 12.5376 8.20908 12.4378 8.40855 12.2384C8.60801 12.0389 8.70774 11.7959 8.70774 11.5093C8.70774 11.2228 8.60801 10.9798 8.40855 10.7803C8.20908 10.5808 7.96607 10.4811 7.67952 10.4811C7.39297 10.4811 7.14996 10.5808 6.95048 10.7803C6.75103 10.9798 6.65129 11.2228 6.65129 11.5093C6.65129 11.7959 6.75103 12.0389 6.95048 12.2384C7.14996 12.4378 7.39297 12.5376 7.67952 12.5376ZM15.3379 17.2177C15.6244 17.2177 15.8674 17.1179 16.0669 16.9185C16.2664 16.719 16.3661 16.476 16.3661 16.1894C16.3661 15.9029 16.2664 15.6599 16.0669 15.4604C15.8674 15.261 15.6244 15.1612 15.3379 15.1612C15.0513 15.1612 14.8083 15.261 14.6088 15.4604C14.4094 15.6599 14.3096 15.9029 14.3096 16.1894C14.3096 16.476 14.4094 16.719 14.6088 16.9185C14.8083 17.1179 15.0513 17.2177 15.3379 17.2177Z\" fill=\"currentColor\"\/>\n    <\/g>\n<\/svg>  \n  <span class=\"relative z-5 sr-only\">\n    \n  <\/span>\n\n  <\/button>\n          <div \n            :id=\"$id('tooltip')\" \n            x-show=\"tooltip\"\n            x-text=\"tooltip\"\n            class=\"absolute bg-black text-white rounded-md py-1 px-2 text-sm whitespace-nowrap left-1\/2 -translate-x-1\/2 -top-9\"\n          ><\/div>\n        <\/li>\n      <\/ul>\n    <\/div>\n\n  <\/section>\n","protected":false},"excerpt":{"rendered":"<p>Acumen invierte en Amazon\u00eda Emprende, una organizaci\u00f3n que busca contribuir a la recuperaci\u00f3n de ecosistemas degradados o deforestados y proporcionar soluciones sostenibles para las comunidades locales.<\/p>\n","protected":false},"author":[],"featured_media":12823,"comment_status":"closed","ping_status":"closed","sticky":false,"template":"","format":"standard","meta":{"_acf_changed":false,"content-type":"","_relevanssi_hide_post":"","_relevanssi_hide_content":"","_relevanssi_pin_for_all":"","_relevanssi_pin_keywords":"","_relevanssi_unpin_keywords":"","_relevanssi_related_keywords":"","_relevanssi_related_include_ids":"","_relevanssi_related_exclude_ids":"","_relevanssi_related_no_append":"","_relevanssi_related_not_related":"","_relevanssi_related_posts":"661,12141,611,10858,607,10860","_relevanssi_noindex_reason":"","footnotes":""},"categories":[178],"tags":[],"blog-type":[214],"problem":[189],"region":[188],"year":[],"media-format":[213],"class_list":["post-12811","post","type-post","status-publish","format-standard","has-post-thumbnail","hentry","category-sin-categorizar"],"acf":[],"yoast_head":"<!-- This site is optimized with the Yoast SEO Premium plugin v27.4 (Yoast SEO v27.4) - https:\/\/yoast.com\/product\/yoast-seo-premium-wordpress\/ -->\n<title>150.000 hect\u00e1reas de la Amazon\u00eda colombiana ser\u00e1n restauradas por Amazon\u00eda Emprende para 2031 - Acumen<\/title>\n<meta name=\"robots\" content=\"index, follow, max-snippet:-1, max-image-preview:large, max-video-preview:-1\" \/>\n<link rel=\"canonical\" href=\"https:\/\/acumen.org\/es\/blog\/150-000-hectareas-de-la-amazonia-colombiana-seran-restauradas-por-amazonia-emprende-para-2031\/\" \/>\n<meta property=\"og:locale\" content=\"es_ES\" \/>\n<meta property=\"og:type\" content=\"article\" \/>\n<meta property=\"og:title\" content=\"150.000 hect\u00e1reas de la Amazon\u00eda colombiana ser\u00e1n restauradas por Amazon\u00eda Emprende para 2031\" \/>\n<meta property=\"og:description\" content=\"Acumen invierte en Amazon\u00eda Emprende, una organizaci\u00f3n que busca contribuir a la recuperaci\u00f3n de ecosistemas degradados o deforestados y proporcionar soluciones sostenibles para las comunidades locales.\" \/>\n<meta property=\"og:url\" content=\"https:\/\/acumen.org\/es\/blog\/150-000-hectareas-de-la-amazonia-colombiana-seran-restauradas-por-amazonia-emprende-para-2031\/\" \/>\n<meta property=\"og:site_name\" content=\"Acumen\" \/>\n<meta property=\"article:publisher\" content=\"https:\/\/www.facebook.com\/acumenfund\/\" \/>\n<meta property=\"article:published_time\" content=\"2024-07-03T14:00:00+00:00\" \/>\n<meta property=\"article:modified_time\" content=\"2024-07-08T13:20:16+00:00\" \/>\n<meta property=\"og:image\" content=\"https:\/\/acumen.org\/app\/uploads\/2024\/06\/Felipe-Sembrando-1.jpg\" \/>\n\t<meta property=\"og:image:width\" content=\"1800\" \/>\n\t<meta property=\"og:image:height\" content=\"1200\" \/>\n\t<meta property=\"og:image:type\" content=\"image\/jpeg\" \/>\n<meta name=\"author\" content=\"Kevin Guaranda\" \/>\n<meta name=\"twitter:card\" content=\"summary_large_image\" \/>\n<meta name=\"twitter:creator\" content=\"@Acumen\" \/>\n<meta name=\"twitter:site\" content=\"@Acumen\" \/>\n<meta name=\"twitter:label1\" content=\"Escrito por\" \/>\n\t<meta name=\"twitter:data1\" content=\"Kevin Guaranda\" \/>\n\t<meta name=\"twitter:label2\" content=\"Tiempo de lectura\" \/>\n\t<meta name=\"twitter:data2\" content=\"4 minutes\" \/>\n<script type=\"application\/ld+json\" class=\"yoast-schema-graph\">{\"@context\":\"https:\\\/\\\/schema.org\",\"@graph\":[{\"@type\":\"Article\",\"@id\":\"https:\\\/\\\/acumen.org\\\/es\\\/blog\\\/150-000-hectareas-de-la-amazonia-colombiana-seran-restauradas-por-amazonia-emprende-para-2031\\\/#article\",\"isPartOf\":{\"@id\":\"https:\\\/\\\/acumen.org\\\/es\\\/blog\\\/150-000-hectareas-de-la-amazonia-colombiana-seran-restauradas-por-amazonia-emprende-para-2031\\\/\"},\"author\":{\"name\":\"Kevin Guaranda\",\"@id\":\"https:\\\/\\\/acumen.org\\\/es\\\/#\\\/schema\\\/person\\\/c4ef607b5c54e3eff6479d6e84bbf005\"},\"headline\":\"150.000 hect\u00e1reas de la Amazon\u00eda colombiana ser\u00e1n restauradas por Amazon\u00eda Emprende para 2031\",\"datePublished\":\"2024-07-03T14:00:00+00:00\",\"dateModified\":\"2024-07-08T13:20:16+00:00\",\"mainEntityOfPage\":{\"@id\":\"https:\\\/\\\/acumen.org\\\/es\\\/blog\\\/150-000-hectareas-de-la-amazonia-colombiana-seran-restauradas-por-amazonia-emprende-para-2031\\\/\"},\"wordCount\":846,\"publisher\":{\"@id\":\"https:\\\/\\\/acumen.org\\\/es\\\/#organization\"},\"image\":{\"@id\":\"https:\\\/\\\/acumen.org\\\/es\\\/blog\\\/150-000-hectareas-de-la-amazonia-colombiana-seran-restauradas-por-amazonia-emprende-para-2031\\\/#primaryimage\"},\"thumbnailUrl\":\"https:\\\/\\\/acumen.org\\\/wp-content\\\/uploads\\\/2024\\\/06\\\/Felipe-Sembrando-1.jpg\",\"articleSection\":[\"Sin categorizar\"],\"inLanguage\":\"es-ES\"},{\"@type\":\"WebPage\",\"@id\":\"https:\\\/\\\/acumen.org\\\/es\\\/blog\\\/150-000-hectareas-de-la-amazonia-colombiana-seran-restauradas-por-amazonia-emprende-para-2031\\\/\",\"url\":\"https:\\\/\\\/acumen.org\\\/es\\\/blog\\\/150-000-hectareas-de-la-amazonia-colombiana-seran-restauradas-por-amazonia-emprende-para-2031\\\/\",\"name\":\"150.000 hect\u00e1reas de la Amazon\u00eda colombiana ser\u00e1n restauradas por Amazon\u00eda Emprende para 2031 - Acumen\",\"isPartOf\":{\"@id\":\"https:\\\/\\\/acumen.org\\\/es\\\/#website\"},\"primaryImageOfPage\":{\"@id\":\"https:\\\/\\\/acumen.org\\\/es\\\/blog\\\/150-000-hectareas-de-la-amazonia-colombiana-seran-restauradas-por-amazonia-emprende-para-2031\\\/#primaryimage\"},\"image\":{\"@id\":\"https:\\\/\\\/acumen.org\\\/es\\\/blog\\\/150-000-hectareas-de-la-amazonia-colombiana-seran-restauradas-por-amazonia-emprende-para-2031\\\/#primaryimage\"},\"thumbnailUrl\":\"https:\\\/\\\/acumen.org\\\/wp-content\\\/uploads\\\/2024\\\/06\\\/Felipe-Sembrando-1.jpg\",\"datePublished\":\"2024-07-03T14:00:00+00:00\",\"dateModified\":\"2024-07-08T13:20:16+00:00\",\"breadcrumb\":{\"@id\":\"https:\\\/\\\/acumen.org\\\/es\\\/blog\\\/150-000-hectareas-de-la-amazonia-colombiana-seran-restauradas-por-amazonia-emprende-para-2031\\\/#breadcrumb\"},\"inLanguage\":\"es-ES\",\"potentialAction\":[{\"@type\":\"ReadAction\",\"target\":[\"https:\\\/\\\/acumen.org\\\/es\\\/blog\\\/150-000-hectareas-de-la-amazonia-colombiana-seran-restauradas-por-amazonia-emprende-para-2031\\\/\"]}]},{\"@type\":\"ImageObject\",\"inLanguage\":\"es-ES\",\"@id\":\"https:\\\/\\\/acumen.org\\\/es\\\/blog\\\/150-000-hectareas-de-la-amazonia-colombiana-seran-restauradas-por-amazonia-emprende-para-2031\\\/#primaryimage\",\"url\":\"https:\\\/\\\/acumen.org\\\/wp-content\\\/uploads\\\/2024\\\/06\\\/Felipe-Sembrando-1.jpg\",\"contentUrl\":\"https:\\\/\\\/acumen.org\\\/wp-content\\\/uploads\\\/2024\\\/06\\\/Felipe-Sembrando-1.jpg\",\"width\":1800,\"height\":1200},{\"@type\":\"BreadcrumbList\",\"@id\":\"https:\\\/\\\/acumen.org\\\/es\\\/blog\\\/150-000-hectareas-de-la-amazonia-colombiana-seran-restauradas-por-amazonia-emprende-para-2031\\\/#breadcrumb\",\"itemListElement\":[{\"@type\":\"ListItem\",\"position\":1,\"name\":\"Home\",\"item\":\"https:\\\/\\\/acumen.org\\\/es\\\/\"},{\"@type\":\"ListItem\",\"position\":2,\"name\":\"150.000 hect\u00e1reas de la Amazon\u00eda colombiana ser\u00e1n restauradas por Amazon\u00eda Emprende para 2031\"}]},{\"@type\":\"WebSite\",\"@id\":\"https:\\\/\\\/acumen.org\\\/es\\\/#website\",\"url\":\"https:\\\/\\\/acumen.org\\\/es\\\/\",\"name\":\"Acumen\",\"description\":\"\",\"publisher\":{\"@id\":\"https:\\\/\\\/acumen.org\\\/es\\\/#organization\"},\"potentialAction\":[{\"@type\":\"SearchAction\",\"target\":{\"@type\":\"EntryPoint\",\"urlTemplate\":\"https:\\\/\\\/acumen.org\\\/es\\\/?s={search_term_string}\"},\"query-input\":{\"@type\":\"PropertyValueSpecification\",\"valueRequired\":true,\"valueName\":\"search_term_string\"}}],\"inLanguage\":\"es-ES\"},{\"@type\":\"Organization\",\"@id\":\"https:\\\/\\\/acumen.org\\\/es\\\/#organization\",\"name\":\"Acumen\",\"url\":\"https:\\\/\\\/acumen.org\\\/es\\\/\",\"logo\":{\"@type\":\"ImageObject\",\"inLanguage\":\"es-ES\",\"@id\":\"https:\\\/\\\/acumen.org\\\/es\\\/#\\\/schema\\\/logo\\\/image\\\/\",\"url\":\"https:\\\/\\\/acumen.org\\\/app\\\/uploads\\\/2021\\\/03\\\/Acumen.png\",\"contentUrl\":\"https:\\\/\\\/acumen.org\\\/app\\\/uploads\\\/2021\\\/03\\\/Acumen.png\",\"width\":3334,\"height\":2480,\"caption\":\"Acumen\"},\"image\":{\"@id\":\"https:\\\/\\\/acumen.org\\\/es\\\/#\\\/schema\\\/logo\\\/image\\\/\"},\"sameAs\":[\"https:\\\/\\\/www.facebook.com\\\/acumenfund\\\/\",\"https:\\\/\\\/x.com\\\/Acumen\",\"https:\\\/\\\/www.instagram.com\\\/acumenorg\\\/\",\"https:\\\/\\\/www.linkedin.com\\\/company\\\/acumen-fund\\\/\",\"https:\\\/\\\/www.youtube.com\\\/channel\\\/UCpuoLfl6gZl2jDa8lAlC8YQ\"],\"description\":\"We invest across the capital continuum to help transformational companies grow from seed to scale. acumen invests patient capital in business models that deliver critical, affordable goods and services to the world's poor, improving the lives of millions. Since 2001, Acumen has invested in businesses that provide access to healthcare, energy, education, water & sanitation, housing, financial services, and agricultural services to low-income customers. Our investments are addressing the problems of poverty in East and West Africa, South Asia, Latin America, and the United States.\",\"telephone\":\"1-212-566-8821\",\"legalName\":\"Acumen Fund, Inc.\",\"taxID\":\"13-4166228\",\"ownershipFundingInfo\":\"https:\\\/\\\/acumen.org\\\/financials\\\/\",\"ethicsPolicy\":\"https:\\\/\\\/acumen.org\\\/anti-corruption-policy\\\/\"},{\"@type\":\"Person\",\"@id\":\"https:\\\/\\\/acumen.org\\\/es\\\/#\\\/schema\\\/person\\\/c4ef607b5c54e3eff6479d6e84bbf005\",\"name\":\"Kevin Guaranda\",\"image\":{\"@type\":\"ImageObject\",\"inLanguage\":\"es-ES\",\"@id\":\"https:\\\/\\\/secure.gravatar.com\\\/avatar\\\/d0d5bd8e116c1902a6d447bad8291368cf6ac558cdbfbc414a9eb5efd2aa8416?s=96&d=mm&r=g\",\"url\":\"https:\\\/\\\/secure.gravatar.com\\\/avatar\\\/d0d5bd8e116c1902a6d447bad8291368cf6ac558cdbfbc414a9eb5efd2aa8416?s=96&d=mm&r=g\",\"contentUrl\":\"https:\\\/\\\/secure.gravatar.com\\\/avatar\\\/d0d5bd8e116c1902a6d447bad8291368cf6ac558cdbfbc414a9eb5efd2aa8416?s=96&d=mm&r=g\",\"caption\":\"Kevin Guaranda\"}}]}<\/script>\n<!-- \/ Yoast SEO Premium plugin. -->","yoast_head_json":{"title":"150.000 hect\u00e1reas de la Amazon\u00eda colombiana ser\u00e1n restauradas por Amazon\u00eda Emprende para 2031 - Acumen","robots":{"index":"index","follow":"follow","max-snippet":"max-snippet:-1","max-image-preview":"max-image-preview:large","max-video-preview":"max-video-preview:-1"},"canonical":"https:\/\/acumen.org\/es\/blog\/150-000-hectareas-de-la-amazonia-colombiana-seran-restauradas-por-amazonia-emprende-para-2031\/","og_locale":"es_ES","og_type":"article","og_title":"150.000 hect\u00e1reas de la Amazon\u00eda colombiana ser\u00e1n restauradas por Amazon\u00eda Emprende para 2031","og_description":"Acumen invierte en Amazon\u00eda Emprende, una organizaci\u00f3n que busca contribuir a la recuperaci\u00f3n de ecosistemas degradados o deforestados y proporcionar soluciones sostenibles para las comunidades locales.","og_url":"https:\/\/acumen.org\/es\/blog\/150-000-hectareas-de-la-amazonia-colombiana-seran-restauradas-por-amazonia-emprende-para-2031\/","og_site_name":"Acumen","article_publisher":"https:\/\/www.facebook.com\/acumenfund\/","article_published_time":"2024-07-03T14:00:00+00:00","article_modified_time":"2024-07-08T13:20:16+00:00","og_image":[{"width":1800,"height":1200,"url":"https:\/\/acumen.org\/app\/uploads\/2024\/06\/Felipe-Sembrando-1.jpg","type":"image\/jpeg"}],"author":"Kevin Guaranda","twitter_card":"summary_large_image","twitter_creator":"@Acumen","twitter_site":"@Acumen","twitter_misc":{"Escrito por":"Kevin Guaranda","Tiempo de lectura":"4 minutes"},"schema":{"@context":"https:\/\/schema.org","@graph":[{"@type":"Article","@id":"https:\/\/acumen.org\/es\/blog\/150-000-hectareas-de-la-amazonia-colombiana-seran-restauradas-por-amazonia-emprende-para-2031\/#article","isPartOf":{"@id":"https:\/\/acumen.org\/es\/blog\/150-000-hectareas-de-la-amazonia-colombiana-seran-restauradas-por-amazonia-emprende-para-2031\/"},"author":{"name":"Kevin Guaranda","@id":"https:\/\/acumen.org\/es\/#\/schema\/person\/c4ef607b5c54e3eff6479d6e84bbf005"},"headline":"150.000 hect\u00e1reas de la Amazon\u00eda colombiana ser\u00e1n restauradas por Amazon\u00eda Emprende para 2031","datePublished":"2024-07-03T14:00:00+00:00","dateModified":"2024-07-08T13:20:16+00:00","mainEntityOfPage":{"@id":"https:\/\/acumen.org\/es\/blog\/150-000-hectareas-de-la-amazonia-colombiana-seran-restauradas-por-amazonia-emprende-para-2031\/"},"wordCount":846,"publisher":{"@id":"https:\/\/acumen.org\/es\/#organization"},"image":{"@id":"https:\/\/acumen.org\/es\/blog\/150-000-hectareas-de-la-amazonia-colombiana-seran-restauradas-por-amazonia-emprende-para-2031\/#primaryimage"},"thumbnailUrl":"https:\/\/acumen.org\/wp-content\/uploads\/2024\/06\/Felipe-Sembrando-1.jpg","articleSection":["Sin categorizar"],"inLanguage":"es-ES"},{"@type":"WebPage","@id":"https:\/\/acumen.org\/es\/blog\/150-000-hectareas-de-la-amazonia-colombiana-seran-restauradas-por-amazonia-emprende-para-2031\/","url":"https:\/\/acumen.org\/es\/blog\/150-000-hectareas-de-la-amazonia-colombiana-seran-restauradas-por-amazonia-emprende-para-2031\/","name":"150.000 hect\u00e1reas de la Amazon\u00eda colombiana ser\u00e1n restauradas por Amazon\u00eda Emprende para 2031 - Acumen","isPartOf":{"@id":"https:\/\/acumen.org\/es\/#website"},"primaryImageOfPage":{"@id":"https:\/\/acumen.org\/es\/blog\/150-000-hectareas-de-la-amazonia-colombiana-seran-restauradas-por-amazonia-emprende-para-2031\/#primaryimage"},"image":{"@id":"https:\/\/acumen.org\/es\/blog\/150-000-hectareas-de-la-amazonia-colombiana-seran-restauradas-por-amazonia-emprende-para-2031\/#primaryimage"},"thumbnailUrl":"https:\/\/acumen.org\/wp-content\/uploads\/2024\/06\/Felipe-Sembrando-1.jpg","datePublished":"2024-07-03T14:00:00+00:00","dateModified":"2024-07-08T13:20:16+00:00","breadcrumb":{"@id":"https:\/\/acumen.org\/es\/blog\/150-000-hectareas-de-la-amazonia-colombiana-seran-restauradas-por-amazonia-emprende-para-2031\/#breadcrumb"},"inLanguage":"es-ES","potentialAction":[{"@type":"ReadAction","target":["https:\/\/acumen.org\/es\/blog\/150-000-hectareas-de-la-amazonia-colombiana-seran-restauradas-por-amazonia-emprende-para-2031\/"]}]},{"@type":"ImageObject","inLanguage":"es-ES","@id":"https:\/\/acumen.org\/es\/blog\/150-000-hectareas-de-la-amazonia-colombiana-seran-restauradas-por-amazonia-emprende-para-2031\/#primaryimage","url":"https:\/\/acumen.org\/wp-content\/uploads\/2024\/06\/Felipe-Sembrando-1.jpg","contentUrl":"https:\/\/acumen.org\/wp-content\/uploads\/2024\/06\/Felipe-Sembrando-1.jpg","width":1800,"height":1200},{"@type":"BreadcrumbList","@id":"https:\/\/acumen.org\/es\/blog\/150-000-hectareas-de-la-amazonia-colombiana-seran-restauradas-por-amazonia-emprende-para-2031\/#breadcrumb","itemListElement":[{"@type":"ListItem","position":1,"name":"Home","item":"https:\/\/acumen.org\/es\/"},{"@type":"ListItem","position":2,"name":"150.000 hect\u00e1reas de la Amazon\u00eda colombiana ser\u00e1n restauradas por Amazon\u00eda Emprende para 2031"}]},{"@type":"WebSite","@id":"https:\/\/acumen.org\/es\/#website","url":"https:\/\/acumen.org\/es\/","name":"Acumen","description":"","publisher":{"@id":"https:\/\/acumen.org\/es\/#organization"},"potentialAction":[{"@type":"SearchAction","target":{"@type":"EntryPoint","urlTemplate":"https:\/\/acumen.org\/es\/?s={search_term_string}"},"query-input":{"@type":"PropertyValueSpecification","valueRequired":true,"valueName":"search_term_string"}}],"inLanguage":"es-ES"},{"@type":"Organization","@id":"https:\/\/acumen.org\/es\/#organization","name":"Acumen","url":"https:\/\/acumen.org\/es\/","logo":{"@type":"ImageObject","inLanguage":"es-ES","@id":"https:\/\/acumen.org\/es\/#\/schema\/logo\/image\/","url":"https:\/\/acumen.org\/app\/uploads\/2021\/03\/Acumen.png","contentUrl":"https:\/\/acumen.org\/app\/uploads\/2021\/03\/Acumen.png","width":3334,"height":2480,"caption":"Acumen"},"image":{"@id":"https:\/\/acumen.org\/es\/#\/schema\/logo\/image\/"},"sameAs":["https:\/\/www.facebook.com\/acumenfund\/","https:\/\/x.com\/Acumen","https:\/\/www.instagram.com\/acumenorg\/","https:\/\/www.linkedin.com\/company\/acumen-fund\/","https:\/\/www.youtube.com\/channel\/UCpuoLfl6gZl2jDa8lAlC8YQ"],"description":"We invest across the capital continuum to help transformational companies grow from seed to scale. acumen invests patient capital in business models that deliver critical, affordable goods and services to the world's poor, improving the lives of millions. Since 2001, Acumen has invested in businesses that provide access to healthcare, energy, education, water & sanitation, housing, financial services, and agricultural services to low-income customers. Our investments are addressing the problems of poverty in East and West Africa, South Asia, Latin America, and the United States.","telephone":"1-212-566-8821","legalName":"Acumen Fund, Inc.","taxID":"13-4166228","ownershipFundingInfo":"https:\/\/acumen.org\/financials\/","ethicsPolicy":"https:\/\/acumen.org\/anti-corruption-policy\/"},{"@type":"Person","@id":"https:\/\/acumen.org\/es\/#\/schema\/person\/c4ef607b5c54e3eff6479d6e84bbf005","name":"Kevin Guaranda","image":{"@type":"ImageObject","inLanguage":"es-ES","@id":"https:\/\/secure.gravatar.com\/avatar\/d0d5bd8e116c1902a6d447bad8291368cf6ac558cdbfbc414a9eb5efd2aa8416?s=96&d=mm&r=g","url":"https:\/\/secure.gravatar.com\/avatar\/d0d5bd8e116c1902a6d447bad8291368cf6ac558cdbfbc414a9eb5efd2aa8416?s=96&d=mm&r=g","contentUrl":"https:\/\/secure.gravatar.com\/avatar\/d0d5bd8e116c1902a6d447bad8291368cf6ac558cdbfbc414a9eb5efd2aa8416?s=96&d=mm&r=g","caption":"Kevin Guaranda"}}]}},"_links":{"self":[{"href":"https:\/\/acumen.org\/es\/wp-json\/wp\/v2\/posts\/12811","targetHints":{"allow":["GET"]}}],"collection":[{"href":"https:\/\/acumen.org\/es\/wp-json\/wp\/v2\/posts"}],"about":[{"href":"https:\/\/acumen.org\/es\/wp-json\/wp\/v2\/types\/post"}],"author":[{"embeddable":true,"href":"https:\/\/acumen.org\/es\/wp-json\/wp\/v2\/users\/5"}],"replies":[{"embeddable":true,"href":"https:\/\/acumen.org\/es\/wp-json\/wp\/v2\/comments?post=12811"}],"version-history":[{"count":0,"href":"https:\/\/acumen.org\/es\/wp-json\/wp\/v2\/posts\/12811\/revisions"}],"wp:featuredmedia":[{"embeddable":true,"href":"https:\/\/acumen.org\/es\/wp-json\/wp\/v2\/media\/12823"}],"wp:attachment":[{"href":"https:\/\/acumen.org\/es\/wp-json\/wp\/v2\/media?parent=12811"}],"wp:term":[{"taxonomy":"category","embeddable":true,"href":"https:\/\/acumen.org\/es\/wp-json\/wp\/v2\/categories?post=12811"},{"taxonomy":"post_tag","embeddable":true,"href":"https:\/\/acumen.org\/es\/wp-json\/wp\/v2\/tags?post=12811"},{"taxonomy":"blog-type","embeddable":true,"href":"https:\/\/acumen.org\/es\/wp-json\/wp\/v2\/blog-type?post=12811"},{"taxonomy":"problem-tax","embeddable":true,"href":"https:\/\/acumen.org\/es\/wp-json\/wp\/v2\/problem?post=12811"},{"taxonomy":"region-tax","embeddable":true,"href":"https:\/\/acumen.org\/es\/wp-json\/wp\/v2\/region?post=12811"},{"taxonomy":"acumen-year","embeddable":true,"href":"https:\/\/acumen.org\/es\/wp-json\/wp\/v2\/year?post=12811"},{"taxonomy":"post-author","embeddable":true,"href":"https:\/\/acumen.org\/es\/wp-json\/wp\/v2\/author?post=12811"},{"taxonomy":"media-format","embeddable":true,"href":"https:\/\/acumen.org\/es\/wp-json\/wp\/v2\/media-format?post=12811"}],"curies":[{"name":"wp","href":"https:\/\/api.w.org\/{rel}","templated":true}]}}