{"id":15509,"date":"2025-10-27T11:00:46","date_gmt":"2025-10-27T15:00:46","guid":{"rendered":"https:\/\/acumenbw.wpenginepowered.com\/?p=15509"},"modified":"2025-10-27T11:00:46","modified_gmt":"2025-10-27T15:00:46","slug":"acumen-invierte-ecohome-bosque-seco-tropical-colombia","status":"publish","type":"post","link":"https:\/\/acumen.org\/es\/blog\/acumen-invierte-ecohome-bosque-seco-tropical-colombia\/","title":{"rendered":"Acumen invierte en Ecohome para restaurar uno de los ecosistemas m\u00e1s amenazados de Colombia"},"content":{"rendered":"\n<h2 class=\"wp-block-heading h4\" id=\"h-el-modelo-de-negocio-de-ecohome-integra-ciencia-innovacion-y-participacion-de-productores-rurales-en-busca-de-la-regeneracion-ecologica-del-1-del-bosque-seco-tropical-en-colombia-y-la-creacion-de-nuevas-fuentes-de-ingresos-para-mas-de-700-familias-rurales\"><em>El modelo de negocio de Ecohome integra ciencia, innovaci\u00f3n y participaci\u00f3n de productores rurales en busca de la regeneraci\u00f3n ecol\u00f3gica del 1% del bosque seco tropical en Colombia y la creaci\u00f3n de nuevas fuentes de ingresos para m\u00e1s de 700 familias rurales.<\/em><\/h2>\n\n\n\n<p>Ante las consecuencias del conflicto armado, las desigualdades y la falta de inversi\u00f3n en algunas zonas rurales, Acumen, con el apoyo de BID Lab, la Fundaci\u00f3n Bancolombia y otros aliados, cerr\u00f3 una inversi\u00f3n en <a href=\"https:\/\/www.mundoecohome.com\/\" target=\"_blank\" rel=\"noreferrer noopener\">Ecohome<\/a>, una empresa social colombiana que lidera un modelo de negocio innovador de restauraci\u00f3n productiva que busca recuperar miles de hect\u00e1reas del bosque seco tropical \u2013uno de los ecosistemas m\u00e1s amenazados del pa\u00eds\u2013, fortalecer el tejido social y contribuir al desarrollo econ\u00f3mico de las comunidades en la regi\u00f3n.\u00a0<\/p>\n\n\n\n<p>Con esta inversi\u00f3n, Ecohome acelera la ejecuci\u00f3n de su plan de crecimiento para transformar territorios hist\u00f3ricamente marginados mediante soluciones que combinan ciencia, innovaci\u00f3n y protagonismo de las comunidades rurales. Hoy, m\u00e1s de 220 familias hacen parte de la Red de Protectores del Chumbimbo, sembrando \u00e1rboles nativos de <em>Sapindus saponaria<\/em> \u2014conocido localmente como \u201cchumbimbo\u201d\u2014, cuyo fruto se convierte en bioproductos sostenibles que reemplazan ingredientes petroqu\u00edmicos en sectores como el del hogar y el cuidado personal. El objetivo es escalar este modelo a 700 familias aliadas para 2030, ampliando no solo la red de productores, sino tambi\u00e9n la posibilidad de construir una econom\u00eda m\u00e1s justa y regenerativa desde el campo colombiano.<\/p>\n\n\n\n<p>\u201cEl modelo de Ecohome demuestra c\u00f3mo el Capital Paciente puede convertirse en una herramienta poderosa para transformar territorios vulnerables. Esta inversi\u00f3n refleja nuestra apuesta por iniciativas innovadoras en la intersecci\u00f3n del impacto social y ambiental, regenerando ecosistemas clave como el bosque seco tropical y mejorando los ingresos de las familias rurales; para que fortalezcan su resiliencia frente al cambio clim\u00e1tico\u201d, afirm\u00f3 Jorge de Angulo, Director de Acumen Latinoam\u00e9rica.<\/p>\n\n\n\n<p>La estrategia de restauraci\u00f3n productiva de la empresa combina beneficios ecol\u00f3gicos y sociales, debido a que la siembra de chumbimbo contribuye a mejorar el microclima local, atraer polinizadores, regenerar el suelo y prevenir la erosi\u00f3n, al tiempo que permite a los productores rurales generar ingresos adicionales mediante la venta del fruto.<\/p>\n\n\n\n<p>\u201cEl bosque seco tropical es el ecosistema m\u00e1s amenazado de Colombia y ha perdido m\u00e1s del 90% de su cobertura original. Recuperarlo no es solo una urgencia ambiental, sino una oportunidad estrat\u00e9gica para el pa\u00eds. A trav\u00e9s de la bioeconom\u00eda, podemos crear incentivos reales para su regeneraci\u00f3n, mejorar la calidad de vida de las familias rurales y transformar nuestra biodiversidad en productos sofisticados con potencial global. Ecohome es una muestra concreta de c\u00f3mo es posible alinear ciencia, comunidad y sostenibilidad para abrir un nuevo camino de desarrollo para Colombia\u201d, se\u00f1al\u00f3 Maritza L\u00f3pez, CEO de Ecohome.<\/p>\n\n\n\n<p>Seg\u00fan el <a href=\"https:\/\/reporte.humboldt.org.co\/biodiversidad\/2015\/cap2\/202\/\" target=\"_blank\" rel=\"noreferrer noopener\">Instituto Humboldt y el Ministerio de Ambiente<\/a>, los remanentes actuales del bosque seco tropical en Colombia, cercanos a 720.000 hect\u00e1reas, est\u00e1n altamente fragmentados, lo que dificulta la conectividad ecol\u00f3gica y aumenta la vulnerabilidad de especies \u00fanicas. De esta forma, la inversi\u00f3n liderada por Acumen responde a una emergencia ambiental y social con soluciones basadas en la naturaleza, impulsando un modelo basado en investigaci\u00f3n y desarrollo local.<\/p>\n\n\n<section class=\"wp-block-share-buttons text-container border-black border-t mt-15 mb-7.5 py-7.5\">\n    <div class=\"py-2.5 flex gap-10 items-center\" animate>\n      <h2 class=\"h4 m-0\">\n        Share\n      <\/h2>\n      <ul class=\"flex gap-2 items-center\" x-data=\"shareButtons('Enlace copiado', 'Lo sentimos, no pudimos copiar el enlace')\">\n\n        \n          <li>\n            <a class=\"h-7 w-7 link-no-underline rounded-full hover:bg-black hover:text-white active:bg-black active:text-white flex items-center justify-center shrink-0\" href=\"https:\/\/www.facebook.com\/sharer.php?t=Acumen%20invierte%20en%20Ecohome%20para%20restaurar%20uno%20de%20los%20ecosistemas%20m%C3%A1s%20amenazados%20de%20Colombia&amp;u=https:\/\/acumen.org\/es\/blog\/acumen-invierte-ecohome-bosque-seco-tropical-colombia\/\" target=\"_blank\" @click.prevent=\"open($el)\" title=\"Compartir en Facebook\">\n\n      <svg aria-hidden=\"true\" class=\"fill-current w-auto w-3.5 h-auto flex-shrink-0 relative z-5\" width=\"23\" height=\"22\" viewBox=\"0 0 23 22\" fill=\"none\" xmlns=\"http:\/\/www.w3.org\/2000\/svg\">\n<g>\n<path d=\"M12.8719 7.15463V9.12843H15.5091L15.0915 11.7872H12.8719V17.913C12.4269 17.9702 11.9716 18 11.5094 18C10.976 18 10.4521 17.9606 9.94193 17.8845V11.7872H7.50977V9.12843H9.94193V6.71341C9.94193 5.21513 11.2537 4 12.8726 4V4.00127C12.8774 4.00127 12.8815 4 12.8863 4H15.5098V6.29948H13.7955C13.2861 6.29948 12.8726 6.6823 12.8726 7.154L12.8719 7.15463Z\" fill=\"currentColor\"\/>\n<\/g>\n<\/svg>  \n  <span class=\"relative z-5 sr-only\">\n    Compartir en Facebook\n  <\/span>\n\n  <\/a>\n          <\/li>\n\n        \n          <li>\n            <a class=\"h-7 w-7 link-no-underline rounded-full hover:bg-black hover:text-white active:bg-black active:text-white flex items-center justify-center shrink-0\" href=\"https:\/\/twitter.com\/intent\/tweet?text=Acumen%20invierte%20en%20Ecohome%20para%20restaurar%20uno%20de%20los%20ecosistemas%20m%C3%A1s%20amenazados%20de%20Colombia&amp;url=https:\/\/acumen.org\/es\/blog\/acumen-invierte-ecohome-bosque-seco-tropical-colombia\/\" target=\"_blank\" @click.prevent=\"open($el)\" title=\"Compartir en X\/Twitter\">\n\n      <svg aria-hidden=\"true\" class=\"fill-current w-auto w-3.5 h-auto flex-shrink-0 relative z-5\" width=\"23\" height=\"22\" viewBox=\"0 0 23 22\" fill=\"none\" xmlns=\"http:\/\/www.w3.org\/2000\/svg\">\n<g>\n<path id=\"path1009\" d=\"M4.96324 4.85205L10.0349 11.6348L4.93164 17.1496H6.08052L10.5489 12.3216L14.1589 17.1496H18.0678L12.711 9.98536L17.4614 4.85205H16.3125L12.1978 9.29861L8.87295 4.85205H4.96324ZM6.65225 5.69835H8.44761L16.3772 16.3033H14.5819L6.65225 5.69835Z\" fill=\"currentColor\"\/>\n<\/g>\n<\/svg>  \n  <span class=\"relative z-5 sr-only\">\n    Compartir en X\/Twitter\n  <\/span>\n\n  <\/a>\n          <\/li>\n\n        \n          <li>\n            <a class=\"h-7 w-7 link-no-underline rounded-full hover:bg-black hover:text-white active:bg-black active:text-white flex items-center justify-center shrink-0\" href=\"https:\/\/www.linkedin.com\/shareArticle?title=Acumen%20invierte%20en%20Ecohome%20para%20restaurar%20uno%20de%20los%20ecosistemas%20m%C3%A1s%20amenazados%20de%20Colombia&amp;url=https:\/\/acumen.org\/es\/blog\/acumen-invierte-ecohome-bosque-seco-tropical-colombia\/\" target=\"_blank\" @click.prevent=\"open($el)\" title=\"Compartir en LinkedIn\">\n\n      <svg aria-hidden=\"true\" class=\"fill-current w-auto w-3.5 h-auto flex-shrink-0 relative z-5\" width=\"23\" height=\"22\" viewBox=\"0 0 23 22\" fill=\"none\" xmlns=\"http:\/\/www.w3.org\/2000\/svg\">\n<g>\n<path id=\"Vector_2\" d=\"M5.73849 7.31219C5.44877 7.04319 5.30469 6.71022 5.30469 6.31405C5.30469 5.91787 5.44954 5.57026 5.73849 5.30049C6.02822 5.03149 6.40116 4.89661 6.85809 4.89661C7.31502 4.89661 7.67333 5.03149 7.96228 5.30049C8.252 5.56949 8.39608 5.90785 8.39608 6.31405C8.39608 6.72024 8.25123 7.04319 7.96228 7.31219C7.67255 7.58118 7.305 7.71607 6.85809 7.71607C6.41118 7.71607 6.02822 7.58118 5.73849 7.31219ZM8.1526 8.85526V17.1025H5.5474V8.85526H8.1526Z\" fill=\"currentColor\"\/>\n<path id=\"Vector_3\" d=\"M16.8257 9.67004C17.3936 10.2867 17.6772 11.133 17.6772 12.2105V16.9569H15.203V12.545C15.203 12.0016 15.062 11.5792 14.7807 11.2786C14.4995 10.978 14.1204 10.827 13.6457 10.827C13.1711 10.827 12.7919 10.9773 12.5107 11.2786C12.2294 11.5792 12.0884 12.0016 12.0884 12.545V16.9569H9.59961V8.83221H12.0884V9.90974C12.3404 9.55057 12.6802 9.26693 13.1071 9.05805C13.534 8.84918 14.014 8.74512 14.548 8.74512C15.4989 8.74512 16.2586 9.05342 16.8257 9.66927V9.67004Z\" fill=\"currentColor\"\/>\n<\/g>\n<\/svg>  \n  <span class=\"relative z-5 sr-only\">\n    Compartir en LinkedIn\n  <\/span>\n\n  <\/a>\n          <\/li>\n\n        \n          <li>\n            <a class=\"h-7 w-7 link-no-underline rounded-full hover:bg-black hover:text-white active:bg-black active:text-white flex items-center justify-center shrink-0\" href=\"https:\/\/pinterest.com\/pin\/create\/button\/?description=Acumen%20invierte%20en%20Ecohome%20para%20restaurar%20uno%20de%20los%20ecosistemas%20m%C3%A1s%20amenazados%20de%20Colombia&amp;url=https:\/\/acumen.org\/es\/blog\/acumen-invierte-ecohome-bosque-seco-tropical-colombia\/\" target=\"_blank\" @click.prevent=\"open($el)\" title=\"Compartir en Pinterest\">\n\n      <svg aria-hidden=\"true\" class=\"fill-current w-auto w-3.5 h-auto flex-shrink-0 relative z-5\" xmlns=\"http:\/\/www.w3.org\/2000\/svg\" width=\"23\" height=\"23\" viewBox=\"0 0 23 23\" fill=\"none\">\n  <path fill-rule=\"evenodd\" clip-rule=\"evenodd\" d=\"M11.0838 13.9802C11.072 14.0175 11.061 14.0491 11.052 14.0807C10.5302 15.9513 10.4722 16.3668 9.93589 17.2357C9.68019 17.6487 9.39201 18.0401 9.07342 18.4145C9.03748 18.4569 9.00361 18.5112 8.93174 18.498C8.85296 18.4828 8.84674 18.4183 8.83845 18.3601C8.75275 17.7916 8.70507 17.2218 8.7258 16.6476C8.75275 15.9001 8.85365 15.6434 9.90686 11.591C9.92207 11.529 9.90479 11.4778 9.88267 11.4222C9.63043 10.7999 9.58067 10.1682 9.80112 9.52818C10.278 8.14578 11.9905 8.04017 12.2897 9.18036C12.4742 9.88548 11.9863 10.8088 11.6118 12.1735C11.3015 13.2991 12.75 14.0997 13.9877 13.2776C15.1294 12.52 15.5724 10.7038 15.488 9.41624C15.3222 6.84938 12.2462 6.29478 10.2953 7.12131C8.05822 8.06799 7.54958 10.6051 8.55994 11.7649C8.68779 11.9123 8.92898 12.0027 8.88682 12.152C8.82186 12.384 8.7645 12.618 8.69401 12.8488C8.64149 13.0209 8.34225 13.0834 8.1522 13.0126C7.77971 12.8748 7.46941 12.6579 7.21786 12.372C6.36022 11.4 6.11489 9.47758 7.24896 7.84982C8.50535 6.04688 10.8426 5.3171 12.9766 5.53844C15.5254 5.80341 17.1363 7.39703 17.4376 9.20502C17.5751 10.0284 17.4763 12.059 16.213 13.4945C14.7596 15.1438 12.4037 15.2532 11.3167 14.2407C11.233 14.1629 11.166 14.0725 11.0838 13.9795V13.9802Z\" fill=\"currentColor\"\/>\n<\/svg>  \n  <span class=\"relative z-5 sr-only\">\n    Compartir en Pinterest\n  <\/span>\n\n  <\/a>\n          <\/li>\n\n        \n          <li>\n            <a class=\"h-7 w-7 link-no-underline rounded-full hover:bg-black hover:text-white active:bg-black active:text-white flex items-center justify-center shrink-0\" href=\"mailto:?subject=Acumen%20invierte%20en%20Ecohome%20para%20restaurar%20uno%20de%20los%20ecosistemas%20m%C3%A1s%20amenazados%20de%20Colombia&amp;body=https:\/\/acumen.org\/es\/blog\/acumen-invierte-ecohome-bosque-seco-tropical-colombia\/\" target=\"_blank\" @click.prevent=\"open($el)\" title=\"Compartir via correo electr\u00f3nico\">\n\n      <svg aria-hidden=\"true\" class=\"fill-current w-auto w-3.5 h-auto flex-shrink-0 relative z-5\" xmlns=\"http:\/\/www.w3.org\/2000\/svg\" width=\"23\" height=\"23\" viewBox=\"0 0 23 23\" fill=\"none\">\n  <g>\n      <path d=\"M5.66563 17.1939C5.30938 17.1939 5.0026 17.0652 4.74531 16.8079C4.48802 16.5506 4.35938 16.2439 4.35938 15.8876V7.61265C4.35938 7.2564 4.48802 6.94963 4.74531 6.69233C5.0026 6.43504 5.30938 6.3064 5.66563 6.3064H17.8406C18.2063 6.3064 18.5155 6.43504 18.768 6.69233C19.0206 6.94963 19.1468 7.2564 19.1468 7.61265V15.8876C19.1468 16.2439 19.0206 16.5506 18.768 16.8079C18.5155 17.0652 18.2063 17.1939 17.8406 17.1939H5.66563ZM18.0906 8.63604L12.1078 12.1579C12.0517 12.1933 11.9939 12.2212 11.9344 12.2415C11.8748 12.2618 11.8144 12.272 11.7531 12.272C11.6854 12.272 11.6284 12.2618 11.582 12.2415C11.5357 12.2212 11.4818 12.1954 11.4204 12.164L5.4156 8.63604V15.8876C5.4156 15.9605 5.43905 16.0204 5.48593 16.0673C5.53281 16.1142 5.59271 16.1376 5.66563 16.1376H17.8406C17.9135 16.1376 17.9734 16.1142 18.0203 16.0673C18.0672 16.0204 18.0906 15.9605 18.0906 15.8876V8.63604ZM11.7531 10.9986L17.9453 7.36263H5.58123L11.7531 10.9986ZM5.4156 8.3739V8.54104V7.74231V7.75636V7.73059V8.54276V8.37567V16.1376V8.3739Z\" fill=\"currentColor\"\/>\n  <\/g>\n<\/svg>  \n  <span class=\"relative z-5 sr-only\">\n    Compartir via correo electr\u00f3nico\n  <\/span>\n\n  <\/a>\n          <\/li>\n\n        \n        \n        <li class=\"relative\" x-id=\"['tooltip']\">\n\n          <button class=\"h-7 w-7 link-no-underline rounded-full hover:bg-black hover:text-white active:bg-black active:text-white flex items-center justify-center shrink-0\" @click=\"copyLink()\" x-bind:aria-describedby=\"tooltip &#038;&#038; $id('tooltip')\" title=\"Copy link\">\n\n      <svg aria-hidden=\"true\" class=\"fill-current pr-0.5 w-auto w-3.5 h-auto flex-shrink-0 relative z-5\" xmlns=\"http:\/\/www.w3.org\/2000\/svg\" width=\"23\" height=\"23\" viewBox=\"0 0 23 23\">\n  <g>\n      <path d=\"M15.3387 18.1395C14.7972 18.1395 14.3367 17.9499 13.9572 17.5707C13.5776 17.1915 13.3878 16.7311 13.3878 16.1894C13.3878 16.0891 13.3949 15.9974 13.409 15.9144C13.4231 15.8314 13.4442 15.7381 13.4724 15.6344L9.00773 12.9003C8.84409 13.0985 8.64654 13.2412 8.41507 13.3285C8.18362 13.4157 7.93844 13.4594 7.67952 13.4594C7.13784 13.4594 6.67742 13.2699 6.29825 12.8908C5.91908 12.5118 5.72949 12.0516 5.72949 11.5101C5.72949 10.9687 5.91908 10.5082 6.29825 10.1286C6.67742 9.74909 7.13784 9.55931 7.67952 9.55931C7.93497 9.55931 8.1793 9.6059 8.41249 9.69908C8.64567 9.79227 8.84409 9.93204 9.00773 10.1184L13.4724 7.38425C13.4442 7.28062 13.4231 7.18729 13.409 7.10426C13.3949 7.02125 13.3878 6.92958 13.3878 6.82924C13.3878 6.28756 13.5774 5.82714 13.9564 5.44797C14.3354 5.0688 14.7956 4.87921 15.3371 4.87921C15.8785 4.87921 16.339 5.06872 16.7186 5.44774C17.0981 5.82676 17.2879 6.28699 17.2879 6.82844C17.2879 7.36989 17.0983 7.83039 16.7191 8.20994C16.34 8.58949 15.8795 8.77926 15.3379 8.77926C15.0789 8.77926 14.8338 8.73563 14.6023 8.64836C14.3708 8.56108 14.1733 8.41835 14.0097 8.22017L9.545 10.9543C9.57319 11.058 9.59432 11.1511 9.60841 11.2338C9.6225 11.3165 9.62954 11.4079 9.62954 11.5079C9.62954 11.608 9.6225 11.6998 9.60841 11.7834C9.59432 11.8671 9.57319 11.9607 9.545 12.0644L14.0097 14.7985C14.1733 14.5885 14.3708 14.4428 14.6023 14.3615C14.8338 14.2801 15.0789 14.2394 15.3379 14.2394C15.8795 14.2394 16.34 14.4289 16.7191 14.8079C17.0983 15.187 17.2879 15.6472 17.2879 16.1886C17.2879 16.7301 17.0984 17.1906 16.7194 17.5701C16.3403 17.9497 15.8801 18.1395 15.3387 18.1395ZM15.3379 7.85746C15.6244 7.85746 15.8674 7.75773 16.0669 7.55827C16.2664 7.3588 16.3661 7.11579 16.3661 6.82924C16.3661 6.54269 16.2664 6.29968 16.0669 6.1002C15.8674 5.90074 15.6244 5.80102 15.3379 5.80102C15.0513 5.80102 14.8083 5.90074 14.6088 6.1002C14.4094 6.29968 14.3096 6.54269 14.3096 6.82924C14.3096 7.11579 14.4094 7.3588 14.6088 7.55827C14.8083 7.75773 15.0513 7.85746 15.3379 7.85746ZM7.67952 12.5376C7.96607 12.5376 8.20908 12.4378 8.40855 12.2384C8.60801 12.0389 8.70774 11.7959 8.70774 11.5093C8.70774 11.2228 8.60801 10.9798 8.40855 10.7803C8.20908 10.5808 7.96607 10.4811 7.67952 10.4811C7.39297 10.4811 7.14996 10.5808 6.95048 10.7803C6.75103 10.9798 6.65129 11.2228 6.65129 11.5093C6.65129 11.7959 6.75103 12.0389 6.95048 12.2384C7.14996 12.4378 7.39297 12.5376 7.67952 12.5376ZM15.3379 17.2177C15.6244 17.2177 15.8674 17.1179 16.0669 16.9185C16.2664 16.719 16.3661 16.476 16.3661 16.1894C16.3661 15.9029 16.2664 15.6599 16.0669 15.4604C15.8674 15.261 15.6244 15.1612 15.3379 15.1612C15.0513 15.1612 14.8083 15.261 14.6088 15.4604C14.4094 15.6599 14.3096 15.9029 14.3096 16.1894C14.3096 16.476 14.4094 16.719 14.6088 16.9185C14.8083 17.1179 15.0513 17.2177 15.3379 17.2177Z\" fill=\"currentColor\"\/>\n    <\/g>\n<\/svg>  \n  <span class=\"relative z-5 sr-only\">\n    \n  <\/span>\n\n  <\/button>\n          <div \n            :id=\"$id('tooltip')\" \n            x-show=\"tooltip\"\n            x-text=\"tooltip\"\n            class=\"absolute bg-black text-white rounded-md py-1 px-2 text-sm whitespace-nowrap left-1\/2 -translate-x-1\/2 -top-9\"\n          ><\/div>\n        <\/li>\n      <\/ul>\n    <\/div>\n\n  <\/section>\n\n\n<section class=\"my-20\">\n  <div class=\"container-fluid\">\n    <div class=\"grid grid-cols-1 lg:grid-cols-2 gap-10 lg:gap-20 border-b border-black pb-7.5\">\n              <h2 animate-text>More from our Knowledge Hub<\/h2>\n      \n          <\/div>\n\n          <div class=\"grid grid-cols-1 lg:grid-cols-2 gap-10 lg:gap-20 my-20\">\n                  <article class=\"group\/card flex flex-col gap-7.5\">\n\n      <a\n      href=https:\/\/acumen.org\/blog\/acumen-invests-pullus-poultry-markets-nigeria\/\n      class=\"block link-no-underline overflow-hidden rounded-card rounded-bl-none overflow-hidden aspect-[55\/32]\"\n      aria-hidden=\"true\"\n      tabindex=\"-1\"\n    >\n      <img loading=\"lazy\" decoding=\"async\" width=\"1024\" height=\"683\" src=\"https:\/\/acumen.org\/wp-content\/uploads\/2026\/03\/pullus-africa-entry-3.1-1024x683.jpg\" class=\"w-full h-full object-cover group-hover\/card:scale-105 transition-transform duration-500\" alt=\"\" sizes=\"auto, (min-width: 1536px) calc((100vw - (3.75rem * 2)) * 3\/4),\n      (min-width: 1280px) calc((100vw - (3.75rem * 2)) * 3\/4),\n      (min-width: 1024px) calc((100vw - (3.75rem * 2)) * 3\/4),\n      (min-width: 768px) calc((100vw - (1.25rem * 2)),\n      (min-width: 640px) calc((100vw - (1.25rem * 2)),\n      calc(100vw - (1.25rem * 2))\" style=\"object-position: 50% 50%;\" srcset=\"https:\/\/acumen.org\/wp-content\/uploads\/2026\/03\/pullus-africa-entry-3.1-1024x683.jpg 1024w, https:\/\/acumen.org\/wp-content\/uploads\/2026\/03\/pullus-africa-entry-3.1-300x200.jpg 300w, https:\/\/acumen.org\/wp-content\/uploads\/2026\/03\/pullus-africa-entry-3.1-768x512.jpg 768w, https:\/\/acumen.org\/wp-content\/uploads\/2026\/03\/pullus-africa-entry-3.1-1536x1025.jpg 1536w, https:\/\/acumen.org\/wp-content\/uploads\/2026\/03\/pullus-africa-entry-3.1-2048x1366.jpg 2048w\" \/>\n    <\/a>\n  \n  <div class=\"flex flex-col gap-5 items-start\" >\n\n    <div class=\"inline-flex gap-5\" animate >\n              <span\n    class=\"inline-flex gap-1.5 items-center justify-center w-fit text-md\">\n\n    \n          <span>\n        Investment Announcements\n      <\/span>\n    \n  <\/span>\n      \n              <span\n    class=\"inline-flex gap-1.5 items-center justify-center w-fit text-md\">\n\n          <svg aria-hidden=\"true\" class=\"fill-current\" xmlns=\"http:\/\/www.w3.org\/2000\/svg\" height=\"20\" viewBox=\"0 -960 960 960\" width=\"20\" fill=\"currentColor\"><path d=\"M480.367-124.078q-73.427 0-138.341-27.825-64.914-27.824-113.652-76.595-48.738-48.77-76.517-113.513-27.779-64.744-27.779-138.356 0-73.693 27.825-138.107 27.824-64.414 76.595-113.152 48.77-48.738 113.513-76.517 64.744-27.779 138.356-27.779 73.693 0 138.107 27.825 64.414 27.824 113.152 76.595 48.738 48.77 76.517 113.28 27.779 64.509 27.779 137.855 0 73.427-27.825 138.341-27.824 64.914-76.595 113.652-48.77 48.738-113.28 76.517-64.509 27.779-137.855 27.779Zm-.367-47.96q119.903 0 206.932-80.024 87.03-80.023 99.03-197.042 0 .104.346.854t-.346-.827q-7.721 5.932-17.049 8.908-9.329 2.976-21.19 2.976H594.554q-26.712 0-45.614-18.689-18.901-18.69-18.901-45.367v-44.336H377.578v-88.56q0-26.631 18.705-45.429 18.705-18.798 45.347-18.798h44.293v-39.386q0-16.704 8.27-28.069 8.269-11.365 20-15.827-6.461-4-17.779-5.154-11.317-1.154-16.414-1.154-127.903 0-217.932 90.03-90.03 90.029-90.03 217.932v5.77q0 2.692.385 5.769h187.538q54.179 0 91.474 37.277 37.294 37.277 37.294 91.256v44.351H356.384v98.961q28.231 12.347 59.385 18.462 31.154 6.116 64.231 6.116Z\"\/><\/svg>    \n          <span>\n        West Africa\n      <\/span>\n    \n  <\/span>\n          <\/div>\n\n          <h3 class=\"transition-all duration-500 font-normal h3\" animate-text >\n        <a href=https:\/\/acumen.org\/blog\/acumen-invests-pullus-poultry-markets-nigeria\/>Acumen invests in Pullus to expand fair poultry markets for smallholder farmers in Nigeria<\/a>\n      <\/h3>\n    \n          <p class=\"m-0\" animate-text >\n        Investment supports a women-led agribusiness building a more reliable poultry supply chain.\n      <\/p>\n    \n          <div animate >\n        <a class=\"inline-flex flex-row-reverse gap-x-2 items-center justify-center text-left transition-all duration-300 text-md disabled:opacity-50 disabled:pointer-events-none leading-none pb-1 text-left self-start\n            animate-underline hover:border-transparent\" href=\"https:\/\/acumen.org\/blog\/acumen-invests-pullus-poultry-markets-nigeria\/\" target=\"_self\" aria-hidden=\"true\" tabindex=\"-1\">\n\n      <svg aria-hidden=\"true\" class=\"fill-current w-3.5 h-auto flex-shrink-0 relative z-5\" width=\"16\" height=\"16\" viewBox=\"0 0 16 16\" fill=\"none\" xmlns=\"http:\/\/www.w3.org\/2000\/svg\">\n<path d=\"M12.175 9H1C0.716667 9 0.479167 8.90417 0.2875 8.7125C0.0958333 8.52083 0 8.28333 0 8C0 7.71667 0.0958333 7.47917 0.2875 7.2875C0.479167 7.09583 0.716667 7 1 7H12.175L7.275 2.1C7.075 1.9 6.97917 1.66667 6.9875 1.4C6.99583 1.13333 7.1 0.899999 7.3 0.699999C7.5 0.516666 7.73333 0.420833 8 0.412499C8.26667 0.404166 8.5 0.499999 8.7 0.699999L15.3 7.3C15.4 7.4 15.4708 7.50833 15.5125 7.625C15.5542 7.74167 15.575 7.86667 15.575 8C15.575 8.13333 15.5542 8.25833 15.5125 8.375C15.4708 8.49167 15.4 8.6 15.3 8.7L8.7 15.3C8.51667 15.4833 8.2875 15.575 8.0125 15.575C7.7375 15.575 7.5 15.4833 7.3 15.3C7.1 15.1 7 14.8625 7 14.5875C7 14.3125 7.1 14.075 7.3 13.875L12.175 9Z\" fill=\"currentColor\"\/>\n<\/svg>  \n  <span class=\"relative z-5 \">\n    Leer m\u00e1s\n  <\/span>\n\n  <\/a>\n      <\/div>\n      <\/div>\n<\/article>\n        \n                  <div>\n                          <article class=\"group\/card inline-flex flex-row-reverse gap-7.5 w-full group\/card border-t mt-7.5 pt-7.5 first:my-0 first:py-0 first:border-t-0 last:pb-0 last:mb-0 items-center\">\n\n      <a\n      href=https:\/\/acumen.org\/blog\/acumen-invests-in-instollar-to-power-solar-jobs-and-energy-access-in-nigeria\/\n      class=\"block link-no-underline overflow-hidden rounded-card rounded-bl-none aspect-[19\/16] w-1\/3 min-w-[125px] shrink-0\"\n      aria-hidden=\"true\"\n      tabindex=\"-1\"\n    >\n      <img loading=\"lazy\" decoding=\"async\" width=\"1024\" height=\"683\" src=\"https:\/\/acumen.org\/wp-content\/uploads\/2026\/03\/Untitled-design-4-1024x683.jpg\" class=\"w-full h-full object-cover group-hover\/card:scale-105 transition-transform duration-500 aspect-[19\/16] w-1\/3\" alt=\"Instollar employees\" sizes=\"auto, (min-width: 1536px) calc((100vw - (3.75rem * 2)) * 1\/3),\n      (min-width: 1280px) calc((100vw - (3.75rem * 2)) * 1\/3),\n      (min-width: 1024px) calc((100vw - (3.75rem * 2)) * 1\/2),\n      (min-width: 768px) calc((100vw - (1.25rem * 2)) * 1\/2),\n      (min-width: 640px) calc((100vw - (1.25rem * 2)),\n      calc(100vw - (1.25rem * 2))\" style=\"object-position: 50% 50%;\" srcset=\"https:\/\/acumen.org\/wp-content\/uploads\/2026\/03\/Untitled-design-4-1024x683.jpg 1024w, https:\/\/acumen.org\/wp-content\/uploads\/2026\/03\/Untitled-design-4-300x200.jpg 300w, https:\/\/acumen.org\/wp-content\/uploads\/2026\/03\/Untitled-design-4-768x512.jpg 768w, https:\/\/acumen.org\/wp-content\/uploads\/2026\/03\/Untitled-design-4-1536x1024.jpg 1536w, https:\/\/acumen.org\/wp-content\/uploads\/2026\/03\/Untitled-design-4.jpg 1800w\" \/>\n    <\/a>\n  \n  <div class=\"w-2\/3 inline-flex w-full gap-7.5 flex-col\" >\n\n    <div class=\"inline-flex gap-5\" animate >\n              <span\n    class=\"inline-flex gap-1.5 items-center justify-center w-fit text-md\">\n\n    \n          <span>\n        Investment Announcements\n      <\/span>\n    \n  <\/span>\n      \n          <\/div>\n\n          <h3 class=\"transition-all duration-500 font-normal body\" animate-text >\n        <a href=https:\/\/acumen.org\/blog\/acumen-invests-in-instollar-to-power-solar-jobs-and-energy-access-in-nigeria\/>Acumen invests in Instollar to power solar jobs and energy access in Nigeria<\/a>\n      <\/h3>\n    \n    \n          <div animate >\n        <a class=\"inline-flex flex-row-reverse gap-x-2 items-center justify-center text-left transition-all duration-300 text-md disabled:opacity-50 disabled:pointer-events-none leading-none pb-1 text-left self-start\n            animate-underline hover:border-transparent\" href=\"https:\/\/acumen.org\/blog\/acumen-invests-in-instollar-to-power-solar-jobs-and-energy-access-in-nigeria\/\" target=\"_self\" aria-hidden=\"true\" tabindex=\"-1\">\n\n      <svg aria-hidden=\"true\" class=\"fill-current w-3.5 h-auto flex-shrink-0 relative z-5\" width=\"16\" height=\"16\" viewBox=\"0 0 16 16\" fill=\"none\" xmlns=\"http:\/\/www.w3.org\/2000\/svg\">\n<path d=\"M12.175 9H1C0.716667 9 0.479167 8.90417 0.2875 8.7125C0.0958333 8.52083 0 8.28333 0 8C0 7.71667 0.0958333 7.47917 0.2875 7.2875C0.479167 7.09583 0.716667 7 1 7H12.175L7.275 2.1C7.075 1.9 6.97917 1.66667 6.9875 1.4C6.99583 1.13333 7.1 0.899999 7.3 0.699999C7.5 0.516666 7.73333 0.420833 8 0.412499C8.26667 0.404166 8.5 0.499999 8.7 0.699999L15.3 7.3C15.4 7.4 15.4708 7.50833 15.5125 7.625C15.5542 7.74167 15.575 7.86667 15.575 8C15.575 8.13333 15.5542 8.25833 15.5125 8.375C15.4708 8.49167 15.4 8.6 15.3 8.7L8.7 15.3C8.51667 15.4833 8.2875 15.575 8.0125 15.575C7.7375 15.575 7.5 15.4833 7.3 15.3C7.1 15.1 7 14.8625 7 14.5875C7 14.3125 7.1 14.075 7.3 13.875L12.175 9Z\" fill=\"currentColor\"\/>\n<\/svg>  \n  <span class=\"relative z-5 \">\n    Leer m\u00e1s\n  <\/span>\n\n  <\/a>\n      <\/div>\n      <\/div>\n<\/article>\n                          <article class=\"group\/card inline-flex flex-row-reverse gap-7.5 w-full group\/card border-t mt-7.5 pt-7.5 first:my-0 first:py-0 first:border-t-0 last:pb-0 last:mb-0 items-center\">\n\n      <a\n      href=https:\/\/acumen.org\/blog\/acumen-invests-in-mountain-harvest-to-support-specialty-coffee-and-farmer-incomes-in-uganda\/\n      class=\"block link-no-underline overflow-hidden rounded-card rounded-bl-none aspect-[19\/16] w-1\/3 min-w-[125px] shrink-0\"\n      aria-hidden=\"true\"\n      tabindex=\"-1\"\n    >\n      <img loading=\"lazy\" decoding=\"async\" width=\"1024\" height=\"683\" src=\"https:\/\/acumen.org\/wp-content\/uploads\/2026\/04\/Untitled-design-7-1024x683.jpg\" class=\"w-full h-full object-cover group-hover\/card:scale-105 transition-transform duration-500 aspect-[19\/16] w-1\/3\" alt=\"\" sizes=\"auto, (min-width: 1536px) calc((100vw - (3.75rem * 2)) * 1\/3),\n      (min-width: 1280px) calc((100vw - (3.75rem * 2)) * 1\/3),\n      (min-width: 1024px) calc((100vw - (3.75rem * 2)) * 1\/2),\n      (min-width: 768px) calc((100vw - (1.25rem * 2)) * 1\/2),\n      (min-width: 640px) calc((100vw - (1.25rem * 2)),\n      calc(100vw - (1.25rem * 2))\" style=\"object-position: 50% 50%;\" srcset=\"https:\/\/acumen.org\/wp-content\/uploads\/2026\/04\/Untitled-design-7-1024x683.jpg 1024w, https:\/\/acumen.org\/wp-content\/uploads\/2026\/04\/Untitled-design-7-300x200.jpg 300w, https:\/\/acumen.org\/wp-content\/uploads\/2026\/04\/Untitled-design-7-768x512.jpg 768w, https:\/\/acumen.org\/wp-content\/uploads\/2026\/04\/Untitled-design-7-1536x1024.jpg 1536w, https:\/\/acumen.org\/wp-content\/uploads\/2026\/04\/Untitled-design-7.jpg 1800w\" \/>\n    <\/a>\n  \n  <div class=\"w-2\/3 inline-flex w-full gap-7.5 flex-col\" >\n\n    <div class=\"inline-flex gap-5\" animate >\n              <span\n    class=\"inline-flex gap-1.5 items-center justify-center w-fit text-md\">\n\n    \n          <span>\n        Investment Announcements\n      <\/span>\n    \n  <\/span>\n      \n          <\/div>\n\n          <h3 class=\"transition-all duration-500 font-normal body\" animate-text >\n        <a href=https:\/\/acumen.org\/blog\/acumen-invests-in-mountain-harvest-to-support-specialty-coffee-and-farmer-incomes-in-uganda\/>Acumen invests in Mountain Harvest to support specialty coffee and farmer incomes in Uganda<\/a>\n      <\/h3>\n    \n    \n          <div animate >\n        <a class=\"inline-flex flex-row-reverse gap-x-2 items-center justify-center text-left transition-all duration-300 text-md disabled:opacity-50 disabled:pointer-events-none leading-none pb-1 text-left self-start\n            animate-underline hover:border-transparent\" href=\"https:\/\/acumen.org\/blog\/acumen-invests-in-mountain-harvest-to-support-specialty-coffee-and-farmer-incomes-in-uganda\/\" target=\"_self\" aria-hidden=\"true\" tabindex=\"-1\">\n\n      <svg aria-hidden=\"true\" class=\"fill-current w-3.5 h-auto flex-shrink-0 relative z-5\" width=\"16\" height=\"16\" viewBox=\"0 0 16 16\" fill=\"none\" xmlns=\"http:\/\/www.w3.org\/2000\/svg\">\n<path d=\"M12.175 9H1C0.716667 9 0.479167 8.90417 0.2875 8.7125C0.0958333 8.52083 0 8.28333 0 8C0 7.71667 0.0958333 7.47917 0.2875 7.2875C0.479167 7.09583 0.716667 7 1 7H12.175L7.275 2.1C7.075 1.9 6.97917 1.66667 6.9875 1.4C6.99583 1.13333 7.1 0.899999 7.3 0.699999C7.5 0.516666 7.73333 0.420833 8 0.412499C8.26667 0.404166 8.5 0.499999 8.7 0.699999L15.3 7.3C15.4 7.4 15.4708 7.50833 15.5125 7.625C15.5542 7.74167 15.575 7.86667 15.575 8C15.575 8.13333 15.5542 8.25833 15.5125 8.375C15.4708 8.49167 15.4 8.6 15.3 8.7L8.7 15.3C8.51667 15.4833 8.2875 15.575 8.0125 15.575C7.7375 15.575 7.5 15.4833 7.3 15.3C7.1 15.1 7 14.8625 7 14.5875C7 14.3125 7.1 14.075 7.3 13.875L12.175 9Z\" fill=\"currentColor\"\/>\n<\/svg>  \n  <span class=\"relative z-5 \">\n    Leer m\u00e1s\n  <\/span>\n\n  <\/a>\n      <\/div>\n      <\/div>\n<\/article>\n                          <article class=\"group\/card inline-flex flex-row-reverse gap-7.5 w-full group\/card border-t mt-7.5 pt-7.5 first:my-0 first:py-0 first:border-t-0 last:pb-0 last:mb-0 items-center\">\n\n      <a\n      href=https:\/\/acumen.org\/blog\/acumen-invests-in-omia-to-unlock-agricultural-markets-for-displaced-farmers-in-northern-uganda\/\n      class=\"block link-no-underline overflow-hidden rounded-card rounded-bl-none aspect-[19\/16] w-1\/3 min-w-[125px] shrink-0\"\n      aria-hidden=\"true\"\n      tabindex=\"-1\"\n    >\n      <img loading=\"lazy\" decoding=\"async\" width=\"1024\" height=\"683\" src=\"https:\/\/acumen.org\/wp-content\/uploads\/2026\/03\/Untitled-design-2-1024x683.jpg\" class=\"w-full h-full object-cover group-hover\/card:scale-105 transition-transform duration-500 aspect-[19\/16] w-1\/3\" alt=\"Woman in field watering crops\" sizes=\"auto, (min-width: 1536px) calc((100vw - (3.75rem * 2)) * 1\/3),\n      (min-width: 1280px) calc((100vw - (3.75rem * 2)) * 1\/3),\n      (min-width: 1024px) calc((100vw - (3.75rem * 2)) * 1\/2),\n      (min-width: 768px) calc((100vw - (1.25rem * 2)) * 1\/2),\n      (min-width: 640px) calc((100vw - (1.25rem * 2)),\n      calc(100vw - (1.25rem * 2))\" style=\"object-position: 50% 50%;\" srcset=\"https:\/\/acumen.org\/wp-content\/uploads\/2026\/03\/Untitled-design-2-1024x683.jpg 1024w, https:\/\/acumen.org\/wp-content\/uploads\/2026\/03\/Untitled-design-2-300x200.jpg 300w, https:\/\/acumen.org\/wp-content\/uploads\/2026\/03\/Untitled-design-2-768x512.jpg 768w, https:\/\/acumen.org\/wp-content\/uploads\/2026\/03\/Untitled-design-2-1536x1024.jpg 1536w, https:\/\/acumen.org\/wp-content\/uploads\/2026\/03\/Untitled-design-2.jpg 1800w\" \/>\n    <\/a>\n  \n  <div class=\"w-2\/3 inline-flex w-full gap-7.5 flex-col\" >\n\n    <div class=\"inline-flex gap-5\" animate >\n              <span\n    class=\"inline-flex gap-1.5 items-center justify-center w-fit text-md\">\n\n    \n          <span>\n        Investment Announcements\n      <\/span>\n    \n  <\/span>\n      \n          <\/div>\n\n          <h3 class=\"transition-all duration-500 font-normal body\" animate-text >\n        <a href=https:\/\/acumen.org\/blog\/acumen-invests-in-omia-to-unlock-agricultural-markets-for-displaced-farmers-in-northern-uganda\/>Acumen invests in Omia to unlock agricultural markets for displaced farmers in Northern Uganda<\/a>\n      <\/h3>\n    \n    \n          <div animate >\n        <a class=\"inline-flex flex-row-reverse gap-x-2 items-center justify-center text-left transition-all duration-300 text-md disabled:opacity-50 disabled:pointer-events-none leading-none pb-1 text-left self-start\n            animate-underline hover:border-transparent\" href=\"https:\/\/acumen.org\/blog\/acumen-invests-in-omia-to-unlock-agricultural-markets-for-displaced-farmers-in-northern-uganda\/\" target=\"_self\" aria-hidden=\"true\" tabindex=\"-1\">\n\n      <svg aria-hidden=\"true\" class=\"fill-current w-3.5 h-auto flex-shrink-0 relative z-5\" width=\"16\" height=\"16\" viewBox=\"0 0 16 16\" fill=\"none\" xmlns=\"http:\/\/www.w3.org\/2000\/svg\">\n<path d=\"M12.175 9H1C0.716667 9 0.479167 8.90417 0.2875 8.7125C0.0958333 8.52083 0 8.28333 0 8C0 7.71667 0.0958333 7.47917 0.2875 7.2875C0.479167 7.09583 0.716667 7 1 7H12.175L7.275 2.1C7.075 1.9 6.97917 1.66667 6.9875 1.4C6.99583 1.13333 7.1 0.899999 7.3 0.699999C7.5 0.516666 7.73333 0.420833 8 0.412499C8.26667 0.404166 8.5 0.499999 8.7 0.699999L15.3 7.3C15.4 7.4 15.4708 7.50833 15.5125 7.625C15.5542 7.74167 15.575 7.86667 15.575 8C15.575 8.13333 15.5542 8.25833 15.5125 8.375C15.4708 8.49167 15.4 8.6 15.3 8.7L8.7 15.3C8.51667 15.4833 8.2875 15.575 8.0125 15.575C7.7375 15.575 7.5 15.4833 7.3 15.3C7.1 15.1 7 14.8625 7 14.5875C7 14.3125 7.1 14.075 7.3 13.875L12.175 9Z\" fill=\"currentColor\"\/>\n<\/svg>  \n  <span class=\"relative z-5 \">\n    Leer m\u00e1s\n  <\/span>\n\n  <\/a>\n      <\/div>\n      <\/div>\n<\/article>\n                      <\/div>\n              <\/div>\n    \n          <div class=\"text-center\" animate>\n        <a class=\"py-1.25 px-3.5 gap-2 rounded-full border border-current text-black bg-transparent hover:text-white hover:bg-black inline-flex items-center justify-center text-center transition-colors duration-300 text-md hover:border-black\n            active:border-black link-no-underline\" href=\"https:\/\/acumen.org\/blog\/\" target=\"_self\">\n\n  \n  <span class=\"relative z-5 \">\n    Read more\n  <\/span>\n\n  <\/a>\n      <\/div>\n      <\/div>\n<\/section>\n","protected":false},"excerpt":{"rendered":"<p>Ecohome busca restaurar el bosque seco tropical y fortalecer comunidades rurales.<\/p>\n","protected":false},"author":[],"featured_media":15506,"comment_status":"closed","ping_status":"closed","sticky":false,"template":"","format":"standard","meta":{"_acf_changed":false,"content-type":"","_relevanssi_hide_post":"","_relevanssi_hide_content":"","_relevanssi_pin_for_all":"","_relevanssi_pin_keywords":"","_relevanssi_unpin_keywords":"","_relevanssi_related_keywords":"","_relevanssi_related_include_ids":"","_relevanssi_related_exclude_ids":"","_relevanssi_related_no_append":"","_relevanssi_related_not_related":"","_relevanssi_related_posts":"10854,10804,12141,10808,14209,10900","_relevanssi_noindex_reason":"","footnotes":""},"categories":[178],"tags":[],"blog-type":[214],"problem":[189],"region":[188],"year":[],"media-format":[213],"class_list":["post-15509","post","type-post","status-publish","format-standard","has-post-thumbnail","hentry","category-sin-categorizar"],"acf":[],"yoast_head":"<!-- This site is optimized with the Yoast SEO Premium plugin v27.4 (Yoast SEO v27.4) - https:\/\/yoast.com\/product\/yoast-seo-premium-wordpress\/ -->\n<title>Acumen invierte en Ecohome para restaurar el bosque seco tropical y fortalecer comunidades rurales<\/title>\n<meta name=\"description\" content=\"Acumen invierte en Ecohome para restaurar el bosque seco tropical y fortalecer comunidades rurales en Colombia.\" \/>\n<meta name=\"robots\" content=\"index, follow, max-snippet:-1, max-image-preview:large, max-video-preview:-1\" \/>\n<link rel=\"canonical\" href=\"https:\/\/acumen.org\/es\/blog\/acumen-invierte-ecohome-bosque-seco-tropical-colombia\/\" \/>\n<meta property=\"og:locale\" content=\"es_ES\" \/>\n<meta property=\"og:type\" content=\"article\" \/>\n<meta property=\"og:title\" content=\"Acumen invierte en Ecohome para restaurar uno de los ecosistemas m\u00e1s amenazados de Colombia\" \/>\n<meta property=\"og:description\" content=\"Acumen invierte en Ecohome para restaurar el bosque seco tropical, impulsar la bioeconom\u00eda y fortalecer comunidades rurales en Colombia.\" \/>\n<meta property=\"og:url\" content=\"https:\/\/acumen.org\/es\/blog\/acumen-invierte-ecohome-bosque-seco-tropical-colombia\/\" \/>\n<meta property=\"og:site_name\" content=\"Acumen\" \/>\n<meta property=\"article:publisher\" content=\"https:\/\/www.facebook.com\/acumenfund\/\" \/>\n<meta property=\"article:published_time\" content=\"2025-10-27T15:00:46+00:00\" \/>\n<meta property=\"og:image\" content=\"https:\/\/acumen.org\/app\/uploads\/2025\/10\/Hands-and-fruits.jpg\" \/>\n\t<meta property=\"og:image:width\" content=\"2400\" \/>\n\t<meta property=\"og:image:height\" content=\"1600\" \/>\n\t<meta property=\"og:image:type\" content=\"image\/jpeg\" \/>\n<meta name=\"author\" content=\"Kevin Guaranda\" \/>\n<meta name=\"twitter:card\" content=\"summary_large_image\" \/>\n<meta name=\"twitter:description\" content=\"Acumen invierte en Ecohome para restaurar el bosque seco tropical, impulsar la bioeconom\u00eda y fortalecer comunidades rurales en Colombia.\" \/>\n<meta name=\"twitter:creator\" content=\"@Acumen\" \/>\n<meta name=\"twitter:site\" content=\"@Acumen\" \/>\n<meta name=\"twitter:label1\" content=\"Escrito por\" \/>\n\t<meta name=\"twitter:data1\" content=\"Kevin Guaranda\" \/>\n\t<meta name=\"twitter:label2\" content=\"Tiempo de lectura\" \/>\n\t<meta name=\"twitter:data2\" content=\"3 minutes\" \/>\n<script type=\"application\/ld+json\" class=\"yoast-schema-graph\">{\"@context\":\"https:\\\/\\\/schema.org\",\"@graph\":[{\"@type\":\"Article\",\"@id\":\"https:\\\/\\\/acumen.org\\\/es\\\/blog\\\/acumen-invierte-ecohome-bosque-seco-tropical-colombia\\\/#article\",\"isPartOf\":{\"@id\":\"https:\\\/\\\/acumen.org\\\/es\\\/blog\\\/acumen-invierte-ecohome-bosque-seco-tropical-colombia\\\/\"},\"author\":{\"name\":\"Kevin Guaranda\",\"@id\":\"https:\\\/\\\/acumen.org\\\/es\\\/#\\\/schema\\\/person\\\/c4ef607b5c54e3eff6479d6e84bbf005\"},\"headline\":\"Acumen invierte en Ecohome para restaurar uno de los ecosistemas m\u00e1s amenazados de Colombia\",\"datePublished\":\"2025-10-27T15:00:46+00:00\",\"mainEntityOfPage\":{\"@id\":\"https:\\\/\\\/acumen.org\\\/es\\\/blog\\\/acumen-invierte-ecohome-bosque-seco-tropical-colombia\\\/\"},\"wordCount\":571,\"publisher\":{\"@id\":\"https:\\\/\\\/acumen.org\\\/es\\\/#organization\"},\"image\":{\"@id\":\"https:\\\/\\\/acumen.org\\\/es\\\/blog\\\/acumen-invierte-ecohome-bosque-seco-tropical-colombia\\\/#primaryimage\"},\"thumbnailUrl\":\"https:\\\/\\\/acumen.org\\\/wp-content\\\/uploads\\\/2025\\\/10\\\/Hands-and-fruits.jpg\",\"articleSection\":[\"Sin categorizar\"],\"inLanguage\":\"es-ES\"},{\"@type\":\"WebPage\",\"@id\":\"https:\\\/\\\/acumen.org\\\/es\\\/blog\\\/acumen-invierte-ecohome-bosque-seco-tropical-colombia\\\/\",\"url\":\"https:\\\/\\\/acumen.org\\\/es\\\/blog\\\/acumen-invierte-ecohome-bosque-seco-tropical-colombia\\\/\",\"name\":\"Acumen invierte en Ecohome para restaurar el bosque seco tropical y fortalecer comunidades rurales\",\"isPartOf\":{\"@id\":\"https:\\\/\\\/acumen.org\\\/es\\\/#website\"},\"primaryImageOfPage\":{\"@id\":\"https:\\\/\\\/acumen.org\\\/es\\\/blog\\\/acumen-invierte-ecohome-bosque-seco-tropical-colombia\\\/#primaryimage\"},\"image\":{\"@id\":\"https:\\\/\\\/acumen.org\\\/es\\\/blog\\\/acumen-invierte-ecohome-bosque-seco-tropical-colombia\\\/#primaryimage\"},\"thumbnailUrl\":\"https:\\\/\\\/acumen.org\\\/wp-content\\\/uploads\\\/2025\\\/10\\\/Hands-and-fruits.jpg\",\"datePublished\":\"2025-10-27T15:00:46+00:00\",\"description\":\"Acumen invierte en Ecohome para restaurar el bosque seco tropical y fortalecer comunidades rurales en Colombia.\",\"breadcrumb\":{\"@id\":\"https:\\\/\\\/acumen.org\\\/es\\\/blog\\\/acumen-invierte-ecohome-bosque-seco-tropical-colombia\\\/#breadcrumb\"},\"inLanguage\":\"es-ES\",\"potentialAction\":[{\"@type\":\"ReadAction\",\"target\":[\"https:\\\/\\\/acumen.org\\\/es\\\/blog\\\/acumen-invierte-ecohome-bosque-seco-tropical-colombia\\\/\"]}]},{\"@type\":\"ImageObject\",\"inLanguage\":\"es-ES\",\"@id\":\"https:\\\/\\\/acumen.org\\\/es\\\/blog\\\/acumen-invierte-ecohome-bosque-seco-tropical-colombia\\\/#primaryimage\",\"url\":\"https:\\\/\\\/acumen.org\\\/wp-content\\\/uploads\\\/2025\\\/10\\\/Hands-and-fruits.jpg\",\"contentUrl\":\"https:\\\/\\\/acumen.org\\\/wp-content\\\/uploads\\\/2025\\\/10\\\/Hands-and-fruits.jpg\",\"width\":2400,\"height\":1600,\"caption\":\"Hands holding fruits;\"},{\"@type\":\"BreadcrumbList\",\"@id\":\"https:\\\/\\\/acumen.org\\\/es\\\/blog\\\/acumen-invierte-ecohome-bosque-seco-tropical-colombia\\\/#breadcrumb\",\"itemListElement\":[{\"@type\":\"ListItem\",\"position\":1,\"name\":\"Home\",\"item\":\"https:\\\/\\\/acumen.org\\\/es\\\/\"},{\"@type\":\"ListItem\",\"position\":2,\"name\":\"Acumen invierte en Ecohome para restaurar uno de los ecosistemas m\u00e1s amenazados de Colombia\"}]},{\"@type\":\"WebSite\",\"@id\":\"https:\\\/\\\/acumen.org\\\/es\\\/#website\",\"url\":\"https:\\\/\\\/acumen.org\\\/es\\\/\",\"name\":\"Acumen\",\"description\":\"\",\"publisher\":{\"@id\":\"https:\\\/\\\/acumen.org\\\/es\\\/#organization\"},\"potentialAction\":[{\"@type\":\"SearchAction\",\"target\":{\"@type\":\"EntryPoint\",\"urlTemplate\":\"https:\\\/\\\/acumen.org\\\/es\\\/?s={search_term_string}\"},\"query-input\":{\"@type\":\"PropertyValueSpecification\",\"valueRequired\":true,\"valueName\":\"search_term_string\"}}],\"inLanguage\":\"es-ES\"},{\"@type\":\"Organization\",\"@id\":\"https:\\\/\\\/acumen.org\\\/es\\\/#organization\",\"name\":\"Acumen\",\"url\":\"https:\\\/\\\/acumen.org\\\/es\\\/\",\"logo\":{\"@type\":\"ImageObject\",\"inLanguage\":\"es-ES\",\"@id\":\"https:\\\/\\\/acumen.org\\\/es\\\/#\\\/schema\\\/logo\\\/image\\\/\",\"url\":\"https:\\\/\\\/acumen.org\\\/app\\\/uploads\\\/2021\\\/03\\\/Acumen.png\",\"contentUrl\":\"https:\\\/\\\/acumen.org\\\/app\\\/uploads\\\/2021\\\/03\\\/Acumen.png\",\"width\":3334,\"height\":2480,\"caption\":\"Acumen\"},\"image\":{\"@id\":\"https:\\\/\\\/acumen.org\\\/es\\\/#\\\/schema\\\/logo\\\/image\\\/\"},\"sameAs\":[\"https:\\\/\\\/www.facebook.com\\\/acumenfund\\\/\",\"https:\\\/\\\/x.com\\\/Acumen\",\"https:\\\/\\\/www.instagram.com\\\/acumenorg\\\/\",\"https:\\\/\\\/www.linkedin.com\\\/company\\\/acumen-fund\\\/\",\"https:\\\/\\\/www.youtube.com\\\/channel\\\/UCpuoLfl6gZl2jDa8lAlC8YQ\"],\"description\":\"We invest across the capital continuum to help transformational companies grow from seed to scale. acumen invests patient capital in business models that deliver critical, affordable goods and services to the world's poor, improving the lives of millions. Since 2001, Acumen has invested in businesses that provide access to healthcare, energy, education, water & sanitation, housing, financial services, and agricultural services to low-income customers. Our investments are addressing the problems of poverty in East and West Africa, South Asia, Latin America, and the United States.\",\"telephone\":\"1-212-566-8821\",\"legalName\":\"Acumen Fund, Inc.\",\"taxID\":\"13-4166228\",\"ownershipFundingInfo\":\"https:\\\/\\\/acumen.org\\\/financials\\\/\",\"ethicsPolicy\":\"https:\\\/\\\/acumen.org\\\/anti-corruption-policy\\\/\"},{\"@type\":\"Person\",\"@id\":\"https:\\\/\\\/acumen.org\\\/es\\\/#\\\/schema\\\/person\\\/c4ef607b5c54e3eff6479d6e84bbf005\",\"name\":\"Kevin Guaranda\",\"image\":{\"@type\":\"ImageObject\",\"inLanguage\":\"es-ES\",\"@id\":\"https:\\\/\\\/secure.gravatar.com\\\/avatar\\\/d0d5bd8e116c1902a6d447bad8291368cf6ac558cdbfbc414a9eb5efd2aa8416?s=96&d=mm&r=g\",\"url\":\"https:\\\/\\\/secure.gravatar.com\\\/avatar\\\/d0d5bd8e116c1902a6d447bad8291368cf6ac558cdbfbc414a9eb5efd2aa8416?s=96&d=mm&r=g\",\"contentUrl\":\"https:\\\/\\\/secure.gravatar.com\\\/avatar\\\/d0d5bd8e116c1902a6d447bad8291368cf6ac558cdbfbc414a9eb5efd2aa8416?s=96&d=mm&r=g\",\"caption\":\"Kevin Guaranda\"}}]}<\/script>\n<!-- \/ Yoast SEO Premium plugin. -->","yoast_head_json":{"title":"Acumen invierte en Ecohome para restaurar el bosque seco tropical y fortalecer comunidades rurales","description":"Acumen invierte en Ecohome para restaurar el bosque seco tropical y fortalecer comunidades rurales en Colombia.","robots":{"index":"index","follow":"follow","max-snippet":"max-snippet:-1","max-image-preview":"max-image-preview:large","max-video-preview":"max-video-preview:-1"},"canonical":"https:\/\/acumen.org\/es\/blog\/acumen-invierte-ecohome-bosque-seco-tropical-colombia\/","og_locale":"es_ES","og_type":"article","og_title":"Acumen invierte en Ecohome para restaurar uno de los ecosistemas m\u00e1s amenazados de Colombia","og_description":"Acumen invierte en Ecohome para restaurar el bosque seco tropical, impulsar la bioeconom\u00eda y fortalecer comunidades rurales en Colombia.","og_url":"https:\/\/acumen.org\/es\/blog\/acumen-invierte-ecohome-bosque-seco-tropical-colombia\/","og_site_name":"Acumen","article_publisher":"https:\/\/www.facebook.com\/acumenfund\/","article_published_time":"2025-10-27T15:00:46+00:00","og_image":[{"width":2400,"height":1600,"url":"https:\/\/acumen.org\/app\/uploads\/2025\/10\/Hands-and-fruits.jpg","type":"image\/jpeg"}],"author":"Kevin Guaranda","twitter_card":"summary_large_image","twitter_description":"Acumen invierte en Ecohome para restaurar el bosque seco tropical, impulsar la bioeconom\u00eda y fortalecer comunidades rurales en Colombia.","twitter_creator":"@Acumen","twitter_site":"@Acumen","twitter_misc":{"Escrito por":"Kevin Guaranda","Tiempo de lectura":"3 minutes"},"schema":{"@context":"https:\/\/schema.org","@graph":[{"@type":"Article","@id":"https:\/\/acumen.org\/es\/blog\/acumen-invierte-ecohome-bosque-seco-tropical-colombia\/#article","isPartOf":{"@id":"https:\/\/acumen.org\/es\/blog\/acumen-invierte-ecohome-bosque-seco-tropical-colombia\/"},"author":{"name":"Kevin Guaranda","@id":"https:\/\/acumen.org\/es\/#\/schema\/person\/c4ef607b5c54e3eff6479d6e84bbf005"},"headline":"Acumen invierte en Ecohome para restaurar uno de los ecosistemas m\u00e1s amenazados de Colombia","datePublished":"2025-10-27T15:00:46+00:00","mainEntityOfPage":{"@id":"https:\/\/acumen.org\/es\/blog\/acumen-invierte-ecohome-bosque-seco-tropical-colombia\/"},"wordCount":571,"publisher":{"@id":"https:\/\/acumen.org\/es\/#organization"},"image":{"@id":"https:\/\/acumen.org\/es\/blog\/acumen-invierte-ecohome-bosque-seco-tropical-colombia\/#primaryimage"},"thumbnailUrl":"https:\/\/acumen.org\/wp-content\/uploads\/2025\/10\/Hands-and-fruits.jpg","articleSection":["Sin categorizar"],"inLanguage":"es-ES"},{"@type":"WebPage","@id":"https:\/\/acumen.org\/es\/blog\/acumen-invierte-ecohome-bosque-seco-tropical-colombia\/","url":"https:\/\/acumen.org\/es\/blog\/acumen-invierte-ecohome-bosque-seco-tropical-colombia\/","name":"Acumen invierte en Ecohome para restaurar el bosque seco tropical y fortalecer comunidades rurales","isPartOf":{"@id":"https:\/\/acumen.org\/es\/#website"},"primaryImageOfPage":{"@id":"https:\/\/acumen.org\/es\/blog\/acumen-invierte-ecohome-bosque-seco-tropical-colombia\/#primaryimage"},"image":{"@id":"https:\/\/acumen.org\/es\/blog\/acumen-invierte-ecohome-bosque-seco-tropical-colombia\/#primaryimage"},"thumbnailUrl":"https:\/\/acumen.org\/wp-content\/uploads\/2025\/10\/Hands-and-fruits.jpg","datePublished":"2025-10-27T15:00:46+00:00","description":"Acumen invierte en Ecohome para restaurar el bosque seco tropical y fortalecer comunidades rurales en Colombia.","breadcrumb":{"@id":"https:\/\/acumen.org\/es\/blog\/acumen-invierte-ecohome-bosque-seco-tropical-colombia\/#breadcrumb"},"inLanguage":"es-ES","potentialAction":[{"@type":"ReadAction","target":["https:\/\/acumen.org\/es\/blog\/acumen-invierte-ecohome-bosque-seco-tropical-colombia\/"]}]},{"@type":"ImageObject","inLanguage":"es-ES","@id":"https:\/\/acumen.org\/es\/blog\/acumen-invierte-ecohome-bosque-seco-tropical-colombia\/#primaryimage","url":"https:\/\/acumen.org\/wp-content\/uploads\/2025\/10\/Hands-and-fruits.jpg","contentUrl":"https:\/\/acumen.org\/wp-content\/uploads\/2025\/10\/Hands-and-fruits.jpg","width":2400,"height":1600,"caption":"Hands holding fruits;"},{"@type":"BreadcrumbList","@id":"https:\/\/acumen.org\/es\/blog\/acumen-invierte-ecohome-bosque-seco-tropical-colombia\/#breadcrumb","itemListElement":[{"@type":"ListItem","position":1,"name":"Home","item":"https:\/\/acumen.org\/es\/"},{"@type":"ListItem","position":2,"name":"Acumen invierte en Ecohome para restaurar uno de los ecosistemas m\u00e1s amenazados de Colombia"}]},{"@type":"WebSite","@id":"https:\/\/acumen.org\/es\/#website","url":"https:\/\/acumen.org\/es\/","name":"Acumen","description":"","publisher":{"@id":"https:\/\/acumen.org\/es\/#organization"},"potentialAction":[{"@type":"SearchAction","target":{"@type":"EntryPoint","urlTemplate":"https:\/\/acumen.org\/es\/?s={search_term_string}"},"query-input":{"@type":"PropertyValueSpecification","valueRequired":true,"valueName":"search_term_string"}}],"inLanguage":"es-ES"},{"@type":"Organization","@id":"https:\/\/acumen.org\/es\/#organization","name":"Acumen","url":"https:\/\/acumen.org\/es\/","logo":{"@type":"ImageObject","inLanguage":"es-ES","@id":"https:\/\/acumen.org\/es\/#\/schema\/logo\/image\/","url":"https:\/\/acumen.org\/app\/uploads\/2021\/03\/Acumen.png","contentUrl":"https:\/\/acumen.org\/app\/uploads\/2021\/03\/Acumen.png","width":3334,"height":2480,"caption":"Acumen"},"image":{"@id":"https:\/\/acumen.org\/es\/#\/schema\/logo\/image\/"},"sameAs":["https:\/\/www.facebook.com\/acumenfund\/","https:\/\/x.com\/Acumen","https:\/\/www.instagram.com\/acumenorg\/","https:\/\/www.linkedin.com\/company\/acumen-fund\/","https:\/\/www.youtube.com\/channel\/UCpuoLfl6gZl2jDa8lAlC8YQ"],"description":"We invest across the capital continuum to help transformational companies grow from seed to scale. acumen invests patient capital in business models that deliver critical, affordable goods and services to the world's poor, improving the lives of millions. Since 2001, Acumen has invested in businesses that provide access to healthcare, energy, education, water & sanitation, housing, financial services, and agricultural services to low-income customers. Our investments are addressing the problems of poverty in East and West Africa, South Asia, Latin America, and the United States.","telephone":"1-212-566-8821","legalName":"Acumen Fund, Inc.","taxID":"13-4166228","ownershipFundingInfo":"https:\/\/acumen.org\/financials\/","ethicsPolicy":"https:\/\/acumen.org\/anti-corruption-policy\/"},{"@type":"Person","@id":"https:\/\/acumen.org\/es\/#\/schema\/person\/c4ef607b5c54e3eff6479d6e84bbf005","name":"Kevin Guaranda","image":{"@type":"ImageObject","inLanguage":"es-ES","@id":"https:\/\/secure.gravatar.com\/avatar\/d0d5bd8e116c1902a6d447bad8291368cf6ac558cdbfbc414a9eb5efd2aa8416?s=96&d=mm&r=g","url":"https:\/\/secure.gravatar.com\/avatar\/d0d5bd8e116c1902a6d447bad8291368cf6ac558cdbfbc414a9eb5efd2aa8416?s=96&d=mm&r=g","contentUrl":"https:\/\/secure.gravatar.com\/avatar\/d0d5bd8e116c1902a6d447bad8291368cf6ac558cdbfbc414a9eb5efd2aa8416?s=96&d=mm&r=g","caption":"Kevin Guaranda"}}]}},"_links":{"self":[{"href":"https:\/\/acumen.org\/es\/wp-json\/wp\/v2\/posts\/15509","targetHints":{"allow":["GET"]}}],"collection":[{"href":"https:\/\/acumen.org\/es\/wp-json\/wp\/v2\/posts"}],"about":[{"href":"https:\/\/acumen.org\/es\/wp-json\/wp\/v2\/types\/post"}],"author":[{"embeddable":true,"href":"https:\/\/acumen.org\/es\/wp-json\/wp\/v2\/users\/5"}],"replies":[{"embeddable":true,"href":"https:\/\/acumen.org\/es\/wp-json\/wp\/v2\/comments?post=15509"}],"version-history":[{"count":0,"href":"https:\/\/acumen.org\/es\/wp-json\/wp\/v2\/posts\/15509\/revisions"}],"wp:featuredmedia":[{"embeddable":true,"href":"https:\/\/acumen.org\/es\/wp-json\/wp\/v2\/media\/15506"}],"wp:attachment":[{"href":"https:\/\/acumen.org\/es\/wp-json\/wp\/v2\/media?parent=15509"}],"wp:term":[{"taxonomy":"category","embeddable":true,"href":"https:\/\/acumen.org\/es\/wp-json\/wp\/v2\/categories?post=15509"},{"taxonomy":"post_tag","embeddable":true,"href":"https:\/\/acumen.org\/es\/wp-json\/wp\/v2\/tags?post=15509"},{"taxonomy":"blog-type","embeddable":true,"href":"https:\/\/acumen.org\/es\/wp-json\/wp\/v2\/blog-type?post=15509"},{"taxonomy":"problem-tax","embeddable":true,"href":"https:\/\/acumen.org\/es\/wp-json\/wp\/v2\/problem?post=15509"},{"taxonomy":"region-tax","embeddable":true,"href":"https:\/\/acumen.org\/es\/wp-json\/wp\/v2\/region?post=15509"},{"taxonomy":"acumen-year","embeddable":true,"href":"https:\/\/acumen.org\/es\/wp-json\/wp\/v2\/year?post=15509"},{"taxonomy":"post-author","embeddable":true,"href":"https:\/\/acumen.org\/es\/wp-json\/wp\/v2\/author?post=15509"},{"taxonomy":"media-format","embeddable":true,"href":"https:\/\/acumen.org\/es\/wp-json\/wp\/v2\/media-format?post=15509"}],"curies":[{"name":"wp","href":"https:\/\/api.w.org\/{rel}","templated":true}]}}